{"id":5719,"date":"2026-01-15T15:44:03","date_gmt":"2026-01-15T15:44:03","guid":{"rendered":"https:\/\/portaldoestado.com.br\/?p=5719"},"modified":"2026-01-15T15:44:03","modified_gmt":"2026-01-15T15:44:03","slug":"leo-santana-diz-estar-gravido-e-relata-sintomas-semelhantes-aos-da-gestacao-de-lore-improta","status":"publish","type":"post","link":"https:\/\/portaldoestado.com.br\/index.php\/2026\/01\/15\/leo-santana-diz-estar-gravido-e-relata-sintomas-semelhantes-aos-da-gestacao-de-lore-improta\/","title":{"rendered":"L\u00e9o Santana diz estar \u201cgr\u00e1vido\u201d e relata sintomas semelhantes aos da gesta\u00e7\u00e3o de Lore Improta"},"content":{"rendered":"\n<p>L\u00e9o Santana arrancou risadas dos seguidores ao contar que tamb\u00e9m tem sentido efeitos da gravidez de Lore Improta. \u00c0 espera do segundo filho do casal, um menino, o cantor revelou que passou a apresentar alguns sintomas comuns da gesta\u00e7\u00e3o, em uma situa\u00e7\u00e3o que ele pr\u00f3prio definiu, em tom de brincadeira, como estar \u201cgr\u00e1vido\u201d.<\/p>\n\n\n\n<p>A declara\u00e7\u00e3o foi feita em um v\u00eddeo publicado nos Stories do Instagram de Lore. Nele, L\u00e9o contou que tem sentido mais sono, vontade frequente de ir ao banheiro e at\u00e9 pequenos enjoos desde o terceiro m\u00eas da gravidez da esposa. A influenciadora aproveitou o momento para listar outros epis\u00f3dios vividos pelo marido, incluindo uma recente queda de press\u00e3o, confirmada pelo cantor.<\/p>\n\n\n\n<p>O casal j\u00e1 \u00e9 pai e m\u00e3e de Liz, de 4 anos, e tem compartilhado com os f\u00e3s detalhes do dia a dia da nova gesta\u00e7\u00e3o de forma leve e descontra\u00edda. O nome do beb\u00ea, que ser\u00e1 um menino, ainda n\u00e3o foi revelado.<\/p>\n\n\n\n<p>Recentemente, L\u00e9o Santana e Lore Improta celebraram nove anos de relacionamento. Na data, o cantor fez uma declara\u00e7\u00e3o carinhosa \u00e0 esposa, lembrando a trajet\u00f3ria constru\u00edda ao longo dos anos, os desafios superados e a alegria de ver a fam\u00edlia crescer.<\/p>\n","protected":false},"excerpt":{"rendered":"<p>L\u00e9o Santana arrancou risadas dos seguidores ao contar que tamb\u00e9m tem sentido efeitos da gravidez de Lore Improta. \u00c0 espera do segundo filho do casal, um menino, o cantor revelou que passou a apresentar alguns sintomas comuns da gesta\u00e7\u00e3o, em uma situa\u00e7\u00e3o que ele pr\u00f3prio definiu, em tom de brincadeira, como estar \u201cgr\u00e1vido\u201d. A declara\u00e7\u00e3o \u2026<\/p>\n","protected":false},"author":2,"featured_media":5718,"comment_status":"closed","ping_status":"open","sticky":false,"template":"","format":"standard","meta":{"footnotes":""},"categories":[3],"tags":[],"class_list":["post-5719","post","type-post","status-publish","format-standard","has-post-thumbnail","hentry","category-famosos"],"yoast_head":"<!-- This site is optimized with the Yoast SEO plugin v25.5 - https:\/\/yoast.com\/wordpress\/plugins\/seo\/ -->\n<title>L\u00e9o Santana diz estar \u201cgr\u00e1vido\u201d e relata sintomas semelhantes aos da gesta\u00e7\u00e3o de Lore Improta - Portal do Estado<\/title>\n<meta name=\"robots\" content=\"index, follow, max-snippet:-1, max-image-preview:large, max-video-preview:-1\" \/>\n<link rel=\"canonical\" href=\"https:\/\/portaldoestado.com.br\/index.php\/2026\/01\/15\/leo-santana-diz-estar-gravido-e-relata-sintomas-semelhantes-aos-da-gestacao-de-lore-improta\/\" \/>\n<meta property=\"og:locale\" content=\"pt_BR\" \/>\n<meta property=\"og:type\" content=\"article\" \/>\n<meta property=\"og:title\" content=\"L\u00e9o Santana diz estar \u201cgr\u00e1vido\u201d e relata sintomas semelhantes aos da gesta\u00e7\u00e3o de Lore Improta - Portal do Estado\" \/>\n<meta property=\"og:description\" content=\"L\u00e9o Santana arrancou risadas dos seguidores ao contar que tamb\u00e9m tem sentido efeitos da gravidez de Lore Improta. \u00c0 espera do segundo filho do casal, um menino, o cantor revelou que passou a apresentar alguns sintomas comuns da gesta\u00e7\u00e3o, em uma situa\u00e7\u00e3o que ele pr\u00f3prio definiu, em tom de brincadeira, como estar \u201cgr\u00e1vido\u201d. A declara\u00e7\u00e3o \u2026\" \/>\n<meta property=\"og:url\" content=\"https:\/\/portaldoestado.com.br\/index.php\/2026\/01\/15\/leo-santana-diz-estar-gravido-e-relata-sintomas-semelhantes-aos-da-gestacao-de-lore-improta\/\" \/>\n<meta property=\"og:site_name\" content=\"Portal do Estado\" \/>\n<meta property=\"article:published_time\" content=\"2026-01-15T15:44:03+00:00\" \/>\n<meta property=\"og:image\" content=\"https:\/\/portaldoestado.com.br\/wp-content\/uploads\/2026\/01\/Design-sem-nome-2025-03-25T104012.484.png\" \/>\n\t<meta property=\"og:image:width\" content=\"1200\" \/>\n\t<meta property=\"og:image:height\" content=\"900\" \/>\n\t<meta property=\"og:image:type\" content=\"image\/png\" \/>\n<meta name=\"author\" content=\"assessoriadefamosos\" \/>\n<meta name=\"twitter:card\" content=\"summary_large_image\" \/>\n<meta name=\"twitter:label1\" content=\"Escrito por\" \/>\n\t<meta name=\"twitter:data1\" content=\"assessoriadefamosos\" \/>\n\t<meta name=\"twitter:label2\" content=\"Est. tempo de leitura\" \/>\n\t<meta name=\"twitter:data2\" content=\"1 minuto\" \/>\n<script type=\"application\/ld+json\" class=\"yoast-schema-graph\">{\"@context\":\"https:\/\/schema.org\",\"@graph\":[{\"@type\":\"Article\",\"@id\":\"https:\/\/portaldoestado.com.br\/index.php\/2026\/01\/15\/leo-santana-diz-estar-gravido-e-relata-sintomas-semelhantes-aos-da-gestacao-de-lore-improta\/#article\",\"isPartOf\":{\"@id\":\"https:\/\/portaldoestado.com.br\/index.php\/2026\/01\/15\/leo-santana-diz-estar-gravido-e-relata-sintomas-semelhantes-aos-da-gestacao-de-lore-improta\/\"},\"author\":{\"name\":\"assessoriadefamosos\",\"@id\":\"https:\/\/portaldoestado.com.br\/#\/schema\/person\/5ca0174f3c8c84b59da62ea14b698cb9\"},\"headline\":\"L\u00e9o Santana diz estar \u201cgr\u00e1vido\u201d e relata sintomas semelhantes aos da gesta\u00e7\u00e3o de Lore Improta\",\"datePublished\":\"2026-01-15T15:44:03+00:00\",\"mainEntityOfPage\":{\"@id\":\"https:\/\/portaldoestado.com.br\/index.php\/2026\/01\/15\/leo-santana-diz-estar-gravido-e-relata-sintomas-semelhantes-aos-da-gestacao-de-lore-improta\/\"},\"wordCount\":233,\"publisher\":{\"@id\":\"https:\/\/portaldoestado.com.br\/#organization\"},\"image\":{\"@id\":\"https:\/\/portaldoestado.com.br\/index.php\/2026\/01\/15\/leo-santana-diz-estar-gravido-e-relata-sintomas-semelhantes-aos-da-gestacao-de-lore-improta\/#primaryimage\"},\"thumbnailUrl\":\"https:\/\/portaldoestado.com.br\/wp-content\/uploads\/2026\/01\/Design-sem-nome-2025-03-25T104012.484.png\",\"articleSection\":[\"Famosos\"],\"inLanguage\":\"pt-BR\"},{\"@type\":\"WebPage\",\"@id\":\"https:\/\/portaldoestado.com.br\/index.php\/2026\/01\/15\/leo-santana-diz-estar-gravido-e-relata-sintomas-semelhantes-aos-da-gestacao-de-lore-improta\/\",\"url\":\"https:\/\/portaldoestado.com.br\/index.php\/2026\/01\/15\/leo-santana-diz-estar-gravido-e-relata-sintomas-semelhantes-aos-da-gestacao-de-lore-improta\/\",\"name\":\"L\u00e9o Santana diz estar \u201cgr\u00e1vido\u201d e relata sintomas semelhantes aos da gesta\u00e7\u00e3o de Lore Improta - Portal do Estado\",\"isPartOf\":{\"@id\":\"https:\/\/portaldoestado.com.br\/#website\"},\"primaryImageOfPage\":{\"@id\":\"https:\/\/portaldoestado.com.br\/index.php\/2026\/01\/15\/leo-santana-diz-estar-gravido-e-relata-sintomas-semelhantes-aos-da-gestacao-de-lore-improta\/#primaryimage\"},\"image\":{\"@id\":\"https:\/\/portaldoestado.com.br\/index.php\/2026\/01\/15\/leo-santana-diz-estar-gravido-e-relata-sintomas-semelhantes-aos-da-gestacao-de-lore-improta\/#primaryimage\"},\"thumbnailUrl\":\"https:\/\/portaldoestado.com.br\/wp-content\/uploads\/2026\/01\/Design-sem-nome-2025-03-25T104012.484.png\",\"datePublished\":\"2026-01-15T15:44:03+00:00\",\"breadcrumb\":{\"@id\":\"https:\/\/portaldoestado.com.br\/index.php\/2026\/01\/15\/leo-santana-diz-estar-gravido-e-relata-sintomas-semelhantes-aos-da-gestacao-de-lore-improta\/#breadcrumb\"},\"inLanguage\":\"pt-BR\",\"potentialAction\":[{\"@type\":\"ReadAction\",\"target\":[\"https:\/\/portaldoestado.com.br\/index.php\/2026\/01\/15\/leo-santana-diz-estar-gravido-e-relata-sintomas-semelhantes-aos-da-gestacao-de-lore-improta\/\"]}]},{\"@type\":\"ImageObject\",\"inLanguage\":\"pt-BR\",\"@id\":\"https:\/\/portaldoestado.com.br\/index.php\/2026\/01\/15\/leo-santana-diz-estar-gravido-e-relata-sintomas-semelhantes-aos-da-gestacao-de-lore-improta\/#primaryimage\",\"url\":\"https:\/\/portaldoestado.com.br\/wp-content\/uploads\/2026\/01\/Design-sem-nome-2025-03-25T104012.484.png\",\"contentUrl\":\"https:\/\/portaldoestado.com.br\/wp-content\/uploads\/2026\/01\/Design-sem-nome-2025-03-25T104012.484.png\",\"width\":1200,\"height\":900},{\"@type\":\"BreadcrumbList\",\"@id\":\"https:\/\/portaldoestado.com.br\/index.php\/2026\/01\/15\/leo-santana-diz-estar-gravido-e-relata-sintomas-semelhantes-aos-da-gestacao-de-lore-improta\/#breadcrumb\",\"itemListElement\":[{\"@type\":\"ListItem\",\"position\":1,\"name\":\"In\u00edcio\",\"item\":\"https:\/\/portaldoestado.com.br\/\"},{\"@type\":\"ListItem\",\"position\":2,\"name\":\"L\u00e9o Santana diz estar \u201cgr\u00e1vido\u201d e relata sintomas semelhantes aos da gesta\u00e7\u00e3o de Lore Improta\"}]},{\"@type\":\"WebSite\",\"@id\":\"https:\/\/portaldoestado.com.br\/#website\",\"url\":\"https:\/\/portaldoestado.com.br\/\",\"name\":\"Portal do Estado\",\"description\":\"\",\"publisher\":{\"@id\":\"https:\/\/portaldoestado.com.br\/#organization\"},\"potentialAction\":[{\"@type\":\"SearchAction\",\"target\":{\"@type\":\"EntryPoint\",\"urlTemplate\":\"https:\/\/portaldoestado.com.br\/?s={search_term_string}\"},\"query-input\":{\"@type\":\"PropertyValueSpecification\",\"valueRequired\":true,\"valueName\":\"search_term_string\"}}],\"inLanguage\":\"pt-BR\"},{\"@type\":\"Organization\",\"@id\":\"https:\/\/portaldoestado.com.br\/#organization\",\"name\":\"Portal do Estado\",\"url\":\"https:\/\/portaldoestado.com.br\/\",\"logo\":{\"@type\":\"ImageObject\",\"inLanguage\":\"pt-BR\",\"@id\":\"https:\/\/portaldoestado.com.br\/#\/schema\/logo\/image\/\",\"url\":\"https:\/\/portaldoestado.com.br\/wp-content\/uploads\/2025\/04\/cropped-6f69b19a-6472-43bf-b1b3-e1910bbbd4e8.png\",\"contentUrl\":\"https:\/\/portaldoestado.com.br\/wp-content\/uploads\/2025\/04\/cropped-6f69b19a-6472-43bf-b1b3-e1910bbbd4e8.png\",\"width\":1024,\"height\":350,\"caption\":\"Portal do Estado\"},\"image\":{\"@id\":\"https:\/\/portaldoestado.com.br\/#\/schema\/logo\/image\/\"}},{\"@type\":\"Person\",\"@id\":\"https:\/\/portaldoestado.com.br\/#\/schema\/person\/5ca0174f3c8c84b59da62ea14b698cb9\",\"name\":\"assessoriadefamosos\",\"image\":{\"@type\":\"ImageObject\",\"inLanguage\":\"pt-BR\",\"@id\":\"https:\/\/portaldoestado.com.br\/#\/schema\/person\/image\/\",\"url\":\"https:\/\/secure.gravatar.com\/avatar\/a7acbdffcfbbae7240e59f47fe511ec5f5d8c252c779f0b8d9ab02a9e1d8c5ed?s=96&d=mm&r=g\",\"contentUrl\":\"https:\/\/secure.gravatar.com\/avatar\/a7acbdffcfbbae7240e59f47fe511ec5f5d8c252c779f0b8d9ab02a9e1d8c5ed?s=96&d=mm&r=g\",\"caption\":\"assessoriadefamosos\"},\"url\":\"https:\/\/portaldoestado.com.br\/index.php\/author\/assessoriadefamosos\/\"}]}<\/script>\n<!-- \/ Yoast SEO plugin. -->","yoast_head_json":{"title":"L\u00e9o Santana diz estar \u201cgr\u00e1vido\u201d e relata sintomas semelhantes aos da gesta\u00e7\u00e3o de Lore Improta - Portal do Estado","robots":{"index":"index","follow":"follow","max-snippet":"max-snippet:-1","max-image-preview":"max-image-preview:large","max-video-preview":"max-video-preview:-1"},"canonical":"https:\/\/portaldoestado.com.br\/index.php\/2026\/01\/15\/leo-santana-diz-estar-gravido-e-relata-sintomas-semelhantes-aos-da-gestacao-de-lore-improta\/","og_locale":"pt_BR","og_type":"article","og_title":"L\u00e9o Santana diz estar \u201cgr\u00e1vido\u201d e relata sintomas semelhantes aos da gesta\u00e7\u00e3o de Lore Improta - Portal do Estado","og_description":"L\u00e9o Santana arrancou risadas dos seguidores ao contar que tamb\u00e9m tem sentido efeitos da gravidez de Lore Improta. \u00c0 espera do segundo filho do casal, um menino, o cantor revelou que passou a apresentar alguns sintomas comuns da gesta\u00e7\u00e3o, em uma situa\u00e7\u00e3o que ele pr\u00f3prio definiu, em tom de brincadeira, como estar \u201cgr\u00e1vido\u201d. A declara\u00e7\u00e3o \u2026","og_url":"https:\/\/portaldoestado.com.br\/index.php\/2026\/01\/15\/leo-santana-diz-estar-gravido-e-relata-sintomas-semelhantes-aos-da-gestacao-de-lore-improta\/","og_site_name":"Portal do Estado","article_published_time":"2026-01-15T15:44:03+00:00","og_image":[{"width":1200,"height":900,"url":"https:\/\/portaldoestado.com.br\/wp-content\/uploads\/2026\/01\/Design-sem-nome-2025-03-25T104012.484.png","type":"image\/png"}],"author":"assessoriadefamosos","twitter_card":"summary_large_image","twitter_misc":{"Escrito por":"assessoriadefamosos","Est. tempo de leitura":"1 minuto"},"schema":{"@context":"https:\/\/schema.org","@graph":[{"@type":"Article","@id":"https:\/\/portaldoestado.com.br\/index.php\/2026\/01\/15\/leo-santana-diz-estar-gravido-e-relata-sintomas-semelhantes-aos-da-gestacao-de-lore-improta\/#article","isPartOf":{"@id":"https:\/\/portaldoestado.com.br\/index.php\/2026\/01\/15\/leo-santana-diz-estar-gravido-e-relata-sintomas-semelhantes-aos-da-gestacao-de-lore-improta\/"},"author":{"name":"assessoriadefamosos","@id":"https:\/\/portaldoestado.com.br\/#\/schema\/person\/5ca0174f3c8c84b59da62ea14b698cb9"},"headline":"L\u00e9o Santana diz estar \u201cgr\u00e1vido\u201d e relata sintomas semelhantes aos da gesta\u00e7\u00e3o de Lore Improta","datePublished":"2026-01-15T15:44:03+00:00","mainEntityOfPage":{"@id":"https:\/\/portaldoestado.com.br\/index.php\/2026\/01\/15\/leo-santana-diz-estar-gravido-e-relata-sintomas-semelhantes-aos-da-gestacao-de-lore-improta\/"},"wordCount":233,"publisher":{"@id":"https:\/\/portaldoestado.com.br\/#organization"},"image":{"@id":"https:\/\/portaldoestado.com.br\/index.php\/2026\/01\/15\/leo-santana-diz-estar-gravido-e-relata-sintomas-semelhantes-aos-da-gestacao-de-lore-improta\/#primaryimage"},"thumbnailUrl":"https:\/\/portaldoestado.com.br\/wp-content\/uploads\/2026\/01\/Design-sem-nome-2025-03-25T104012.484.png","articleSection":["Famosos"],"inLanguage":"pt-BR"},{"@type":"WebPage","@id":"https:\/\/portaldoestado.com.br\/index.php\/2026\/01\/15\/leo-santana-diz-estar-gravido-e-relata-sintomas-semelhantes-aos-da-gestacao-de-lore-improta\/","url":"https:\/\/portaldoestado.com.br\/index.php\/2026\/01\/15\/leo-santana-diz-estar-gravido-e-relata-sintomas-semelhantes-aos-da-gestacao-de-lore-improta\/","name":"L\u00e9o Santana diz estar \u201cgr\u00e1vido\u201d e relata sintomas semelhantes aos da gesta\u00e7\u00e3o de Lore Improta - Portal do Estado","isPartOf":{"@id":"https:\/\/portaldoestado.com.br\/#website"},"primaryImageOfPage":{"@id":"https:\/\/portaldoestado.com.br\/index.php\/2026\/01\/15\/leo-santana-diz-estar-gravido-e-relata-sintomas-semelhantes-aos-da-gestacao-de-lore-improta\/#primaryimage"},"image":{"@id":"https:\/\/portaldoestado.com.br\/index.php\/2026\/01\/15\/leo-santana-diz-estar-gravido-e-relata-sintomas-semelhantes-aos-da-gestacao-de-lore-improta\/#primaryimage"},"thumbnailUrl":"https:\/\/portaldoestado.com.br\/wp-content\/uploads\/2026\/01\/Design-sem-nome-2025-03-25T104012.484.png","datePublished":"2026-01-15T15:44:03+00:00","breadcrumb":{"@id":"https:\/\/portaldoestado.com.br\/index.php\/2026\/01\/15\/leo-santana-diz-estar-gravido-e-relata-sintomas-semelhantes-aos-da-gestacao-de-lore-improta\/#breadcrumb"},"inLanguage":"pt-BR","potentialAction":[{"@type":"ReadAction","target":["https:\/\/portaldoestado.com.br\/index.php\/2026\/01\/15\/leo-santana-diz-estar-gravido-e-relata-sintomas-semelhantes-aos-da-gestacao-de-lore-improta\/"]}]},{"@type":"ImageObject","inLanguage":"pt-BR","@id":"https:\/\/portaldoestado.com.br\/index.php\/2026\/01\/15\/leo-santana-diz-estar-gravido-e-relata-sintomas-semelhantes-aos-da-gestacao-de-lore-improta\/#primaryimage","url":"https:\/\/portaldoestado.com.br\/wp-content\/uploads\/2026\/01\/Design-sem-nome-2025-03-25T104012.484.png","contentUrl":"https:\/\/portaldoestado.com.br\/wp-content\/uploads\/2026\/01\/Design-sem-nome-2025-03-25T104012.484.png","width":1200,"height":900},{"@type":"BreadcrumbList","@id":"https:\/\/portaldoestado.com.br\/index.php\/2026\/01\/15\/leo-santana-diz-estar-gravido-e-relata-sintomas-semelhantes-aos-da-gestacao-de-lore-improta\/#breadcrumb","itemListElement":[{"@type":"ListItem","position":1,"name":"In\u00edcio","item":"https:\/\/portaldoestado.com.br\/"},{"@type":"ListItem","position":2,"name":"L\u00e9o Santana diz estar \u201cgr\u00e1vido\u201d e relata sintomas semelhantes aos da gesta\u00e7\u00e3o de Lore Improta"}]},{"@type":"WebSite","@id":"https:\/\/portaldoestado.com.br\/#website","url":"https:\/\/portaldoestado.com.br\/","name":"Portal do Estado","description":"","publisher":{"@id":"https:\/\/portaldoestado.com.br\/#organization"},"potentialAction":[{"@type":"SearchAction","target":{"@type":"EntryPoint","urlTemplate":"https:\/\/portaldoestado.com.br\/?s={search_term_string}"},"query-input":{"@type":"PropertyValueSpecification","valueRequired":true,"valueName":"search_term_string"}}],"inLanguage":"pt-BR"},{"@type":"Organization","@id":"https:\/\/portaldoestado.com.br\/#organization","name":"Portal do Estado","url":"https:\/\/portaldoestado.com.br\/","logo":{"@type":"ImageObject","inLanguage":"pt-BR","@id":"https:\/\/portaldoestado.com.br\/#\/schema\/logo\/image\/","url":"https:\/\/portaldoestado.com.br\/wp-content\/uploads\/2025\/04\/cropped-6f69b19a-6472-43bf-b1b3-e1910bbbd4e8.png","contentUrl":"https:\/\/portaldoestado.com.br\/wp-content\/uploads\/2025\/04\/cropped-6f69b19a-6472-43bf-b1b3-e1910bbbd4e8.png","width":1024,"height":350,"caption":"Portal do Estado"},"image":{"@id":"https:\/\/portaldoestado.com.br\/#\/schema\/logo\/image\/"}},{"@type":"Person","@id":"https:\/\/portaldoestado.com.br\/#\/schema\/person\/5ca0174f3c8c84b59da62ea14b698cb9","name":"assessoriadefamosos","image":{"@type":"ImageObject","inLanguage":"pt-BR","@id":"https:\/\/portaldoestado.com.br\/#\/schema\/person\/image\/","url":"https:\/\/secure.gravatar.com\/avatar\/a7acbdffcfbbae7240e59f47fe511ec5f5d8c252c779f0b8d9ab02a9e1d8c5ed?s=96&d=mm&r=g","contentUrl":"https:\/\/secure.gravatar.com\/avatar\/a7acbdffcfbbae7240e59f47fe511ec5f5d8c252c779f0b8d9ab02a9e1d8c5ed?s=96&d=mm&r=g","caption":"assessoriadefamosos"},"url":"https:\/\/portaldoestado.com.br\/index.php\/author\/assessoriadefamosos\/"}]}},"jetpack_featured_media_url":"https:\/\/portaldoestado.com.br\/wp-content\/uploads\/2026\/01\/Design-sem-nome-2025-03-25T104012.484.png","_links":{"self":[{"href":"https:\/\/portaldoestado.com.br\/index.php\/wp-json\/wp\/v2\/posts\/5719","targetHints":{"allow":["GET"]}}],"collection":[{"href":"https:\/\/portaldoestado.com.br\/index.php\/wp-json\/wp\/v2\/posts"}],"about":[{"href":"https:\/\/portaldoestado.com.br\/index.php\/wp-json\/wp\/v2\/types\/post"}],"author":[{"embeddable":true,"href":"https:\/\/portaldoestado.com.br\/index.php\/wp-json\/wp\/v2\/users\/2"}],"replies":[{"embeddable":true,"href":"https:\/\/portaldoestado.com.br\/index.php\/wp-json\/wp\/v2\/comments?post=5719"}],"version-history":[{"count":1,"href":"https:\/\/portaldoestado.com.br\/index.php\/wp-json\/wp\/v2\/posts\/5719\/revisions"}],"predecessor-version":[{"id":5720,"href":"https:\/\/portaldoestado.com.br\/index.php\/wp-json\/wp\/v2\/posts\/5719\/revisions\/5720"}],"wp:featuredmedia":[{"embeddable":true,"href":"https:\/\/portaldoestado.com.br\/index.php\/wp-json\/wp\/v2\/media\/5718"}],"wp:attachment":[{"href":"https:\/\/portaldoestado.com.br\/index.php\/wp-json\/wp\/v2\/media?parent=5719"}],"wp:term":[{"taxonomy":"category","embeddable":true,"href":"https:\/\/portaldoestado.com.br\/index.php\/wp-json\/wp\/v2\/categories?post=5719"},{"taxonomy":"post_tag","embeddable":true,"href":"https:\/\/portaldoestado.com.br\/index.php\/wp-json\/wp\/v2\/tags?post=5719"}],"curies":[{"name":"wp","href":"https:\/\/api.w.org\/{rel}","templated":true}]}}