{"id":5713,"date":"2026-01-15T15:35:28","date_gmt":"2026-01-15T15:35:28","guid":{"rendered":"https:\/\/portaldoestado.com.br\/?p=5713"},"modified":"2026-01-15T15:35:28","modified_gmt":"2026-01-15T15:35:28","slug":"virginia-fonseca-se-emociona-ao-reencontrar-os-filhos-apos-semana-intensa-de-viagens","status":"publish","type":"post","link":"https:\/\/portaldoestado.com.br\/index.php\/2026\/01\/15\/virginia-fonseca-se-emociona-ao-reencontrar-os-filhos-apos-semana-intensa-de-viagens\/","title":{"rendered":"Virginia Fonseca se emociona ao reencontrar os filhos ap\u00f3s semana intensa de viagens"},"content":{"rendered":"\n<p>Depois de dias longe de casa por conta de compromissos profissionais e viagens internacionais, Virginia Fonseca celebrou o retorno ao conv\u00edvio com os filhos nesta quarta-feira (14\/1). A influenciadora compartilhou nas redes sociais registros do reencontro com Maria Alice, Maria Flor e Jos\u00e9 Leonardo, em Goi\u00e2nia, e destacou a alegria de estar novamente ao lado das crian\u00e7as.<\/p>\n\n\n\n<p>O encontro aconteceu na mans\u00e3o da fam\u00edlia, onde Virginia posou abra\u00e7ada aos filhos e descreveu o momento como especial. Em outras publica\u00e7\u00f5es, ela mostrou cenas da rotina simples da noite, com os pequenos assistindo televis\u00e3o e se preparando para dormir ao seu lado, refor\u00e7ando o clima de aconchego ap\u00f3s os dias afastada.<\/p>\n\n\n\n<p>Antes de seguir para Goi\u00e2nia, Virginia retornou ao Brasil ap\u00f3s uma passagem por Dubai, nos Emirados \u00c1rabes Unidos. Assim que desembarcou, ainda cumpriu um compromisso no Rio de Janeiro, onde participou do ensaio de quadra da Grande Rio, escola de samba da qual \u00e9 rainha de bateria, retomando a agenda ligada ao Carnaval.<\/p>\n\n\n\n<p>A influenciadora vinha de uma sequ\u00eancia de viagens. Ela passou a virada do ano em Madri, na Espanha, acompanhada do namorado, o jogador Vini Jr., e dos filhos. Em seguida, viajou ao Oriente M\u00e9dio ao lado da amiga Duda Freire, mantendo a prepara\u00e7\u00e3o f\u00edsica mesmo fora do pa\u00eds.<\/p>\n\n\n\n<p>Afastada dos ensaios presenciais por cerca de um m\u00eas, Virginia seguiu treinando para o desfile na Marqu\u00eas de Sapuca\u00ed e tem compartilhado com os seguidores a expectativa para o Carnaval. Maria Alice, Maria Flor e Jos\u00e9 Leonardo s\u00e3o frutos do relacionamento anterior da influenciadora com o cantor Z\u00e9 Felipe.<\/p>\n","protected":false},"excerpt":{"rendered":"<p>Depois de dias longe de casa por conta de compromissos profissionais e viagens internacionais, Virginia Fonseca celebrou o retorno ao conv\u00edvio com os filhos nesta quarta-feira (14\/1). A influenciadora compartilhou nas redes sociais registros do reencontro com Maria Alice, Maria Flor e Jos\u00e9 Leonardo, em Goi\u00e2nia, e destacou a alegria de estar novamente ao lado \u2026<\/p>\n","protected":false},"author":2,"featured_media":5712,"comment_status":"closed","ping_status":"open","sticky":false,"template":"","format":"standard","meta":{"footnotes":""},"categories":[3],"tags":[],"class_list":["post-5713","post","type-post","status-publish","format-standard","has-post-thumbnail","hentry","category-famosos"],"yoast_head":"<!-- This site is optimized with the Yoast SEO plugin v25.5 - https:\/\/yoast.com\/wordpress\/plugins\/seo\/ -->\n<title>Virginia Fonseca se emociona ao reencontrar os filhos ap\u00f3s semana intensa de viagens - Portal do Estado<\/title>\n<meta name=\"robots\" content=\"index, follow, max-snippet:-1, max-image-preview:large, max-video-preview:-1\" \/>\n<link rel=\"canonical\" href=\"https:\/\/portaldoestado.com.br\/index.php\/2026\/01\/15\/virginia-fonseca-se-emociona-ao-reencontrar-os-filhos-apos-semana-intensa-de-viagens\/\" \/>\n<meta property=\"og:locale\" content=\"pt_BR\" \/>\n<meta property=\"og:type\" content=\"article\" \/>\n<meta property=\"og:title\" content=\"Virginia Fonseca se emociona ao reencontrar os filhos ap\u00f3s semana intensa de viagens - Portal do Estado\" \/>\n<meta property=\"og:description\" content=\"Depois de dias longe de casa por conta de compromissos profissionais e viagens internacionais, Virginia Fonseca celebrou o retorno ao conv\u00edvio com os filhos nesta quarta-feira (14\/1). A influenciadora compartilhou nas redes sociais registros do reencontro com Maria Alice, Maria Flor e Jos\u00e9 Leonardo, em Goi\u00e2nia, e destacou a alegria de estar novamente ao lado \u2026\" \/>\n<meta property=\"og:url\" content=\"https:\/\/portaldoestado.com.br\/index.php\/2026\/01\/15\/virginia-fonseca-se-emociona-ao-reencontrar-os-filhos-apos-semana-intensa-de-viagens\/\" \/>\n<meta property=\"og:site_name\" content=\"Portal do Estado\" \/>\n<meta property=\"article:published_time\" content=\"2026-01-15T15:35:28+00:00\" \/>\n<meta property=\"og:image\" content=\"https:\/\/portaldoestado.com.br\/wp-content\/uploads\/2026\/01\/oieE3fvJ-Design-sem-nome-50.jpg\" \/>\n\t<meta property=\"og:image:width\" content=\"1200\" \/>\n\t<meta property=\"og:image:height\" content=\"900\" \/>\n\t<meta property=\"og:image:type\" content=\"image\/jpeg\" \/>\n<meta name=\"author\" content=\"assessoriadefamosos\" \/>\n<meta name=\"twitter:card\" content=\"summary_large_image\" \/>\n<meta name=\"twitter:label1\" content=\"Escrito por\" \/>\n\t<meta name=\"twitter:data1\" content=\"assessoriadefamosos\" \/>\n\t<meta name=\"twitter:label2\" content=\"Est. tempo de leitura\" \/>\n\t<meta name=\"twitter:data2\" content=\"1 minuto\" \/>\n<script type=\"application\/ld+json\" class=\"yoast-schema-graph\">{\"@context\":\"https:\/\/schema.org\",\"@graph\":[{\"@type\":\"Article\",\"@id\":\"https:\/\/portaldoestado.com.br\/index.php\/2026\/01\/15\/virginia-fonseca-se-emociona-ao-reencontrar-os-filhos-apos-semana-intensa-de-viagens\/#article\",\"isPartOf\":{\"@id\":\"https:\/\/portaldoestado.com.br\/index.php\/2026\/01\/15\/virginia-fonseca-se-emociona-ao-reencontrar-os-filhos-apos-semana-intensa-de-viagens\/\"},\"author\":{\"name\":\"assessoriadefamosos\",\"@id\":\"https:\/\/portaldoestado.com.br\/#\/schema\/person\/5ca0174f3c8c84b59da62ea14b698cb9\"},\"headline\":\"Virginia Fonseca se emociona ao reencontrar os filhos ap\u00f3s semana intensa de viagens\",\"datePublished\":\"2026-01-15T15:35:28+00:00\",\"mainEntityOfPage\":{\"@id\":\"https:\/\/portaldoestado.com.br\/index.php\/2026\/01\/15\/virginia-fonseca-se-emociona-ao-reencontrar-os-filhos-apos-semana-intensa-de-viagens\/\"},\"wordCount\":291,\"publisher\":{\"@id\":\"https:\/\/portaldoestado.com.br\/#organization\"},\"image\":{\"@id\":\"https:\/\/portaldoestado.com.br\/index.php\/2026\/01\/15\/virginia-fonseca-se-emociona-ao-reencontrar-os-filhos-apos-semana-intensa-de-viagens\/#primaryimage\"},\"thumbnailUrl\":\"https:\/\/portaldoestado.com.br\/wp-content\/uploads\/2026\/01\/oieE3fvJ-Design-sem-nome-50.jpg\",\"articleSection\":[\"Famosos\"],\"inLanguage\":\"pt-BR\"},{\"@type\":\"WebPage\",\"@id\":\"https:\/\/portaldoestado.com.br\/index.php\/2026\/01\/15\/virginia-fonseca-se-emociona-ao-reencontrar-os-filhos-apos-semana-intensa-de-viagens\/\",\"url\":\"https:\/\/portaldoestado.com.br\/index.php\/2026\/01\/15\/virginia-fonseca-se-emociona-ao-reencontrar-os-filhos-apos-semana-intensa-de-viagens\/\",\"name\":\"Virginia Fonseca se emociona ao reencontrar os filhos ap\u00f3s semana intensa de viagens - Portal do Estado\",\"isPartOf\":{\"@id\":\"https:\/\/portaldoestado.com.br\/#website\"},\"primaryImageOfPage\":{\"@id\":\"https:\/\/portaldoestado.com.br\/index.php\/2026\/01\/15\/virginia-fonseca-se-emociona-ao-reencontrar-os-filhos-apos-semana-intensa-de-viagens\/#primaryimage\"},\"image\":{\"@id\":\"https:\/\/portaldoestado.com.br\/index.php\/2026\/01\/15\/virginia-fonseca-se-emociona-ao-reencontrar-os-filhos-apos-semana-intensa-de-viagens\/#primaryimage\"},\"thumbnailUrl\":\"https:\/\/portaldoestado.com.br\/wp-content\/uploads\/2026\/01\/oieE3fvJ-Design-sem-nome-50.jpg\",\"datePublished\":\"2026-01-15T15:35:28+00:00\",\"breadcrumb\":{\"@id\":\"https:\/\/portaldoestado.com.br\/index.php\/2026\/01\/15\/virginia-fonseca-se-emociona-ao-reencontrar-os-filhos-apos-semana-intensa-de-viagens\/#breadcrumb\"},\"inLanguage\":\"pt-BR\",\"potentialAction\":[{\"@type\":\"ReadAction\",\"target\":[\"https:\/\/portaldoestado.com.br\/index.php\/2026\/01\/15\/virginia-fonseca-se-emociona-ao-reencontrar-os-filhos-apos-semana-intensa-de-viagens\/\"]}]},{\"@type\":\"ImageObject\",\"inLanguage\":\"pt-BR\",\"@id\":\"https:\/\/portaldoestado.com.br\/index.php\/2026\/01\/15\/virginia-fonseca-se-emociona-ao-reencontrar-os-filhos-apos-semana-intensa-de-viagens\/#primaryimage\",\"url\":\"https:\/\/portaldoestado.com.br\/wp-content\/uploads\/2026\/01\/oieE3fvJ-Design-sem-nome-50.jpg\",\"contentUrl\":\"https:\/\/portaldoestado.com.br\/wp-content\/uploads\/2026\/01\/oieE3fvJ-Design-sem-nome-50.jpg\",\"width\":1200,\"height\":900},{\"@type\":\"BreadcrumbList\",\"@id\":\"https:\/\/portaldoestado.com.br\/index.php\/2026\/01\/15\/virginia-fonseca-se-emociona-ao-reencontrar-os-filhos-apos-semana-intensa-de-viagens\/#breadcrumb\",\"itemListElement\":[{\"@type\":\"ListItem\",\"position\":1,\"name\":\"In\u00edcio\",\"item\":\"https:\/\/portaldoestado.com.br\/\"},{\"@type\":\"ListItem\",\"position\":2,\"name\":\"Virginia Fonseca se emociona ao reencontrar os filhos ap\u00f3s semana intensa de viagens\"}]},{\"@type\":\"WebSite\",\"@id\":\"https:\/\/portaldoestado.com.br\/#website\",\"url\":\"https:\/\/portaldoestado.com.br\/\",\"name\":\"Portal do Estado\",\"description\":\"\",\"publisher\":{\"@id\":\"https:\/\/portaldoestado.com.br\/#organization\"},\"potentialAction\":[{\"@type\":\"SearchAction\",\"target\":{\"@type\":\"EntryPoint\",\"urlTemplate\":\"https:\/\/portaldoestado.com.br\/?s={search_term_string}\"},\"query-input\":{\"@type\":\"PropertyValueSpecification\",\"valueRequired\":true,\"valueName\":\"search_term_string\"}}],\"inLanguage\":\"pt-BR\"},{\"@type\":\"Organization\",\"@id\":\"https:\/\/portaldoestado.com.br\/#organization\",\"name\":\"Portal do Estado\",\"url\":\"https:\/\/portaldoestado.com.br\/\",\"logo\":{\"@type\":\"ImageObject\",\"inLanguage\":\"pt-BR\",\"@id\":\"https:\/\/portaldoestado.com.br\/#\/schema\/logo\/image\/\",\"url\":\"https:\/\/portaldoestado.com.br\/wp-content\/uploads\/2025\/04\/cropped-6f69b19a-6472-43bf-b1b3-e1910bbbd4e8.png\",\"contentUrl\":\"https:\/\/portaldoestado.com.br\/wp-content\/uploads\/2025\/04\/cropped-6f69b19a-6472-43bf-b1b3-e1910bbbd4e8.png\",\"width\":1024,\"height\":350,\"caption\":\"Portal do Estado\"},\"image\":{\"@id\":\"https:\/\/portaldoestado.com.br\/#\/schema\/logo\/image\/\"}},{\"@type\":\"Person\",\"@id\":\"https:\/\/portaldoestado.com.br\/#\/schema\/person\/5ca0174f3c8c84b59da62ea14b698cb9\",\"name\":\"assessoriadefamosos\",\"image\":{\"@type\":\"ImageObject\",\"inLanguage\":\"pt-BR\",\"@id\":\"https:\/\/portaldoestado.com.br\/#\/schema\/person\/image\/\",\"url\":\"https:\/\/secure.gravatar.com\/avatar\/a7acbdffcfbbae7240e59f47fe511ec5f5d8c252c779f0b8d9ab02a9e1d8c5ed?s=96&d=mm&r=g\",\"contentUrl\":\"https:\/\/secure.gravatar.com\/avatar\/a7acbdffcfbbae7240e59f47fe511ec5f5d8c252c779f0b8d9ab02a9e1d8c5ed?s=96&d=mm&r=g\",\"caption\":\"assessoriadefamosos\"},\"url\":\"https:\/\/portaldoestado.com.br\/index.php\/author\/assessoriadefamosos\/\"}]}<\/script>\n<!-- \/ Yoast SEO plugin. -->","yoast_head_json":{"title":"Virginia Fonseca se emociona ao reencontrar os filhos ap\u00f3s semana intensa de viagens - Portal do Estado","robots":{"index":"index","follow":"follow","max-snippet":"max-snippet:-1","max-image-preview":"max-image-preview:large","max-video-preview":"max-video-preview:-1"},"canonical":"https:\/\/portaldoestado.com.br\/index.php\/2026\/01\/15\/virginia-fonseca-se-emociona-ao-reencontrar-os-filhos-apos-semana-intensa-de-viagens\/","og_locale":"pt_BR","og_type":"article","og_title":"Virginia Fonseca se emociona ao reencontrar os filhos ap\u00f3s semana intensa de viagens - Portal do Estado","og_description":"Depois de dias longe de casa por conta de compromissos profissionais e viagens internacionais, Virginia Fonseca celebrou o retorno ao conv\u00edvio com os filhos nesta quarta-feira (14\/1). A influenciadora compartilhou nas redes sociais registros do reencontro com Maria Alice, Maria Flor e Jos\u00e9 Leonardo, em Goi\u00e2nia, e destacou a alegria de estar novamente ao lado \u2026","og_url":"https:\/\/portaldoestado.com.br\/index.php\/2026\/01\/15\/virginia-fonseca-se-emociona-ao-reencontrar-os-filhos-apos-semana-intensa-de-viagens\/","og_site_name":"Portal do Estado","article_published_time":"2026-01-15T15:35:28+00:00","og_image":[{"width":1200,"height":900,"url":"https:\/\/portaldoestado.com.br\/wp-content\/uploads\/2026\/01\/oieE3fvJ-Design-sem-nome-50.jpg","type":"image\/jpeg"}],"author":"assessoriadefamosos","twitter_card":"summary_large_image","twitter_misc":{"Escrito por":"assessoriadefamosos","Est. tempo de leitura":"1 minuto"},"schema":{"@context":"https:\/\/schema.org","@graph":[{"@type":"Article","@id":"https:\/\/portaldoestado.com.br\/index.php\/2026\/01\/15\/virginia-fonseca-se-emociona-ao-reencontrar-os-filhos-apos-semana-intensa-de-viagens\/#article","isPartOf":{"@id":"https:\/\/portaldoestado.com.br\/index.php\/2026\/01\/15\/virginia-fonseca-se-emociona-ao-reencontrar-os-filhos-apos-semana-intensa-de-viagens\/"},"author":{"name":"assessoriadefamosos","@id":"https:\/\/portaldoestado.com.br\/#\/schema\/person\/5ca0174f3c8c84b59da62ea14b698cb9"},"headline":"Virginia Fonseca se emociona ao reencontrar os filhos ap\u00f3s semana intensa de viagens","datePublished":"2026-01-15T15:35:28+00:00","mainEntityOfPage":{"@id":"https:\/\/portaldoestado.com.br\/index.php\/2026\/01\/15\/virginia-fonseca-se-emociona-ao-reencontrar-os-filhos-apos-semana-intensa-de-viagens\/"},"wordCount":291,"publisher":{"@id":"https:\/\/portaldoestado.com.br\/#organization"},"image":{"@id":"https:\/\/portaldoestado.com.br\/index.php\/2026\/01\/15\/virginia-fonseca-se-emociona-ao-reencontrar-os-filhos-apos-semana-intensa-de-viagens\/#primaryimage"},"thumbnailUrl":"https:\/\/portaldoestado.com.br\/wp-content\/uploads\/2026\/01\/oieE3fvJ-Design-sem-nome-50.jpg","articleSection":["Famosos"],"inLanguage":"pt-BR"},{"@type":"WebPage","@id":"https:\/\/portaldoestado.com.br\/index.php\/2026\/01\/15\/virginia-fonseca-se-emociona-ao-reencontrar-os-filhos-apos-semana-intensa-de-viagens\/","url":"https:\/\/portaldoestado.com.br\/index.php\/2026\/01\/15\/virginia-fonseca-se-emociona-ao-reencontrar-os-filhos-apos-semana-intensa-de-viagens\/","name":"Virginia Fonseca se emociona ao reencontrar os filhos ap\u00f3s semana intensa de viagens - Portal do Estado","isPartOf":{"@id":"https:\/\/portaldoestado.com.br\/#website"},"primaryImageOfPage":{"@id":"https:\/\/portaldoestado.com.br\/index.php\/2026\/01\/15\/virginia-fonseca-se-emociona-ao-reencontrar-os-filhos-apos-semana-intensa-de-viagens\/#primaryimage"},"image":{"@id":"https:\/\/portaldoestado.com.br\/index.php\/2026\/01\/15\/virginia-fonseca-se-emociona-ao-reencontrar-os-filhos-apos-semana-intensa-de-viagens\/#primaryimage"},"thumbnailUrl":"https:\/\/portaldoestado.com.br\/wp-content\/uploads\/2026\/01\/oieE3fvJ-Design-sem-nome-50.jpg","datePublished":"2026-01-15T15:35:28+00:00","breadcrumb":{"@id":"https:\/\/portaldoestado.com.br\/index.php\/2026\/01\/15\/virginia-fonseca-se-emociona-ao-reencontrar-os-filhos-apos-semana-intensa-de-viagens\/#breadcrumb"},"inLanguage":"pt-BR","potentialAction":[{"@type":"ReadAction","target":["https:\/\/portaldoestado.com.br\/index.php\/2026\/01\/15\/virginia-fonseca-se-emociona-ao-reencontrar-os-filhos-apos-semana-intensa-de-viagens\/"]}]},{"@type":"ImageObject","inLanguage":"pt-BR","@id":"https:\/\/portaldoestado.com.br\/index.php\/2026\/01\/15\/virginia-fonseca-se-emociona-ao-reencontrar-os-filhos-apos-semana-intensa-de-viagens\/#primaryimage","url":"https:\/\/portaldoestado.com.br\/wp-content\/uploads\/2026\/01\/oieE3fvJ-Design-sem-nome-50.jpg","contentUrl":"https:\/\/portaldoestado.com.br\/wp-content\/uploads\/2026\/01\/oieE3fvJ-Design-sem-nome-50.jpg","width":1200,"height":900},{"@type":"BreadcrumbList","@id":"https:\/\/portaldoestado.com.br\/index.php\/2026\/01\/15\/virginia-fonseca-se-emociona-ao-reencontrar-os-filhos-apos-semana-intensa-de-viagens\/#breadcrumb","itemListElement":[{"@type":"ListItem","position":1,"name":"In\u00edcio","item":"https:\/\/portaldoestado.com.br\/"},{"@type":"ListItem","position":2,"name":"Virginia Fonseca se emociona ao reencontrar os filhos ap\u00f3s semana intensa de viagens"}]},{"@type":"WebSite","@id":"https:\/\/portaldoestado.com.br\/#website","url":"https:\/\/portaldoestado.com.br\/","name":"Portal do Estado","description":"","publisher":{"@id":"https:\/\/portaldoestado.com.br\/#organization"},"potentialAction":[{"@type":"SearchAction","target":{"@type":"EntryPoint","urlTemplate":"https:\/\/portaldoestado.com.br\/?s={search_term_string}"},"query-input":{"@type":"PropertyValueSpecification","valueRequired":true,"valueName":"search_term_string"}}],"inLanguage":"pt-BR"},{"@type":"Organization","@id":"https:\/\/portaldoestado.com.br\/#organization","name":"Portal do Estado","url":"https:\/\/portaldoestado.com.br\/","logo":{"@type":"ImageObject","inLanguage":"pt-BR","@id":"https:\/\/portaldoestado.com.br\/#\/schema\/logo\/image\/","url":"https:\/\/portaldoestado.com.br\/wp-content\/uploads\/2025\/04\/cropped-6f69b19a-6472-43bf-b1b3-e1910bbbd4e8.png","contentUrl":"https:\/\/portaldoestado.com.br\/wp-content\/uploads\/2025\/04\/cropped-6f69b19a-6472-43bf-b1b3-e1910bbbd4e8.png","width":1024,"height":350,"caption":"Portal do Estado"},"image":{"@id":"https:\/\/portaldoestado.com.br\/#\/schema\/logo\/image\/"}},{"@type":"Person","@id":"https:\/\/portaldoestado.com.br\/#\/schema\/person\/5ca0174f3c8c84b59da62ea14b698cb9","name":"assessoriadefamosos","image":{"@type":"ImageObject","inLanguage":"pt-BR","@id":"https:\/\/portaldoestado.com.br\/#\/schema\/person\/image\/","url":"https:\/\/secure.gravatar.com\/avatar\/a7acbdffcfbbae7240e59f47fe511ec5f5d8c252c779f0b8d9ab02a9e1d8c5ed?s=96&d=mm&r=g","contentUrl":"https:\/\/secure.gravatar.com\/avatar\/a7acbdffcfbbae7240e59f47fe511ec5f5d8c252c779f0b8d9ab02a9e1d8c5ed?s=96&d=mm&r=g","caption":"assessoriadefamosos"},"url":"https:\/\/portaldoestado.com.br\/index.php\/author\/assessoriadefamosos\/"}]}},"jetpack_featured_media_url":"https:\/\/portaldoestado.com.br\/wp-content\/uploads\/2026\/01\/oieE3fvJ-Design-sem-nome-50.jpg","_links":{"self":[{"href":"https:\/\/portaldoestado.com.br\/index.php\/wp-json\/wp\/v2\/posts\/5713","targetHints":{"allow":["GET"]}}],"collection":[{"href":"https:\/\/portaldoestado.com.br\/index.php\/wp-json\/wp\/v2\/posts"}],"about":[{"href":"https:\/\/portaldoestado.com.br\/index.php\/wp-json\/wp\/v2\/types\/post"}],"author":[{"embeddable":true,"href":"https:\/\/portaldoestado.com.br\/index.php\/wp-json\/wp\/v2\/users\/2"}],"replies":[{"embeddable":true,"href":"https:\/\/portaldoestado.com.br\/index.php\/wp-json\/wp\/v2\/comments?post=5713"}],"version-history":[{"count":1,"href":"https:\/\/portaldoestado.com.br\/index.php\/wp-json\/wp\/v2\/posts\/5713\/revisions"}],"predecessor-version":[{"id":5714,"href":"https:\/\/portaldoestado.com.br\/index.php\/wp-json\/wp\/v2\/posts\/5713\/revisions\/5714"}],"wp:featuredmedia":[{"embeddable":true,"href":"https:\/\/portaldoestado.com.br\/index.php\/wp-json\/wp\/v2\/media\/5712"}],"wp:attachment":[{"href":"https:\/\/portaldoestado.com.br\/index.php\/wp-json\/wp\/v2\/media?parent=5713"}],"wp:term":[{"taxonomy":"category","embeddable":true,"href":"https:\/\/portaldoestado.com.br\/index.php\/wp-json\/wp\/v2\/categories?post=5713"},{"taxonomy":"post_tag","embeddable":true,"href":"https:\/\/portaldoestado.com.br\/index.php\/wp-json\/wp\/v2\/tags?post=5713"}],"curies":[{"name":"wp","href":"https:\/\/api.w.org\/{rel}","templated":true}]}}