{"id":5701,"date":"2026-01-15T15:19:18","date_gmt":"2026-01-15T15:19:18","guid":{"rendered":"https:\/\/portaldoestado.com.br\/?p=5701"},"modified":"2026-01-15T15:19:18","modified_gmt":"2026-01-15T15:19:18","slug":"apos-termino-com-lauana-prado-tati-dias-compartilha-momento-de-introspeccao-nas-redes-sociais","status":"publish","type":"post","link":"https:\/\/portaldoestado.com.br\/index.php\/2026\/01\/15\/apos-termino-com-lauana-prado-tati-dias-compartilha-momento-de-introspeccao-nas-redes-sociais\/","title":{"rendered":"Ap\u00f3s t\u00e9rmino com Lauana Prado, Tati Dias compartilha momento de introspec\u00e7\u00e3o nas redes sociais"},"content":{"rendered":"\n<p>Tati Dias voltou a chamar a aten\u00e7\u00e3o dos seguidores ao fazer uma publica\u00e7\u00e3o de tom reflexivo poucos dias depois de anunciar o fim do noivado com a cantora Lauana Prado. Nesta quarta-feira (14\/1), a ex-participante do reality \u201cDe F\u00e9rias com o Ex\u201d, da MTV Brasil, utilizou as redes sociais para dividir um registro que remete a um momento de recolhimento e cuidado pessoal.<\/p>\n\n\n\n<p>No v\u00eddeo publicado, Tati aparece mergulhando no mar, com os cabelos soltos, em uma cena silenciosa e simb\u00f3lica. O local da grava\u00e7\u00e3o n\u00e3o foi divulgado. Na legenda, ela escreveu apenas \u201cAh, o mar\u2026\u201d, acompanhada de um emoji de cora\u00e7\u00e3o remendado, o que despertou diferentes interpreta\u00e7\u00f5es entre os f\u00e3s. Em um coment\u00e1rio na pr\u00f3pria postagem, completou: \u201cComo abra\u00e7o de m\u00e3e\u201d.<\/p>\n\n\n\n<p>O t\u00e9rmino do relacionamento foi confirmado no \u00faltimo domingo (11\/1), por meio de um comunicado divulgado nas redes sociais, sem detalhes sobre os motivos que levaram \u00e0 separa\u00e7\u00e3o. A not\u00edcia repercutiu entre seguidores do casal, que acompanhavam de perto a trajet\u00f3ria das duas.<\/p>\n\n\n\n<p>Tati Dias e Lauana Prado estavam juntas desde junho de 2024 e oficializaram o noivado durante uma viagem \u00e0 Praia do Forte, na Bahia. Desde ent\u00e3o, o relacionamento era frequentemente compartilhado nas redes, o que aumentou a curiosidade do p\u00fablico diante do an\u00fancio do fim.<\/p>\n","protected":false},"excerpt":{"rendered":"<p>Tati Dias voltou a chamar a aten\u00e7\u00e3o dos seguidores ao fazer uma publica\u00e7\u00e3o de tom reflexivo poucos dias depois de anunciar o fim do noivado com a cantora Lauana Prado. Nesta quarta-feira (14\/1), a ex-participante do reality \u201cDe F\u00e9rias com o Ex\u201d, da MTV Brasil, utilizou as redes sociais para dividir um registro que remete \u2026<\/p>\n","protected":false},"author":2,"featured_media":5700,"comment_status":"closed","ping_status":"open","sticky":false,"template":"","format":"standard","meta":{"footnotes":""},"categories":[3],"tags":[],"class_list":["post-5701","post","type-post","status-publish","format-standard","has-post-thumbnail","hentry","category-famosos"],"yoast_head":"<!-- This site is optimized with the Yoast SEO plugin v25.5 - https:\/\/yoast.com\/wordpress\/plugins\/seo\/ -->\n<title>Ap\u00f3s t\u00e9rmino com Lauana Prado, Tati Dias compartilha momento de introspec\u00e7\u00e3o nas redes sociais - Portal do Estado<\/title>\n<meta name=\"robots\" content=\"index, follow, max-snippet:-1, max-image-preview:large, max-video-preview:-1\" \/>\n<link rel=\"canonical\" href=\"https:\/\/portaldoestado.com.br\/index.php\/2026\/01\/15\/apos-termino-com-lauana-prado-tati-dias-compartilha-momento-de-introspeccao-nas-redes-sociais\/\" \/>\n<meta property=\"og:locale\" content=\"pt_BR\" \/>\n<meta property=\"og:type\" content=\"article\" \/>\n<meta property=\"og:title\" content=\"Ap\u00f3s t\u00e9rmino com Lauana Prado, Tati Dias compartilha momento de introspec\u00e7\u00e3o nas redes sociais - Portal do Estado\" \/>\n<meta property=\"og:description\" content=\"Tati Dias voltou a chamar a aten\u00e7\u00e3o dos seguidores ao fazer uma publica\u00e7\u00e3o de tom reflexivo poucos dias depois de anunciar o fim do noivado com a cantora Lauana Prado. Nesta quarta-feira (14\/1), a ex-participante do reality \u201cDe F\u00e9rias com o Ex\u201d, da MTV Brasil, utilizou as redes sociais para dividir um registro que remete \u2026\" \/>\n<meta property=\"og:url\" content=\"https:\/\/portaldoestado.com.br\/index.php\/2026\/01\/15\/apos-termino-com-lauana-prado-tati-dias-compartilha-momento-de-introspeccao-nas-redes-sociais\/\" \/>\n<meta property=\"og:site_name\" content=\"Portal do Estado\" \/>\n<meta property=\"article:published_time\" content=\"2026-01-15T15:19:18+00:00\" \/>\n<meta property=\"og:image\" content=\"https:\/\/portaldoestado.com.br\/wp-content\/uploads\/2026\/01\/padrao-leo-2026-01-14T195613.089.jpg\" \/>\n\t<meta property=\"og:image:width\" content=\"1200\" \/>\n\t<meta property=\"og:image:height\" content=\"900\" \/>\n\t<meta property=\"og:image:type\" content=\"image\/jpeg\" \/>\n<meta name=\"author\" content=\"assessoriadefamosos\" \/>\n<meta name=\"twitter:card\" content=\"summary_large_image\" \/>\n<meta name=\"twitter:label1\" content=\"Escrito por\" \/>\n\t<meta name=\"twitter:data1\" content=\"assessoriadefamosos\" \/>\n\t<meta name=\"twitter:label2\" content=\"Est. tempo de leitura\" \/>\n\t<meta name=\"twitter:data2\" content=\"1 minuto\" \/>\n<script type=\"application\/ld+json\" class=\"yoast-schema-graph\">{\"@context\":\"https:\/\/schema.org\",\"@graph\":[{\"@type\":\"Article\",\"@id\":\"https:\/\/portaldoestado.com.br\/index.php\/2026\/01\/15\/apos-termino-com-lauana-prado-tati-dias-compartilha-momento-de-introspeccao-nas-redes-sociais\/#article\",\"isPartOf\":{\"@id\":\"https:\/\/portaldoestado.com.br\/index.php\/2026\/01\/15\/apos-termino-com-lauana-prado-tati-dias-compartilha-momento-de-introspeccao-nas-redes-sociais\/\"},\"author\":{\"name\":\"assessoriadefamosos\",\"@id\":\"https:\/\/portaldoestado.com.br\/#\/schema\/person\/5ca0174f3c8c84b59da62ea14b698cb9\"},\"headline\":\"Ap\u00f3s t\u00e9rmino com Lauana Prado, Tati Dias compartilha momento de introspec\u00e7\u00e3o nas redes sociais\",\"datePublished\":\"2026-01-15T15:19:18+00:00\",\"mainEntityOfPage\":{\"@id\":\"https:\/\/portaldoestado.com.br\/index.php\/2026\/01\/15\/apos-termino-com-lauana-prado-tati-dias-compartilha-momento-de-introspeccao-nas-redes-sociais\/\"},\"wordCount\":243,\"publisher\":{\"@id\":\"https:\/\/portaldoestado.com.br\/#organization\"},\"image\":{\"@id\":\"https:\/\/portaldoestado.com.br\/index.php\/2026\/01\/15\/apos-termino-com-lauana-prado-tati-dias-compartilha-momento-de-introspeccao-nas-redes-sociais\/#primaryimage\"},\"thumbnailUrl\":\"https:\/\/portaldoestado.com.br\/wp-content\/uploads\/2026\/01\/padrao-leo-2026-01-14T195613.089.jpg\",\"articleSection\":[\"Famosos\"],\"inLanguage\":\"pt-BR\"},{\"@type\":\"WebPage\",\"@id\":\"https:\/\/portaldoestado.com.br\/index.php\/2026\/01\/15\/apos-termino-com-lauana-prado-tati-dias-compartilha-momento-de-introspeccao-nas-redes-sociais\/\",\"url\":\"https:\/\/portaldoestado.com.br\/index.php\/2026\/01\/15\/apos-termino-com-lauana-prado-tati-dias-compartilha-momento-de-introspeccao-nas-redes-sociais\/\",\"name\":\"Ap\u00f3s t\u00e9rmino com Lauana Prado, Tati Dias compartilha momento de introspec\u00e7\u00e3o nas redes sociais - Portal do Estado\",\"isPartOf\":{\"@id\":\"https:\/\/portaldoestado.com.br\/#website\"},\"primaryImageOfPage\":{\"@id\":\"https:\/\/portaldoestado.com.br\/index.php\/2026\/01\/15\/apos-termino-com-lauana-prado-tati-dias-compartilha-momento-de-introspeccao-nas-redes-sociais\/#primaryimage\"},\"image\":{\"@id\":\"https:\/\/portaldoestado.com.br\/index.php\/2026\/01\/15\/apos-termino-com-lauana-prado-tati-dias-compartilha-momento-de-introspeccao-nas-redes-sociais\/#primaryimage\"},\"thumbnailUrl\":\"https:\/\/portaldoestado.com.br\/wp-content\/uploads\/2026\/01\/padrao-leo-2026-01-14T195613.089.jpg\",\"datePublished\":\"2026-01-15T15:19:18+00:00\",\"breadcrumb\":{\"@id\":\"https:\/\/portaldoestado.com.br\/index.php\/2026\/01\/15\/apos-termino-com-lauana-prado-tati-dias-compartilha-momento-de-introspeccao-nas-redes-sociais\/#breadcrumb\"},\"inLanguage\":\"pt-BR\",\"potentialAction\":[{\"@type\":\"ReadAction\",\"target\":[\"https:\/\/portaldoestado.com.br\/index.php\/2026\/01\/15\/apos-termino-com-lauana-prado-tati-dias-compartilha-momento-de-introspeccao-nas-redes-sociais\/\"]}]},{\"@type\":\"ImageObject\",\"inLanguage\":\"pt-BR\",\"@id\":\"https:\/\/portaldoestado.com.br\/index.php\/2026\/01\/15\/apos-termino-com-lauana-prado-tati-dias-compartilha-momento-de-introspeccao-nas-redes-sociais\/#primaryimage\",\"url\":\"https:\/\/portaldoestado.com.br\/wp-content\/uploads\/2026\/01\/padrao-leo-2026-01-14T195613.089.jpg\",\"contentUrl\":\"https:\/\/portaldoestado.com.br\/wp-content\/uploads\/2026\/01\/padrao-leo-2026-01-14T195613.089.jpg\",\"width\":1200,\"height\":900},{\"@type\":\"BreadcrumbList\",\"@id\":\"https:\/\/portaldoestado.com.br\/index.php\/2026\/01\/15\/apos-termino-com-lauana-prado-tati-dias-compartilha-momento-de-introspeccao-nas-redes-sociais\/#breadcrumb\",\"itemListElement\":[{\"@type\":\"ListItem\",\"position\":1,\"name\":\"In\u00edcio\",\"item\":\"https:\/\/portaldoestado.com.br\/\"},{\"@type\":\"ListItem\",\"position\":2,\"name\":\"Ap\u00f3s t\u00e9rmino com Lauana Prado, Tati Dias compartilha momento de introspec\u00e7\u00e3o nas redes sociais\"}]},{\"@type\":\"WebSite\",\"@id\":\"https:\/\/portaldoestado.com.br\/#website\",\"url\":\"https:\/\/portaldoestado.com.br\/\",\"name\":\"Portal do Estado\",\"description\":\"\",\"publisher\":{\"@id\":\"https:\/\/portaldoestado.com.br\/#organization\"},\"potentialAction\":[{\"@type\":\"SearchAction\",\"target\":{\"@type\":\"EntryPoint\",\"urlTemplate\":\"https:\/\/portaldoestado.com.br\/?s={search_term_string}\"},\"query-input\":{\"@type\":\"PropertyValueSpecification\",\"valueRequired\":true,\"valueName\":\"search_term_string\"}}],\"inLanguage\":\"pt-BR\"},{\"@type\":\"Organization\",\"@id\":\"https:\/\/portaldoestado.com.br\/#organization\",\"name\":\"Portal do Estado\",\"url\":\"https:\/\/portaldoestado.com.br\/\",\"logo\":{\"@type\":\"ImageObject\",\"inLanguage\":\"pt-BR\",\"@id\":\"https:\/\/portaldoestado.com.br\/#\/schema\/logo\/image\/\",\"url\":\"https:\/\/portaldoestado.com.br\/wp-content\/uploads\/2025\/04\/cropped-6f69b19a-6472-43bf-b1b3-e1910bbbd4e8.png\",\"contentUrl\":\"https:\/\/portaldoestado.com.br\/wp-content\/uploads\/2025\/04\/cropped-6f69b19a-6472-43bf-b1b3-e1910bbbd4e8.png\",\"width\":1024,\"height\":350,\"caption\":\"Portal do Estado\"},\"image\":{\"@id\":\"https:\/\/portaldoestado.com.br\/#\/schema\/logo\/image\/\"}},{\"@type\":\"Person\",\"@id\":\"https:\/\/portaldoestado.com.br\/#\/schema\/person\/5ca0174f3c8c84b59da62ea14b698cb9\",\"name\":\"assessoriadefamosos\",\"image\":{\"@type\":\"ImageObject\",\"inLanguage\":\"pt-BR\",\"@id\":\"https:\/\/portaldoestado.com.br\/#\/schema\/person\/image\/\",\"url\":\"https:\/\/secure.gravatar.com\/avatar\/a7acbdffcfbbae7240e59f47fe511ec5f5d8c252c779f0b8d9ab02a9e1d8c5ed?s=96&d=mm&r=g\",\"contentUrl\":\"https:\/\/secure.gravatar.com\/avatar\/a7acbdffcfbbae7240e59f47fe511ec5f5d8c252c779f0b8d9ab02a9e1d8c5ed?s=96&d=mm&r=g\",\"caption\":\"assessoriadefamosos\"},\"url\":\"https:\/\/portaldoestado.com.br\/index.php\/author\/assessoriadefamosos\/\"}]}<\/script>\n<!-- \/ Yoast SEO plugin. -->","yoast_head_json":{"title":"Ap\u00f3s t\u00e9rmino com Lauana Prado, Tati Dias compartilha momento de introspec\u00e7\u00e3o nas redes sociais - Portal do Estado","robots":{"index":"index","follow":"follow","max-snippet":"max-snippet:-1","max-image-preview":"max-image-preview:large","max-video-preview":"max-video-preview:-1"},"canonical":"https:\/\/portaldoestado.com.br\/index.php\/2026\/01\/15\/apos-termino-com-lauana-prado-tati-dias-compartilha-momento-de-introspeccao-nas-redes-sociais\/","og_locale":"pt_BR","og_type":"article","og_title":"Ap\u00f3s t\u00e9rmino com Lauana Prado, Tati Dias compartilha momento de introspec\u00e7\u00e3o nas redes sociais - Portal do Estado","og_description":"Tati Dias voltou a chamar a aten\u00e7\u00e3o dos seguidores ao fazer uma publica\u00e7\u00e3o de tom reflexivo poucos dias depois de anunciar o fim do noivado com a cantora Lauana Prado. Nesta quarta-feira (14\/1), a ex-participante do reality \u201cDe F\u00e9rias com o Ex\u201d, da MTV Brasil, utilizou as redes sociais para dividir um registro que remete \u2026","og_url":"https:\/\/portaldoestado.com.br\/index.php\/2026\/01\/15\/apos-termino-com-lauana-prado-tati-dias-compartilha-momento-de-introspeccao-nas-redes-sociais\/","og_site_name":"Portal do Estado","article_published_time":"2026-01-15T15:19:18+00:00","og_image":[{"width":1200,"height":900,"url":"https:\/\/portaldoestado.com.br\/wp-content\/uploads\/2026\/01\/padrao-leo-2026-01-14T195613.089.jpg","type":"image\/jpeg"}],"author":"assessoriadefamosos","twitter_card":"summary_large_image","twitter_misc":{"Escrito por":"assessoriadefamosos","Est. tempo de leitura":"1 minuto"},"schema":{"@context":"https:\/\/schema.org","@graph":[{"@type":"Article","@id":"https:\/\/portaldoestado.com.br\/index.php\/2026\/01\/15\/apos-termino-com-lauana-prado-tati-dias-compartilha-momento-de-introspeccao-nas-redes-sociais\/#article","isPartOf":{"@id":"https:\/\/portaldoestado.com.br\/index.php\/2026\/01\/15\/apos-termino-com-lauana-prado-tati-dias-compartilha-momento-de-introspeccao-nas-redes-sociais\/"},"author":{"name":"assessoriadefamosos","@id":"https:\/\/portaldoestado.com.br\/#\/schema\/person\/5ca0174f3c8c84b59da62ea14b698cb9"},"headline":"Ap\u00f3s t\u00e9rmino com Lauana Prado, Tati Dias compartilha momento de introspec\u00e7\u00e3o nas redes sociais","datePublished":"2026-01-15T15:19:18+00:00","mainEntityOfPage":{"@id":"https:\/\/portaldoestado.com.br\/index.php\/2026\/01\/15\/apos-termino-com-lauana-prado-tati-dias-compartilha-momento-de-introspeccao-nas-redes-sociais\/"},"wordCount":243,"publisher":{"@id":"https:\/\/portaldoestado.com.br\/#organization"},"image":{"@id":"https:\/\/portaldoestado.com.br\/index.php\/2026\/01\/15\/apos-termino-com-lauana-prado-tati-dias-compartilha-momento-de-introspeccao-nas-redes-sociais\/#primaryimage"},"thumbnailUrl":"https:\/\/portaldoestado.com.br\/wp-content\/uploads\/2026\/01\/padrao-leo-2026-01-14T195613.089.jpg","articleSection":["Famosos"],"inLanguage":"pt-BR"},{"@type":"WebPage","@id":"https:\/\/portaldoestado.com.br\/index.php\/2026\/01\/15\/apos-termino-com-lauana-prado-tati-dias-compartilha-momento-de-introspeccao-nas-redes-sociais\/","url":"https:\/\/portaldoestado.com.br\/index.php\/2026\/01\/15\/apos-termino-com-lauana-prado-tati-dias-compartilha-momento-de-introspeccao-nas-redes-sociais\/","name":"Ap\u00f3s t\u00e9rmino com Lauana Prado, Tati Dias compartilha momento de introspec\u00e7\u00e3o nas redes sociais - Portal do Estado","isPartOf":{"@id":"https:\/\/portaldoestado.com.br\/#website"},"primaryImageOfPage":{"@id":"https:\/\/portaldoestado.com.br\/index.php\/2026\/01\/15\/apos-termino-com-lauana-prado-tati-dias-compartilha-momento-de-introspeccao-nas-redes-sociais\/#primaryimage"},"image":{"@id":"https:\/\/portaldoestado.com.br\/index.php\/2026\/01\/15\/apos-termino-com-lauana-prado-tati-dias-compartilha-momento-de-introspeccao-nas-redes-sociais\/#primaryimage"},"thumbnailUrl":"https:\/\/portaldoestado.com.br\/wp-content\/uploads\/2026\/01\/padrao-leo-2026-01-14T195613.089.jpg","datePublished":"2026-01-15T15:19:18+00:00","breadcrumb":{"@id":"https:\/\/portaldoestado.com.br\/index.php\/2026\/01\/15\/apos-termino-com-lauana-prado-tati-dias-compartilha-momento-de-introspeccao-nas-redes-sociais\/#breadcrumb"},"inLanguage":"pt-BR","potentialAction":[{"@type":"ReadAction","target":["https:\/\/portaldoestado.com.br\/index.php\/2026\/01\/15\/apos-termino-com-lauana-prado-tati-dias-compartilha-momento-de-introspeccao-nas-redes-sociais\/"]}]},{"@type":"ImageObject","inLanguage":"pt-BR","@id":"https:\/\/portaldoestado.com.br\/index.php\/2026\/01\/15\/apos-termino-com-lauana-prado-tati-dias-compartilha-momento-de-introspeccao-nas-redes-sociais\/#primaryimage","url":"https:\/\/portaldoestado.com.br\/wp-content\/uploads\/2026\/01\/padrao-leo-2026-01-14T195613.089.jpg","contentUrl":"https:\/\/portaldoestado.com.br\/wp-content\/uploads\/2026\/01\/padrao-leo-2026-01-14T195613.089.jpg","width":1200,"height":900},{"@type":"BreadcrumbList","@id":"https:\/\/portaldoestado.com.br\/index.php\/2026\/01\/15\/apos-termino-com-lauana-prado-tati-dias-compartilha-momento-de-introspeccao-nas-redes-sociais\/#breadcrumb","itemListElement":[{"@type":"ListItem","position":1,"name":"In\u00edcio","item":"https:\/\/portaldoestado.com.br\/"},{"@type":"ListItem","position":2,"name":"Ap\u00f3s t\u00e9rmino com Lauana Prado, Tati Dias compartilha momento de introspec\u00e7\u00e3o nas redes sociais"}]},{"@type":"WebSite","@id":"https:\/\/portaldoestado.com.br\/#website","url":"https:\/\/portaldoestado.com.br\/","name":"Portal do Estado","description":"","publisher":{"@id":"https:\/\/portaldoestado.com.br\/#organization"},"potentialAction":[{"@type":"SearchAction","target":{"@type":"EntryPoint","urlTemplate":"https:\/\/portaldoestado.com.br\/?s={search_term_string}"},"query-input":{"@type":"PropertyValueSpecification","valueRequired":true,"valueName":"search_term_string"}}],"inLanguage":"pt-BR"},{"@type":"Organization","@id":"https:\/\/portaldoestado.com.br\/#organization","name":"Portal do Estado","url":"https:\/\/portaldoestado.com.br\/","logo":{"@type":"ImageObject","inLanguage":"pt-BR","@id":"https:\/\/portaldoestado.com.br\/#\/schema\/logo\/image\/","url":"https:\/\/portaldoestado.com.br\/wp-content\/uploads\/2025\/04\/cropped-6f69b19a-6472-43bf-b1b3-e1910bbbd4e8.png","contentUrl":"https:\/\/portaldoestado.com.br\/wp-content\/uploads\/2025\/04\/cropped-6f69b19a-6472-43bf-b1b3-e1910bbbd4e8.png","width":1024,"height":350,"caption":"Portal do Estado"},"image":{"@id":"https:\/\/portaldoestado.com.br\/#\/schema\/logo\/image\/"}},{"@type":"Person","@id":"https:\/\/portaldoestado.com.br\/#\/schema\/person\/5ca0174f3c8c84b59da62ea14b698cb9","name":"assessoriadefamosos","image":{"@type":"ImageObject","inLanguage":"pt-BR","@id":"https:\/\/portaldoestado.com.br\/#\/schema\/person\/image\/","url":"https:\/\/secure.gravatar.com\/avatar\/a7acbdffcfbbae7240e59f47fe511ec5f5d8c252c779f0b8d9ab02a9e1d8c5ed?s=96&d=mm&r=g","contentUrl":"https:\/\/secure.gravatar.com\/avatar\/a7acbdffcfbbae7240e59f47fe511ec5f5d8c252c779f0b8d9ab02a9e1d8c5ed?s=96&d=mm&r=g","caption":"assessoriadefamosos"},"url":"https:\/\/portaldoestado.com.br\/index.php\/author\/assessoriadefamosos\/"}]}},"jetpack_featured_media_url":"https:\/\/portaldoestado.com.br\/wp-content\/uploads\/2026\/01\/padrao-leo-2026-01-14T195613.089.jpg","_links":{"self":[{"href":"https:\/\/portaldoestado.com.br\/index.php\/wp-json\/wp\/v2\/posts\/5701","targetHints":{"allow":["GET"]}}],"collection":[{"href":"https:\/\/portaldoestado.com.br\/index.php\/wp-json\/wp\/v2\/posts"}],"about":[{"href":"https:\/\/portaldoestado.com.br\/index.php\/wp-json\/wp\/v2\/types\/post"}],"author":[{"embeddable":true,"href":"https:\/\/portaldoestado.com.br\/index.php\/wp-json\/wp\/v2\/users\/2"}],"replies":[{"embeddable":true,"href":"https:\/\/portaldoestado.com.br\/index.php\/wp-json\/wp\/v2\/comments?post=5701"}],"version-history":[{"count":1,"href":"https:\/\/portaldoestado.com.br\/index.php\/wp-json\/wp\/v2\/posts\/5701\/revisions"}],"predecessor-version":[{"id":5702,"href":"https:\/\/portaldoestado.com.br\/index.php\/wp-json\/wp\/v2\/posts\/5701\/revisions\/5702"}],"wp:featuredmedia":[{"embeddable":true,"href":"https:\/\/portaldoestado.com.br\/index.php\/wp-json\/wp\/v2\/media\/5700"}],"wp:attachment":[{"href":"https:\/\/portaldoestado.com.br\/index.php\/wp-json\/wp\/v2\/media?parent=5701"}],"wp:term":[{"taxonomy":"category","embeddable":true,"href":"https:\/\/portaldoestado.com.br\/index.php\/wp-json\/wp\/v2\/categories?post=5701"},{"taxonomy":"post_tag","embeddable":true,"href":"https:\/\/portaldoestado.com.br\/index.php\/wp-json\/wp\/v2\/tags?post=5701"}],"curies":[{"name":"wp","href":"https:\/\/api.w.org\/{rel}","templated":true}]}}