{"id":5698,"date":"2026-01-15T15:15:35","date_gmt":"2026-01-15T15:15:35","guid":{"rendered":"https:\/\/portaldoestado.com.br\/?p=5698"},"modified":"2026-01-15T15:15:35","modified_gmt":"2026-01-15T15:15:35","slug":"fafa-de-belem-busca-apoio-da-justica-apos-ataques-e-difamacoes-se-espalharem-nas-redes-sociais","status":"publish","type":"post","link":"https:\/\/portaldoestado.com.br\/index.php\/2026\/01\/15\/fafa-de-belem-busca-apoio-da-justica-apos-ataques-e-difamacoes-se-espalharem-nas-redes-sociais\/","title":{"rendered":"Faf\u00e1 de Bel\u00e9m busca apoio da Justi\u00e7a ap\u00f3s ataques e difama\u00e7\u00f5es se espalharem nas redes sociais"},"content":{"rendered":"\n<p>A cantora Faf\u00e1 de Bel\u00e9m acionou a Justi\u00e7a diante da circula\u00e7\u00e3o de conte\u00fados ofensivos e acusa\u00e7\u00f5es consideradas falsas em plataformas digitais. A informa\u00e7\u00e3o foi divulgada nesta quarta-feira (14\/1) por sua equipe jur\u00eddica, que confirmou o protocolo de uma not\u00edcia-crime para apurar amea\u00e7as, publica\u00e7\u00f5es difamat\u00f3rias e ataques direcionados \u00e0 artista e a pessoas de sua fam\u00edlia.<\/p>\n\n\n\n<p>De acordo com a assessoria, al\u00e9m da medida criminal, foram tomadas provid\u00eancias para garantir a preserva\u00e7\u00e3o de provas digitais e viabilizar a identifica\u00e7\u00e3o dos autores das mensagens. A defesa sustenta que os conte\u00fados n\u00e3o possuem qualquer respaldo factual ou jur\u00eddico e ultrapassam os limites da liberdade de express\u00e3o, causando preju\u00edzos \u00e0 imagem e \u00e0 honra da cantora.<\/p>\n\n\n\n<p>O acompanhamento do caso teve in\u00edcio em mar\u00e7o de 2025, ap\u00f3s a participa\u00e7\u00e3o de Faf\u00e1 em um evento esportivo realizado em Bel\u00e9m em refer\u00eancia ao m\u00eas das mulheres. A partir desse epis\u00f3dio, segundo os advogados, houve uma escalada de ataques virtuais, que se intensificaram nos meses seguintes, especialmente durante o per\u00edodo do C\u00edrio de Nazar\u00e9.<\/p>\n\n\n\n<p>Ainda conforme a equipe jur\u00eddica, nesse intervalo passaram a circular repetidamente publica\u00e7\u00f5es ofensivas, inclusive envolvendo familiares da artista. Diante do cen\u00e1rio, a defesa afirma que permanece \u00e0 disposi\u00e7\u00e3o das autoridades e que qualquer novo ataque ser\u00e1 imediatamente comunicado aos \u00f3rg\u00e3os competentes.<\/p>\n\n\n\n<p>O procedimento seguir\u00e1 ativo at\u00e9 a completa apura\u00e7\u00e3o dos fatos, com o objetivo de responsabilizar os envolvidos e coibir novas pr\u00e1ticas consideradas ilegais nas redes sociais.<\/p>\n","protected":false},"excerpt":{"rendered":"<p>A cantora Faf\u00e1 de Bel\u00e9m acionou a Justi\u00e7a diante da circula\u00e7\u00e3o de conte\u00fados ofensivos e acusa\u00e7\u00f5es consideradas falsas em plataformas digitais. A informa\u00e7\u00e3o foi divulgada nesta quarta-feira (14\/1) por sua equipe jur\u00eddica, que confirmou o protocolo de uma not\u00edcia-crime para apurar amea\u00e7as, publica\u00e7\u00f5es difamat\u00f3rias e ataques direcionados \u00e0 artista e a pessoas de sua fam\u00edlia. \u2026<\/p>\n","protected":false},"author":2,"featured_media":5697,"comment_status":"closed","ping_status":"open","sticky":false,"template":"","format":"standard","meta":{"footnotes":""},"categories":[3],"tags":[],"class_list":["post-5698","post","type-post","status-publish","format-standard","has-post-thumbnail","hentry","category-famosos"],"yoast_head":"<!-- This site is optimized with the Yoast SEO plugin v25.5 - https:\/\/yoast.com\/wordpress\/plugins\/seo\/ -->\n<title>Faf\u00e1 de Bel\u00e9m busca apoio da Justi\u00e7a ap\u00f3s ataques e difama\u00e7\u00f5es se espalharem nas redes sociais - Portal do Estado<\/title>\n<meta name=\"robots\" content=\"index, follow, max-snippet:-1, max-image-preview:large, max-video-preview:-1\" \/>\n<link rel=\"canonical\" href=\"https:\/\/portaldoestado.com.br\/index.php\/2026\/01\/15\/fafa-de-belem-busca-apoio-da-justica-apos-ataques-e-difamacoes-se-espalharem-nas-redes-sociais\/\" \/>\n<meta property=\"og:locale\" content=\"pt_BR\" \/>\n<meta property=\"og:type\" content=\"article\" \/>\n<meta property=\"og:title\" content=\"Faf\u00e1 de Bel\u00e9m busca apoio da Justi\u00e7a ap\u00f3s ataques e difama\u00e7\u00f5es se espalharem nas redes sociais - Portal do Estado\" \/>\n<meta property=\"og:description\" content=\"A cantora Faf\u00e1 de Bel\u00e9m acionou a Justi\u00e7a diante da circula\u00e7\u00e3o de conte\u00fados ofensivos e acusa\u00e7\u00f5es consideradas falsas em plataformas digitais. A informa\u00e7\u00e3o foi divulgada nesta quarta-feira (14\/1) por sua equipe jur\u00eddica, que confirmou o protocolo de uma not\u00edcia-crime para apurar amea\u00e7as, publica\u00e7\u00f5es difamat\u00f3rias e ataques direcionados \u00e0 artista e a pessoas de sua fam\u00edlia. \u2026\" \/>\n<meta property=\"og:url\" content=\"https:\/\/portaldoestado.com.br\/index.php\/2026\/01\/15\/fafa-de-belem-busca-apoio-da-justica-apos-ataques-e-difamacoes-se-espalharem-nas-redes-sociais\/\" \/>\n<meta property=\"og:site_name\" content=\"Portal do Estado\" \/>\n<meta property=\"article:published_time\" content=\"2026-01-15T15:15:35+00:00\" \/>\n<meta property=\"og:image\" content=\"https:\/\/portaldoestado.com.br\/wp-content\/uploads\/2026\/01\/padrao-leo-2026-01-14T174148.092.jpg\" \/>\n\t<meta property=\"og:image:width\" content=\"1200\" \/>\n\t<meta property=\"og:image:height\" content=\"900\" \/>\n\t<meta property=\"og:image:type\" content=\"image\/jpeg\" \/>\n<meta name=\"author\" content=\"assessoriadefamosos\" \/>\n<meta name=\"twitter:card\" content=\"summary_large_image\" \/>\n<meta name=\"twitter:label1\" content=\"Escrito por\" \/>\n\t<meta name=\"twitter:data1\" content=\"assessoriadefamosos\" \/>\n\t<meta name=\"twitter:label2\" content=\"Est. tempo de leitura\" \/>\n\t<meta name=\"twitter:data2\" content=\"1 minuto\" \/>\n<script type=\"application\/ld+json\" class=\"yoast-schema-graph\">{\"@context\":\"https:\/\/schema.org\",\"@graph\":[{\"@type\":\"Article\",\"@id\":\"https:\/\/portaldoestado.com.br\/index.php\/2026\/01\/15\/fafa-de-belem-busca-apoio-da-justica-apos-ataques-e-difamacoes-se-espalharem-nas-redes-sociais\/#article\",\"isPartOf\":{\"@id\":\"https:\/\/portaldoestado.com.br\/index.php\/2026\/01\/15\/fafa-de-belem-busca-apoio-da-justica-apos-ataques-e-difamacoes-se-espalharem-nas-redes-sociais\/\"},\"author\":{\"name\":\"assessoriadefamosos\",\"@id\":\"https:\/\/portaldoestado.com.br\/#\/schema\/person\/5ca0174f3c8c84b59da62ea14b698cb9\"},\"headline\":\"Faf\u00e1 de Bel\u00e9m busca apoio da Justi\u00e7a ap\u00f3s ataques e difama\u00e7\u00f5es se espalharem nas redes sociais\",\"datePublished\":\"2026-01-15T15:15:35+00:00\",\"mainEntityOfPage\":{\"@id\":\"https:\/\/portaldoestado.com.br\/index.php\/2026\/01\/15\/fafa-de-belem-busca-apoio-da-justica-apos-ataques-e-difamacoes-se-espalharem-nas-redes-sociais\/\"},\"wordCount\":286,\"publisher\":{\"@id\":\"https:\/\/portaldoestado.com.br\/#organization\"},\"image\":{\"@id\":\"https:\/\/portaldoestado.com.br\/index.php\/2026\/01\/15\/fafa-de-belem-busca-apoio-da-justica-apos-ataques-e-difamacoes-se-espalharem-nas-redes-sociais\/#primaryimage\"},\"thumbnailUrl\":\"https:\/\/portaldoestado.com.br\/wp-content\/uploads\/2026\/01\/padrao-leo-2026-01-14T174148.092.jpg\",\"articleSection\":[\"Famosos\"],\"inLanguage\":\"pt-BR\"},{\"@type\":\"WebPage\",\"@id\":\"https:\/\/portaldoestado.com.br\/index.php\/2026\/01\/15\/fafa-de-belem-busca-apoio-da-justica-apos-ataques-e-difamacoes-se-espalharem-nas-redes-sociais\/\",\"url\":\"https:\/\/portaldoestado.com.br\/index.php\/2026\/01\/15\/fafa-de-belem-busca-apoio-da-justica-apos-ataques-e-difamacoes-se-espalharem-nas-redes-sociais\/\",\"name\":\"Faf\u00e1 de Bel\u00e9m busca apoio da Justi\u00e7a ap\u00f3s ataques e difama\u00e7\u00f5es se espalharem nas redes sociais - Portal do Estado\",\"isPartOf\":{\"@id\":\"https:\/\/portaldoestado.com.br\/#website\"},\"primaryImageOfPage\":{\"@id\":\"https:\/\/portaldoestado.com.br\/index.php\/2026\/01\/15\/fafa-de-belem-busca-apoio-da-justica-apos-ataques-e-difamacoes-se-espalharem-nas-redes-sociais\/#primaryimage\"},\"image\":{\"@id\":\"https:\/\/portaldoestado.com.br\/index.php\/2026\/01\/15\/fafa-de-belem-busca-apoio-da-justica-apos-ataques-e-difamacoes-se-espalharem-nas-redes-sociais\/#primaryimage\"},\"thumbnailUrl\":\"https:\/\/portaldoestado.com.br\/wp-content\/uploads\/2026\/01\/padrao-leo-2026-01-14T174148.092.jpg\",\"datePublished\":\"2026-01-15T15:15:35+00:00\",\"breadcrumb\":{\"@id\":\"https:\/\/portaldoestado.com.br\/index.php\/2026\/01\/15\/fafa-de-belem-busca-apoio-da-justica-apos-ataques-e-difamacoes-se-espalharem-nas-redes-sociais\/#breadcrumb\"},\"inLanguage\":\"pt-BR\",\"potentialAction\":[{\"@type\":\"ReadAction\",\"target\":[\"https:\/\/portaldoestado.com.br\/index.php\/2026\/01\/15\/fafa-de-belem-busca-apoio-da-justica-apos-ataques-e-difamacoes-se-espalharem-nas-redes-sociais\/\"]}]},{\"@type\":\"ImageObject\",\"inLanguage\":\"pt-BR\",\"@id\":\"https:\/\/portaldoestado.com.br\/index.php\/2026\/01\/15\/fafa-de-belem-busca-apoio-da-justica-apos-ataques-e-difamacoes-se-espalharem-nas-redes-sociais\/#primaryimage\",\"url\":\"https:\/\/portaldoestado.com.br\/wp-content\/uploads\/2026\/01\/padrao-leo-2026-01-14T174148.092.jpg\",\"contentUrl\":\"https:\/\/portaldoestado.com.br\/wp-content\/uploads\/2026\/01\/padrao-leo-2026-01-14T174148.092.jpg\",\"width\":1200,\"height\":900},{\"@type\":\"BreadcrumbList\",\"@id\":\"https:\/\/portaldoestado.com.br\/index.php\/2026\/01\/15\/fafa-de-belem-busca-apoio-da-justica-apos-ataques-e-difamacoes-se-espalharem-nas-redes-sociais\/#breadcrumb\",\"itemListElement\":[{\"@type\":\"ListItem\",\"position\":1,\"name\":\"In\u00edcio\",\"item\":\"https:\/\/portaldoestado.com.br\/\"},{\"@type\":\"ListItem\",\"position\":2,\"name\":\"Faf\u00e1 de Bel\u00e9m busca apoio da Justi\u00e7a ap\u00f3s ataques e difama\u00e7\u00f5es se espalharem nas redes sociais\"}]},{\"@type\":\"WebSite\",\"@id\":\"https:\/\/portaldoestado.com.br\/#website\",\"url\":\"https:\/\/portaldoestado.com.br\/\",\"name\":\"Portal do Estado\",\"description\":\"\",\"publisher\":{\"@id\":\"https:\/\/portaldoestado.com.br\/#organization\"},\"potentialAction\":[{\"@type\":\"SearchAction\",\"target\":{\"@type\":\"EntryPoint\",\"urlTemplate\":\"https:\/\/portaldoestado.com.br\/?s={search_term_string}\"},\"query-input\":{\"@type\":\"PropertyValueSpecification\",\"valueRequired\":true,\"valueName\":\"search_term_string\"}}],\"inLanguage\":\"pt-BR\"},{\"@type\":\"Organization\",\"@id\":\"https:\/\/portaldoestado.com.br\/#organization\",\"name\":\"Portal do Estado\",\"url\":\"https:\/\/portaldoestado.com.br\/\",\"logo\":{\"@type\":\"ImageObject\",\"inLanguage\":\"pt-BR\",\"@id\":\"https:\/\/portaldoestado.com.br\/#\/schema\/logo\/image\/\",\"url\":\"https:\/\/portaldoestado.com.br\/wp-content\/uploads\/2025\/04\/cropped-6f69b19a-6472-43bf-b1b3-e1910bbbd4e8.png\",\"contentUrl\":\"https:\/\/portaldoestado.com.br\/wp-content\/uploads\/2025\/04\/cropped-6f69b19a-6472-43bf-b1b3-e1910bbbd4e8.png\",\"width\":1024,\"height\":350,\"caption\":\"Portal do Estado\"},\"image\":{\"@id\":\"https:\/\/portaldoestado.com.br\/#\/schema\/logo\/image\/\"}},{\"@type\":\"Person\",\"@id\":\"https:\/\/portaldoestado.com.br\/#\/schema\/person\/5ca0174f3c8c84b59da62ea14b698cb9\",\"name\":\"assessoriadefamosos\",\"image\":{\"@type\":\"ImageObject\",\"inLanguage\":\"pt-BR\",\"@id\":\"https:\/\/portaldoestado.com.br\/#\/schema\/person\/image\/\",\"url\":\"https:\/\/secure.gravatar.com\/avatar\/a7acbdffcfbbae7240e59f47fe511ec5f5d8c252c779f0b8d9ab02a9e1d8c5ed?s=96&d=mm&r=g\",\"contentUrl\":\"https:\/\/secure.gravatar.com\/avatar\/a7acbdffcfbbae7240e59f47fe511ec5f5d8c252c779f0b8d9ab02a9e1d8c5ed?s=96&d=mm&r=g\",\"caption\":\"assessoriadefamosos\"},\"url\":\"https:\/\/portaldoestado.com.br\/index.php\/author\/assessoriadefamosos\/\"}]}<\/script>\n<!-- \/ Yoast SEO plugin. -->","yoast_head_json":{"title":"Faf\u00e1 de Bel\u00e9m busca apoio da Justi\u00e7a ap\u00f3s ataques e difama\u00e7\u00f5es se espalharem nas redes sociais - Portal do Estado","robots":{"index":"index","follow":"follow","max-snippet":"max-snippet:-1","max-image-preview":"max-image-preview:large","max-video-preview":"max-video-preview:-1"},"canonical":"https:\/\/portaldoestado.com.br\/index.php\/2026\/01\/15\/fafa-de-belem-busca-apoio-da-justica-apos-ataques-e-difamacoes-se-espalharem-nas-redes-sociais\/","og_locale":"pt_BR","og_type":"article","og_title":"Faf\u00e1 de Bel\u00e9m busca apoio da Justi\u00e7a ap\u00f3s ataques e difama\u00e7\u00f5es se espalharem nas redes sociais - Portal do Estado","og_description":"A cantora Faf\u00e1 de Bel\u00e9m acionou a Justi\u00e7a diante da circula\u00e7\u00e3o de conte\u00fados ofensivos e acusa\u00e7\u00f5es consideradas falsas em plataformas digitais. A informa\u00e7\u00e3o foi divulgada nesta quarta-feira (14\/1) por sua equipe jur\u00eddica, que confirmou o protocolo de uma not\u00edcia-crime para apurar amea\u00e7as, publica\u00e7\u00f5es difamat\u00f3rias e ataques direcionados \u00e0 artista e a pessoas de sua fam\u00edlia. \u2026","og_url":"https:\/\/portaldoestado.com.br\/index.php\/2026\/01\/15\/fafa-de-belem-busca-apoio-da-justica-apos-ataques-e-difamacoes-se-espalharem-nas-redes-sociais\/","og_site_name":"Portal do Estado","article_published_time":"2026-01-15T15:15:35+00:00","og_image":[{"width":1200,"height":900,"url":"https:\/\/portaldoestado.com.br\/wp-content\/uploads\/2026\/01\/padrao-leo-2026-01-14T174148.092.jpg","type":"image\/jpeg"}],"author":"assessoriadefamosos","twitter_card":"summary_large_image","twitter_misc":{"Escrito por":"assessoriadefamosos","Est. tempo de leitura":"1 minuto"},"schema":{"@context":"https:\/\/schema.org","@graph":[{"@type":"Article","@id":"https:\/\/portaldoestado.com.br\/index.php\/2026\/01\/15\/fafa-de-belem-busca-apoio-da-justica-apos-ataques-e-difamacoes-se-espalharem-nas-redes-sociais\/#article","isPartOf":{"@id":"https:\/\/portaldoestado.com.br\/index.php\/2026\/01\/15\/fafa-de-belem-busca-apoio-da-justica-apos-ataques-e-difamacoes-se-espalharem-nas-redes-sociais\/"},"author":{"name":"assessoriadefamosos","@id":"https:\/\/portaldoestado.com.br\/#\/schema\/person\/5ca0174f3c8c84b59da62ea14b698cb9"},"headline":"Faf\u00e1 de Bel\u00e9m busca apoio da Justi\u00e7a ap\u00f3s ataques e difama\u00e7\u00f5es se espalharem nas redes sociais","datePublished":"2026-01-15T15:15:35+00:00","mainEntityOfPage":{"@id":"https:\/\/portaldoestado.com.br\/index.php\/2026\/01\/15\/fafa-de-belem-busca-apoio-da-justica-apos-ataques-e-difamacoes-se-espalharem-nas-redes-sociais\/"},"wordCount":286,"publisher":{"@id":"https:\/\/portaldoestado.com.br\/#organization"},"image":{"@id":"https:\/\/portaldoestado.com.br\/index.php\/2026\/01\/15\/fafa-de-belem-busca-apoio-da-justica-apos-ataques-e-difamacoes-se-espalharem-nas-redes-sociais\/#primaryimage"},"thumbnailUrl":"https:\/\/portaldoestado.com.br\/wp-content\/uploads\/2026\/01\/padrao-leo-2026-01-14T174148.092.jpg","articleSection":["Famosos"],"inLanguage":"pt-BR"},{"@type":"WebPage","@id":"https:\/\/portaldoestado.com.br\/index.php\/2026\/01\/15\/fafa-de-belem-busca-apoio-da-justica-apos-ataques-e-difamacoes-se-espalharem-nas-redes-sociais\/","url":"https:\/\/portaldoestado.com.br\/index.php\/2026\/01\/15\/fafa-de-belem-busca-apoio-da-justica-apos-ataques-e-difamacoes-se-espalharem-nas-redes-sociais\/","name":"Faf\u00e1 de Bel\u00e9m busca apoio da Justi\u00e7a ap\u00f3s ataques e difama\u00e7\u00f5es se espalharem nas redes sociais - Portal do Estado","isPartOf":{"@id":"https:\/\/portaldoestado.com.br\/#website"},"primaryImageOfPage":{"@id":"https:\/\/portaldoestado.com.br\/index.php\/2026\/01\/15\/fafa-de-belem-busca-apoio-da-justica-apos-ataques-e-difamacoes-se-espalharem-nas-redes-sociais\/#primaryimage"},"image":{"@id":"https:\/\/portaldoestado.com.br\/index.php\/2026\/01\/15\/fafa-de-belem-busca-apoio-da-justica-apos-ataques-e-difamacoes-se-espalharem-nas-redes-sociais\/#primaryimage"},"thumbnailUrl":"https:\/\/portaldoestado.com.br\/wp-content\/uploads\/2026\/01\/padrao-leo-2026-01-14T174148.092.jpg","datePublished":"2026-01-15T15:15:35+00:00","breadcrumb":{"@id":"https:\/\/portaldoestado.com.br\/index.php\/2026\/01\/15\/fafa-de-belem-busca-apoio-da-justica-apos-ataques-e-difamacoes-se-espalharem-nas-redes-sociais\/#breadcrumb"},"inLanguage":"pt-BR","potentialAction":[{"@type":"ReadAction","target":["https:\/\/portaldoestado.com.br\/index.php\/2026\/01\/15\/fafa-de-belem-busca-apoio-da-justica-apos-ataques-e-difamacoes-se-espalharem-nas-redes-sociais\/"]}]},{"@type":"ImageObject","inLanguage":"pt-BR","@id":"https:\/\/portaldoestado.com.br\/index.php\/2026\/01\/15\/fafa-de-belem-busca-apoio-da-justica-apos-ataques-e-difamacoes-se-espalharem-nas-redes-sociais\/#primaryimage","url":"https:\/\/portaldoestado.com.br\/wp-content\/uploads\/2026\/01\/padrao-leo-2026-01-14T174148.092.jpg","contentUrl":"https:\/\/portaldoestado.com.br\/wp-content\/uploads\/2026\/01\/padrao-leo-2026-01-14T174148.092.jpg","width":1200,"height":900},{"@type":"BreadcrumbList","@id":"https:\/\/portaldoestado.com.br\/index.php\/2026\/01\/15\/fafa-de-belem-busca-apoio-da-justica-apos-ataques-e-difamacoes-se-espalharem-nas-redes-sociais\/#breadcrumb","itemListElement":[{"@type":"ListItem","position":1,"name":"In\u00edcio","item":"https:\/\/portaldoestado.com.br\/"},{"@type":"ListItem","position":2,"name":"Faf\u00e1 de Bel\u00e9m busca apoio da Justi\u00e7a ap\u00f3s ataques e difama\u00e7\u00f5es se espalharem nas redes sociais"}]},{"@type":"WebSite","@id":"https:\/\/portaldoestado.com.br\/#website","url":"https:\/\/portaldoestado.com.br\/","name":"Portal do Estado","description":"","publisher":{"@id":"https:\/\/portaldoestado.com.br\/#organization"},"potentialAction":[{"@type":"SearchAction","target":{"@type":"EntryPoint","urlTemplate":"https:\/\/portaldoestado.com.br\/?s={search_term_string}"},"query-input":{"@type":"PropertyValueSpecification","valueRequired":true,"valueName":"search_term_string"}}],"inLanguage":"pt-BR"},{"@type":"Organization","@id":"https:\/\/portaldoestado.com.br\/#organization","name":"Portal do Estado","url":"https:\/\/portaldoestado.com.br\/","logo":{"@type":"ImageObject","inLanguage":"pt-BR","@id":"https:\/\/portaldoestado.com.br\/#\/schema\/logo\/image\/","url":"https:\/\/portaldoestado.com.br\/wp-content\/uploads\/2025\/04\/cropped-6f69b19a-6472-43bf-b1b3-e1910bbbd4e8.png","contentUrl":"https:\/\/portaldoestado.com.br\/wp-content\/uploads\/2025\/04\/cropped-6f69b19a-6472-43bf-b1b3-e1910bbbd4e8.png","width":1024,"height":350,"caption":"Portal do Estado"},"image":{"@id":"https:\/\/portaldoestado.com.br\/#\/schema\/logo\/image\/"}},{"@type":"Person","@id":"https:\/\/portaldoestado.com.br\/#\/schema\/person\/5ca0174f3c8c84b59da62ea14b698cb9","name":"assessoriadefamosos","image":{"@type":"ImageObject","inLanguage":"pt-BR","@id":"https:\/\/portaldoestado.com.br\/#\/schema\/person\/image\/","url":"https:\/\/secure.gravatar.com\/avatar\/a7acbdffcfbbae7240e59f47fe511ec5f5d8c252c779f0b8d9ab02a9e1d8c5ed?s=96&d=mm&r=g","contentUrl":"https:\/\/secure.gravatar.com\/avatar\/a7acbdffcfbbae7240e59f47fe511ec5f5d8c252c779f0b8d9ab02a9e1d8c5ed?s=96&d=mm&r=g","caption":"assessoriadefamosos"},"url":"https:\/\/portaldoestado.com.br\/index.php\/author\/assessoriadefamosos\/"}]}},"jetpack_featured_media_url":"https:\/\/portaldoestado.com.br\/wp-content\/uploads\/2026\/01\/padrao-leo-2026-01-14T174148.092.jpg","_links":{"self":[{"href":"https:\/\/portaldoestado.com.br\/index.php\/wp-json\/wp\/v2\/posts\/5698","targetHints":{"allow":["GET"]}}],"collection":[{"href":"https:\/\/portaldoestado.com.br\/index.php\/wp-json\/wp\/v2\/posts"}],"about":[{"href":"https:\/\/portaldoestado.com.br\/index.php\/wp-json\/wp\/v2\/types\/post"}],"author":[{"embeddable":true,"href":"https:\/\/portaldoestado.com.br\/index.php\/wp-json\/wp\/v2\/users\/2"}],"replies":[{"embeddable":true,"href":"https:\/\/portaldoestado.com.br\/index.php\/wp-json\/wp\/v2\/comments?post=5698"}],"version-history":[{"count":1,"href":"https:\/\/portaldoestado.com.br\/index.php\/wp-json\/wp\/v2\/posts\/5698\/revisions"}],"predecessor-version":[{"id":5699,"href":"https:\/\/portaldoestado.com.br\/index.php\/wp-json\/wp\/v2\/posts\/5698\/revisions\/5699"}],"wp:featuredmedia":[{"embeddable":true,"href":"https:\/\/portaldoestado.com.br\/index.php\/wp-json\/wp\/v2\/media\/5697"}],"wp:attachment":[{"href":"https:\/\/portaldoestado.com.br\/index.php\/wp-json\/wp\/v2\/media?parent=5698"}],"wp:term":[{"taxonomy":"category","embeddable":true,"href":"https:\/\/portaldoestado.com.br\/index.php\/wp-json\/wp\/v2\/categories?post=5698"},{"taxonomy":"post_tag","embeddable":true,"href":"https:\/\/portaldoestado.com.br\/index.php\/wp-json\/wp\/v2\/tags?post=5698"}],"curies":[{"name":"wp","href":"https:\/\/api.w.org\/{rel}","templated":true}]}}