{"id":5692,"date":"2026-01-15T15:07:47","date_gmt":"2026-01-15T15:07:47","guid":{"rendered":"https:\/\/portaldoestado.com.br\/?p=5692"},"modified":"2026-01-15T15:07:47","modified_gmt":"2026-01-15T15:07:47","slug":"classico-do-gospel-ganha-versao-emocionante-nas-vozes-de-julia-vitoria-e-eli-soares","status":"publish","type":"post","link":"https:\/\/portaldoestado.com.br\/index.php\/2026\/01\/15\/classico-do-gospel-ganha-versao-emocionante-nas-vozes-de-julia-vitoria-e-eli-soares\/","title":{"rendered":"Cl\u00e1ssico do gospel ganha vers\u00e3o emocionante nas vozes de Julia Vit\u00f3ria e Eli Soares"},"content":{"rendered":"\n<p><em>Reunindo talento e sensibilidade, a faixa \u201cSeguran\u00e7a (Canta Minh\u2019alma)\u201d tem tudo para se tornar um dos grandes destaques do DVD<\/em><\/p>\n\n\n\n<p>O sexto lan\u00e7amento do \u00e1lbum \u201cAo Vivo na \u00d3pera de Arame\u201d, de Julia Vit\u00f3ria, estar\u00e1 dispon\u00edvel nas principais plataformas digitais e no YouTube a partir de quinta-feira (15). \u201cSeguran\u00e7a (Canta Minh\u2019alma)\u201d, um dos hinos mais executados em igrejas de todo o Brasil, agora, ganha uma vers\u00e3o no melhor estilo R&#038;B, reafirmando o seu lugar no repert\u00f3rio crist\u00e3o contempor\u00e2neo.\n\u00a0\nO registro conta com a participa\u00e7\u00e3o especial de Eli Soares, um dos nomes mais reconhecidos do segmento. Vencedor de tr\u00eas Grammys Latinos e do Pr\u00eamio Multishow 2025 na categoria Gospel do Ano, o artista se destaca pela capacidade de transitar al\u00e9m das fronteiras do meio religioso. Ao longo da carreira, realizou colabora\u00e7\u00f5es importantes, entre elas, com nomes como Ed Motta, Alexandre Pires e Mumuzinho, com destaque para o projeto ao vivo \u201cVida\u201d, no qual constr\u00f3i pontes entre a m\u00fasica crist\u00e3 e outros g\u00eaneros.\n\u00a0\nO encontro entre Julia Vit\u00f3ria e Eli Soares resultou numa apresenta\u00e7\u00e3o marcante, principalmente pela performance dos artistas que esbanjaram t\u00e9cnica e musicalidade, sem comprometer a sensibilidade e emo\u00e7\u00e3o, real\u00e7ando a versatilidade dos int\u00e9rpretes. \u201cQue alegria dividir o palco com o Eli, a quem admiro e \u00e9 inspira\u00e7\u00e3o para muitos cantores, inclusive para mim. Conheci essa can\u00e7\u00e3o ainda na minha inf\u00e2ncia, e quando estava pensando sobre quem poderia gravar esse louvor comigo, n\u00e3o tinha como ser outra pessoa. Esse amigo t\u00e3o especial carrega muito talento, criatividade e, principalmente, simplicidade\u201d, destaca a jovem.\n\u00a0\nO hino \u201cSeguran\u00e7a (Canta Minh\u2019alma)\u201d \u2013 n\u00famero 375 do tradicional hin\u00e1rio Cantor Crist\u00e3o \u2013, vem alcan\u00e7ando gera\u00e7\u00f5es com sua mensagem atemporal. Dados hist\u00f3ricos d\u00e3o conta de que a composi\u00e7\u00e3o original em ingl\u00eas, \u201cBlessed Assurance\u201d, datada de 1873, foi escrita por Fanny Crosby e sua amiga, Phoebe Knapp. J\u00e1 a primeira vers\u00e3o em portugu\u00eas foi escrita em 1890, por George Benjamin Nind, e desde ent\u00e3o vem ganhando adapta\u00e7\u00f5es e sendo cantada nas igrejas, consolidando-se como um verdadeiro patrim\u00f4nio da m\u00fasica crist\u00e3 \u2013 que \u00e9 o tipo de composi\u00e7\u00e3o que Julia sempre procura resgatar.\n\u00a0\nO projeto \u201cAo Vivo na \u00d3pera de Arame\u201d, idealizado pela Musile Records, selo especializado em m\u00fasica gospel, com produ\u00e7\u00e3o executiva de Ricardo Carreras, dire\u00e7\u00e3o de v\u00eddeo de Flauzilino Jr. e produ\u00e7\u00e3o musical de Hananiel Eduardo, vem sendo lan\u00e7ado faixa a faixa e futuramente ser\u00e1 compilado num \u00e1lbum que contar\u00e1 com 10 can\u00e7\u00f5es ao todo.\n\u00a0\nAntes de \u201cSeguran\u00e7a (Canta Minh\u2019alma)\u201d, a cantora apresentou \u201cJo\u00e3o Viu \/ Al\u00e9m do Rio Azul\u201d, que marcou a estreia desta nova fase, \u201cAmor Infinito \/ A Mensagem da Cruz\u201d, \u201cMaravilhosa Gra\u00e7a\u201d, \u201cCan\u00e7\u00e3o dos Redimidos\u201d \u2013 em colabora\u00e7\u00e3o com N\u00edvea Soares, uma das vozes mais respeitadas do segmento \u2013, e \u201cRestaura o Teu Altar\u201d. As duas \u00faltimas, inclusive, s\u00e3o obras autorais de Julia.\n\u00a0\nCom apenas 23 anos, Julia Vit\u00f3ria j\u00e1 conquistou n\u00fameros expressivos e se consolida como um dos nomes de maior relev\u00e2ncia do gospel de sua gera\u00e7\u00e3o. Atualmente, ela soma mais de 14 milh\u00f5es de ouvintes mensais nas plataformas de streaming e ultrapassou a marca de 2 bilh\u00f5es de plays ao longo de sua carreira.<\/p>\n","protected":false},"excerpt":{"rendered":"<p>Reunindo talento e sensibilidade, a faixa \u201cSeguran\u00e7a (Canta Minh\u2019alma)\u201d tem tudo para se tornar um dos grandes destaques do DVD O sexto lan\u00e7amento do \u00e1lbum \u201cAo Vivo na \u00d3pera de Arame\u201d, de Julia Vit\u00f3ria, estar\u00e1 dispon\u00edvel nas principais plataformas digitais e no YouTube a partir de quinta-feira (15). \u201cSeguran\u00e7a (Canta Minh\u2019alma)\u201d, um dos hinos mais \u2026<\/p>\n","protected":false},"author":2,"featured_media":5691,"comment_status":"closed","ping_status":"open","sticky":false,"template":"","format":"standard","meta":{"footnotes":""},"categories":[4],"tags":[],"class_list":["post-5692","post","type-post","status-publish","format-standard","has-post-thumbnail","hentry","category-geral"],"yoast_head":"<!-- This site is optimized with the Yoast SEO plugin v25.5 - https:\/\/yoast.com\/wordpress\/plugins\/seo\/ -->\n<title>Cl\u00e1ssico do gospel ganha vers\u00e3o emocionante nas vozes de Julia Vit\u00f3ria e Eli Soares - Portal do Estado<\/title>\n<meta name=\"robots\" content=\"index, follow, max-snippet:-1, max-image-preview:large, max-video-preview:-1\" \/>\n<link rel=\"canonical\" href=\"https:\/\/portaldoestado.com.br\/index.php\/2026\/01\/15\/classico-do-gospel-ganha-versao-emocionante-nas-vozes-de-julia-vitoria-e-eli-soares\/\" \/>\n<meta property=\"og:locale\" content=\"pt_BR\" \/>\n<meta property=\"og:type\" content=\"article\" \/>\n<meta property=\"og:title\" content=\"Cl\u00e1ssico do gospel ganha vers\u00e3o emocionante nas vozes de Julia Vit\u00f3ria e Eli Soares - Portal do Estado\" \/>\n<meta property=\"og:description\" content=\"Reunindo talento e sensibilidade, a faixa \u201cSeguran\u00e7a (Canta Minh\u2019alma)\u201d tem tudo para se tornar um dos grandes destaques do DVD O sexto lan\u00e7amento do \u00e1lbum \u201cAo Vivo na \u00d3pera de Arame\u201d, de Julia Vit\u00f3ria, estar\u00e1 dispon\u00edvel nas principais plataformas digitais e no YouTube a partir de quinta-feira (15). \u201cSeguran\u00e7a (Canta Minh\u2019alma)\u201d, um dos hinos mais \u2026\" \/>\n<meta property=\"og:url\" content=\"https:\/\/portaldoestado.com.br\/index.php\/2026\/01\/15\/classico-do-gospel-ganha-versao-emocionante-nas-vozes-de-julia-vitoria-e-eli-soares\/\" \/>\n<meta property=\"og:site_name\" content=\"Portal do Estado\" \/>\n<meta property=\"article:published_time\" content=\"2026-01-15T15:07:47+00:00\" \/>\n<meta property=\"og:image\" content=\"https:\/\/portaldoestado.com.br\/wp-content\/uploads\/2026\/01\/WhatsApp-Image-2026-01-15-at-11.58.52.jpeg\" \/>\n\t<meta property=\"og:image:width\" content=\"1600\" \/>\n\t<meta property=\"og:image:height\" content=\"900\" \/>\n\t<meta property=\"og:image:type\" content=\"image\/jpeg\" \/>\n<meta name=\"author\" content=\"assessoriadefamosos\" \/>\n<meta name=\"twitter:card\" content=\"summary_large_image\" \/>\n<meta name=\"twitter:label1\" content=\"Escrito por\" \/>\n\t<meta name=\"twitter:data1\" content=\"assessoriadefamosos\" \/>\n\t<meta name=\"twitter:label2\" content=\"Est. tempo de leitura\" \/>\n\t<meta name=\"twitter:data2\" content=\"3 minutos\" \/>\n<script type=\"application\/ld+json\" class=\"yoast-schema-graph\">{\"@context\":\"https:\/\/schema.org\",\"@graph\":[{\"@type\":\"Article\",\"@id\":\"https:\/\/portaldoestado.com.br\/index.php\/2026\/01\/15\/classico-do-gospel-ganha-versao-emocionante-nas-vozes-de-julia-vitoria-e-eli-soares\/#article\",\"isPartOf\":{\"@id\":\"https:\/\/portaldoestado.com.br\/index.php\/2026\/01\/15\/classico-do-gospel-ganha-versao-emocionante-nas-vozes-de-julia-vitoria-e-eli-soares\/\"},\"author\":{\"name\":\"assessoriadefamosos\",\"@id\":\"https:\/\/portaldoestado.com.br\/#\/schema\/person\/5ca0174f3c8c84b59da62ea14b698cb9\"},\"headline\":\"Cl\u00e1ssico do gospel ganha vers\u00e3o emocionante nas vozes de Julia Vit\u00f3ria e Eli Soares\",\"datePublished\":\"2026-01-15T15:07:47+00:00\",\"mainEntityOfPage\":{\"@id\":\"https:\/\/portaldoestado.com.br\/index.php\/2026\/01\/15\/classico-do-gospel-ganha-versao-emocionante-nas-vozes-de-julia-vitoria-e-eli-soares\/\"},\"wordCount\":583,\"publisher\":{\"@id\":\"https:\/\/portaldoestado.com.br\/#organization\"},\"image\":{\"@id\":\"https:\/\/portaldoestado.com.br\/index.php\/2026\/01\/15\/classico-do-gospel-ganha-versao-emocionante-nas-vozes-de-julia-vitoria-e-eli-soares\/#primaryimage\"},\"thumbnailUrl\":\"https:\/\/portaldoestado.com.br\/wp-content\/uploads\/2026\/01\/WhatsApp-Image-2026-01-15-at-11.58.52.jpeg\",\"articleSection\":[\"Geral\"],\"inLanguage\":\"pt-BR\"},{\"@type\":\"WebPage\",\"@id\":\"https:\/\/portaldoestado.com.br\/index.php\/2026\/01\/15\/classico-do-gospel-ganha-versao-emocionante-nas-vozes-de-julia-vitoria-e-eli-soares\/\",\"url\":\"https:\/\/portaldoestado.com.br\/index.php\/2026\/01\/15\/classico-do-gospel-ganha-versao-emocionante-nas-vozes-de-julia-vitoria-e-eli-soares\/\",\"name\":\"Cl\u00e1ssico do gospel ganha vers\u00e3o emocionante nas vozes de Julia Vit\u00f3ria e Eli Soares - Portal do Estado\",\"isPartOf\":{\"@id\":\"https:\/\/portaldoestado.com.br\/#website\"},\"primaryImageOfPage\":{\"@id\":\"https:\/\/portaldoestado.com.br\/index.php\/2026\/01\/15\/classico-do-gospel-ganha-versao-emocionante-nas-vozes-de-julia-vitoria-e-eli-soares\/#primaryimage\"},\"image\":{\"@id\":\"https:\/\/portaldoestado.com.br\/index.php\/2026\/01\/15\/classico-do-gospel-ganha-versao-emocionante-nas-vozes-de-julia-vitoria-e-eli-soares\/#primaryimage\"},\"thumbnailUrl\":\"https:\/\/portaldoestado.com.br\/wp-content\/uploads\/2026\/01\/WhatsApp-Image-2026-01-15-at-11.58.52.jpeg\",\"datePublished\":\"2026-01-15T15:07:47+00:00\",\"breadcrumb\":{\"@id\":\"https:\/\/portaldoestado.com.br\/index.php\/2026\/01\/15\/classico-do-gospel-ganha-versao-emocionante-nas-vozes-de-julia-vitoria-e-eli-soares\/#breadcrumb\"},\"inLanguage\":\"pt-BR\",\"potentialAction\":[{\"@type\":\"ReadAction\",\"target\":[\"https:\/\/portaldoestado.com.br\/index.php\/2026\/01\/15\/classico-do-gospel-ganha-versao-emocionante-nas-vozes-de-julia-vitoria-e-eli-soares\/\"]}]},{\"@type\":\"ImageObject\",\"inLanguage\":\"pt-BR\",\"@id\":\"https:\/\/portaldoestado.com.br\/index.php\/2026\/01\/15\/classico-do-gospel-ganha-versao-emocionante-nas-vozes-de-julia-vitoria-e-eli-soares\/#primaryimage\",\"url\":\"https:\/\/portaldoestado.com.br\/wp-content\/uploads\/2026\/01\/WhatsApp-Image-2026-01-15-at-11.58.52.jpeg\",\"contentUrl\":\"https:\/\/portaldoestado.com.br\/wp-content\/uploads\/2026\/01\/WhatsApp-Image-2026-01-15-at-11.58.52.jpeg\",\"width\":1600,\"height\":900},{\"@type\":\"BreadcrumbList\",\"@id\":\"https:\/\/portaldoestado.com.br\/index.php\/2026\/01\/15\/classico-do-gospel-ganha-versao-emocionante-nas-vozes-de-julia-vitoria-e-eli-soares\/#breadcrumb\",\"itemListElement\":[{\"@type\":\"ListItem\",\"position\":1,\"name\":\"In\u00edcio\",\"item\":\"https:\/\/portaldoestado.com.br\/\"},{\"@type\":\"ListItem\",\"position\":2,\"name\":\"Cl\u00e1ssico do gospel ganha vers\u00e3o emocionante nas vozes de Julia Vit\u00f3ria e Eli Soares\"}]},{\"@type\":\"WebSite\",\"@id\":\"https:\/\/portaldoestado.com.br\/#website\",\"url\":\"https:\/\/portaldoestado.com.br\/\",\"name\":\"Portal do Estado\",\"description\":\"\",\"publisher\":{\"@id\":\"https:\/\/portaldoestado.com.br\/#organization\"},\"potentialAction\":[{\"@type\":\"SearchAction\",\"target\":{\"@type\":\"EntryPoint\",\"urlTemplate\":\"https:\/\/portaldoestado.com.br\/?s={search_term_string}\"},\"query-input\":{\"@type\":\"PropertyValueSpecification\",\"valueRequired\":true,\"valueName\":\"search_term_string\"}}],\"inLanguage\":\"pt-BR\"},{\"@type\":\"Organization\",\"@id\":\"https:\/\/portaldoestado.com.br\/#organization\",\"name\":\"Portal do Estado\",\"url\":\"https:\/\/portaldoestado.com.br\/\",\"logo\":{\"@type\":\"ImageObject\",\"inLanguage\":\"pt-BR\",\"@id\":\"https:\/\/portaldoestado.com.br\/#\/schema\/logo\/image\/\",\"url\":\"https:\/\/portaldoestado.com.br\/wp-content\/uploads\/2025\/04\/cropped-6f69b19a-6472-43bf-b1b3-e1910bbbd4e8.png\",\"contentUrl\":\"https:\/\/portaldoestado.com.br\/wp-content\/uploads\/2025\/04\/cropped-6f69b19a-6472-43bf-b1b3-e1910bbbd4e8.png\",\"width\":1024,\"height\":350,\"caption\":\"Portal do Estado\"},\"image\":{\"@id\":\"https:\/\/portaldoestado.com.br\/#\/schema\/logo\/image\/\"}},{\"@type\":\"Person\",\"@id\":\"https:\/\/portaldoestado.com.br\/#\/schema\/person\/5ca0174f3c8c84b59da62ea14b698cb9\",\"name\":\"assessoriadefamosos\",\"image\":{\"@type\":\"ImageObject\",\"inLanguage\":\"pt-BR\",\"@id\":\"https:\/\/portaldoestado.com.br\/#\/schema\/person\/image\/\",\"url\":\"https:\/\/secure.gravatar.com\/avatar\/a7acbdffcfbbae7240e59f47fe511ec5f5d8c252c779f0b8d9ab02a9e1d8c5ed?s=96&d=mm&r=g\",\"contentUrl\":\"https:\/\/secure.gravatar.com\/avatar\/a7acbdffcfbbae7240e59f47fe511ec5f5d8c252c779f0b8d9ab02a9e1d8c5ed?s=96&d=mm&r=g\",\"caption\":\"assessoriadefamosos\"},\"url\":\"https:\/\/portaldoestado.com.br\/index.php\/author\/assessoriadefamosos\/\"}]}<\/script>\n<!-- \/ Yoast SEO plugin. -->","yoast_head_json":{"title":"Cl\u00e1ssico do gospel ganha vers\u00e3o emocionante nas vozes de Julia Vit\u00f3ria e Eli Soares - Portal do Estado","robots":{"index":"index","follow":"follow","max-snippet":"max-snippet:-1","max-image-preview":"max-image-preview:large","max-video-preview":"max-video-preview:-1"},"canonical":"https:\/\/portaldoestado.com.br\/index.php\/2026\/01\/15\/classico-do-gospel-ganha-versao-emocionante-nas-vozes-de-julia-vitoria-e-eli-soares\/","og_locale":"pt_BR","og_type":"article","og_title":"Cl\u00e1ssico do gospel ganha vers\u00e3o emocionante nas vozes de Julia Vit\u00f3ria e Eli Soares - Portal do Estado","og_description":"Reunindo talento e sensibilidade, a faixa \u201cSeguran\u00e7a (Canta Minh\u2019alma)\u201d tem tudo para se tornar um dos grandes destaques do DVD O sexto lan\u00e7amento do \u00e1lbum \u201cAo Vivo na \u00d3pera de Arame\u201d, de Julia Vit\u00f3ria, estar\u00e1 dispon\u00edvel nas principais plataformas digitais e no YouTube a partir de quinta-feira (15). \u201cSeguran\u00e7a (Canta Minh\u2019alma)\u201d, um dos hinos mais \u2026","og_url":"https:\/\/portaldoestado.com.br\/index.php\/2026\/01\/15\/classico-do-gospel-ganha-versao-emocionante-nas-vozes-de-julia-vitoria-e-eli-soares\/","og_site_name":"Portal do Estado","article_published_time":"2026-01-15T15:07:47+00:00","og_image":[{"width":1600,"height":900,"url":"https:\/\/portaldoestado.com.br\/wp-content\/uploads\/2026\/01\/WhatsApp-Image-2026-01-15-at-11.58.52.jpeg","type":"image\/jpeg"}],"author":"assessoriadefamosos","twitter_card":"summary_large_image","twitter_misc":{"Escrito por":"assessoriadefamosos","Est. tempo de leitura":"3 minutos"},"schema":{"@context":"https:\/\/schema.org","@graph":[{"@type":"Article","@id":"https:\/\/portaldoestado.com.br\/index.php\/2026\/01\/15\/classico-do-gospel-ganha-versao-emocionante-nas-vozes-de-julia-vitoria-e-eli-soares\/#article","isPartOf":{"@id":"https:\/\/portaldoestado.com.br\/index.php\/2026\/01\/15\/classico-do-gospel-ganha-versao-emocionante-nas-vozes-de-julia-vitoria-e-eli-soares\/"},"author":{"name":"assessoriadefamosos","@id":"https:\/\/portaldoestado.com.br\/#\/schema\/person\/5ca0174f3c8c84b59da62ea14b698cb9"},"headline":"Cl\u00e1ssico do gospel ganha vers\u00e3o emocionante nas vozes de Julia Vit\u00f3ria e Eli Soares","datePublished":"2026-01-15T15:07:47+00:00","mainEntityOfPage":{"@id":"https:\/\/portaldoestado.com.br\/index.php\/2026\/01\/15\/classico-do-gospel-ganha-versao-emocionante-nas-vozes-de-julia-vitoria-e-eli-soares\/"},"wordCount":583,"publisher":{"@id":"https:\/\/portaldoestado.com.br\/#organization"},"image":{"@id":"https:\/\/portaldoestado.com.br\/index.php\/2026\/01\/15\/classico-do-gospel-ganha-versao-emocionante-nas-vozes-de-julia-vitoria-e-eli-soares\/#primaryimage"},"thumbnailUrl":"https:\/\/portaldoestado.com.br\/wp-content\/uploads\/2026\/01\/WhatsApp-Image-2026-01-15-at-11.58.52.jpeg","articleSection":["Geral"],"inLanguage":"pt-BR"},{"@type":"WebPage","@id":"https:\/\/portaldoestado.com.br\/index.php\/2026\/01\/15\/classico-do-gospel-ganha-versao-emocionante-nas-vozes-de-julia-vitoria-e-eli-soares\/","url":"https:\/\/portaldoestado.com.br\/index.php\/2026\/01\/15\/classico-do-gospel-ganha-versao-emocionante-nas-vozes-de-julia-vitoria-e-eli-soares\/","name":"Cl\u00e1ssico do gospel ganha vers\u00e3o emocionante nas vozes de Julia Vit\u00f3ria e Eli Soares - Portal do Estado","isPartOf":{"@id":"https:\/\/portaldoestado.com.br\/#website"},"primaryImageOfPage":{"@id":"https:\/\/portaldoestado.com.br\/index.php\/2026\/01\/15\/classico-do-gospel-ganha-versao-emocionante-nas-vozes-de-julia-vitoria-e-eli-soares\/#primaryimage"},"image":{"@id":"https:\/\/portaldoestado.com.br\/index.php\/2026\/01\/15\/classico-do-gospel-ganha-versao-emocionante-nas-vozes-de-julia-vitoria-e-eli-soares\/#primaryimage"},"thumbnailUrl":"https:\/\/portaldoestado.com.br\/wp-content\/uploads\/2026\/01\/WhatsApp-Image-2026-01-15-at-11.58.52.jpeg","datePublished":"2026-01-15T15:07:47+00:00","breadcrumb":{"@id":"https:\/\/portaldoestado.com.br\/index.php\/2026\/01\/15\/classico-do-gospel-ganha-versao-emocionante-nas-vozes-de-julia-vitoria-e-eli-soares\/#breadcrumb"},"inLanguage":"pt-BR","potentialAction":[{"@type":"ReadAction","target":["https:\/\/portaldoestado.com.br\/index.php\/2026\/01\/15\/classico-do-gospel-ganha-versao-emocionante-nas-vozes-de-julia-vitoria-e-eli-soares\/"]}]},{"@type":"ImageObject","inLanguage":"pt-BR","@id":"https:\/\/portaldoestado.com.br\/index.php\/2026\/01\/15\/classico-do-gospel-ganha-versao-emocionante-nas-vozes-de-julia-vitoria-e-eli-soares\/#primaryimage","url":"https:\/\/portaldoestado.com.br\/wp-content\/uploads\/2026\/01\/WhatsApp-Image-2026-01-15-at-11.58.52.jpeg","contentUrl":"https:\/\/portaldoestado.com.br\/wp-content\/uploads\/2026\/01\/WhatsApp-Image-2026-01-15-at-11.58.52.jpeg","width":1600,"height":900},{"@type":"BreadcrumbList","@id":"https:\/\/portaldoestado.com.br\/index.php\/2026\/01\/15\/classico-do-gospel-ganha-versao-emocionante-nas-vozes-de-julia-vitoria-e-eli-soares\/#breadcrumb","itemListElement":[{"@type":"ListItem","position":1,"name":"In\u00edcio","item":"https:\/\/portaldoestado.com.br\/"},{"@type":"ListItem","position":2,"name":"Cl\u00e1ssico do gospel ganha vers\u00e3o emocionante nas vozes de Julia Vit\u00f3ria e Eli Soares"}]},{"@type":"WebSite","@id":"https:\/\/portaldoestado.com.br\/#website","url":"https:\/\/portaldoestado.com.br\/","name":"Portal do Estado","description":"","publisher":{"@id":"https:\/\/portaldoestado.com.br\/#organization"},"potentialAction":[{"@type":"SearchAction","target":{"@type":"EntryPoint","urlTemplate":"https:\/\/portaldoestado.com.br\/?s={search_term_string}"},"query-input":{"@type":"PropertyValueSpecification","valueRequired":true,"valueName":"search_term_string"}}],"inLanguage":"pt-BR"},{"@type":"Organization","@id":"https:\/\/portaldoestado.com.br\/#organization","name":"Portal do Estado","url":"https:\/\/portaldoestado.com.br\/","logo":{"@type":"ImageObject","inLanguage":"pt-BR","@id":"https:\/\/portaldoestado.com.br\/#\/schema\/logo\/image\/","url":"https:\/\/portaldoestado.com.br\/wp-content\/uploads\/2025\/04\/cropped-6f69b19a-6472-43bf-b1b3-e1910bbbd4e8.png","contentUrl":"https:\/\/portaldoestado.com.br\/wp-content\/uploads\/2025\/04\/cropped-6f69b19a-6472-43bf-b1b3-e1910bbbd4e8.png","width":1024,"height":350,"caption":"Portal do Estado"},"image":{"@id":"https:\/\/portaldoestado.com.br\/#\/schema\/logo\/image\/"}},{"@type":"Person","@id":"https:\/\/portaldoestado.com.br\/#\/schema\/person\/5ca0174f3c8c84b59da62ea14b698cb9","name":"assessoriadefamosos","image":{"@type":"ImageObject","inLanguage":"pt-BR","@id":"https:\/\/portaldoestado.com.br\/#\/schema\/person\/image\/","url":"https:\/\/secure.gravatar.com\/avatar\/a7acbdffcfbbae7240e59f47fe511ec5f5d8c252c779f0b8d9ab02a9e1d8c5ed?s=96&d=mm&r=g","contentUrl":"https:\/\/secure.gravatar.com\/avatar\/a7acbdffcfbbae7240e59f47fe511ec5f5d8c252c779f0b8d9ab02a9e1d8c5ed?s=96&d=mm&r=g","caption":"assessoriadefamosos"},"url":"https:\/\/portaldoestado.com.br\/index.php\/author\/assessoriadefamosos\/"}]}},"jetpack_featured_media_url":"https:\/\/portaldoestado.com.br\/wp-content\/uploads\/2026\/01\/WhatsApp-Image-2026-01-15-at-11.58.52.jpeg","_links":{"self":[{"href":"https:\/\/portaldoestado.com.br\/index.php\/wp-json\/wp\/v2\/posts\/5692","targetHints":{"allow":["GET"]}}],"collection":[{"href":"https:\/\/portaldoestado.com.br\/index.php\/wp-json\/wp\/v2\/posts"}],"about":[{"href":"https:\/\/portaldoestado.com.br\/index.php\/wp-json\/wp\/v2\/types\/post"}],"author":[{"embeddable":true,"href":"https:\/\/portaldoestado.com.br\/index.php\/wp-json\/wp\/v2\/users\/2"}],"replies":[{"embeddable":true,"href":"https:\/\/portaldoestado.com.br\/index.php\/wp-json\/wp\/v2\/comments?post=5692"}],"version-history":[{"count":1,"href":"https:\/\/portaldoestado.com.br\/index.php\/wp-json\/wp\/v2\/posts\/5692\/revisions"}],"predecessor-version":[{"id":5693,"href":"https:\/\/portaldoestado.com.br\/index.php\/wp-json\/wp\/v2\/posts\/5692\/revisions\/5693"}],"wp:featuredmedia":[{"embeddable":true,"href":"https:\/\/portaldoestado.com.br\/index.php\/wp-json\/wp\/v2\/media\/5691"}],"wp:attachment":[{"href":"https:\/\/portaldoestado.com.br\/index.php\/wp-json\/wp\/v2\/media?parent=5692"}],"wp:term":[{"taxonomy":"category","embeddable":true,"href":"https:\/\/portaldoestado.com.br\/index.php\/wp-json\/wp\/v2\/categories?post=5692"},{"taxonomy":"post_tag","embeddable":true,"href":"https:\/\/portaldoestado.com.br\/index.php\/wp-json\/wp\/v2\/tags?post=5692"}],"curies":[{"name":"wp","href":"https:\/\/api.w.org\/{rel}","templated":true}]}}