{"id":5683,"date":"2026-01-15T12:49:33","date_gmt":"2026-01-15T12:49:33","guid":{"rendered":"https:\/\/portaldoestado.com.br\/?p=5683"},"modified":"2026-01-15T12:49:33","modified_gmt":"2026-01-15T12:49:33","slug":"samba-de-verao-roda-de-samba-do-thiago-soares-cantora-karinah-convida-neguinho-da-beija-flor-e-chacal-do-sax-sao-as-atracoes-deste-sabado-17-no-casarao-do-firmino","status":"publish","type":"post","link":"https:\/\/portaldoestado.com.br\/index.php\/2026\/01\/15\/samba-de-verao-roda-de-samba-do-thiago-soares-cantora-karinah-convida-neguinho-da-beija-flor-e-chacal-do-sax-sao-as-atracoes-deste-sabado-17-no-casarao-do-firmino\/","title":{"rendered":"Samba de Ver\u00e3o: Roda de Samba do Thiago Soares, Cantora Karinah convida Neguinho da Beija-Flor e Chacal do Sax, s\u00e3o as atra\u00e7\u00f5es deste s\u00e1bado (17), no Casar\u00e3o do Firmino"},"content":{"rendered":"\n<p>O ver\u00e3o est\u00e1 a todo vapor e no pr\u00f3ximo s\u00e1bado, dia 17 de janeiro, a temperatura vai subir no Casar\u00e3o do Firmino com roda de samba do cantor Thiago Soares, show da cantora Karinah com a Banda da Madrinha e participa\u00e7\u00e3o de Neguinho da Beija-Flor e Chacal do Sax. A abertura do evento fica por conta do Grupo Caminho de Casa. Nos intervalos tem DJ Nicolle Neumann incendiando a pista e colocando todo mundo para dan\u00e7ar.<\/p>\n\n\n\n<p>O evento come\u00e7a \u00e0s 18h, e tem Chopp 0800\/liberado das 18h \u00e0s 19h30. Se eu fosse voc\u00ea chegaria cedo para aproveitar essa mordomia. Os ingressos j\u00e1 est\u00e3o \u00e0 Venda: R$ 20,00. Antecipado \u00e9 s\u00f3 clicar no link: https:\/\/www.sympla.com.br\/evento\/casarao-do-firmino-convida-thiago-soares-karinah-e-convidados\/3269975 . Mais informa\u00e7\u00f5es e d\u00favidas, chame no Whatsapp atrav\u00e9s do n\u00famero (21) 99826-2068. Classifica\u00e7\u00e3o: 18 anos.<\/p>\n\n\n<!-- wp:heading \"level\":3 -->\n<h3 class=\"wp-block-heading\">Sobre Thiago Soares:<\/h3>\n<!-- \/wp:post-content -->\n\n<!-- wp:paragraph -->\n<p>No repert\u00f3rio do Show de Thiago Soares , m\u00fasicas autorais que n\u00e3o podem faltar como \u201cUm S\u00f3 Sentimento\u201d (Adriano Ribeiro \/ Thiago Soares), \u201cCabar\u00e9\u201d (Thiago Soares \/ Zaki Santos \/ Kleber Para\u00edba), \u201cAmor de Apaixonar\u201d (Thiago Soares\/Diney), \u201cSaudade da Minha Ex\u201d (Thiago Soares\/Kleber Para\u00edba), \u201cMania de Pegar Mulher\u201d (Thiago Soares, Diney e Tiee) e \u201cA Favela Venceu\u201d (Thiago Soares\/Maur\u00edcio Magu).<\/p>\n<!-- \/wp:paragraph -->\n\n<!-- wp:paragraph -->\n<p>Thiago Soares tem mais de 15 anos de carreira e \u00e9 ex-integrante dos grupos Bom Gosto e Clareou. Ele tamb\u00e9m \u00e9 um dos principais compositores da nova gera\u00e7\u00e3o do pagode, tendo cerca de 29 milh\u00f5es de visualiza\u00e7\u00f5es no canal do YouTube, mais de 8 milh\u00f5es de streamings das suas m\u00fasicas autorais e outros milh\u00f5es nas vozes de Thiaguinho (\u201cFotos Antigas\u201d), Mumuzinho (\u201cN\u00e3o Quero Despedida\u201d), Dilsinho (\u201c12 Horas\u201d part. Mar\u00edlia Mendon\u00e7a), Tiee (\u201cPorrad\u00e3o\u201d), Chininha &#038; Pr\u00edncipe (\u201cAmor a tr\u00eas\u201d, \u201cPai do filho dela\u201d e \u201cNem todo homem sente\u201d), Tierry (\u201cXv\u00eddeos\u201d), al\u00e9m, \u00e9 claro, do pr\u00f3prio Bom Gosto (\u201cAmor bipolar\u201d, \u201cParakund\u00ea\u201d e \u201cUm sentimento\u201d) e Clareou (\u201cS\u00f3 penso no lar\u201d e \u201cDegrad\u00ea\u201d).<\/p>\n<!-- \/wp:paragraph -->\n\n<!-- wp:heading \"level\":3 -->\n<h3 class=\"wp-block-heading\">Sobre a cantora Karinah:<\/h3>\n<!-- \/wp:heading -->\n\n<!-- wp:paragraph -->\n<p>Karinah \u00e9 uma das vozes mais potentes do samba contempor\u00e2neo. Reconhecida por \u00edcones como Alcione e Zeca Pagodinho, a cantora vem consolidando uma trajet\u00f3ria marcada pelo respeito \u00e0 tradi\u00e7\u00e3o e pela for\u00e7a de sua interpreta\u00e7\u00e3o. Inspirada em mulheres que abriram caminhos no g\u00eanero como Clara Nunes, Dona Ivone Lara e Beth Carvalho, ela carrega em sua arte a ess\u00eancia do samba de raiz, com eleg\u00e2ncia, carisma e autenticidade.<\/p>\n<!-- \/wp:paragraph -->\n\n<!-- wp:paragraph -->\n<p>Com cinco \u00e1lbuns de est\u00fadio no portf\u00f3lio, Karinah lan\u00e7ou recentemente \u201cMeu Samba\u201d, um trabalho que reafirma sua identidade e maturidade art\u00edstica. O disco conta com dire\u00e7\u00e3o musical de Max Pierre e dire\u00e7\u00e3o art\u00edstica de Zeca Pagodinho, que agora assume o papel de padrinho e incentivador da carreira da cantora, assim como Beth Carvalho fez com ele no passado, honrando a tradi\u00e7\u00e3o.<\/p>\n<!-- \/wp:paragraph -->\n\n<!-- wp:paragraph -->\n<p>Nos palcos, Karinah entrega uma apresenta\u00e7\u00e3o vibrante, acompanhada por uma banda formada por m\u00fasicos que integraram o grupo de Beth, o que confere ainda mais peso e qualidade \u00e0 sua sonoridade. O repert\u00f3rio \u00e9 uma verdadeira celebra\u00e7\u00e3o do samba. Passeia por sucessos de sua trajet\u00f3ria e cl\u00e1ssicos consagrados do g\u00eanero, como: Diogo Nogueira, Arlindo Cruz, Zeca Pagodinho, Jorge Arag\u00e3o, Leci Brand\u00e3o, Beth Carvalho, Alcione entre outros.<\/p>\n<!-- \/wp:paragraph -->\n\n<!-- wp:heading \"level\":3 -->\n<h3 class=\"wp-block-heading\">Sobre o Casar\u00e3o do Firmino<\/h3>\n<!-- \/wp:heading -->\n\n<!-- wp:paragraph -->\n<p>Sobre a Casa, um \u201cPal\u00e1cio do Samba\u201d, como \u00e9 popularmente conhecido, localizado no ber\u00e7o da boemia carioca, no bairro da Lapa, entre o Centro e a zona sul do Rio de Janeiro, o Casar\u00e3o do Firmino \u00e9 conhecido pelas tradicionais rodas de samba que re\u00fanem grandes nomes do cen\u00e1rio musical, pessoas de todos os cantos do Rio de Janeiro, al\u00e9m de turistas brasileiros e estrangeiros.<\/p>\n<!-- \/wp:paragraph -->\n\n<!-- wp:paragraph -->\n<p>O idealizador do Casar\u00e3o \u00e9 o empres\u00e1rio Carlos Firmino, de 42 anos, que d\u00e1 nome ao espa\u00e7o cultural, que ocupa uma \u00e1rea coberta e ampla, de f\u00e1cil acesso, situada na efervesc\u00eancia cultural do Rio. O Casar\u00e3o tamb\u00e9m \u00e9 s\u00edmbolo de resist\u00eancia. Os eventos buscam resgatar a ess\u00eancia do samba, com entradas gratuitas ou colaborativas, em que cada frequentador contribui se quiser e com quanto puder. O principal objetivo \u00e9 manter vivo o ritmo que mexe com pessoas do mundo inteiro.<\/p>\n<!-- \/wp:paragraph -->\n\n<!-- wp:paragraph -->\n<p>\u201cAmarra a marimba e espalha a fofoca!\u201d O bord\u00e3o j\u00e1 \u00e9 uma marca. A express\u00e3o criada por Carlos Firmino para divulgar as atra\u00e7\u00f5es do Casar\u00e3o, hoje, \u00e9 repetida por artistas e frequentadores ass\u00edduos do espa\u00e7o mais concorrido da bo\u00eamia Lapa. E n\u00e3o apenas a frase ganhou fama. A fila que se estende pela rua da Rela\u00e7\u00e3o e toma a cal\u00e7ada da esquina, na Lavradio, refor\u00e7a que Pal\u00e1cio do Samba \u00e9 ponto de encontro de cariocas e turistas.<\/p>\n<!-- \/wp:paragraph -->\n\n<!-- wp:paragraph -->\n<p>Ali\u00e1s, o local parece estar mesmo na moda. \u00c9 cada vez mais comum encontrar no estacionamento decorado &#8211; s\u00e3o samambaias, l\u00e2mpadas, placas e pinturas que celebram orix\u00e1s e homenageiam Nelson Mandela &#8211; atores, atrizes, jornalistas, influenciadores digitais e grandes nomes do mundo do samba. Recentemente, Jorge Arag\u00e3o, Moacyr Luz, Xande de Pilares, Pique Novo, Sombrinha, Feyj\u00e3o, Marquinhos Sensa\u00e7\u00e3o, Gustavo Lins, Netinho de Paula, Grygor passaram pela casa.<\/p>\n<!-- \/wp:paragraph -->\n\n<!-- wp:heading \"level\":3 -->\n<h3 class=\"wp-block-heading\">SERVI\u00c7O:<\/h3>\n<!-- \/wp:heading -->\n\n<!-- wp:paragraph -->\n<p>Samba de Ver\u00e3o: roda de samba do cantor Thiago Soares, show da cantora Karinah com a Banda da Madrinha e participa\u00e7\u00e3o de Neguinho da Beija-Flor e Chacal do Sax.\nA abertura do evento fica por conta do Grupo Caminho de Casa. Nos intervalos tem DJ Nicolle Neumann agitando a pista.\nData: 17 de janeiro de 2026, s\u00e1bado.\nLocal: Casar\u00e3o do Firmino\nEndere\u00e7o: Rua da Rela\u00e7\u00e3o, 19- Lapa\/ Centro do Rio.\nHor\u00e1rio: A partir das 18h, com Chopp 0800\/liberado das 18h \u00e0s 19h30.\nEntrada: Os ingressos j\u00e1 est\u00e3o \u00e0 venda: 1\u00ba Lote R$20,00 reais. <a href=\"https:\/\/www.sympla.com.br\/evento\/casarao-do-firmino-convida-thiago-soares-karinah-e-convidados\/3269975\">https:\/\/www.sympla.com.br\/evento\/casarao-do-firmino-convida-thiago-soares-karinah-e-convidados\/3269975<\/a> . Corra para garantir logo o seu. Mais informa\u00e7\u00f5es e d\u00favidas, chame no Whatsapp atrav\u00e9s do n\u00famero (21) 99826-2068.\nClassifica\u00e7\u00e3o: 18 anos<\/p>\n<!-- \/wp:paragraph -->","protected":false},"excerpt":{"rendered":"<p>O ver\u00e3o est\u00e1 a todo vapor e no pr\u00f3ximo s\u00e1bado, dia 17 de janeiro, a temperatura vai subir no Casar\u00e3o do Firmino com roda de samba do cantor Thiago Soares, show da cantora Karinah com a Banda da Madrinha e participa\u00e7\u00e3o de Neguinho da Beija-Flor e Chacal do Sax. A abertura do evento fica por \u2026<\/p>\n","protected":false},"author":2,"featured_media":5682,"comment_status":"closed","ping_status":"open","sticky":false,"template":"","format":"standard","meta":{"footnotes":""},"categories":[68,3,4],"tags":[],"class_list":["post-5683","post","type-post","status-publish","format-standard","has-post-thumbnail","hentry","category-carnaval","category-famosos","category-geral"],"yoast_head":"<!-- This site is optimized with the Yoast SEO plugin v25.5 - https:\/\/yoast.com\/wordpress\/plugins\/seo\/ -->\n<title>Samba de Ver\u00e3o: Roda de Samba do Thiago Soares, Cantora Karinah convida Neguinho da Beija-Flor e Chacal do Sax, s\u00e3o as atra\u00e7\u00f5es deste s\u00e1bado (17), no Casar\u00e3o do Firmino - Portal do Estado<\/title>\n<meta name=\"robots\" content=\"index, follow, max-snippet:-1, max-image-preview:large, max-video-preview:-1\" \/>\n<link rel=\"canonical\" href=\"https:\/\/portaldoestado.com.br\/index.php\/2026\/01\/15\/samba-de-verao-roda-de-samba-do-thiago-soares-cantora-karinah-convida-neguinho-da-beija-flor-e-chacal-do-sax-sao-as-atracoes-deste-sabado-17-no-casarao-do-firmino\/\" \/>\n<meta property=\"og:locale\" content=\"pt_BR\" \/>\n<meta property=\"og:type\" content=\"article\" \/>\n<meta property=\"og:title\" content=\"Samba de Ver\u00e3o: Roda de Samba do Thiago Soares, Cantora Karinah convida Neguinho da Beija-Flor e Chacal do Sax, s\u00e3o as atra\u00e7\u00f5es deste s\u00e1bado (17), no Casar\u00e3o do Firmino - Portal do Estado\" \/>\n<meta property=\"og:description\" content=\"O ver\u00e3o est\u00e1 a todo vapor e no pr\u00f3ximo s\u00e1bado, dia 17 de janeiro, a temperatura vai subir no Casar\u00e3o do Firmino com roda de samba do cantor Thiago Soares, show da cantora Karinah com a Banda da Madrinha e participa\u00e7\u00e3o de Neguinho da Beija-Flor e Chacal do Sax. A abertura do evento fica por \u2026\" \/>\n<meta property=\"og:url\" content=\"https:\/\/portaldoestado.com.br\/index.php\/2026\/01\/15\/samba-de-verao-roda-de-samba-do-thiago-soares-cantora-karinah-convida-neguinho-da-beija-flor-e-chacal-do-sax-sao-as-atracoes-deste-sabado-17-no-casarao-do-firmino\/\" \/>\n<meta property=\"og:site_name\" content=\"Portal do Estado\" \/>\n<meta property=\"article:published_time\" content=\"2026-01-15T12:49:33+00:00\" \/>\n<meta property=\"og:image\" content=\"https:\/\/portaldoestado.com.br\/wp-content\/uploads\/2026\/01\/Neguinho-009.jpeg\" \/>\n\t<meta property=\"og:image:width\" content=\"768\" \/>\n\t<meta property=\"og:image:height\" content=\"512\" \/>\n\t<meta property=\"og:image:type\" content=\"image\/jpeg\" \/>\n<meta name=\"author\" content=\"assessoriadefamosos\" \/>\n<meta name=\"twitter:card\" content=\"summary_large_image\" \/>\n<meta name=\"twitter:label1\" content=\"Escrito por\" \/>\n\t<meta name=\"twitter:data1\" content=\"assessoriadefamosos\" \/>\n\t<meta name=\"twitter:label2\" content=\"Est. tempo de leitura\" \/>\n\t<meta name=\"twitter:data2\" content=\"5 minutos\" \/>\n<script type=\"application\/ld+json\" class=\"yoast-schema-graph\">{\"@context\":\"https:\/\/schema.org\",\"@graph\":[{\"@type\":\"Article\",\"@id\":\"https:\/\/portaldoestado.com.br\/index.php\/2026\/01\/15\/samba-de-verao-roda-de-samba-do-thiago-soares-cantora-karinah-convida-neguinho-da-beija-flor-e-chacal-do-sax-sao-as-atracoes-deste-sabado-17-no-casarao-do-firmino\/#article\",\"isPartOf\":{\"@id\":\"https:\/\/portaldoestado.com.br\/index.php\/2026\/01\/15\/samba-de-verao-roda-de-samba-do-thiago-soares-cantora-karinah-convida-neguinho-da-beija-flor-e-chacal-do-sax-sao-as-atracoes-deste-sabado-17-no-casarao-do-firmino\/\"},\"author\":{\"name\":\"assessoriadefamosos\",\"@id\":\"https:\/\/portaldoestado.com.br\/#\/schema\/person\/5ca0174f3c8c84b59da62ea14b698cb9\"},\"headline\":\"Samba de Ver\u00e3o: Roda de Samba do Thiago Soares, Cantora Karinah convida Neguinho da Beija-Flor e Chacal do Sax, s\u00e3o as atra\u00e7\u00f5es deste s\u00e1bado (17), no Casar\u00e3o do Firmino\",\"datePublished\":\"2026-01-15T12:49:33+00:00\",\"mainEntityOfPage\":{\"@id\":\"https:\/\/portaldoestado.com.br\/index.php\/2026\/01\/15\/samba-de-verao-roda-de-samba-do-thiago-soares-cantora-karinah-convida-neguinho-da-beija-flor-e-chacal-do-sax-sao-as-atracoes-deste-sabado-17-no-casarao-do-firmino\/\"},\"wordCount\":1031,\"publisher\":{\"@id\":\"https:\/\/portaldoestado.com.br\/#organization\"},\"image\":{\"@id\":\"https:\/\/portaldoestado.com.br\/index.php\/2026\/01\/15\/samba-de-verao-roda-de-samba-do-thiago-soares-cantora-karinah-convida-neguinho-da-beija-flor-e-chacal-do-sax-sao-as-atracoes-deste-sabado-17-no-casarao-do-firmino\/#primaryimage\"},\"thumbnailUrl\":\"https:\/\/portaldoestado.com.br\/wp-content\/uploads\/2026\/01\/Neguinho-009.jpeg\",\"articleSection\":[\"Carnaval\",\"Famosos\",\"Geral\"],\"inLanguage\":\"pt-BR\"},{\"@type\":\"WebPage\",\"@id\":\"https:\/\/portaldoestado.com.br\/index.php\/2026\/01\/15\/samba-de-verao-roda-de-samba-do-thiago-soares-cantora-karinah-convida-neguinho-da-beija-flor-e-chacal-do-sax-sao-as-atracoes-deste-sabado-17-no-casarao-do-firmino\/\",\"url\":\"https:\/\/portaldoestado.com.br\/index.php\/2026\/01\/15\/samba-de-verao-roda-de-samba-do-thiago-soares-cantora-karinah-convida-neguinho-da-beija-flor-e-chacal-do-sax-sao-as-atracoes-deste-sabado-17-no-casarao-do-firmino\/\",\"name\":\"Samba de Ver\u00e3o: Roda de Samba do Thiago Soares, Cantora Karinah convida Neguinho da Beija-Flor e Chacal do Sax, s\u00e3o as atra\u00e7\u00f5es deste s\u00e1bado (17), no Casar\u00e3o do Firmino - Portal do Estado\",\"isPartOf\":{\"@id\":\"https:\/\/portaldoestado.com.br\/#website\"},\"primaryImageOfPage\":{\"@id\":\"https:\/\/portaldoestado.com.br\/index.php\/2026\/01\/15\/samba-de-verao-roda-de-samba-do-thiago-soares-cantora-karinah-convida-neguinho-da-beija-flor-e-chacal-do-sax-sao-as-atracoes-deste-sabado-17-no-casarao-do-firmino\/#primaryimage\"},\"image\":{\"@id\":\"https:\/\/portaldoestado.com.br\/index.php\/2026\/01\/15\/samba-de-verao-roda-de-samba-do-thiago-soares-cantora-karinah-convida-neguinho-da-beija-flor-e-chacal-do-sax-sao-as-atracoes-deste-sabado-17-no-casarao-do-firmino\/#primaryimage\"},\"thumbnailUrl\":\"https:\/\/portaldoestado.com.br\/wp-content\/uploads\/2026\/01\/Neguinho-009.jpeg\",\"datePublished\":\"2026-01-15T12:49:33+00:00\",\"breadcrumb\":{\"@id\":\"https:\/\/portaldoestado.com.br\/index.php\/2026\/01\/15\/samba-de-verao-roda-de-samba-do-thiago-soares-cantora-karinah-convida-neguinho-da-beija-flor-e-chacal-do-sax-sao-as-atracoes-deste-sabado-17-no-casarao-do-firmino\/#breadcrumb\"},\"inLanguage\":\"pt-BR\",\"potentialAction\":[{\"@type\":\"ReadAction\",\"target\":[\"https:\/\/portaldoestado.com.br\/index.php\/2026\/01\/15\/samba-de-verao-roda-de-samba-do-thiago-soares-cantora-karinah-convida-neguinho-da-beija-flor-e-chacal-do-sax-sao-as-atracoes-deste-sabado-17-no-casarao-do-firmino\/\"]}]},{\"@type\":\"ImageObject\",\"inLanguage\":\"pt-BR\",\"@id\":\"https:\/\/portaldoestado.com.br\/index.php\/2026\/01\/15\/samba-de-verao-roda-de-samba-do-thiago-soares-cantora-karinah-convida-neguinho-da-beija-flor-e-chacal-do-sax-sao-as-atracoes-deste-sabado-17-no-casarao-do-firmino\/#primaryimage\",\"url\":\"https:\/\/portaldoestado.com.br\/wp-content\/uploads\/2026\/01\/Neguinho-009.jpeg\",\"contentUrl\":\"https:\/\/portaldoestado.com.br\/wp-content\/uploads\/2026\/01\/Neguinho-009.jpeg\",\"width\":768,\"height\":512},{\"@type\":\"BreadcrumbList\",\"@id\":\"https:\/\/portaldoestado.com.br\/index.php\/2026\/01\/15\/samba-de-verao-roda-de-samba-do-thiago-soares-cantora-karinah-convida-neguinho-da-beija-flor-e-chacal-do-sax-sao-as-atracoes-deste-sabado-17-no-casarao-do-firmino\/#breadcrumb\",\"itemListElement\":[{\"@type\":\"ListItem\",\"position\":1,\"name\":\"In\u00edcio\",\"item\":\"https:\/\/portaldoestado.com.br\/\"},{\"@type\":\"ListItem\",\"position\":2,\"name\":\"Samba de Ver\u00e3o: Roda de Samba do Thiago Soares, Cantora Karinah convida Neguinho da Beija-Flor e Chacal do Sax, s\u00e3o as atra\u00e7\u00f5es deste s\u00e1bado (17), no Casar\u00e3o do Firmino\"}]},{\"@type\":\"WebSite\",\"@id\":\"https:\/\/portaldoestado.com.br\/#website\",\"url\":\"https:\/\/portaldoestado.com.br\/\",\"name\":\"Portal do Estado\",\"description\":\"\",\"publisher\":{\"@id\":\"https:\/\/portaldoestado.com.br\/#organization\"},\"potentialAction\":[{\"@type\":\"SearchAction\",\"target\":{\"@type\":\"EntryPoint\",\"urlTemplate\":\"https:\/\/portaldoestado.com.br\/?s={search_term_string}\"},\"query-input\":{\"@type\":\"PropertyValueSpecification\",\"valueRequired\":true,\"valueName\":\"search_term_string\"}}],\"inLanguage\":\"pt-BR\"},{\"@type\":\"Organization\",\"@id\":\"https:\/\/portaldoestado.com.br\/#organization\",\"name\":\"Portal do Estado\",\"url\":\"https:\/\/portaldoestado.com.br\/\",\"logo\":{\"@type\":\"ImageObject\",\"inLanguage\":\"pt-BR\",\"@id\":\"https:\/\/portaldoestado.com.br\/#\/schema\/logo\/image\/\",\"url\":\"https:\/\/portaldoestado.com.br\/wp-content\/uploads\/2025\/04\/cropped-6f69b19a-6472-43bf-b1b3-e1910bbbd4e8.png\",\"contentUrl\":\"https:\/\/portaldoestado.com.br\/wp-content\/uploads\/2025\/04\/cropped-6f69b19a-6472-43bf-b1b3-e1910bbbd4e8.png\",\"width\":1024,\"height\":350,\"caption\":\"Portal do Estado\"},\"image\":{\"@id\":\"https:\/\/portaldoestado.com.br\/#\/schema\/logo\/image\/\"}},{\"@type\":\"Person\",\"@id\":\"https:\/\/portaldoestado.com.br\/#\/schema\/person\/5ca0174f3c8c84b59da62ea14b698cb9\",\"name\":\"assessoriadefamosos\",\"image\":{\"@type\":\"ImageObject\",\"inLanguage\":\"pt-BR\",\"@id\":\"https:\/\/portaldoestado.com.br\/#\/schema\/person\/image\/\",\"url\":\"https:\/\/secure.gravatar.com\/avatar\/a7acbdffcfbbae7240e59f47fe511ec5f5d8c252c779f0b8d9ab02a9e1d8c5ed?s=96&d=mm&r=g\",\"contentUrl\":\"https:\/\/secure.gravatar.com\/avatar\/a7acbdffcfbbae7240e59f47fe511ec5f5d8c252c779f0b8d9ab02a9e1d8c5ed?s=96&d=mm&r=g\",\"caption\":\"assessoriadefamosos\"},\"url\":\"https:\/\/portaldoestado.com.br\/index.php\/author\/assessoriadefamosos\/\"}]}<\/script>\n<!-- \/ Yoast SEO plugin. -->","yoast_head_json":{"title":"Samba de Ver\u00e3o: Roda de Samba do Thiago Soares, Cantora Karinah convida Neguinho da Beija-Flor e Chacal do Sax, s\u00e3o as atra\u00e7\u00f5es deste s\u00e1bado (17), no Casar\u00e3o do Firmino - Portal do Estado","robots":{"index":"index","follow":"follow","max-snippet":"max-snippet:-1","max-image-preview":"max-image-preview:large","max-video-preview":"max-video-preview:-1"},"canonical":"https:\/\/portaldoestado.com.br\/index.php\/2026\/01\/15\/samba-de-verao-roda-de-samba-do-thiago-soares-cantora-karinah-convida-neguinho-da-beija-flor-e-chacal-do-sax-sao-as-atracoes-deste-sabado-17-no-casarao-do-firmino\/","og_locale":"pt_BR","og_type":"article","og_title":"Samba de Ver\u00e3o: Roda de Samba do Thiago Soares, Cantora Karinah convida Neguinho da Beija-Flor e Chacal do Sax, s\u00e3o as atra\u00e7\u00f5es deste s\u00e1bado (17), no Casar\u00e3o do Firmino - Portal do Estado","og_description":"O ver\u00e3o est\u00e1 a todo vapor e no pr\u00f3ximo s\u00e1bado, dia 17 de janeiro, a temperatura vai subir no Casar\u00e3o do Firmino com roda de samba do cantor Thiago Soares, show da cantora Karinah com a Banda da Madrinha e participa\u00e7\u00e3o de Neguinho da Beija-Flor e Chacal do Sax. A abertura do evento fica por \u2026","og_url":"https:\/\/portaldoestado.com.br\/index.php\/2026\/01\/15\/samba-de-verao-roda-de-samba-do-thiago-soares-cantora-karinah-convida-neguinho-da-beija-flor-e-chacal-do-sax-sao-as-atracoes-deste-sabado-17-no-casarao-do-firmino\/","og_site_name":"Portal do Estado","article_published_time":"2026-01-15T12:49:33+00:00","og_image":[{"width":768,"height":512,"url":"https:\/\/portaldoestado.com.br\/wp-content\/uploads\/2026\/01\/Neguinho-009.jpeg","type":"image\/jpeg"}],"author":"assessoriadefamosos","twitter_card":"summary_large_image","twitter_misc":{"Escrito por":"assessoriadefamosos","Est. tempo de leitura":"5 minutos"},"schema":{"@context":"https:\/\/schema.org","@graph":[{"@type":"Article","@id":"https:\/\/portaldoestado.com.br\/index.php\/2026\/01\/15\/samba-de-verao-roda-de-samba-do-thiago-soares-cantora-karinah-convida-neguinho-da-beija-flor-e-chacal-do-sax-sao-as-atracoes-deste-sabado-17-no-casarao-do-firmino\/#article","isPartOf":{"@id":"https:\/\/portaldoestado.com.br\/index.php\/2026\/01\/15\/samba-de-verao-roda-de-samba-do-thiago-soares-cantora-karinah-convida-neguinho-da-beija-flor-e-chacal-do-sax-sao-as-atracoes-deste-sabado-17-no-casarao-do-firmino\/"},"author":{"name":"assessoriadefamosos","@id":"https:\/\/portaldoestado.com.br\/#\/schema\/person\/5ca0174f3c8c84b59da62ea14b698cb9"},"headline":"Samba de Ver\u00e3o: Roda de Samba do Thiago Soares, Cantora Karinah convida Neguinho da Beija-Flor e Chacal do Sax, s\u00e3o as atra\u00e7\u00f5es deste s\u00e1bado (17), no Casar\u00e3o do Firmino","datePublished":"2026-01-15T12:49:33+00:00","mainEntityOfPage":{"@id":"https:\/\/portaldoestado.com.br\/index.php\/2026\/01\/15\/samba-de-verao-roda-de-samba-do-thiago-soares-cantora-karinah-convida-neguinho-da-beija-flor-e-chacal-do-sax-sao-as-atracoes-deste-sabado-17-no-casarao-do-firmino\/"},"wordCount":1031,"publisher":{"@id":"https:\/\/portaldoestado.com.br\/#organization"},"image":{"@id":"https:\/\/portaldoestado.com.br\/index.php\/2026\/01\/15\/samba-de-verao-roda-de-samba-do-thiago-soares-cantora-karinah-convida-neguinho-da-beija-flor-e-chacal-do-sax-sao-as-atracoes-deste-sabado-17-no-casarao-do-firmino\/#primaryimage"},"thumbnailUrl":"https:\/\/portaldoestado.com.br\/wp-content\/uploads\/2026\/01\/Neguinho-009.jpeg","articleSection":["Carnaval","Famosos","Geral"],"inLanguage":"pt-BR"},{"@type":"WebPage","@id":"https:\/\/portaldoestado.com.br\/index.php\/2026\/01\/15\/samba-de-verao-roda-de-samba-do-thiago-soares-cantora-karinah-convida-neguinho-da-beija-flor-e-chacal-do-sax-sao-as-atracoes-deste-sabado-17-no-casarao-do-firmino\/","url":"https:\/\/portaldoestado.com.br\/index.php\/2026\/01\/15\/samba-de-verao-roda-de-samba-do-thiago-soares-cantora-karinah-convida-neguinho-da-beija-flor-e-chacal-do-sax-sao-as-atracoes-deste-sabado-17-no-casarao-do-firmino\/","name":"Samba de Ver\u00e3o: Roda de Samba do Thiago Soares, Cantora Karinah convida Neguinho da Beija-Flor e Chacal do Sax, s\u00e3o as atra\u00e7\u00f5es deste s\u00e1bado (17), no Casar\u00e3o do Firmino - Portal do Estado","isPartOf":{"@id":"https:\/\/portaldoestado.com.br\/#website"},"primaryImageOfPage":{"@id":"https:\/\/portaldoestado.com.br\/index.php\/2026\/01\/15\/samba-de-verao-roda-de-samba-do-thiago-soares-cantora-karinah-convida-neguinho-da-beija-flor-e-chacal-do-sax-sao-as-atracoes-deste-sabado-17-no-casarao-do-firmino\/#primaryimage"},"image":{"@id":"https:\/\/portaldoestado.com.br\/index.php\/2026\/01\/15\/samba-de-verao-roda-de-samba-do-thiago-soares-cantora-karinah-convida-neguinho-da-beija-flor-e-chacal-do-sax-sao-as-atracoes-deste-sabado-17-no-casarao-do-firmino\/#primaryimage"},"thumbnailUrl":"https:\/\/portaldoestado.com.br\/wp-content\/uploads\/2026\/01\/Neguinho-009.jpeg","datePublished":"2026-01-15T12:49:33+00:00","breadcrumb":{"@id":"https:\/\/portaldoestado.com.br\/index.php\/2026\/01\/15\/samba-de-verao-roda-de-samba-do-thiago-soares-cantora-karinah-convida-neguinho-da-beija-flor-e-chacal-do-sax-sao-as-atracoes-deste-sabado-17-no-casarao-do-firmino\/#breadcrumb"},"inLanguage":"pt-BR","potentialAction":[{"@type":"ReadAction","target":["https:\/\/portaldoestado.com.br\/index.php\/2026\/01\/15\/samba-de-verao-roda-de-samba-do-thiago-soares-cantora-karinah-convida-neguinho-da-beija-flor-e-chacal-do-sax-sao-as-atracoes-deste-sabado-17-no-casarao-do-firmino\/"]}]},{"@type":"ImageObject","inLanguage":"pt-BR","@id":"https:\/\/portaldoestado.com.br\/index.php\/2026\/01\/15\/samba-de-verao-roda-de-samba-do-thiago-soares-cantora-karinah-convida-neguinho-da-beija-flor-e-chacal-do-sax-sao-as-atracoes-deste-sabado-17-no-casarao-do-firmino\/#primaryimage","url":"https:\/\/portaldoestado.com.br\/wp-content\/uploads\/2026\/01\/Neguinho-009.jpeg","contentUrl":"https:\/\/portaldoestado.com.br\/wp-content\/uploads\/2026\/01\/Neguinho-009.jpeg","width":768,"height":512},{"@type":"BreadcrumbList","@id":"https:\/\/portaldoestado.com.br\/index.php\/2026\/01\/15\/samba-de-verao-roda-de-samba-do-thiago-soares-cantora-karinah-convida-neguinho-da-beija-flor-e-chacal-do-sax-sao-as-atracoes-deste-sabado-17-no-casarao-do-firmino\/#breadcrumb","itemListElement":[{"@type":"ListItem","position":1,"name":"In\u00edcio","item":"https:\/\/portaldoestado.com.br\/"},{"@type":"ListItem","position":2,"name":"Samba de Ver\u00e3o: Roda de Samba do Thiago Soares, Cantora Karinah convida Neguinho da Beija-Flor e Chacal do Sax, s\u00e3o as atra\u00e7\u00f5es deste s\u00e1bado (17), no Casar\u00e3o do Firmino"}]},{"@type":"WebSite","@id":"https:\/\/portaldoestado.com.br\/#website","url":"https:\/\/portaldoestado.com.br\/","name":"Portal do Estado","description":"","publisher":{"@id":"https:\/\/portaldoestado.com.br\/#organization"},"potentialAction":[{"@type":"SearchAction","target":{"@type":"EntryPoint","urlTemplate":"https:\/\/portaldoestado.com.br\/?s={search_term_string}"},"query-input":{"@type":"PropertyValueSpecification","valueRequired":true,"valueName":"search_term_string"}}],"inLanguage":"pt-BR"},{"@type":"Organization","@id":"https:\/\/portaldoestado.com.br\/#organization","name":"Portal do Estado","url":"https:\/\/portaldoestado.com.br\/","logo":{"@type":"ImageObject","inLanguage":"pt-BR","@id":"https:\/\/portaldoestado.com.br\/#\/schema\/logo\/image\/","url":"https:\/\/portaldoestado.com.br\/wp-content\/uploads\/2025\/04\/cropped-6f69b19a-6472-43bf-b1b3-e1910bbbd4e8.png","contentUrl":"https:\/\/portaldoestado.com.br\/wp-content\/uploads\/2025\/04\/cropped-6f69b19a-6472-43bf-b1b3-e1910bbbd4e8.png","width":1024,"height":350,"caption":"Portal do Estado"},"image":{"@id":"https:\/\/portaldoestado.com.br\/#\/schema\/logo\/image\/"}},{"@type":"Person","@id":"https:\/\/portaldoestado.com.br\/#\/schema\/person\/5ca0174f3c8c84b59da62ea14b698cb9","name":"assessoriadefamosos","image":{"@type":"ImageObject","inLanguage":"pt-BR","@id":"https:\/\/portaldoestado.com.br\/#\/schema\/person\/image\/","url":"https:\/\/secure.gravatar.com\/avatar\/a7acbdffcfbbae7240e59f47fe511ec5f5d8c252c779f0b8d9ab02a9e1d8c5ed?s=96&d=mm&r=g","contentUrl":"https:\/\/secure.gravatar.com\/avatar\/a7acbdffcfbbae7240e59f47fe511ec5f5d8c252c779f0b8d9ab02a9e1d8c5ed?s=96&d=mm&r=g","caption":"assessoriadefamosos"},"url":"https:\/\/portaldoestado.com.br\/index.php\/author\/assessoriadefamosos\/"}]}},"jetpack_featured_media_url":"https:\/\/portaldoestado.com.br\/wp-content\/uploads\/2026\/01\/Neguinho-009.jpeg","_links":{"self":[{"href":"https:\/\/portaldoestado.com.br\/index.php\/wp-json\/wp\/v2\/posts\/5683","targetHints":{"allow":["GET"]}}],"collection":[{"href":"https:\/\/portaldoestado.com.br\/index.php\/wp-json\/wp\/v2\/posts"}],"about":[{"href":"https:\/\/portaldoestado.com.br\/index.php\/wp-json\/wp\/v2\/types\/post"}],"author":[{"embeddable":true,"href":"https:\/\/portaldoestado.com.br\/index.php\/wp-json\/wp\/v2\/users\/2"}],"replies":[{"embeddable":true,"href":"https:\/\/portaldoestado.com.br\/index.php\/wp-json\/wp\/v2\/comments?post=5683"}],"version-history":[{"count":1,"href":"https:\/\/portaldoestado.com.br\/index.php\/wp-json\/wp\/v2\/posts\/5683\/revisions"}],"predecessor-version":[{"id":5684,"href":"https:\/\/portaldoestado.com.br\/index.php\/wp-json\/wp\/v2\/posts\/5683\/revisions\/5684"}],"wp:featuredmedia":[{"embeddable":true,"href":"https:\/\/portaldoestado.com.br\/index.php\/wp-json\/wp\/v2\/media\/5682"}],"wp:attachment":[{"href":"https:\/\/portaldoestado.com.br\/index.php\/wp-json\/wp\/v2\/media?parent=5683"}],"wp:term":[{"taxonomy":"category","embeddable":true,"href":"https:\/\/portaldoestado.com.br\/index.php\/wp-json\/wp\/v2\/categories?post=5683"},{"taxonomy":"post_tag","embeddable":true,"href":"https:\/\/portaldoestado.com.br\/index.php\/wp-json\/wp\/v2\/tags?post=5683"}],"curies":[{"name":"wp","href":"https:\/\/api.w.org\/{rel}","templated":true}]}}