{"id":5680,"date":"2026-01-14T18:17:58","date_gmt":"2026-01-14T18:17:58","guid":{"rendered":"https:\/\/portaldoestado.com.br\/?p=5680"},"modified":"2026-01-14T18:17:58","modified_gmt":"2026-01-14T18:17:58","slug":"navio-do-zeze-desembarca-em-santos-apos-tres-dias-de-sucesso-absoluto","status":"publish","type":"post","link":"https:\/\/portaldoestado.com.br\/index.php\/2026\/01\/14\/navio-do-zeze-desembarca-em-santos-apos-tres-dias-de-sucesso-absoluto\/","title":{"rendered":"&#8216;Navio do ZEZ\u00c9&#8217; desembarca em Santos ap\u00f3s tr\u00eas dias de sucesso absoluto"},"content":{"rendered":"\n<p><em>Zez\u00e9 Di Camargo reuniu grandes astros do sertanejo, pagode, forr\u00f3 ax\u00e9 e pop, com cabines esgotadas, e j\u00e1 anuncia temporada 2027<\/em><\/p>\n\n\n\n<p>Depois de tr\u00eas dias intensos de shows em alto-mar, o &#8220;Navio do Zez\u00e9&#8221; atracou em Santos nesta quarta-feira (14), consagrado como um dos maiores encontros musicais flutuantes do pa\u00eds. Comandado por Zez\u00e9 Di Camargo, o cruzeiro passou por destinos como B\u00fazios e Angra dos Reis, reunindo f\u00e3s de todas as regi\u00f5es do Brasil e alguns paises da Am\u00e9rica do Sul, com Chile e Argentina, em uma experi\u00eancia que uniu m\u00fasica, emo\u00e7\u00e3o e celebra\u00e7\u00e3o, com cabines totalmente esgotadas.<\/p>\n\n\n\n<p>Durante a viagem, Zez\u00e9 Di Camargo apresentou tr\u00eas shows diferentes, um espet\u00e1culo especial q cada dia, percorrendo a sua trajet\u00f3ria na m\u00fasica, mesclando grandes cl\u00e1ssicos que marcaram gera\u00e7\u00f5es com momentos de intera\u00e7\u00e3o direta com o p\u00fablico. O projeto tamb\u00e9m se destacou pela curadoria plural, reunindo grandes nomes como Wanessa Camargo, Edson &#038; Hudson, Mato Grosso &#038; Mathias, Jota Quest, Lim\u00e3o com Mel, Alexandre Pires e Durval Lelys, transformando o navio em um verdadeiro festival em alto-mar, com programa\u00e7\u00e3o ao longo de todo o dia.<\/p>\n\n\n\n<p>Um dos pontos altos dos tr\u00eas dias de apresenta\u00e7\u00f5es foi o momento em que Graciele Lacerda, esposa de Zez\u00e9, subiu ao palco para dan\u00e7ar com o cantor ao som de \u201cMenina Veneno\u201d, arrancando aplausos e emocionando o p\u00fablico com a sintonia do casal. J\u00e1 no encerramento do cruzeiro, na noite desta ter\u00e7a-feira (13), o clima foi de celebra\u00e7\u00e3o em fam\u00edlia: Wanessa Camargo protagonizou uma performance especial no ritmo de \u201cMexe que \u00e9 Bom\u201d ao lado dos professores da &#8216;Dan\u00e7a dos Famosos 2025&#8217;, levando o p\u00fablico ao del\u00edrio.<\/p>\n\n\n\n<p>A bordo, o clima foi de celebra\u00e7\u00e3o cont\u00ednua. Al\u00e9m dos shows principais, o p\u00fablico viveu experi\u00eancias exclusivas, encontros com artistas e apresenta\u00e7\u00f5es surpresas, que refor\u00e7aram o car\u00e1ter intimista e, ao mesmo tempo, grandioso do evento. A cada noite, o Navio do Zez\u00e9 se consolidou como um espa\u00e7o de troca entre \u00eddolos e f\u00e3s, embalado por diferentes ritmos da m\u00fasica brasileira.<\/p>\n\n\n\n<p>Com o sucesso absoluto desta edi\u00e7\u00e3o, Zez\u00e9 Di Camargo j\u00e1 confirmou que o projeto ter\u00e1 continuidade. A temporada 2027 do &#8216;Navio do ZEZ\u00c9&#8217; foi anunciada, refor\u00e7ando o cruzeiro como um dos eventos mais aguardados do calend\u00e1rio musical nacional. A expectativa \u00e9 de uma edi\u00e7\u00e3o ainda maior, com novas atra\u00e7\u00f5es e experi\u00eancias in\u00e9ditas em alto-mar.<\/p>\n\n\n\n<p>Ao desembarcar em Santos, ficou claro que o Navio do Zez\u00e9 vai al\u00e9m de um cruzeiro tem\u00e1tico: \u00e9 a materializa\u00e7\u00e3o de um artista que atravessa gera\u00e7\u00f5es e segue inovando, levando sua m\u00fasica para novos horizontes.<\/p>\n\n\n\n<p><\/p>\n\n\n\n<p><\/p>\n","protected":false},"excerpt":{"rendered":"<p>Zez\u00e9 Di Camargo reuniu grandes astros do sertanejo, pagode, forr\u00f3 ax\u00e9 e pop, com cabines esgotadas, e j\u00e1 anuncia temporada 2027 Depois de tr\u00eas dias intensos de shows em alto-mar, o \u201cNavio do Zez\u00e9\u201d atracou em Santos nesta quarta-feira (14), consagrado como um dos maiores encontros musicais flutuantes do pa\u00eds. Comandado por Zez\u00e9 Di Camargo, \u2026<\/p>\n","protected":false},"author":2,"featured_media":5679,"comment_status":"closed","ping_status":"open","sticky":false,"template":"","format":"standard","meta":{"footnotes":""},"categories":[4],"tags":[],"class_list":["post-5680","post","type-post","status-publish","format-standard","has-post-thumbnail","hentry","category-geral"],"yoast_head":"<!-- This site is optimized with the Yoast SEO plugin v25.5 - https:\/\/yoast.com\/wordpress\/plugins\/seo\/ -->\n<title>&#039;Navio do ZEZ\u00c9&#039; desembarca em Santos ap\u00f3s tr\u00eas dias de sucesso absoluto - Portal do Estado<\/title>\n<meta name=\"robots\" content=\"index, follow, max-snippet:-1, max-image-preview:large, max-video-preview:-1\" \/>\n<link rel=\"canonical\" href=\"https:\/\/portaldoestado.com.br\/index.php\/2026\/01\/14\/navio-do-zeze-desembarca-em-santos-apos-tres-dias-de-sucesso-absoluto\/\" \/>\n<meta property=\"og:locale\" content=\"pt_BR\" \/>\n<meta property=\"og:type\" content=\"article\" \/>\n<meta property=\"og:title\" content=\"&#039;Navio do ZEZ\u00c9&#039; desembarca em Santos ap\u00f3s tr\u00eas dias de sucesso absoluto - Portal do Estado\" \/>\n<meta property=\"og:description\" content=\"Zez\u00e9 Di Camargo reuniu grandes astros do sertanejo, pagode, forr\u00f3 ax\u00e9 e pop, com cabines esgotadas, e j\u00e1 anuncia temporada 2027 Depois de tr\u00eas dias intensos de shows em alto-mar, o \u201cNavio do Zez\u00e9\u201d atracou em Santos nesta quarta-feira (14), consagrado como um dos maiores encontros musicais flutuantes do pa\u00eds. Comandado por Zez\u00e9 Di Camargo, \u2026\" \/>\n<meta property=\"og:url\" content=\"https:\/\/portaldoestado.com.br\/index.php\/2026\/01\/14\/navio-do-zeze-desembarca-em-santos-apos-tres-dias-de-sucesso-absoluto\/\" \/>\n<meta property=\"og:site_name\" content=\"Portal do Estado\" \/>\n<meta property=\"article:published_time\" content=\"2026-01-14T18:17:58+00:00\" \/>\n<meta property=\"og:image\" content=\"https:\/\/portaldoestado.com.br\/wp-content\/uploads\/2026\/01\/IMG_0385.jpg\" \/>\n\t<meta property=\"og:image:width\" content=\"1179\" \/>\n\t<meta property=\"og:image:height\" content=\"685\" \/>\n\t<meta property=\"og:image:type\" content=\"image\/jpeg\" \/>\n<meta name=\"author\" content=\"assessoriadefamosos\" \/>\n<meta name=\"twitter:card\" content=\"summary_large_image\" \/>\n<meta name=\"twitter:label1\" content=\"Escrito por\" \/>\n\t<meta name=\"twitter:data1\" content=\"assessoriadefamosos\" \/>\n\t<meta name=\"twitter:label2\" content=\"Est. tempo de leitura\" \/>\n\t<meta name=\"twitter:data2\" content=\"2 minutos\" \/>\n<script type=\"application\/ld+json\" class=\"yoast-schema-graph\">{\"@context\":\"https:\/\/schema.org\",\"@graph\":[{\"@type\":\"Article\",\"@id\":\"https:\/\/portaldoestado.com.br\/index.php\/2026\/01\/14\/navio-do-zeze-desembarca-em-santos-apos-tres-dias-de-sucesso-absoluto\/#article\",\"isPartOf\":{\"@id\":\"https:\/\/portaldoestado.com.br\/index.php\/2026\/01\/14\/navio-do-zeze-desembarca-em-santos-apos-tres-dias-de-sucesso-absoluto\/\"},\"author\":{\"name\":\"assessoriadefamosos\",\"@id\":\"https:\/\/portaldoestado.com.br\/#\/schema\/person\/5ca0174f3c8c84b59da62ea14b698cb9\"},\"headline\":\"&#8216;Navio do ZEZ\u00c9&#8217; desembarca em Santos ap\u00f3s tr\u00eas dias de sucesso absoluto\",\"datePublished\":\"2026-01-14T18:17:58+00:00\",\"mainEntityOfPage\":{\"@id\":\"https:\/\/portaldoestado.com.br\/index.php\/2026\/01\/14\/navio-do-zeze-desembarca-em-santos-apos-tres-dias-de-sucesso-absoluto\/\"},\"wordCount\":476,\"publisher\":{\"@id\":\"https:\/\/portaldoestado.com.br\/#organization\"},\"image\":{\"@id\":\"https:\/\/portaldoestado.com.br\/index.php\/2026\/01\/14\/navio-do-zeze-desembarca-em-santos-apos-tres-dias-de-sucesso-absoluto\/#primaryimage\"},\"thumbnailUrl\":\"https:\/\/portaldoestado.com.br\/wp-content\/uploads\/2026\/01\/IMG_0385.jpg\",\"articleSection\":[\"Geral\"],\"inLanguage\":\"pt-BR\"},{\"@type\":\"WebPage\",\"@id\":\"https:\/\/portaldoestado.com.br\/index.php\/2026\/01\/14\/navio-do-zeze-desembarca-em-santos-apos-tres-dias-de-sucesso-absoluto\/\",\"url\":\"https:\/\/portaldoestado.com.br\/index.php\/2026\/01\/14\/navio-do-zeze-desembarca-em-santos-apos-tres-dias-de-sucesso-absoluto\/\",\"name\":\"'Navio do ZEZ\u00c9' desembarca em Santos ap\u00f3s tr\u00eas dias de sucesso absoluto - Portal do Estado\",\"isPartOf\":{\"@id\":\"https:\/\/portaldoestado.com.br\/#website\"},\"primaryImageOfPage\":{\"@id\":\"https:\/\/portaldoestado.com.br\/index.php\/2026\/01\/14\/navio-do-zeze-desembarca-em-santos-apos-tres-dias-de-sucesso-absoluto\/#primaryimage\"},\"image\":{\"@id\":\"https:\/\/portaldoestado.com.br\/index.php\/2026\/01\/14\/navio-do-zeze-desembarca-em-santos-apos-tres-dias-de-sucesso-absoluto\/#primaryimage\"},\"thumbnailUrl\":\"https:\/\/portaldoestado.com.br\/wp-content\/uploads\/2026\/01\/IMG_0385.jpg\",\"datePublished\":\"2026-01-14T18:17:58+00:00\",\"breadcrumb\":{\"@id\":\"https:\/\/portaldoestado.com.br\/index.php\/2026\/01\/14\/navio-do-zeze-desembarca-em-santos-apos-tres-dias-de-sucesso-absoluto\/#breadcrumb\"},\"inLanguage\":\"pt-BR\",\"potentialAction\":[{\"@type\":\"ReadAction\",\"target\":[\"https:\/\/portaldoestado.com.br\/index.php\/2026\/01\/14\/navio-do-zeze-desembarca-em-santos-apos-tres-dias-de-sucesso-absoluto\/\"]}]},{\"@type\":\"ImageObject\",\"inLanguage\":\"pt-BR\",\"@id\":\"https:\/\/portaldoestado.com.br\/index.php\/2026\/01\/14\/navio-do-zeze-desembarca-em-santos-apos-tres-dias-de-sucesso-absoluto\/#primaryimage\",\"url\":\"https:\/\/portaldoestado.com.br\/wp-content\/uploads\/2026\/01\/IMG_0385.jpg\",\"contentUrl\":\"https:\/\/portaldoestado.com.br\/wp-content\/uploads\/2026\/01\/IMG_0385.jpg\",\"width\":1179,\"height\":685},{\"@type\":\"BreadcrumbList\",\"@id\":\"https:\/\/portaldoestado.com.br\/index.php\/2026\/01\/14\/navio-do-zeze-desembarca-em-santos-apos-tres-dias-de-sucesso-absoluto\/#breadcrumb\",\"itemListElement\":[{\"@type\":\"ListItem\",\"position\":1,\"name\":\"In\u00edcio\",\"item\":\"https:\/\/portaldoestado.com.br\/\"},{\"@type\":\"ListItem\",\"position\":2,\"name\":\"&#8216;Navio do ZEZ\u00c9&#8217; desembarca em Santos ap\u00f3s tr\u00eas dias de sucesso absoluto\"}]},{\"@type\":\"WebSite\",\"@id\":\"https:\/\/portaldoestado.com.br\/#website\",\"url\":\"https:\/\/portaldoestado.com.br\/\",\"name\":\"Portal do Estado\",\"description\":\"\",\"publisher\":{\"@id\":\"https:\/\/portaldoestado.com.br\/#organization\"},\"potentialAction\":[{\"@type\":\"SearchAction\",\"target\":{\"@type\":\"EntryPoint\",\"urlTemplate\":\"https:\/\/portaldoestado.com.br\/?s={search_term_string}\"},\"query-input\":{\"@type\":\"PropertyValueSpecification\",\"valueRequired\":true,\"valueName\":\"search_term_string\"}}],\"inLanguage\":\"pt-BR\"},{\"@type\":\"Organization\",\"@id\":\"https:\/\/portaldoestado.com.br\/#organization\",\"name\":\"Portal do Estado\",\"url\":\"https:\/\/portaldoestado.com.br\/\",\"logo\":{\"@type\":\"ImageObject\",\"inLanguage\":\"pt-BR\",\"@id\":\"https:\/\/portaldoestado.com.br\/#\/schema\/logo\/image\/\",\"url\":\"https:\/\/portaldoestado.com.br\/wp-content\/uploads\/2025\/04\/cropped-6f69b19a-6472-43bf-b1b3-e1910bbbd4e8.png\",\"contentUrl\":\"https:\/\/portaldoestado.com.br\/wp-content\/uploads\/2025\/04\/cropped-6f69b19a-6472-43bf-b1b3-e1910bbbd4e8.png\",\"width\":1024,\"height\":350,\"caption\":\"Portal do Estado\"},\"image\":{\"@id\":\"https:\/\/portaldoestado.com.br\/#\/schema\/logo\/image\/\"}},{\"@type\":\"Person\",\"@id\":\"https:\/\/portaldoestado.com.br\/#\/schema\/person\/5ca0174f3c8c84b59da62ea14b698cb9\",\"name\":\"assessoriadefamosos\",\"image\":{\"@type\":\"ImageObject\",\"inLanguage\":\"pt-BR\",\"@id\":\"https:\/\/portaldoestado.com.br\/#\/schema\/person\/image\/\",\"url\":\"https:\/\/secure.gravatar.com\/avatar\/a7acbdffcfbbae7240e59f47fe511ec5f5d8c252c779f0b8d9ab02a9e1d8c5ed?s=96&d=mm&r=g\",\"contentUrl\":\"https:\/\/secure.gravatar.com\/avatar\/a7acbdffcfbbae7240e59f47fe511ec5f5d8c252c779f0b8d9ab02a9e1d8c5ed?s=96&d=mm&r=g\",\"caption\":\"assessoriadefamosos\"},\"url\":\"https:\/\/portaldoestado.com.br\/index.php\/author\/assessoriadefamosos\/\"}]}<\/script>\n<!-- \/ Yoast SEO plugin. -->","yoast_head_json":{"title":"'Navio do ZEZ\u00c9' desembarca em Santos ap\u00f3s tr\u00eas dias de sucesso absoluto - Portal do Estado","robots":{"index":"index","follow":"follow","max-snippet":"max-snippet:-1","max-image-preview":"max-image-preview:large","max-video-preview":"max-video-preview:-1"},"canonical":"https:\/\/portaldoestado.com.br\/index.php\/2026\/01\/14\/navio-do-zeze-desembarca-em-santos-apos-tres-dias-de-sucesso-absoluto\/","og_locale":"pt_BR","og_type":"article","og_title":"'Navio do ZEZ\u00c9' desembarca em Santos ap\u00f3s tr\u00eas dias de sucesso absoluto - Portal do Estado","og_description":"Zez\u00e9 Di Camargo reuniu grandes astros do sertanejo, pagode, forr\u00f3 ax\u00e9 e pop, com cabines esgotadas, e j\u00e1 anuncia temporada 2027 Depois de tr\u00eas dias intensos de shows em alto-mar, o \u201cNavio do Zez\u00e9\u201d atracou em Santos nesta quarta-feira (14), consagrado como um dos maiores encontros musicais flutuantes do pa\u00eds. Comandado por Zez\u00e9 Di Camargo, \u2026","og_url":"https:\/\/portaldoestado.com.br\/index.php\/2026\/01\/14\/navio-do-zeze-desembarca-em-santos-apos-tres-dias-de-sucesso-absoluto\/","og_site_name":"Portal do Estado","article_published_time":"2026-01-14T18:17:58+00:00","og_image":[{"width":1179,"height":685,"url":"https:\/\/portaldoestado.com.br\/wp-content\/uploads\/2026\/01\/IMG_0385.jpg","type":"image\/jpeg"}],"author":"assessoriadefamosos","twitter_card":"summary_large_image","twitter_misc":{"Escrito por":"assessoriadefamosos","Est. tempo de leitura":"2 minutos"},"schema":{"@context":"https:\/\/schema.org","@graph":[{"@type":"Article","@id":"https:\/\/portaldoestado.com.br\/index.php\/2026\/01\/14\/navio-do-zeze-desembarca-em-santos-apos-tres-dias-de-sucesso-absoluto\/#article","isPartOf":{"@id":"https:\/\/portaldoestado.com.br\/index.php\/2026\/01\/14\/navio-do-zeze-desembarca-em-santos-apos-tres-dias-de-sucesso-absoluto\/"},"author":{"name":"assessoriadefamosos","@id":"https:\/\/portaldoestado.com.br\/#\/schema\/person\/5ca0174f3c8c84b59da62ea14b698cb9"},"headline":"&#8216;Navio do ZEZ\u00c9&#8217; desembarca em Santos ap\u00f3s tr\u00eas dias de sucesso absoluto","datePublished":"2026-01-14T18:17:58+00:00","mainEntityOfPage":{"@id":"https:\/\/portaldoestado.com.br\/index.php\/2026\/01\/14\/navio-do-zeze-desembarca-em-santos-apos-tres-dias-de-sucesso-absoluto\/"},"wordCount":476,"publisher":{"@id":"https:\/\/portaldoestado.com.br\/#organization"},"image":{"@id":"https:\/\/portaldoestado.com.br\/index.php\/2026\/01\/14\/navio-do-zeze-desembarca-em-santos-apos-tres-dias-de-sucesso-absoluto\/#primaryimage"},"thumbnailUrl":"https:\/\/portaldoestado.com.br\/wp-content\/uploads\/2026\/01\/IMG_0385.jpg","articleSection":["Geral"],"inLanguage":"pt-BR"},{"@type":"WebPage","@id":"https:\/\/portaldoestado.com.br\/index.php\/2026\/01\/14\/navio-do-zeze-desembarca-em-santos-apos-tres-dias-de-sucesso-absoluto\/","url":"https:\/\/portaldoestado.com.br\/index.php\/2026\/01\/14\/navio-do-zeze-desembarca-em-santos-apos-tres-dias-de-sucesso-absoluto\/","name":"'Navio do ZEZ\u00c9' desembarca em Santos ap\u00f3s tr\u00eas dias de sucesso absoluto - Portal do Estado","isPartOf":{"@id":"https:\/\/portaldoestado.com.br\/#website"},"primaryImageOfPage":{"@id":"https:\/\/portaldoestado.com.br\/index.php\/2026\/01\/14\/navio-do-zeze-desembarca-em-santos-apos-tres-dias-de-sucesso-absoluto\/#primaryimage"},"image":{"@id":"https:\/\/portaldoestado.com.br\/index.php\/2026\/01\/14\/navio-do-zeze-desembarca-em-santos-apos-tres-dias-de-sucesso-absoluto\/#primaryimage"},"thumbnailUrl":"https:\/\/portaldoestado.com.br\/wp-content\/uploads\/2026\/01\/IMG_0385.jpg","datePublished":"2026-01-14T18:17:58+00:00","breadcrumb":{"@id":"https:\/\/portaldoestado.com.br\/index.php\/2026\/01\/14\/navio-do-zeze-desembarca-em-santos-apos-tres-dias-de-sucesso-absoluto\/#breadcrumb"},"inLanguage":"pt-BR","potentialAction":[{"@type":"ReadAction","target":["https:\/\/portaldoestado.com.br\/index.php\/2026\/01\/14\/navio-do-zeze-desembarca-em-santos-apos-tres-dias-de-sucesso-absoluto\/"]}]},{"@type":"ImageObject","inLanguage":"pt-BR","@id":"https:\/\/portaldoestado.com.br\/index.php\/2026\/01\/14\/navio-do-zeze-desembarca-em-santos-apos-tres-dias-de-sucesso-absoluto\/#primaryimage","url":"https:\/\/portaldoestado.com.br\/wp-content\/uploads\/2026\/01\/IMG_0385.jpg","contentUrl":"https:\/\/portaldoestado.com.br\/wp-content\/uploads\/2026\/01\/IMG_0385.jpg","width":1179,"height":685},{"@type":"BreadcrumbList","@id":"https:\/\/portaldoestado.com.br\/index.php\/2026\/01\/14\/navio-do-zeze-desembarca-em-santos-apos-tres-dias-de-sucesso-absoluto\/#breadcrumb","itemListElement":[{"@type":"ListItem","position":1,"name":"In\u00edcio","item":"https:\/\/portaldoestado.com.br\/"},{"@type":"ListItem","position":2,"name":"&#8216;Navio do ZEZ\u00c9&#8217; desembarca em Santos ap\u00f3s tr\u00eas dias de sucesso absoluto"}]},{"@type":"WebSite","@id":"https:\/\/portaldoestado.com.br\/#website","url":"https:\/\/portaldoestado.com.br\/","name":"Portal do Estado","description":"","publisher":{"@id":"https:\/\/portaldoestado.com.br\/#organization"},"potentialAction":[{"@type":"SearchAction","target":{"@type":"EntryPoint","urlTemplate":"https:\/\/portaldoestado.com.br\/?s={search_term_string}"},"query-input":{"@type":"PropertyValueSpecification","valueRequired":true,"valueName":"search_term_string"}}],"inLanguage":"pt-BR"},{"@type":"Organization","@id":"https:\/\/portaldoestado.com.br\/#organization","name":"Portal do Estado","url":"https:\/\/portaldoestado.com.br\/","logo":{"@type":"ImageObject","inLanguage":"pt-BR","@id":"https:\/\/portaldoestado.com.br\/#\/schema\/logo\/image\/","url":"https:\/\/portaldoestado.com.br\/wp-content\/uploads\/2025\/04\/cropped-6f69b19a-6472-43bf-b1b3-e1910bbbd4e8.png","contentUrl":"https:\/\/portaldoestado.com.br\/wp-content\/uploads\/2025\/04\/cropped-6f69b19a-6472-43bf-b1b3-e1910bbbd4e8.png","width":1024,"height":350,"caption":"Portal do Estado"},"image":{"@id":"https:\/\/portaldoestado.com.br\/#\/schema\/logo\/image\/"}},{"@type":"Person","@id":"https:\/\/portaldoestado.com.br\/#\/schema\/person\/5ca0174f3c8c84b59da62ea14b698cb9","name":"assessoriadefamosos","image":{"@type":"ImageObject","inLanguage":"pt-BR","@id":"https:\/\/portaldoestado.com.br\/#\/schema\/person\/image\/","url":"https:\/\/secure.gravatar.com\/avatar\/a7acbdffcfbbae7240e59f47fe511ec5f5d8c252c779f0b8d9ab02a9e1d8c5ed?s=96&d=mm&r=g","contentUrl":"https:\/\/secure.gravatar.com\/avatar\/a7acbdffcfbbae7240e59f47fe511ec5f5d8c252c779f0b8d9ab02a9e1d8c5ed?s=96&d=mm&r=g","caption":"assessoriadefamosos"},"url":"https:\/\/portaldoestado.com.br\/index.php\/author\/assessoriadefamosos\/"}]}},"jetpack_featured_media_url":"https:\/\/portaldoestado.com.br\/wp-content\/uploads\/2026\/01\/IMG_0385.jpg","_links":{"self":[{"href":"https:\/\/portaldoestado.com.br\/index.php\/wp-json\/wp\/v2\/posts\/5680","targetHints":{"allow":["GET"]}}],"collection":[{"href":"https:\/\/portaldoestado.com.br\/index.php\/wp-json\/wp\/v2\/posts"}],"about":[{"href":"https:\/\/portaldoestado.com.br\/index.php\/wp-json\/wp\/v2\/types\/post"}],"author":[{"embeddable":true,"href":"https:\/\/portaldoestado.com.br\/index.php\/wp-json\/wp\/v2\/users\/2"}],"replies":[{"embeddable":true,"href":"https:\/\/portaldoestado.com.br\/index.php\/wp-json\/wp\/v2\/comments?post=5680"}],"version-history":[{"count":1,"href":"https:\/\/portaldoestado.com.br\/index.php\/wp-json\/wp\/v2\/posts\/5680\/revisions"}],"predecessor-version":[{"id":5681,"href":"https:\/\/portaldoestado.com.br\/index.php\/wp-json\/wp\/v2\/posts\/5680\/revisions\/5681"}],"wp:featuredmedia":[{"embeddable":true,"href":"https:\/\/portaldoestado.com.br\/index.php\/wp-json\/wp\/v2\/media\/5679"}],"wp:attachment":[{"href":"https:\/\/portaldoestado.com.br\/index.php\/wp-json\/wp\/v2\/media?parent=5680"}],"wp:term":[{"taxonomy":"category","embeddable":true,"href":"https:\/\/portaldoestado.com.br\/index.php\/wp-json\/wp\/v2\/categories?post=5680"},{"taxonomy":"post_tag","embeddable":true,"href":"https:\/\/portaldoestado.com.br\/index.php\/wp-json\/wp\/v2\/tags?post=5680"}],"curies":[{"name":"wp","href":"https:\/\/api.w.org\/{rel}","templated":true}]}}