{"id":5671,"date":"2026-01-14T17:45:31","date_gmt":"2026-01-14T17:45:31","guid":{"rendered":"https:\/\/portaldoestado.com.br\/?p=5671"},"modified":"2026-01-14T17:45:31","modified_gmt":"2026-01-14T17:45:31","slug":"de-cruzeiro-a-grandes-palcos-camarote-shows-movimenta-o-calendario-musical-de-janeiro-no-brasil","status":"publish","type":"post","link":"https:\/\/portaldoestado.com.br\/index.php\/2026\/01\/14\/de-cruzeiro-a-grandes-palcos-camarote-shows-movimenta-o-calendario-musical-de-janeiro-no-brasil\/","title":{"rendered":"De cruzeiro a grandes palcos: Camarote Shows movimenta o calend\u00e1rio musical de janeiro no Brasil"},"content":{"rendered":"\n<p>Ao longo do m\u00eas de janeiro, a Camarote Shows realiza uma programa\u00e7\u00e3o de eventos musicais em diferentes regi\u00f5es do Brasil, reunindo festivais, blocos e grava\u00e7\u00f5es de DVDs entre os dias 14 a 29. A agenda passa por S\u00e3o Paulo, Rio Grande do Norte, Par\u00e1, Para\u00edba, Bahia e pelo litoral paulista, com projetos que contemplam g\u00eaneros como forr\u00f3, sertanejo, brega, ax\u00e9 e m\u00fasica popular, em produ\u00e7\u00f5es de grande porte e eventos abertos ao p\u00fablico.<\/p>\n\n\n\n<p>A programa\u00e7\u00e3o tem in\u00edcio entre os dias 14 a 17 de janeiro com o WS On Board, festival realizado a bordo do navio MSC Preziosa, com sa\u00edda do Porto de Santos, em S\u00e3o Paulo. O evento re\u00fane Wesley Safad\u00e3o e convidados em quatro dias de apresenta\u00e7\u00f5es e integra o calend\u00e1rio nacional de festivais em cruzeiro mar\u00edtimo.<\/p>\n\n\n\n<p>No dia 16 de janeiro, o Rio Grande do Norte recebe o Esquenta do Rey, na Ilha Ecomax, em Pirangi. O evento conta com apresenta\u00e7\u00f5es de Rey Vaqueiro, Taty Girl e Arnaldinho Netto, al\u00e9m de participa\u00e7\u00f5es especiais, levando o forr\u00f3 ao litoral potiguar em uma programa\u00e7\u00e3o voltada ao p\u00fablico local e turistas.<\/p>\n\n\n\n<p>J\u00e1 no dia 17 de janeiro, Bel\u00e9m ser\u00e1 palco do Bloco Vai Safad\u00e3o, no Circuito Mangueir\u00e3o. A programa\u00e7\u00e3o re\u00fane Wesley Safad\u00e3o, L\u00e9o Santana, Joelma e Marcynho Sensa\u00e7\u00e3o, integrando o calend\u00e1rio de grandes eventos de ver\u00e3o da regi\u00e3o Norte.<\/p>\n\n\n\n<p>No dia 18 de janeiro, a cidade de S\u00e3o Paulo recebe a grava\u00e7\u00e3o do DVD \u201cO Tempo N\u00e3o Para\u201d, da banda Seu Desejo, em show gratuito no Parque Ibirapuera. Liderado por Yara Tch\u00ea e Alessandro Costa, o projeto teve ingressos esgotados em 24 horas e contar\u00e1 com arrecada\u00e7\u00e3o de alimentos por meio da troca solid\u00e1ria dos ingressos.<\/p>\n\n\n\n<p>A agenda segue para a Para\u00edba no dia 22 de janeiro, com a grava\u00e7\u00e3o do DVD de Raphaela Santos, na Praia do Busto de Tamandar\u00e9, em Jo\u00e3o Pessoa. O projeto contar\u00e1 com participa\u00e7\u00f5es de Di Prop\u00f3sito, Diego &#038; Victor Hugo e Z\u00e9 Felipe.<\/p>\n\n\n\n<p>Encerrando a programa\u00e7\u00e3o do m\u00eas, no dia 29 de janeiro, a dupla Silv\u00e2nia &#038; Berg grava seu primeiro DVD, \u201cDuas Paix\u00f5es\u201d, em apresenta\u00e7\u00e3o gratuita no Largo do Pelourinho, em Salvador. O registro marca uma nova etapa na carreira dos artistas e ser\u00e1 realizado em um dos principais espa\u00e7os hist\u00f3ricos da capital baiana.<\/p>\n\n\n\n<p><strong>Servi\u00e7o<\/strong><\/p>\n\n\n\n<p><strong>WS On Board 2026<\/strong><\/p>\n\n\n\n<p>Data: 14 a 17 de janeiro de 2026\nLocal: Navio MSC Preziosa \u2013 sa\u00edda do Porto de Santos (SP)\nRealiza\u00e7\u00e3o: Camarote Shows e Promoa\u00e7\u00e3o Cruzeiros\nAtra\u00e7\u00f5es: Wesley Safad\u00e3o, Bell Marques, L\u00e9o Santana, Natanzinho Lima, Murilo Huff, \u00c9 o Tchan!, Taty Girl, Eric Land, Marcynho Sensa\u00e7\u00e3o, Seu Desejo, entre outros\nInforma\u00e7\u00f5es:<a href=\"http:\/\/www.wsonboard.com.br\/\" target=\"_blank\" rel=\"noreferrer noopener\">\u00a0www.wsonboard.com.br<\/a><\/p>\n\n\n\n<p><strong>Esquenta do Rey<\/strong><\/p>\n\n\n\n<p>Data: 16 de janeiro de 2026\nLocal: Ilha Ecomax \u2013 Pirangi (RN)\nAtra\u00e7\u00f5es: Rey Vaqueiro, Taty Girl, Arnaldinho Netto\nParticipa\u00e7\u00f5es especiais: Fernandinha, Yasmin Sensa\u00e7\u00e3o, Ferro na Boneca\nIngressos:<a href=\"https:\/\/www.evenyx.com\/ilha-ecomax\" target=\"_blank\" rel=\"noreferrer noopener\">\u00a0https:\/\/www.evenyx.com\/ilha-<wbr>ecomax\n<\/a>Pontos f\u00edsicos: Lojas A Graciosa (Midway Mall \u2013 Natal)<\/p>\n\n\n\n<p><strong>Bloco Vai Safad\u00e3o \u2013 Bel\u00e9m<\/strong><\/p>\n\n\n\n<p>Data: 17 de janeiro de 2026\nHor\u00e1rio: 16h\nLocal: Circuito\u00a0<a href=\"https:\/\/www.google.com\/maps\/search\/Mangueir+o++Rodovia+Augusto+Montenegro,+km+3++Bel+m+(PA?entry=gmail&#038;source=g\">Mangueir<\/a>\u00e3o \u2013\u00a0<a href=\"https:\/\/www.google.com\/maps\/search\/Mangueir+o++Rodovia+Augusto+Montenegro,+km+3++Bel+m+(PA?entry=gmail&#038;source=g\">Rodovia Augusto Montenegro, km 3\u00a0<\/a>\u2013\u00a0<a href=\"https:\/\/www.google.com\/maps\/search\/Mangueir+o++Rodovia+Augusto+Montenegro,+km+3++Bel+m+(PA?entry=gmail&#038;source=g\">Bel<\/a>\u00e9<a href=\"https:\/\/www.google.com\/maps\/search\/Mangueir+o++Rodovia+Augusto+Montenegro,+km+3++Bel+m+(PA?entry=gmail&#038;source=g\">m (PA<\/a>)\nClassifica\u00e7\u00e3o: 18 anos\nAtra\u00e7\u00f5es: Wesley Safad\u00e3o, L\u00e9o Santana, Joelma, Marcynho Sensa\u00e7\u00e3o\nIngressos:<a href=\"https:\/\/www.virtualticket.com.br\/eventos\/bloco-vai-safadao-belem-2026\" target=\"_blank\" rel=\"noreferrer noopener\">\u00a0https:\/\/www.virtualticket.com.<wbr>br\/eventos\/bloco-vai-safadao-<wbr>belem-2026<\/a><\/p>\n\n\n\n<p><strong>Grava\u00e7\u00e3o d<a href=\"https:\/\/www.google.com\/maps\/search\/Mangueir+o++Rodovia+Augusto+Montenegro,+km+3++Bel+m+(PA?entry=gmail&#038;source=g\">o\u00a0<\/a>DVD \u201cO Tempo N\u00e3o Para\u201d \u2013 Banda Seu Desejo<\/strong><\/p>\n\n\n\n<p>Data: 18 de janeiro de 2026\nHor\u00e1rio: 14h\nLocal: Parque Ibirapuera \u2013 S\u00e3o Paulo (SP)\nEntrada: gratuita, mediante ingresso (esgotado), trocado por 1 kg de alimento n\u00e3o perec\u00edvel<\/p>\n\n\n\n<p><strong>Grava\u00e7\u00e3o do DVD Raphaela Santos<\/strong><\/p>\n\n\n\n<p>Data: 22 de janeiro de 2026\nHor\u00e1rio: a partir das 17h\nLocal: Praia do Busto de Tamandar\u00e9 \u2013 Jo\u00e3o Pessoa (PB)\nParticipa\u00e7\u00f5es: Di Prop\u00f3sito, Diego &#038; Victor Hugo, Z\u00e9 Felipe\nEntrada: gratuita<\/p>\n\n\n\n<p><strong>Grava\u00e7\u00e3o do DVD \u201cDuas Paix\u00f5es\u201d \u2013 Silv\u00e2nia &#038; Berg<\/strong><\/p>\n\n\n\n<p>Data: 29 de janeiro de 2026\nHor\u00e1rio: 19h\nLocal: Largo do Pelourinho \u2013 Salvador (BA)\nEntrada: gratuita e aberta ao p\u00fablico<\/p>\n","protected":false},"excerpt":{"rendered":"<p>Ao longo do m\u00eas de janeiro, a Camarote Shows realiza uma programa\u00e7\u00e3o de eventos musicais em diferentes regi\u00f5es do Brasil, reunindo festivais, blocos e grava\u00e7\u00f5es de DVDs entre os dias 14 a 29. A agenda passa por S\u00e3o Paulo, Rio Grande do Norte, Par\u00e1, Para\u00edba, Bahia e pelo litoral paulista, com projetos que contemplam g\u00eaneros \u2026<\/p>\n","protected":false},"author":2,"featured_media":5670,"comment_status":"closed","ping_status":"open","sticky":false,"template":"","format":"standard","meta":{"footnotes":""},"categories":[3],"tags":[],"class_list":["post-5671","post","type-post","status-publish","format-standard","has-post-thumbnail","hentry","category-famosos"],"yoast_head":"<!-- This site is optimized with the Yoast SEO plugin v25.5 - https:\/\/yoast.com\/wordpress\/plugins\/seo\/ -->\n<title>De cruzeiro a grandes palcos: Camarote Shows movimenta o calend\u00e1rio musical de janeiro no Brasil - Portal do Estado<\/title>\n<meta name=\"robots\" content=\"index, follow, max-snippet:-1, max-image-preview:large, max-video-preview:-1\" \/>\n<link rel=\"canonical\" href=\"https:\/\/portaldoestado.com.br\/index.php\/2026\/01\/14\/de-cruzeiro-a-grandes-palcos-camarote-shows-movimenta-o-calendario-musical-de-janeiro-no-brasil\/\" \/>\n<meta property=\"og:locale\" content=\"pt_BR\" \/>\n<meta property=\"og:type\" content=\"article\" \/>\n<meta property=\"og:title\" content=\"De cruzeiro a grandes palcos: Camarote Shows movimenta o calend\u00e1rio musical de janeiro no Brasil - Portal do Estado\" \/>\n<meta property=\"og:description\" content=\"Ao longo do m\u00eas de janeiro, a Camarote Shows realiza uma programa\u00e7\u00e3o de eventos musicais em diferentes regi\u00f5es do Brasil, reunindo festivais, blocos e grava\u00e7\u00f5es de DVDs entre os dias 14 a 29. A agenda passa por S\u00e3o Paulo, Rio Grande do Norte, Par\u00e1, Para\u00edba, Bahia e pelo litoral paulista, com projetos que contemplam g\u00eaneros \u2026\" \/>\n<meta property=\"og:url\" content=\"https:\/\/portaldoestado.com.br\/index.php\/2026\/01\/14\/de-cruzeiro-a-grandes-palcos-camarote-shows-movimenta-o-calendario-musical-de-janeiro-no-brasil\/\" \/>\n<meta property=\"og:site_name\" content=\"Portal do Estado\" \/>\n<meta property=\"article:published_time\" content=\"2026-01-14T17:45:31+00:00\" \/>\n<meta property=\"og:image\" content=\"https:\/\/portaldoestado.com.br\/wp-content\/uploads\/2026\/01\/06442cfb-8487-4b8e-95ed-7353393daf8d.jpeg\" \/>\n\t<meta property=\"og:image:width\" content=\"225\" \/>\n\t<meta property=\"og:image:height\" content=\"225\" \/>\n\t<meta property=\"og:image:type\" content=\"image\/jpeg\" \/>\n<meta name=\"author\" content=\"assessoriadefamosos\" \/>\n<meta name=\"twitter:card\" content=\"summary_large_image\" \/>\n<meta name=\"twitter:label1\" content=\"Escrito por\" \/>\n\t<meta name=\"twitter:data1\" content=\"assessoriadefamosos\" \/>\n\t<meta name=\"twitter:label2\" content=\"Est. tempo de leitura\" \/>\n\t<meta name=\"twitter:data2\" content=\"3 minutos\" \/>\n<script type=\"application\/ld+json\" class=\"yoast-schema-graph\">{\"@context\":\"https:\/\/schema.org\",\"@graph\":[{\"@type\":\"Article\",\"@id\":\"https:\/\/portaldoestado.com.br\/index.php\/2026\/01\/14\/de-cruzeiro-a-grandes-palcos-camarote-shows-movimenta-o-calendario-musical-de-janeiro-no-brasil\/#article\",\"isPartOf\":{\"@id\":\"https:\/\/portaldoestado.com.br\/index.php\/2026\/01\/14\/de-cruzeiro-a-grandes-palcos-camarote-shows-movimenta-o-calendario-musical-de-janeiro-no-brasil\/\"},\"author\":{\"name\":\"assessoriadefamosos\",\"@id\":\"https:\/\/portaldoestado.com.br\/#\/schema\/person\/5ca0174f3c8c84b59da62ea14b698cb9\"},\"headline\":\"De cruzeiro a grandes palcos: Camarote Shows movimenta o calend\u00e1rio musical de janeiro no Brasil\",\"datePublished\":\"2026-01-14T17:45:31+00:00\",\"mainEntityOfPage\":{\"@id\":\"https:\/\/portaldoestado.com.br\/index.php\/2026\/01\/14\/de-cruzeiro-a-grandes-palcos-camarote-shows-movimenta-o-calendario-musical-de-janeiro-no-brasil\/\"},\"wordCount\":689,\"publisher\":{\"@id\":\"https:\/\/portaldoestado.com.br\/#organization\"},\"image\":{\"@id\":\"https:\/\/portaldoestado.com.br\/index.php\/2026\/01\/14\/de-cruzeiro-a-grandes-palcos-camarote-shows-movimenta-o-calendario-musical-de-janeiro-no-brasil\/#primaryimage\"},\"thumbnailUrl\":\"https:\/\/portaldoestado.com.br\/wp-content\/uploads\/2026\/01\/06442cfb-8487-4b8e-95ed-7353393daf8d.jpeg\",\"articleSection\":[\"Famosos\"],\"inLanguage\":\"pt-BR\"},{\"@type\":\"WebPage\",\"@id\":\"https:\/\/portaldoestado.com.br\/index.php\/2026\/01\/14\/de-cruzeiro-a-grandes-palcos-camarote-shows-movimenta-o-calendario-musical-de-janeiro-no-brasil\/\",\"url\":\"https:\/\/portaldoestado.com.br\/index.php\/2026\/01\/14\/de-cruzeiro-a-grandes-palcos-camarote-shows-movimenta-o-calendario-musical-de-janeiro-no-brasil\/\",\"name\":\"De cruzeiro a grandes palcos: Camarote Shows movimenta o calend\u00e1rio musical de janeiro no Brasil - Portal do Estado\",\"isPartOf\":{\"@id\":\"https:\/\/portaldoestado.com.br\/#website\"},\"primaryImageOfPage\":{\"@id\":\"https:\/\/portaldoestado.com.br\/index.php\/2026\/01\/14\/de-cruzeiro-a-grandes-palcos-camarote-shows-movimenta-o-calendario-musical-de-janeiro-no-brasil\/#primaryimage\"},\"image\":{\"@id\":\"https:\/\/portaldoestado.com.br\/index.php\/2026\/01\/14\/de-cruzeiro-a-grandes-palcos-camarote-shows-movimenta-o-calendario-musical-de-janeiro-no-brasil\/#primaryimage\"},\"thumbnailUrl\":\"https:\/\/portaldoestado.com.br\/wp-content\/uploads\/2026\/01\/06442cfb-8487-4b8e-95ed-7353393daf8d.jpeg\",\"datePublished\":\"2026-01-14T17:45:31+00:00\",\"breadcrumb\":{\"@id\":\"https:\/\/portaldoestado.com.br\/index.php\/2026\/01\/14\/de-cruzeiro-a-grandes-palcos-camarote-shows-movimenta-o-calendario-musical-de-janeiro-no-brasil\/#breadcrumb\"},\"inLanguage\":\"pt-BR\",\"potentialAction\":[{\"@type\":\"ReadAction\",\"target\":[\"https:\/\/portaldoestado.com.br\/index.php\/2026\/01\/14\/de-cruzeiro-a-grandes-palcos-camarote-shows-movimenta-o-calendario-musical-de-janeiro-no-brasil\/\"]}]},{\"@type\":\"ImageObject\",\"inLanguage\":\"pt-BR\",\"@id\":\"https:\/\/portaldoestado.com.br\/index.php\/2026\/01\/14\/de-cruzeiro-a-grandes-palcos-camarote-shows-movimenta-o-calendario-musical-de-janeiro-no-brasil\/#primaryimage\",\"url\":\"https:\/\/portaldoestado.com.br\/wp-content\/uploads\/2026\/01\/06442cfb-8487-4b8e-95ed-7353393daf8d.jpeg\",\"contentUrl\":\"https:\/\/portaldoestado.com.br\/wp-content\/uploads\/2026\/01\/06442cfb-8487-4b8e-95ed-7353393daf8d.jpeg\",\"width\":225,\"height\":225},{\"@type\":\"BreadcrumbList\",\"@id\":\"https:\/\/portaldoestado.com.br\/index.php\/2026\/01\/14\/de-cruzeiro-a-grandes-palcos-camarote-shows-movimenta-o-calendario-musical-de-janeiro-no-brasil\/#breadcrumb\",\"itemListElement\":[{\"@type\":\"ListItem\",\"position\":1,\"name\":\"In\u00edcio\",\"item\":\"https:\/\/portaldoestado.com.br\/\"},{\"@type\":\"ListItem\",\"position\":2,\"name\":\"De cruzeiro a grandes palcos: Camarote Shows movimenta o calend\u00e1rio musical de janeiro no Brasil\"}]},{\"@type\":\"WebSite\",\"@id\":\"https:\/\/portaldoestado.com.br\/#website\",\"url\":\"https:\/\/portaldoestado.com.br\/\",\"name\":\"Portal do Estado\",\"description\":\"\",\"publisher\":{\"@id\":\"https:\/\/portaldoestado.com.br\/#organization\"},\"potentialAction\":[{\"@type\":\"SearchAction\",\"target\":{\"@type\":\"EntryPoint\",\"urlTemplate\":\"https:\/\/portaldoestado.com.br\/?s={search_term_string}\"},\"query-input\":{\"@type\":\"PropertyValueSpecification\",\"valueRequired\":true,\"valueName\":\"search_term_string\"}}],\"inLanguage\":\"pt-BR\"},{\"@type\":\"Organization\",\"@id\":\"https:\/\/portaldoestado.com.br\/#organization\",\"name\":\"Portal do Estado\",\"url\":\"https:\/\/portaldoestado.com.br\/\",\"logo\":{\"@type\":\"ImageObject\",\"inLanguage\":\"pt-BR\",\"@id\":\"https:\/\/portaldoestado.com.br\/#\/schema\/logo\/image\/\",\"url\":\"https:\/\/portaldoestado.com.br\/wp-content\/uploads\/2025\/04\/cropped-6f69b19a-6472-43bf-b1b3-e1910bbbd4e8.png\",\"contentUrl\":\"https:\/\/portaldoestado.com.br\/wp-content\/uploads\/2025\/04\/cropped-6f69b19a-6472-43bf-b1b3-e1910bbbd4e8.png\",\"width\":1024,\"height\":350,\"caption\":\"Portal do Estado\"},\"image\":{\"@id\":\"https:\/\/portaldoestado.com.br\/#\/schema\/logo\/image\/\"}},{\"@type\":\"Person\",\"@id\":\"https:\/\/portaldoestado.com.br\/#\/schema\/person\/5ca0174f3c8c84b59da62ea14b698cb9\",\"name\":\"assessoriadefamosos\",\"image\":{\"@type\":\"ImageObject\",\"inLanguage\":\"pt-BR\",\"@id\":\"https:\/\/portaldoestado.com.br\/#\/schema\/person\/image\/\",\"url\":\"https:\/\/secure.gravatar.com\/avatar\/a7acbdffcfbbae7240e59f47fe511ec5f5d8c252c779f0b8d9ab02a9e1d8c5ed?s=96&d=mm&r=g\",\"contentUrl\":\"https:\/\/secure.gravatar.com\/avatar\/a7acbdffcfbbae7240e59f47fe511ec5f5d8c252c779f0b8d9ab02a9e1d8c5ed?s=96&d=mm&r=g\",\"caption\":\"assessoriadefamosos\"},\"url\":\"https:\/\/portaldoestado.com.br\/index.php\/author\/assessoriadefamosos\/\"}]}<\/script>\n<!-- \/ Yoast SEO plugin. -->","yoast_head_json":{"title":"De cruzeiro a grandes palcos: Camarote Shows movimenta o calend\u00e1rio musical de janeiro no Brasil - Portal do Estado","robots":{"index":"index","follow":"follow","max-snippet":"max-snippet:-1","max-image-preview":"max-image-preview:large","max-video-preview":"max-video-preview:-1"},"canonical":"https:\/\/portaldoestado.com.br\/index.php\/2026\/01\/14\/de-cruzeiro-a-grandes-palcos-camarote-shows-movimenta-o-calendario-musical-de-janeiro-no-brasil\/","og_locale":"pt_BR","og_type":"article","og_title":"De cruzeiro a grandes palcos: Camarote Shows movimenta o calend\u00e1rio musical de janeiro no Brasil - Portal do Estado","og_description":"Ao longo do m\u00eas de janeiro, a Camarote Shows realiza uma programa\u00e7\u00e3o de eventos musicais em diferentes regi\u00f5es do Brasil, reunindo festivais, blocos e grava\u00e7\u00f5es de DVDs entre os dias 14 a 29. A agenda passa por S\u00e3o Paulo, Rio Grande do Norte, Par\u00e1, Para\u00edba, Bahia e pelo litoral paulista, com projetos que contemplam g\u00eaneros \u2026","og_url":"https:\/\/portaldoestado.com.br\/index.php\/2026\/01\/14\/de-cruzeiro-a-grandes-palcos-camarote-shows-movimenta-o-calendario-musical-de-janeiro-no-brasil\/","og_site_name":"Portal do Estado","article_published_time":"2026-01-14T17:45:31+00:00","og_image":[{"width":225,"height":225,"url":"https:\/\/portaldoestado.com.br\/wp-content\/uploads\/2026\/01\/06442cfb-8487-4b8e-95ed-7353393daf8d.jpeg","type":"image\/jpeg"}],"author":"assessoriadefamosos","twitter_card":"summary_large_image","twitter_misc":{"Escrito por":"assessoriadefamosos","Est. tempo de leitura":"3 minutos"},"schema":{"@context":"https:\/\/schema.org","@graph":[{"@type":"Article","@id":"https:\/\/portaldoestado.com.br\/index.php\/2026\/01\/14\/de-cruzeiro-a-grandes-palcos-camarote-shows-movimenta-o-calendario-musical-de-janeiro-no-brasil\/#article","isPartOf":{"@id":"https:\/\/portaldoestado.com.br\/index.php\/2026\/01\/14\/de-cruzeiro-a-grandes-palcos-camarote-shows-movimenta-o-calendario-musical-de-janeiro-no-brasil\/"},"author":{"name":"assessoriadefamosos","@id":"https:\/\/portaldoestado.com.br\/#\/schema\/person\/5ca0174f3c8c84b59da62ea14b698cb9"},"headline":"De cruzeiro a grandes palcos: Camarote Shows movimenta o calend\u00e1rio musical de janeiro no Brasil","datePublished":"2026-01-14T17:45:31+00:00","mainEntityOfPage":{"@id":"https:\/\/portaldoestado.com.br\/index.php\/2026\/01\/14\/de-cruzeiro-a-grandes-palcos-camarote-shows-movimenta-o-calendario-musical-de-janeiro-no-brasil\/"},"wordCount":689,"publisher":{"@id":"https:\/\/portaldoestado.com.br\/#organization"},"image":{"@id":"https:\/\/portaldoestado.com.br\/index.php\/2026\/01\/14\/de-cruzeiro-a-grandes-palcos-camarote-shows-movimenta-o-calendario-musical-de-janeiro-no-brasil\/#primaryimage"},"thumbnailUrl":"https:\/\/portaldoestado.com.br\/wp-content\/uploads\/2026\/01\/06442cfb-8487-4b8e-95ed-7353393daf8d.jpeg","articleSection":["Famosos"],"inLanguage":"pt-BR"},{"@type":"WebPage","@id":"https:\/\/portaldoestado.com.br\/index.php\/2026\/01\/14\/de-cruzeiro-a-grandes-palcos-camarote-shows-movimenta-o-calendario-musical-de-janeiro-no-brasil\/","url":"https:\/\/portaldoestado.com.br\/index.php\/2026\/01\/14\/de-cruzeiro-a-grandes-palcos-camarote-shows-movimenta-o-calendario-musical-de-janeiro-no-brasil\/","name":"De cruzeiro a grandes palcos: Camarote Shows movimenta o calend\u00e1rio musical de janeiro no Brasil - Portal do Estado","isPartOf":{"@id":"https:\/\/portaldoestado.com.br\/#website"},"primaryImageOfPage":{"@id":"https:\/\/portaldoestado.com.br\/index.php\/2026\/01\/14\/de-cruzeiro-a-grandes-palcos-camarote-shows-movimenta-o-calendario-musical-de-janeiro-no-brasil\/#primaryimage"},"image":{"@id":"https:\/\/portaldoestado.com.br\/index.php\/2026\/01\/14\/de-cruzeiro-a-grandes-palcos-camarote-shows-movimenta-o-calendario-musical-de-janeiro-no-brasil\/#primaryimage"},"thumbnailUrl":"https:\/\/portaldoestado.com.br\/wp-content\/uploads\/2026\/01\/06442cfb-8487-4b8e-95ed-7353393daf8d.jpeg","datePublished":"2026-01-14T17:45:31+00:00","breadcrumb":{"@id":"https:\/\/portaldoestado.com.br\/index.php\/2026\/01\/14\/de-cruzeiro-a-grandes-palcos-camarote-shows-movimenta-o-calendario-musical-de-janeiro-no-brasil\/#breadcrumb"},"inLanguage":"pt-BR","potentialAction":[{"@type":"ReadAction","target":["https:\/\/portaldoestado.com.br\/index.php\/2026\/01\/14\/de-cruzeiro-a-grandes-palcos-camarote-shows-movimenta-o-calendario-musical-de-janeiro-no-brasil\/"]}]},{"@type":"ImageObject","inLanguage":"pt-BR","@id":"https:\/\/portaldoestado.com.br\/index.php\/2026\/01\/14\/de-cruzeiro-a-grandes-palcos-camarote-shows-movimenta-o-calendario-musical-de-janeiro-no-brasil\/#primaryimage","url":"https:\/\/portaldoestado.com.br\/wp-content\/uploads\/2026\/01\/06442cfb-8487-4b8e-95ed-7353393daf8d.jpeg","contentUrl":"https:\/\/portaldoestado.com.br\/wp-content\/uploads\/2026\/01\/06442cfb-8487-4b8e-95ed-7353393daf8d.jpeg","width":225,"height":225},{"@type":"BreadcrumbList","@id":"https:\/\/portaldoestado.com.br\/index.php\/2026\/01\/14\/de-cruzeiro-a-grandes-palcos-camarote-shows-movimenta-o-calendario-musical-de-janeiro-no-brasil\/#breadcrumb","itemListElement":[{"@type":"ListItem","position":1,"name":"In\u00edcio","item":"https:\/\/portaldoestado.com.br\/"},{"@type":"ListItem","position":2,"name":"De cruzeiro a grandes palcos: Camarote Shows movimenta o calend\u00e1rio musical de janeiro no Brasil"}]},{"@type":"WebSite","@id":"https:\/\/portaldoestado.com.br\/#website","url":"https:\/\/portaldoestado.com.br\/","name":"Portal do Estado","description":"","publisher":{"@id":"https:\/\/portaldoestado.com.br\/#organization"},"potentialAction":[{"@type":"SearchAction","target":{"@type":"EntryPoint","urlTemplate":"https:\/\/portaldoestado.com.br\/?s={search_term_string}"},"query-input":{"@type":"PropertyValueSpecification","valueRequired":true,"valueName":"search_term_string"}}],"inLanguage":"pt-BR"},{"@type":"Organization","@id":"https:\/\/portaldoestado.com.br\/#organization","name":"Portal do Estado","url":"https:\/\/portaldoestado.com.br\/","logo":{"@type":"ImageObject","inLanguage":"pt-BR","@id":"https:\/\/portaldoestado.com.br\/#\/schema\/logo\/image\/","url":"https:\/\/portaldoestado.com.br\/wp-content\/uploads\/2025\/04\/cropped-6f69b19a-6472-43bf-b1b3-e1910bbbd4e8.png","contentUrl":"https:\/\/portaldoestado.com.br\/wp-content\/uploads\/2025\/04\/cropped-6f69b19a-6472-43bf-b1b3-e1910bbbd4e8.png","width":1024,"height":350,"caption":"Portal do Estado"},"image":{"@id":"https:\/\/portaldoestado.com.br\/#\/schema\/logo\/image\/"}},{"@type":"Person","@id":"https:\/\/portaldoestado.com.br\/#\/schema\/person\/5ca0174f3c8c84b59da62ea14b698cb9","name":"assessoriadefamosos","image":{"@type":"ImageObject","inLanguage":"pt-BR","@id":"https:\/\/portaldoestado.com.br\/#\/schema\/person\/image\/","url":"https:\/\/secure.gravatar.com\/avatar\/a7acbdffcfbbae7240e59f47fe511ec5f5d8c252c779f0b8d9ab02a9e1d8c5ed?s=96&d=mm&r=g","contentUrl":"https:\/\/secure.gravatar.com\/avatar\/a7acbdffcfbbae7240e59f47fe511ec5f5d8c252c779f0b8d9ab02a9e1d8c5ed?s=96&d=mm&r=g","caption":"assessoriadefamosos"},"url":"https:\/\/portaldoestado.com.br\/index.php\/author\/assessoriadefamosos\/"}]}},"jetpack_featured_media_url":"https:\/\/portaldoestado.com.br\/wp-content\/uploads\/2026\/01\/06442cfb-8487-4b8e-95ed-7353393daf8d.jpeg","_links":{"self":[{"href":"https:\/\/portaldoestado.com.br\/index.php\/wp-json\/wp\/v2\/posts\/5671","targetHints":{"allow":["GET"]}}],"collection":[{"href":"https:\/\/portaldoestado.com.br\/index.php\/wp-json\/wp\/v2\/posts"}],"about":[{"href":"https:\/\/portaldoestado.com.br\/index.php\/wp-json\/wp\/v2\/types\/post"}],"author":[{"embeddable":true,"href":"https:\/\/portaldoestado.com.br\/index.php\/wp-json\/wp\/v2\/users\/2"}],"replies":[{"embeddable":true,"href":"https:\/\/portaldoestado.com.br\/index.php\/wp-json\/wp\/v2\/comments?post=5671"}],"version-history":[{"count":1,"href":"https:\/\/portaldoestado.com.br\/index.php\/wp-json\/wp\/v2\/posts\/5671\/revisions"}],"predecessor-version":[{"id":5672,"href":"https:\/\/portaldoestado.com.br\/index.php\/wp-json\/wp\/v2\/posts\/5671\/revisions\/5672"}],"wp:featuredmedia":[{"embeddable":true,"href":"https:\/\/portaldoestado.com.br\/index.php\/wp-json\/wp\/v2\/media\/5670"}],"wp:attachment":[{"href":"https:\/\/portaldoestado.com.br\/index.php\/wp-json\/wp\/v2\/media?parent=5671"}],"wp:term":[{"taxonomy":"category","embeddable":true,"href":"https:\/\/portaldoestado.com.br\/index.php\/wp-json\/wp\/v2\/categories?post=5671"},{"taxonomy":"post_tag","embeddable":true,"href":"https:\/\/portaldoestado.com.br\/index.php\/wp-json\/wp\/v2\/tags?post=5671"}],"curies":[{"name":"wp","href":"https:\/\/api.w.org\/{rel}","templated":true}]}}