{"id":5653,"date":"2026-01-14T15:23:28","date_gmt":"2026-01-14T15:23:28","guid":{"rendered":"https:\/\/portaldoestado.com.br\/?p=5653"},"modified":"2026-01-14T15:23:28","modified_gmt":"2026-01-14T15:23:28","slug":"caso-hytalo-santos-felca-critica-audiencia-e-chama-sessao-de-circo-com-palhacos-sem-graca","status":"publish","type":"post","link":"https:\/\/portaldoestado.com.br\/index.php\/2026\/01\/14\/caso-hytalo-santos-felca-critica-audiencia-e-chama-sessao-de-circo-com-palhacos-sem-graca\/","title":{"rendered":"Caso Hytalo Santos: Felca critica audi\u00eancia e chama sess\u00e3o de \u201ccirco com palha\u00e7os sem gra\u00e7a\u201d"},"content":{"rendered":"\n<p>Felca, influenciador que prestou depoimento como testemunha no caso Hytalo Santos, se pronunciou sobre sua participa\u00e7\u00e3o na audi\u00eancia e n\u00e3o poupou cr\u00edticas \u00e0 defesa. Em v\u00eddeo compartilhado nas redes sociais, ele relatou que sua inten\u00e7\u00e3o era colaborar com a Justi\u00e7a, mas se deparou com um clima confuso e ataques pessoais.<\/p>\n\n\n\n<p>\u201cEu queria ser perguntado o m\u00e1ximo poss\u00edvel sobre o caso para esclarecer e ajudar no andamento do processo, mas muitas perguntas n\u00e3o tinham rela\u00e7\u00e3o com isso\u201d, afirmou. Felca contou que, logo no in\u00edcio, percebeu uma estrat\u00e9gia de descredibiliza\u00e7\u00e3o: \u201cOs advogados da defesa estavam mais preocupados em me atacar do que em defender o acusado\u201d.<\/p>\n\n\n\n<p>O influenciador descreveu o ambiente da sess\u00e3o como desorganizado e surreal: \u201cMuita doidera, um atropelando o outro, perguntas absurdas\u2026 me senti num circo com palha\u00e7os sem gra\u00e7a\u201d. Mesmo diante do caos, ele manteve postura contida, buscando colaborar com responsabilidade: \u201cUm tribunal n\u00e3o \u00e9 uma rede social. Meu objetivo era ajudar a Justi\u00e7a, mantendo respeito e clareza. A galhofa deixei pros advogados do Hytalo\u201d.<\/p>\n\n\n\n<p>Felca tamb\u00e9m destacou a gravidade do tema do processo, que envolve a exposi\u00e7\u00e3o de crian\u00e7as e adolescentes: \u201cDiscutir a perda da inf\u00e2ncia de uma crian\u00e7a \u00e9 absurdo. Muito foi feito nos \u00faltimos meses, mas ainda \u00e9 pouco. O Brasil precisa amadurecer urgentemente a discuss\u00e3o sobre adultiza\u00e7\u00e3o infantil, com par\u00e2metros claros e prote\u00e7\u00e3o efetiva \u00e0 inf\u00e2ncia\u201d.<\/p>\n\n\n\n<p>Questionado sobre a tentativa da defesa de usar um v\u00eddeo pessoal para questionar sua conduta, ele ironizou: \u201cO advogado trabalhou duro para criar uma boa pergunta, e o juiz indeferiu. Antes falei que era um circo com palha\u00e7os sem gra\u00e7a, mas esse epis\u00f3dio achei at\u00e9 engra\u00e7ado\u201d.<\/p>\n\n\n\n<p>Por fim, Felca afirmou que, apesar do desgaste, espera que a repercuss\u00e3o traga impactos positivos: \u201cSe toda essa pataquada servir para provocar mudan\u00e7as, t\u00e1 valendo\u201d.<\/p>\n","protected":false},"excerpt":{"rendered":"<p>Felca, influenciador que prestou depoimento como testemunha no caso Hytalo Santos, se pronunciou sobre sua participa\u00e7\u00e3o na audi\u00eancia e n\u00e3o poupou cr\u00edticas \u00e0 defesa. Em v\u00eddeo compartilhado nas redes sociais, ele relatou que sua inten\u00e7\u00e3o era colaborar com a Justi\u00e7a, mas se deparou com um clima confuso e ataques pessoais. \u201cEu queria ser perguntado o \u2026<\/p>\n","protected":false},"author":2,"featured_media":5652,"comment_status":"closed","ping_status":"open","sticky":false,"template":"","format":"standard","meta":{"footnotes":""},"categories":[3],"tags":[],"class_list":["post-5653","post","type-post","status-publish","format-standard","has-post-thumbnail","hentry","category-famosos"],"yoast_head":"<!-- This site is optimized with the Yoast SEO plugin v25.5 - https:\/\/yoast.com\/wordpress\/plugins\/seo\/ -->\n<title>Caso Hytalo Santos: Felca critica audi\u00eancia e chama sess\u00e3o de \u201ccirco com palha\u00e7os sem gra\u00e7a\u201d - Portal do Estado<\/title>\n<meta name=\"robots\" content=\"index, follow, max-snippet:-1, max-image-preview:large, max-video-preview:-1\" \/>\n<link rel=\"canonical\" href=\"https:\/\/portaldoestado.com.br\/index.php\/2026\/01\/14\/caso-hytalo-santos-felca-critica-audiencia-e-chama-sessao-de-circo-com-palhacos-sem-graca\/\" \/>\n<meta property=\"og:locale\" content=\"pt_BR\" \/>\n<meta property=\"og:type\" content=\"article\" \/>\n<meta property=\"og:title\" content=\"Caso Hytalo Santos: Felca critica audi\u00eancia e chama sess\u00e3o de \u201ccirco com palha\u00e7os sem gra\u00e7a\u201d - Portal do Estado\" \/>\n<meta property=\"og:description\" content=\"Felca, influenciador que prestou depoimento como testemunha no caso Hytalo Santos, se pronunciou sobre sua participa\u00e7\u00e3o na audi\u00eancia e n\u00e3o poupou cr\u00edticas \u00e0 defesa. Em v\u00eddeo compartilhado nas redes sociais, ele relatou que sua inten\u00e7\u00e3o era colaborar com a Justi\u00e7a, mas se deparou com um clima confuso e ataques pessoais. \u201cEu queria ser perguntado o \u2026\" \/>\n<meta property=\"og:url\" content=\"https:\/\/portaldoestado.com.br\/index.php\/2026\/01\/14\/caso-hytalo-santos-felca-critica-audiencia-e-chama-sessao-de-circo-com-palhacos-sem-graca\/\" \/>\n<meta property=\"og:site_name\" content=\"Portal do Estado\" \/>\n<meta property=\"article:published_time\" content=\"2026-01-14T15:23:28+00:00\" \/>\n<meta property=\"og:image\" content=\"https:\/\/portaldoestado.com.br\/wp-content\/uploads\/2026\/01\/WhatsApp-Image-2026-01-13-at-12.34.52.jpeg\" \/>\n\t<meta property=\"og:image:width\" content=\"1200\" \/>\n\t<meta property=\"og:image:height\" content=\"900\" \/>\n\t<meta property=\"og:image:type\" content=\"image\/jpeg\" \/>\n<meta name=\"author\" content=\"assessoriadefamosos\" \/>\n<meta name=\"twitter:card\" content=\"summary_large_image\" \/>\n<meta name=\"twitter:label1\" content=\"Escrito por\" \/>\n\t<meta name=\"twitter:data1\" content=\"assessoriadefamosos\" \/>\n\t<meta name=\"twitter:label2\" content=\"Est. tempo de leitura\" \/>\n\t<meta name=\"twitter:data2\" content=\"2 minutos\" \/>\n<script type=\"application\/ld+json\" class=\"yoast-schema-graph\">{\"@context\":\"https:\/\/schema.org\",\"@graph\":[{\"@type\":\"Article\",\"@id\":\"https:\/\/portaldoestado.com.br\/index.php\/2026\/01\/14\/caso-hytalo-santos-felca-critica-audiencia-e-chama-sessao-de-circo-com-palhacos-sem-graca\/#article\",\"isPartOf\":{\"@id\":\"https:\/\/portaldoestado.com.br\/index.php\/2026\/01\/14\/caso-hytalo-santos-felca-critica-audiencia-e-chama-sessao-de-circo-com-palhacos-sem-graca\/\"},\"author\":{\"name\":\"assessoriadefamosos\",\"@id\":\"https:\/\/portaldoestado.com.br\/#\/schema\/person\/5ca0174f3c8c84b59da62ea14b698cb9\"},\"headline\":\"Caso Hytalo Santos: Felca critica audi\u00eancia e chama sess\u00e3o de \u201ccirco com palha\u00e7os sem gra\u00e7a\u201d\",\"datePublished\":\"2026-01-14T15:23:28+00:00\",\"mainEntityOfPage\":{\"@id\":\"https:\/\/portaldoestado.com.br\/index.php\/2026\/01\/14\/caso-hytalo-santos-felca-critica-audiencia-e-chama-sessao-de-circo-com-palhacos-sem-graca\/\"},\"wordCount\":343,\"publisher\":{\"@id\":\"https:\/\/portaldoestado.com.br\/#organization\"},\"image\":{\"@id\":\"https:\/\/portaldoestado.com.br\/index.php\/2026\/01\/14\/caso-hytalo-santos-felca-critica-audiencia-e-chama-sessao-de-circo-com-palhacos-sem-graca\/#primaryimage\"},\"thumbnailUrl\":\"https:\/\/portaldoestado.com.br\/wp-content\/uploads\/2026\/01\/WhatsApp-Image-2026-01-13-at-12.34.52.jpeg\",\"articleSection\":[\"Famosos\"],\"inLanguage\":\"pt-BR\"},{\"@type\":\"WebPage\",\"@id\":\"https:\/\/portaldoestado.com.br\/index.php\/2026\/01\/14\/caso-hytalo-santos-felca-critica-audiencia-e-chama-sessao-de-circo-com-palhacos-sem-graca\/\",\"url\":\"https:\/\/portaldoestado.com.br\/index.php\/2026\/01\/14\/caso-hytalo-santos-felca-critica-audiencia-e-chama-sessao-de-circo-com-palhacos-sem-graca\/\",\"name\":\"Caso Hytalo Santos: Felca critica audi\u00eancia e chama sess\u00e3o de \u201ccirco com palha\u00e7os sem gra\u00e7a\u201d - Portal do Estado\",\"isPartOf\":{\"@id\":\"https:\/\/portaldoestado.com.br\/#website\"},\"primaryImageOfPage\":{\"@id\":\"https:\/\/portaldoestado.com.br\/index.php\/2026\/01\/14\/caso-hytalo-santos-felca-critica-audiencia-e-chama-sessao-de-circo-com-palhacos-sem-graca\/#primaryimage\"},\"image\":{\"@id\":\"https:\/\/portaldoestado.com.br\/index.php\/2026\/01\/14\/caso-hytalo-santos-felca-critica-audiencia-e-chama-sessao-de-circo-com-palhacos-sem-graca\/#primaryimage\"},\"thumbnailUrl\":\"https:\/\/portaldoestado.com.br\/wp-content\/uploads\/2026\/01\/WhatsApp-Image-2026-01-13-at-12.34.52.jpeg\",\"datePublished\":\"2026-01-14T15:23:28+00:00\",\"breadcrumb\":{\"@id\":\"https:\/\/portaldoestado.com.br\/index.php\/2026\/01\/14\/caso-hytalo-santos-felca-critica-audiencia-e-chama-sessao-de-circo-com-palhacos-sem-graca\/#breadcrumb\"},\"inLanguage\":\"pt-BR\",\"potentialAction\":[{\"@type\":\"ReadAction\",\"target\":[\"https:\/\/portaldoestado.com.br\/index.php\/2026\/01\/14\/caso-hytalo-santos-felca-critica-audiencia-e-chama-sessao-de-circo-com-palhacos-sem-graca\/\"]}]},{\"@type\":\"ImageObject\",\"inLanguage\":\"pt-BR\",\"@id\":\"https:\/\/portaldoestado.com.br\/index.php\/2026\/01\/14\/caso-hytalo-santos-felca-critica-audiencia-e-chama-sessao-de-circo-com-palhacos-sem-graca\/#primaryimage\",\"url\":\"https:\/\/portaldoestado.com.br\/wp-content\/uploads\/2026\/01\/WhatsApp-Image-2026-01-13-at-12.34.52.jpeg\",\"contentUrl\":\"https:\/\/portaldoestado.com.br\/wp-content\/uploads\/2026\/01\/WhatsApp-Image-2026-01-13-at-12.34.52.jpeg\",\"width\":1200,\"height\":900},{\"@type\":\"BreadcrumbList\",\"@id\":\"https:\/\/portaldoestado.com.br\/index.php\/2026\/01\/14\/caso-hytalo-santos-felca-critica-audiencia-e-chama-sessao-de-circo-com-palhacos-sem-graca\/#breadcrumb\",\"itemListElement\":[{\"@type\":\"ListItem\",\"position\":1,\"name\":\"In\u00edcio\",\"item\":\"https:\/\/portaldoestado.com.br\/\"},{\"@type\":\"ListItem\",\"position\":2,\"name\":\"Caso Hytalo Santos: Felca critica audi\u00eancia e chama sess\u00e3o de \u201ccirco com palha\u00e7os sem gra\u00e7a\u201d\"}]},{\"@type\":\"WebSite\",\"@id\":\"https:\/\/portaldoestado.com.br\/#website\",\"url\":\"https:\/\/portaldoestado.com.br\/\",\"name\":\"Portal do Estado\",\"description\":\"\",\"publisher\":{\"@id\":\"https:\/\/portaldoestado.com.br\/#organization\"},\"potentialAction\":[{\"@type\":\"SearchAction\",\"target\":{\"@type\":\"EntryPoint\",\"urlTemplate\":\"https:\/\/portaldoestado.com.br\/?s={search_term_string}\"},\"query-input\":{\"@type\":\"PropertyValueSpecification\",\"valueRequired\":true,\"valueName\":\"search_term_string\"}}],\"inLanguage\":\"pt-BR\"},{\"@type\":\"Organization\",\"@id\":\"https:\/\/portaldoestado.com.br\/#organization\",\"name\":\"Portal do Estado\",\"url\":\"https:\/\/portaldoestado.com.br\/\",\"logo\":{\"@type\":\"ImageObject\",\"inLanguage\":\"pt-BR\",\"@id\":\"https:\/\/portaldoestado.com.br\/#\/schema\/logo\/image\/\",\"url\":\"https:\/\/portaldoestado.com.br\/wp-content\/uploads\/2025\/04\/cropped-6f69b19a-6472-43bf-b1b3-e1910bbbd4e8.png\",\"contentUrl\":\"https:\/\/portaldoestado.com.br\/wp-content\/uploads\/2025\/04\/cropped-6f69b19a-6472-43bf-b1b3-e1910bbbd4e8.png\",\"width\":1024,\"height\":350,\"caption\":\"Portal do Estado\"},\"image\":{\"@id\":\"https:\/\/portaldoestado.com.br\/#\/schema\/logo\/image\/\"}},{\"@type\":\"Person\",\"@id\":\"https:\/\/portaldoestado.com.br\/#\/schema\/person\/5ca0174f3c8c84b59da62ea14b698cb9\",\"name\":\"assessoriadefamosos\",\"image\":{\"@type\":\"ImageObject\",\"inLanguage\":\"pt-BR\",\"@id\":\"https:\/\/portaldoestado.com.br\/#\/schema\/person\/image\/\",\"url\":\"https:\/\/secure.gravatar.com\/avatar\/a7acbdffcfbbae7240e59f47fe511ec5f5d8c252c779f0b8d9ab02a9e1d8c5ed?s=96&d=mm&r=g\",\"contentUrl\":\"https:\/\/secure.gravatar.com\/avatar\/a7acbdffcfbbae7240e59f47fe511ec5f5d8c252c779f0b8d9ab02a9e1d8c5ed?s=96&d=mm&r=g\",\"caption\":\"assessoriadefamosos\"},\"url\":\"https:\/\/portaldoestado.com.br\/index.php\/author\/assessoriadefamosos\/\"}]}<\/script>\n<!-- \/ Yoast SEO plugin. -->","yoast_head_json":{"title":"Caso Hytalo Santos: Felca critica audi\u00eancia e chama sess\u00e3o de \u201ccirco com palha\u00e7os sem gra\u00e7a\u201d - Portal do Estado","robots":{"index":"index","follow":"follow","max-snippet":"max-snippet:-1","max-image-preview":"max-image-preview:large","max-video-preview":"max-video-preview:-1"},"canonical":"https:\/\/portaldoestado.com.br\/index.php\/2026\/01\/14\/caso-hytalo-santos-felca-critica-audiencia-e-chama-sessao-de-circo-com-palhacos-sem-graca\/","og_locale":"pt_BR","og_type":"article","og_title":"Caso Hytalo Santos: Felca critica audi\u00eancia e chama sess\u00e3o de \u201ccirco com palha\u00e7os sem gra\u00e7a\u201d - Portal do Estado","og_description":"Felca, influenciador que prestou depoimento como testemunha no caso Hytalo Santos, se pronunciou sobre sua participa\u00e7\u00e3o na audi\u00eancia e n\u00e3o poupou cr\u00edticas \u00e0 defesa. Em v\u00eddeo compartilhado nas redes sociais, ele relatou que sua inten\u00e7\u00e3o era colaborar com a Justi\u00e7a, mas se deparou com um clima confuso e ataques pessoais. \u201cEu queria ser perguntado o \u2026","og_url":"https:\/\/portaldoestado.com.br\/index.php\/2026\/01\/14\/caso-hytalo-santos-felca-critica-audiencia-e-chama-sessao-de-circo-com-palhacos-sem-graca\/","og_site_name":"Portal do Estado","article_published_time":"2026-01-14T15:23:28+00:00","og_image":[{"width":1200,"height":900,"url":"https:\/\/portaldoestado.com.br\/wp-content\/uploads\/2026\/01\/WhatsApp-Image-2026-01-13-at-12.34.52.jpeg","type":"image\/jpeg"}],"author":"assessoriadefamosos","twitter_card":"summary_large_image","twitter_misc":{"Escrito por":"assessoriadefamosos","Est. tempo de leitura":"2 minutos"},"schema":{"@context":"https:\/\/schema.org","@graph":[{"@type":"Article","@id":"https:\/\/portaldoestado.com.br\/index.php\/2026\/01\/14\/caso-hytalo-santos-felca-critica-audiencia-e-chama-sessao-de-circo-com-palhacos-sem-graca\/#article","isPartOf":{"@id":"https:\/\/portaldoestado.com.br\/index.php\/2026\/01\/14\/caso-hytalo-santos-felca-critica-audiencia-e-chama-sessao-de-circo-com-palhacos-sem-graca\/"},"author":{"name":"assessoriadefamosos","@id":"https:\/\/portaldoestado.com.br\/#\/schema\/person\/5ca0174f3c8c84b59da62ea14b698cb9"},"headline":"Caso Hytalo Santos: Felca critica audi\u00eancia e chama sess\u00e3o de \u201ccirco com palha\u00e7os sem gra\u00e7a\u201d","datePublished":"2026-01-14T15:23:28+00:00","mainEntityOfPage":{"@id":"https:\/\/portaldoestado.com.br\/index.php\/2026\/01\/14\/caso-hytalo-santos-felca-critica-audiencia-e-chama-sessao-de-circo-com-palhacos-sem-graca\/"},"wordCount":343,"publisher":{"@id":"https:\/\/portaldoestado.com.br\/#organization"},"image":{"@id":"https:\/\/portaldoestado.com.br\/index.php\/2026\/01\/14\/caso-hytalo-santos-felca-critica-audiencia-e-chama-sessao-de-circo-com-palhacos-sem-graca\/#primaryimage"},"thumbnailUrl":"https:\/\/portaldoestado.com.br\/wp-content\/uploads\/2026\/01\/WhatsApp-Image-2026-01-13-at-12.34.52.jpeg","articleSection":["Famosos"],"inLanguage":"pt-BR"},{"@type":"WebPage","@id":"https:\/\/portaldoestado.com.br\/index.php\/2026\/01\/14\/caso-hytalo-santos-felca-critica-audiencia-e-chama-sessao-de-circo-com-palhacos-sem-graca\/","url":"https:\/\/portaldoestado.com.br\/index.php\/2026\/01\/14\/caso-hytalo-santos-felca-critica-audiencia-e-chama-sessao-de-circo-com-palhacos-sem-graca\/","name":"Caso Hytalo Santos: Felca critica audi\u00eancia e chama sess\u00e3o de \u201ccirco com palha\u00e7os sem gra\u00e7a\u201d - Portal do Estado","isPartOf":{"@id":"https:\/\/portaldoestado.com.br\/#website"},"primaryImageOfPage":{"@id":"https:\/\/portaldoestado.com.br\/index.php\/2026\/01\/14\/caso-hytalo-santos-felca-critica-audiencia-e-chama-sessao-de-circo-com-palhacos-sem-graca\/#primaryimage"},"image":{"@id":"https:\/\/portaldoestado.com.br\/index.php\/2026\/01\/14\/caso-hytalo-santos-felca-critica-audiencia-e-chama-sessao-de-circo-com-palhacos-sem-graca\/#primaryimage"},"thumbnailUrl":"https:\/\/portaldoestado.com.br\/wp-content\/uploads\/2026\/01\/WhatsApp-Image-2026-01-13-at-12.34.52.jpeg","datePublished":"2026-01-14T15:23:28+00:00","breadcrumb":{"@id":"https:\/\/portaldoestado.com.br\/index.php\/2026\/01\/14\/caso-hytalo-santos-felca-critica-audiencia-e-chama-sessao-de-circo-com-palhacos-sem-graca\/#breadcrumb"},"inLanguage":"pt-BR","potentialAction":[{"@type":"ReadAction","target":["https:\/\/portaldoestado.com.br\/index.php\/2026\/01\/14\/caso-hytalo-santos-felca-critica-audiencia-e-chama-sessao-de-circo-com-palhacos-sem-graca\/"]}]},{"@type":"ImageObject","inLanguage":"pt-BR","@id":"https:\/\/portaldoestado.com.br\/index.php\/2026\/01\/14\/caso-hytalo-santos-felca-critica-audiencia-e-chama-sessao-de-circo-com-palhacos-sem-graca\/#primaryimage","url":"https:\/\/portaldoestado.com.br\/wp-content\/uploads\/2026\/01\/WhatsApp-Image-2026-01-13-at-12.34.52.jpeg","contentUrl":"https:\/\/portaldoestado.com.br\/wp-content\/uploads\/2026\/01\/WhatsApp-Image-2026-01-13-at-12.34.52.jpeg","width":1200,"height":900},{"@type":"BreadcrumbList","@id":"https:\/\/portaldoestado.com.br\/index.php\/2026\/01\/14\/caso-hytalo-santos-felca-critica-audiencia-e-chama-sessao-de-circo-com-palhacos-sem-graca\/#breadcrumb","itemListElement":[{"@type":"ListItem","position":1,"name":"In\u00edcio","item":"https:\/\/portaldoestado.com.br\/"},{"@type":"ListItem","position":2,"name":"Caso Hytalo Santos: Felca critica audi\u00eancia e chama sess\u00e3o de \u201ccirco com palha\u00e7os sem gra\u00e7a\u201d"}]},{"@type":"WebSite","@id":"https:\/\/portaldoestado.com.br\/#website","url":"https:\/\/portaldoestado.com.br\/","name":"Portal do Estado","description":"","publisher":{"@id":"https:\/\/portaldoestado.com.br\/#organization"},"potentialAction":[{"@type":"SearchAction","target":{"@type":"EntryPoint","urlTemplate":"https:\/\/portaldoestado.com.br\/?s={search_term_string}"},"query-input":{"@type":"PropertyValueSpecification","valueRequired":true,"valueName":"search_term_string"}}],"inLanguage":"pt-BR"},{"@type":"Organization","@id":"https:\/\/portaldoestado.com.br\/#organization","name":"Portal do Estado","url":"https:\/\/portaldoestado.com.br\/","logo":{"@type":"ImageObject","inLanguage":"pt-BR","@id":"https:\/\/portaldoestado.com.br\/#\/schema\/logo\/image\/","url":"https:\/\/portaldoestado.com.br\/wp-content\/uploads\/2025\/04\/cropped-6f69b19a-6472-43bf-b1b3-e1910bbbd4e8.png","contentUrl":"https:\/\/portaldoestado.com.br\/wp-content\/uploads\/2025\/04\/cropped-6f69b19a-6472-43bf-b1b3-e1910bbbd4e8.png","width":1024,"height":350,"caption":"Portal do Estado"},"image":{"@id":"https:\/\/portaldoestado.com.br\/#\/schema\/logo\/image\/"}},{"@type":"Person","@id":"https:\/\/portaldoestado.com.br\/#\/schema\/person\/5ca0174f3c8c84b59da62ea14b698cb9","name":"assessoriadefamosos","image":{"@type":"ImageObject","inLanguage":"pt-BR","@id":"https:\/\/portaldoestado.com.br\/#\/schema\/person\/image\/","url":"https:\/\/secure.gravatar.com\/avatar\/a7acbdffcfbbae7240e59f47fe511ec5f5d8c252c779f0b8d9ab02a9e1d8c5ed?s=96&d=mm&r=g","contentUrl":"https:\/\/secure.gravatar.com\/avatar\/a7acbdffcfbbae7240e59f47fe511ec5f5d8c252c779f0b8d9ab02a9e1d8c5ed?s=96&d=mm&r=g","caption":"assessoriadefamosos"},"url":"https:\/\/portaldoestado.com.br\/index.php\/author\/assessoriadefamosos\/"}]}},"jetpack_featured_media_url":"https:\/\/portaldoestado.com.br\/wp-content\/uploads\/2026\/01\/WhatsApp-Image-2026-01-13-at-12.34.52.jpeg","_links":{"self":[{"href":"https:\/\/portaldoestado.com.br\/index.php\/wp-json\/wp\/v2\/posts\/5653","targetHints":{"allow":["GET"]}}],"collection":[{"href":"https:\/\/portaldoestado.com.br\/index.php\/wp-json\/wp\/v2\/posts"}],"about":[{"href":"https:\/\/portaldoestado.com.br\/index.php\/wp-json\/wp\/v2\/types\/post"}],"author":[{"embeddable":true,"href":"https:\/\/portaldoestado.com.br\/index.php\/wp-json\/wp\/v2\/users\/2"}],"replies":[{"embeddable":true,"href":"https:\/\/portaldoestado.com.br\/index.php\/wp-json\/wp\/v2\/comments?post=5653"}],"version-history":[{"count":1,"href":"https:\/\/portaldoestado.com.br\/index.php\/wp-json\/wp\/v2\/posts\/5653\/revisions"}],"predecessor-version":[{"id":5654,"href":"https:\/\/portaldoestado.com.br\/index.php\/wp-json\/wp\/v2\/posts\/5653\/revisions\/5654"}],"wp:featuredmedia":[{"embeddable":true,"href":"https:\/\/portaldoestado.com.br\/index.php\/wp-json\/wp\/v2\/media\/5652"}],"wp:attachment":[{"href":"https:\/\/portaldoestado.com.br\/index.php\/wp-json\/wp\/v2\/media?parent=5653"}],"wp:term":[{"taxonomy":"category","embeddable":true,"href":"https:\/\/portaldoestado.com.br\/index.php\/wp-json\/wp\/v2\/categories?post=5653"},{"taxonomy":"post_tag","embeddable":true,"href":"https:\/\/portaldoestado.com.br\/index.php\/wp-json\/wp\/v2\/tags?post=5653"}],"curies":[{"name":"wp","href":"https:\/\/api.w.org\/{rel}","templated":true}]}}