{"id":5641,"date":"2026-01-14T15:03:42","date_gmt":"2026-01-14T15:03:42","guid":{"rendered":"https:\/\/portaldoestado.com.br\/?p=5641"},"modified":"2026-01-14T15:03:42","modified_gmt":"2026-01-14T15:03:42","slug":"sabrina-sato-celebra-mais-de-20-anos-de-carnaval-e-como-se-estivesse-debutando","status":"publish","type":"post","link":"https:\/\/portaldoestado.com.br\/index.php\/2026\/01\/14\/sabrina-sato-celebra-mais-de-20-anos-de-carnaval-e-como-se-estivesse-debutando\/","title":{"rendered":"Sabrina Sato celebra mais de 20 anos de Carnaval: \u201c\u00c9 como se estivesse debutando\u201d"},"content":{"rendered":"\n<p>Sabrina Sato, um dos nomes mais ic\u00f4nicos do Carnaval brasileiro, se prepara para mais uma maratona na avenida em 2026. Rainha de Bateria da Gavi\u00f5es da Fiel, em S\u00e3o Paulo, e da Unidos de Vila Isabel, no Rio de Janeiro, a apresentadora compartilhou nas redes sociais, nesta ter\u00e7a-feira (13\/1), a emo\u00e7\u00e3o de continuar \u00e0 frente das duas escolas.<\/p>\n\n\n\n<p>Com uma trajet\u00f3ria que come\u00e7ou em 2004, na Gavi\u00f5es da Fiel, um ano ap\u00f3s sua participa\u00e7\u00e3o no \u201cBBB3\u201d, e que se estende \u00e0 Vila Isabel desde 2011, Sabrina celebrou suas mais de duas d\u00e9cadas de folia. \u201cS\u00e3o 22 anos de Gavi\u00f5es \u2014 oito deles como Rainha da bateria Ritim\u00e3o \u2014 e 15 anos como Rainha da bateria da nossa Vila Isabel, na Swingueira de Noel. E me sinto como se estivesse debutando de tanta emo\u00e7\u00e3o e alegria. Vamos com tudo, Carnaval 2026!\u201d, escreveu.<\/p>\n\n\n\n<p>No registro compartilhado, a apresentadora aparece em ensaios de rua e na quadra das duas agremia\u00e7\u00f5es, transmitindo energia, alegria e paix\u00e3o pelo samba. Para este ano, a programa\u00e7\u00e3o prev\u00ea que ela desfile pela Gavi\u00f5es da Fiel no s\u00e1bado de Carnaval, 14 de fevereiro, e pela Vila Isabel na ter\u00e7a-feira, 17 de fevereiro, atravessando a Marqu\u00eas de Sapuca\u00ed.<\/p>\n\n\n\n<p>Sabrina tamb\u00e9m j\u00e1 enfrentou desafios com sua agenda dupla: em 2024, os hor\u00e1rios pr\u00f3ximos dos desfiles quase a impediriam de cumprir os compromissos com ambas as escolas. A solu\u00e7\u00e3o veio com a altera\u00e7\u00e3o da ordem do desfile da Gavi\u00f5es pela Liga-SP, permitindo que a apresentadora realizasse a ponte-a\u00e9rea entre S\u00e3o Paulo e Rio, e desfilasse ainda no Desfile das Campe\u00e3s, mesmo com hor\u00e1rios apertados.<\/p>\n\n\n\n<p>Com mais de 20 anos de Carnaval, Sabrina Sato continua mostrando que a emo\u00e7\u00e3o de brilhar na avenida permanece intacta, provando que paix\u00e3o e dedica\u00e7\u00e3o n\u00e3o t\u00eam idade.<\/p>\n","protected":false},"excerpt":{"rendered":"<p>Sabrina Sato, um dos nomes mais ic\u00f4nicos do Carnaval brasileiro, se prepara para mais uma maratona na avenida em 2026. Rainha de Bateria da Gavi\u00f5es da Fiel, em S\u00e3o Paulo, e da Unidos de Vila Isabel, no Rio de Janeiro, a apresentadora compartilhou nas redes sociais, nesta ter\u00e7a-feira (13\/1), a emo\u00e7\u00e3o de continuar \u00e0 frente \u2026<\/p>\n","protected":false},"author":2,"featured_media":5640,"comment_status":"closed","ping_status":"open","sticky":false,"template":"","format":"standard","meta":{"footnotes":""},"categories":[3],"tags":[],"class_list":["post-5641","post","type-post","status-publish","format-standard","has-post-thumbnail","hentry","category-famosos"],"yoast_head":"<!-- This site is optimized with the Yoast SEO plugin v25.5 - https:\/\/yoast.com\/wordpress\/plugins\/seo\/ -->\n<title>Sabrina Sato celebra mais de 20 anos de Carnaval: \u201c\u00c9 como se estivesse debutando\u201d - Portal do Estado<\/title>\n<meta name=\"robots\" content=\"index, follow, max-snippet:-1, max-image-preview:large, max-video-preview:-1\" \/>\n<link rel=\"canonical\" href=\"https:\/\/portaldoestado.com.br\/index.php\/2026\/01\/14\/sabrina-sato-celebra-mais-de-20-anos-de-carnaval-e-como-se-estivesse-debutando\/\" \/>\n<meta property=\"og:locale\" content=\"pt_BR\" \/>\n<meta property=\"og:type\" content=\"article\" \/>\n<meta property=\"og:title\" content=\"Sabrina Sato celebra mais de 20 anos de Carnaval: \u201c\u00c9 como se estivesse debutando\u201d - Portal do Estado\" \/>\n<meta property=\"og:description\" content=\"Sabrina Sato, um dos nomes mais ic\u00f4nicos do Carnaval brasileiro, se prepara para mais uma maratona na avenida em 2026. Rainha de Bateria da Gavi\u00f5es da Fiel, em S\u00e3o Paulo, e da Unidos de Vila Isabel, no Rio de Janeiro, a apresentadora compartilhou nas redes sociais, nesta ter\u00e7a-feira (13\/1), a emo\u00e7\u00e3o de continuar \u00e0 frente \u2026\" \/>\n<meta property=\"og:url\" content=\"https:\/\/portaldoestado.com.br\/index.php\/2026\/01\/14\/sabrina-sato-celebra-mais-de-20-anos-de-carnaval-e-como-se-estivesse-debutando\/\" \/>\n<meta property=\"og:site_name\" content=\"Portal do Estado\" \/>\n<meta property=\"article:published_time\" content=\"2026-01-14T15:03:42+00:00\" \/>\n<meta property=\"og:image\" content=\"https:\/\/portaldoestado.com.br\/wp-content\/uploads\/2026\/01\/foto-leo-dias-2026-01-14T040037.309.png\" \/>\n\t<meta property=\"og:image:width\" content=\"1200\" \/>\n\t<meta property=\"og:image:height\" content=\"900\" \/>\n\t<meta property=\"og:image:type\" content=\"image\/png\" \/>\n<meta name=\"author\" content=\"assessoriadefamosos\" \/>\n<meta name=\"twitter:card\" content=\"summary_large_image\" \/>\n<meta name=\"twitter:label1\" content=\"Escrito por\" \/>\n\t<meta name=\"twitter:data1\" content=\"assessoriadefamosos\" \/>\n\t<meta name=\"twitter:label2\" content=\"Est. tempo de leitura\" \/>\n\t<meta name=\"twitter:data2\" content=\"2 minutos\" \/>\n<script type=\"application\/ld+json\" class=\"yoast-schema-graph\">{\"@context\":\"https:\/\/schema.org\",\"@graph\":[{\"@type\":\"Article\",\"@id\":\"https:\/\/portaldoestado.com.br\/index.php\/2026\/01\/14\/sabrina-sato-celebra-mais-de-20-anos-de-carnaval-e-como-se-estivesse-debutando\/#article\",\"isPartOf\":{\"@id\":\"https:\/\/portaldoestado.com.br\/index.php\/2026\/01\/14\/sabrina-sato-celebra-mais-de-20-anos-de-carnaval-e-como-se-estivesse-debutando\/\"},\"author\":{\"name\":\"assessoriadefamosos\",\"@id\":\"https:\/\/portaldoestado.com.br\/#\/schema\/person\/5ca0174f3c8c84b59da62ea14b698cb9\"},\"headline\":\"Sabrina Sato celebra mais de 20 anos de Carnaval: \u201c\u00c9 como se estivesse debutando\u201d\",\"datePublished\":\"2026-01-14T15:03:42+00:00\",\"mainEntityOfPage\":{\"@id\":\"https:\/\/portaldoestado.com.br\/index.php\/2026\/01\/14\/sabrina-sato-celebra-mais-de-20-anos-de-carnaval-e-como-se-estivesse-debutando\/\"},\"wordCount\":324,\"publisher\":{\"@id\":\"https:\/\/portaldoestado.com.br\/#organization\"},\"image\":{\"@id\":\"https:\/\/portaldoestado.com.br\/index.php\/2026\/01\/14\/sabrina-sato-celebra-mais-de-20-anos-de-carnaval-e-como-se-estivesse-debutando\/#primaryimage\"},\"thumbnailUrl\":\"https:\/\/portaldoestado.com.br\/wp-content\/uploads\/2026\/01\/foto-leo-dias-2026-01-14T040037.309.png\",\"articleSection\":[\"Famosos\"],\"inLanguage\":\"pt-BR\"},{\"@type\":\"WebPage\",\"@id\":\"https:\/\/portaldoestado.com.br\/index.php\/2026\/01\/14\/sabrina-sato-celebra-mais-de-20-anos-de-carnaval-e-como-se-estivesse-debutando\/\",\"url\":\"https:\/\/portaldoestado.com.br\/index.php\/2026\/01\/14\/sabrina-sato-celebra-mais-de-20-anos-de-carnaval-e-como-se-estivesse-debutando\/\",\"name\":\"Sabrina Sato celebra mais de 20 anos de Carnaval: \u201c\u00c9 como se estivesse debutando\u201d - Portal do Estado\",\"isPartOf\":{\"@id\":\"https:\/\/portaldoestado.com.br\/#website\"},\"primaryImageOfPage\":{\"@id\":\"https:\/\/portaldoestado.com.br\/index.php\/2026\/01\/14\/sabrina-sato-celebra-mais-de-20-anos-de-carnaval-e-como-se-estivesse-debutando\/#primaryimage\"},\"image\":{\"@id\":\"https:\/\/portaldoestado.com.br\/index.php\/2026\/01\/14\/sabrina-sato-celebra-mais-de-20-anos-de-carnaval-e-como-se-estivesse-debutando\/#primaryimage\"},\"thumbnailUrl\":\"https:\/\/portaldoestado.com.br\/wp-content\/uploads\/2026\/01\/foto-leo-dias-2026-01-14T040037.309.png\",\"datePublished\":\"2026-01-14T15:03:42+00:00\",\"breadcrumb\":{\"@id\":\"https:\/\/portaldoestado.com.br\/index.php\/2026\/01\/14\/sabrina-sato-celebra-mais-de-20-anos-de-carnaval-e-como-se-estivesse-debutando\/#breadcrumb\"},\"inLanguage\":\"pt-BR\",\"potentialAction\":[{\"@type\":\"ReadAction\",\"target\":[\"https:\/\/portaldoestado.com.br\/index.php\/2026\/01\/14\/sabrina-sato-celebra-mais-de-20-anos-de-carnaval-e-como-se-estivesse-debutando\/\"]}]},{\"@type\":\"ImageObject\",\"inLanguage\":\"pt-BR\",\"@id\":\"https:\/\/portaldoestado.com.br\/index.php\/2026\/01\/14\/sabrina-sato-celebra-mais-de-20-anos-de-carnaval-e-como-se-estivesse-debutando\/#primaryimage\",\"url\":\"https:\/\/portaldoestado.com.br\/wp-content\/uploads\/2026\/01\/foto-leo-dias-2026-01-14T040037.309.png\",\"contentUrl\":\"https:\/\/portaldoestado.com.br\/wp-content\/uploads\/2026\/01\/foto-leo-dias-2026-01-14T040037.309.png\",\"width\":1200,\"height\":900},{\"@type\":\"BreadcrumbList\",\"@id\":\"https:\/\/portaldoestado.com.br\/index.php\/2026\/01\/14\/sabrina-sato-celebra-mais-de-20-anos-de-carnaval-e-como-se-estivesse-debutando\/#breadcrumb\",\"itemListElement\":[{\"@type\":\"ListItem\",\"position\":1,\"name\":\"In\u00edcio\",\"item\":\"https:\/\/portaldoestado.com.br\/\"},{\"@type\":\"ListItem\",\"position\":2,\"name\":\"Sabrina Sato celebra mais de 20 anos de Carnaval: \u201c\u00c9 como se estivesse debutando\u201d\"}]},{\"@type\":\"WebSite\",\"@id\":\"https:\/\/portaldoestado.com.br\/#website\",\"url\":\"https:\/\/portaldoestado.com.br\/\",\"name\":\"Portal do Estado\",\"description\":\"\",\"publisher\":{\"@id\":\"https:\/\/portaldoestado.com.br\/#organization\"},\"potentialAction\":[{\"@type\":\"SearchAction\",\"target\":{\"@type\":\"EntryPoint\",\"urlTemplate\":\"https:\/\/portaldoestado.com.br\/?s={search_term_string}\"},\"query-input\":{\"@type\":\"PropertyValueSpecification\",\"valueRequired\":true,\"valueName\":\"search_term_string\"}}],\"inLanguage\":\"pt-BR\"},{\"@type\":\"Organization\",\"@id\":\"https:\/\/portaldoestado.com.br\/#organization\",\"name\":\"Portal do Estado\",\"url\":\"https:\/\/portaldoestado.com.br\/\",\"logo\":{\"@type\":\"ImageObject\",\"inLanguage\":\"pt-BR\",\"@id\":\"https:\/\/portaldoestado.com.br\/#\/schema\/logo\/image\/\",\"url\":\"https:\/\/portaldoestado.com.br\/wp-content\/uploads\/2025\/04\/cropped-6f69b19a-6472-43bf-b1b3-e1910bbbd4e8.png\",\"contentUrl\":\"https:\/\/portaldoestado.com.br\/wp-content\/uploads\/2025\/04\/cropped-6f69b19a-6472-43bf-b1b3-e1910bbbd4e8.png\",\"width\":1024,\"height\":350,\"caption\":\"Portal do Estado\"},\"image\":{\"@id\":\"https:\/\/portaldoestado.com.br\/#\/schema\/logo\/image\/\"}},{\"@type\":\"Person\",\"@id\":\"https:\/\/portaldoestado.com.br\/#\/schema\/person\/5ca0174f3c8c84b59da62ea14b698cb9\",\"name\":\"assessoriadefamosos\",\"image\":{\"@type\":\"ImageObject\",\"inLanguage\":\"pt-BR\",\"@id\":\"https:\/\/portaldoestado.com.br\/#\/schema\/person\/image\/\",\"url\":\"https:\/\/secure.gravatar.com\/avatar\/a7acbdffcfbbae7240e59f47fe511ec5f5d8c252c779f0b8d9ab02a9e1d8c5ed?s=96&d=mm&r=g\",\"contentUrl\":\"https:\/\/secure.gravatar.com\/avatar\/a7acbdffcfbbae7240e59f47fe511ec5f5d8c252c779f0b8d9ab02a9e1d8c5ed?s=96&d=mm&r=g\",\"caption\":\"assessoriadefamosos\"},\"url\":\"https:\/\/portaldoestado.com.br\/index.php\/author\/assessoriadefamosos\/\"}]}<\/script>\n<!-- \/ Yoast SEO plugin. -->","yoast_head_json":{"title":"Sabrina Sato celebra mais de 20 anos de Carnaval: \u201c\u00c9 como se estivesse debutando\u201d - Portal do Estado","robots":{"index":"index","follow":"follow","max-snippet":"max-snippet:-1","max-image-preview":"max-image-preview:large","max-video-preview":"max-video-preview:-1"},"canonical":"https:\/\/portaldoestado.com.br\/index.php\/2026\/01\/14\/sabrina-sato-celebra-mais-de-20-anos-de-carnaval-e-como-se-estivesse-debutando\/","og_locale":"pt_BR","og_type":"article","og_title":"Sabrina Sato celebra mais de 20 anos de Carnaval: \u201c\u00c9 como se estivesse debutando\u201d - Portal do Estado","og_description":"Sabrina Sato, um dos nomes mais ic\u00f4nicos do Carnaval brasileiro, se prepara para mais uma maratona na avenida em 2026. Rainha de Bateria da Gavi\u00f5es da Fiel, em S\u00e3o Paulo, e da Unidos de Vila Isabel, no Rio de Janeiro, a apresentadora compartilhou nas redes sociais, nesta ter\u00e7a-feira (13\/1), a emo\u00e7\u00e3o de continuar \u00e0 frente \u2026","og_url":"https:\/\/portaldoestado.com.br\/index.php\/2026\/01\/14\/sabrina-sato-celebra-mais-de-20-anos-de-carnaval-e-como-se-estivesse-debutando\/","og_site_name":"Portal do Estado","article_published_time":"2026-01-14T15:03:42+00:00","og_image":[{"width":1200,"height":900,"url":"https:\/\/portaldoestado.com.br\/wp-content\/uploads\/2026\/01\/foto-leo-dias-2026-01-14T040037.309.png","type":"image\/png"}],"author":"assessoriadefamosos","twitter_card":"summary_large_image","twitter_misc":{"Escrito por":"assessoriadefamosos","Est. tempo de leitura":"2 minutos"},"schema":{"@context":"https:\/\/schema.org","@graph":[{"@type":"Article","@id":"https:\/\/portaldoestado.com.br\/index.php\/2026\/01\/14\/sabrina-sato-celebra-mais-de-20-anos-de-carnaval-e-como-se-estivesse-debutando\/#article","isPartOf":{"@id":"https:\/\/portaldoestado.com.br\/index.php\/2026\/01\/14\/sabrina-sato-celebra-mais-de-20-anos-de-carnaval-e-como-se-estivesse-debutando\/"},"author":{"name":"assessoriadefamosos","@id":"https:\/\/portaldoestado.com.br\/#\/schema\/person\/5ca0174f3c8c84b59da62ea14b698cb9"},"headline":"Sabrina Sato celebra mais de 20 anos de Carnaval: \u201c\u00c9 como se estivesse debutando\u201d","datePublished":"2026-01-14T15:03:42+00:00","mainEntityOfPage":{"@id":"https:\/\/portaldoestado.com.br\/index.php\/2026\/01\/14\/sabrina-sato-celebra-mais-de-20-anos-de-carnaval-e-como-se-estivesse-debutando\/"},"wordCount":324,"publisher":{"@id":"https:\/\/portaldoestado.com.br\/#organization"},"image":{"@id":"https:\/\/portaldoestado.com.br\/index.php\/2026\/01\/14\/sabrina-sato-celebra-mais-de-20-anos-de-carnaval-e-como-se-estivesse-debutando\/#primaryimage"},"thumbnailUrl":"https:\/\/portaldoestado.com.br\/wp-content\/uploads\/2026\/01\/foto-leo-dias-2026-01-14T040037.309.png","articleSection":["Famosos"],"inLanguage":"pt-BR"},{"@type":"WebPage","@id":"https:\/\/portaldoestado.com.br\/index.php\/2026\/01\/14\/sabrina-sato-celebra-mais-de-20-anos-de-carnaval-e-como-se-estivesse-debutando\/","url":"https:\/\/portaldoestado.com.br\/index.php\/2026\/01\/14\/sabrina-sato-celebra-mais-de-20-anos-de-carnaval-e-como-se-estivesse-debutando\/","name":"Sabrina Sato celebra mais de 20 anos de Carnaval: \u201c\u00c9 como se estivesse debutando\u201d - Portal do Estado","isPartOf":{"@id":"https:\/\/portaldoestado.com.br\/#website"},"primaryImageOfPage":{"@id":"https:\/\/portaldoestado.com.br\/index.php\/2026\/01\/14\/sabrina-sato-celebra-mais-de-20-anos-de-carnaval-e-como-se-estivesse-debutando\/#primaryimage"},"image":{"@id":"https:\/\/portaldoestado.com.br\/index.php\/2026\/01\/14\/sabrina-sato-celebra-mais-de-20-anos-de-carnaval-e-como-se-estivesse-debutando\/#primaryimage"},"thumbnailUrl":"https:\/\/portaldoestado.com.br\/wp-content\/uploads\/2026\/01\/foto-leo-dias-2026-01-14T040037.309.png","datePublished":"2026-01-14T15:03:42+00:00","breadcrumb":{"@id":"https:\/\/portaldoestado.com.br\/index.php\/2026\/01\/14\/sabrina-sato-celebra-mais-de-20-anos-de-carnaval-e-como-se-estivesse-debutando\/#breadcrumb"},"inLanguage":"pt-BR","potentialAction":[{"@type":"ReadAction","target":["https:\/\/portaldoestado.com.br\/index.php\/2026\/01\/14\/sabrina-sato-celebra-mais-de-20-anos-de-carnaval-e-como-se-estivesse-debutando\/"]}]},{"@type":"ImageObject","inLanguage":"pt-BR","@id":"https:\/\/portaldoestado.com.br\/index.php\/2026\/01\/14\/sabrina-sato-celebra-mais-de-20-anos-de-carnaval-e-como-se-estivesse-debutando\/#primaryimage","url":"https:\/\/portaldoestado.com.br\/wp-content\/uploads\/2026\/01\/foto-leo-dias-2026-01-14T040037.309.png","contentUrl":"https:\/\/portaldoestado.com.br\/wp-content\/uploads\/2026\/01\/foto-leo-dias-2026-01-14T040037.309.png","width":1200,"height":900},{"@type":"BreadcrumbList","@id":"https:\/\/portaldoestado.com.br\/index.php\/2026\/01\/14\/sabrina-sato-celebra-mais-de-20-anos-de-carnaval-e-como-se-estivesse-debutando\/#breadcrumb","itemListElement":[{"@type":"ListItem","position":1,"name":"In\u00edcio","item":"https:\/\/portaldoestado.com.br\/"},{"@type":"ListItem","position":2,"name":"Sabrina Sato celebra mais de 20 anos de Carnaval: \u201c\u00c9 como se estivesse debutando\u201d"}]},{"@type":"WebSite","@id":"https:\/\/portaldoestado.com.br\/#website","url":"https:\/\/portaldoestado.com.br\/","name":"Portal do Estado","description":"","publisher":{"@id":"https:\/\/portaldoestado.com.br\/#organization"},"potentialAction":[{"@type":"SearchAction","target":{"@type":"EntryPoint","urlTemplate":"https:\/\/portaldoestado.com.br\/?s={search_term_string}"},"query-input":{"@type":"PropertyValueSpecification","valueRequired":true,"valueName":"search_term_string"}}],"inLanguage":"pt-BR"},{"@type":"Organization","@id":"https:\/\/portaldoestado.com.br\/#organization","name":"Portal do Estado","url":"https:\/\/portaldoestado.com.br\/","logo":{"@type":"ImageObject","inLanguage":"pt-BR","@id":"https:\/\/portaldoestado.com.br\/#\/schema\/logo\/image\/","url":"https:\/\/portaldoestado.com.br\/wp-content\/uploads\/2025\/04\/cropped-6f69b19a-6472-43bf-b1b3-e1910bbbd4e8.png","contentUrl":"https:\/\/portaldoestado.com.br\/wp-content\/uploads\/2025\/04\/cropped-6f69b19a-6472-43bf-b1b3-e1910bbbd4e8.png","width":1024,"height":350,"caption":"Portal do Estado"},"image":{"@id":"https:\/\/portaldoestado.com.br\/#\/schema\/logo\/image\/"}},{"@type":"Person","@id":"https:\/\/portaldoestado.com.br\/#\/schema\/person\/5ca0174f3c8c84b59da62ea14b698cb9","name":"assessoriadefamosos","image":{"@type":"ImageObject","inLanguage":"pt-BR","@id":"https:\/\/portaldoestado.com.br\/#\/schema\/person\/image\/","url":"https:\/\/secure.gravatar.com\/avatar\/a7acbdffcfbbae7240e59f47fe511ec5f5d8c252c779f0b8d9ab02a9e1d8c5ed?s=96&d=mm&r=g","contentUrl":"https:\/\/secure.gravatar.com\/avatar\/a7acbdffcfbbae7240e59f47fe511ec5f5d8c252c779f0b8d9ab02a9e1d8c5ed?s=96&d=mm&r=g","caption":"assessoriadefamosos"},"url":"https:\/\/portaldoestado.com.br\/index.php\/author\/assessoriadefamosos\/"}]}},"jetpack_featured_media_url":"https:\/\/portaldoestado.com.br\/wp-content\/uploads\/2026\/01\/foto-leo-dias-2026-01-14T040037.309.png","_links":{"self":[{"href":"https:\/\/portaldoestado.com.br\/index.php\/wp-json\/wp\/v2\/posts\/5641","targetHints":{"allow":["GET"]}}],"collection":[{"href":"https:\/\/portaldoestado.com.br\/index.php\/wp-json\/wp\/v2\/posts"}],"about":[{"href":"https:\/\/portaldoestado.com.br\/index.php\/wp-json\/wp\/v2\/types\/post"}],"author":[{"embeddable":true,"href":"https:\/\/portaldoestado.com.br\/index.php\/wp-json\/wp\/v2\/users\/2"}],"replies":[{"embeddable":true,"href":"https:\/\/portaldoestado.com.br\/index.php\/wp-json\/wp\/v2\/comments?post=5641"}],"version-history":[{"count":1,"href":"https:\/\/portaldoestado.com.br\/index.php\/wp-json\/wp\/v2\/posts\/5641\/revisions"}],"predecessor-version":[{"id":5642,"href":"https:\/\/portaldoestado.com.br\/index.php\/wp-json\/wp\/v2\/posts\/5641\/revisions\/5642"}],"wp:featuredmedia":[{"embeddable":true,"href":"https:\/\/portaldoestado.com.br\/index.php\/wp-json\/wp\/v2\/media\/5640"}],"wp:attachment":[{"href":"https:\/\/portaldoestado.com.br\/index.php\/wp-json\/wp\/v2\/media?parent=5641"}],"wp:term":[{"taxonomy":"category","embeddable":true,"href":"https:\/\/portaldoestado.com.br\/index.php\/wp-json\/wp\/v2\/categories?post=5641"},{"taxonomy":"post_tag","embeddable":true,"href":"https:\/\/portaldoestado.com.br\/index.php\/wp-json\/wp\/v2\/tags?post=5641"}],"curies":[{"name":"wp","href":"https:\/\/api.w.org\/{rel}","templated":true}]}}