{"id":5638,"date":"2026-01-14T14:59:27","date_gmt":"2026-01-14T14:59:27","guid":{"rendered":"https:\/\/portaldoestado.com.br\/?p=5638"},"modified":"2026-01-14T14:59:27","modified_gmt":"2026-01-14T14:59:27","slug":"camila-queiroz-e-klebber-toledo-celebram-1o-mesversario-de-clara-com-declaracao-emocionante","status":"publish","type":"post","link":"https:\/\/portaldoestado.com.br\/index.php\/2026\/01\/14\/camila-queiroz-e-klebber-toledo-celebram-1o-mesversario-de-clara-com-declaracao-emocionante\/","title":{"rendered":"Camila Queiroz e Klebber Toledo celebram 1\u00ba mesvers\u00e1rio de Clara com declara\u00e7\u00e3o emocionante"},"content":{"rendered":"\n<p>Camila Queiroz e Klebber Toledo comemoraram, nesta ter\u00e7a-feira (13\/1), o primeiro m\u00eas de vida da filha, Clara. Para marcar a data especial, o casal publicou um v\u00eddeo delicado nas redes sociais, mas manteve a escolha de preservar a privacidade da beb\u00ea, sem revelar seu rostinho.<\/p>\n\n\n\n<p>Nas imagens, Clara aparece deitada de lado, em um cen\u00e1rio simples e carinhoso, com um pequeno bolo e um bal\u00e3o com o n\u00famero 1. Na legenda, os atores falaram sobre o impacto da chegada da filha em suas vidas. Segundo eles, a experi\u00eancia da parentalidade trouxe um sentimento novo e profundo, dif\u00edcil de ser traduzido em palavras.<\/p>\n\n\n\n<p>Camila e Klebber tamb\u00e9m descreveram momentos \u00edntimos da rotina com a rec\u00e9m-nascida, destacando a admira\u00e7\u00e3o por cada detalhe. O casal contou que passa longos per\u00edodos observando a filha enquanto ela dorme, encantado com seus gestos, sons e caracter\u00edsticas \u00fanicas. Para os dois, ser pai e m\u00e3e de Clara representa o maior e mais importante papel que j\u00e1 viveram.<\/p>\n\n\n\n<p>Ao final da homenagem, eles refor\u00e7aram o amor pela pequena e afirmaram que a vida ganhou um novo significado desde sua chegada. A publica\u00e7\u00e3o foi recebida com carinho por amigos e colegas famosos, que deixaram mensagens de afeto e felicita\u00e7\u00f5es ao casal.<\/p>\n\n\n\n<p>Juntos desde 2016, quando se conheceram durante as grava\u00e7\u00f5es de <em>\u00cata Mundo Bom!<\/em>, Camila Queiroz e Klebber Toledo oficializaram a uni\u00e3o em 2018, em uma cerim\u00f4nia realizada em Jericoacoara, no Cear\u00e1. A gravidez foi anunciada em julho do ano passado, e Clara nasceu em 13 de dezembro, completando um m\u00eas cercada de amor e discri\u00e7\u00e3o.<\/p>\n","protected":false},"excerpt":{"rendered":"<p>Camila Queiroz e Klebber Toledo comemoraram, nesta ter\u00e7a-feira (13\/1), o primeiro m\u00eas de vida da filha, Clara. Para marcar a data especial, o casal publicou um v\u00eddeo delicado nas redes sociais, mas manteve a escolha de preservar a privacidade da beb\u00ea, sem revelar seu rostinho. Nas imagens, Clara aparece deitada de lado, em um cen\u00e1rio \u2026<\/p>\n","protected":false},"author":2,"featured_media":5637,"comment_status":"closed","ping_status":"open","sticky":false,"template":"","format":"standard","meta":{"footnotes":""},"categories":[3],"tags":[],"class_list":["post-5638","post","type-post","status-publish","format-standard","has-post-thumbnail","hentry","category-famosos"],"yoast_head":"<!-- This site is optimized with the Yoast SEO plugin v25.5 - https:\/\/yoast.com\/wordpress\/plugins\/seo\/ -->\n<title>Camila Queiroz e Klebber Toledo celebram 1\u00ba mesvers\u00e1rio de Clara com declara\u00e7\u00e3o emocionante - Portal do Estado<\/title>\n<meta name=\"robots\" content=\"index, follow, max-snippet:-1, max-image-preview:large, max-video-preview:-1\" \/>\n<link rel=\"canonical\" href=\"https:\/\/portaldoestado.com.br\/index.php\/2026\/01\/14\/camila-queiroz-e-klebber-toledo-celebram-1o-mesversario-de-clara-com-declaracao-emocionante\/\" \/>\n<meta property=\"og:locale\" content=\"pt_BR\" \/>\n<meta property=\"og:type\" content=\"article\" \/>\n<meta property=\"og:title\" content=\"Camila Queiroz e Klebber Toledo celebram 1\u00ba mesvers\u00e1rio de Clara com declara\u00e7\u00e3o emocionante - Portal do Estado\" \/>\n<meta property=\"og:description\" content=\"Camila Queiroz e Klebber Toledo comemoraram, nesta ter\u00e7a-feira (13\/1), o primeiro m\u00eas de vida da filha, Clara. Para marcar a data especial, o casal publicou um v\u00eddeo delicado nas redes sociais, mas manteve a escolha de preservar a privacidade da beb\u00ea, sem revelar seu rostinho. Nas imagens, Clara aparece deitada de lado, em um cen\u00e1rio \u2026\" \/>\n<meta property=\"og:url\" content=\"https:\/\/portaldoestado.com.br\/index.php\/2026\/01\/14\/camila-queiroz-e-klebber-toledo-celebram-1o-mesversario-de-clara-com-declaracao-emocionante\/\" \/>\n<meta property=\"og:site_name\" content=\"Portal do Estado\" \/>\n<meta property=\"article:published_time\" content=\"2026-01-14T14:59:27+00:00\" \/>\n<meta property=\"og:image\" content=\"https:\/\/portaldoestado.com.br\/wp-content\/uploads\/2026\/01\/foto-leo-dias-2026-01-13T230611.665.png\" \/>\n\t<meta property=\"og:image:width\" content=\"1200\" \/>\n\t<meta property=\"og:image:height\" content=\"900\" \/>\n\t<meta property=\"og:image:type\" content=\"image\/png\" \/>\n<meta name=\"author\" content=\"assessoriadefamosos\" \/>\n<meta name=\"twitter:card\" content=\"summary_large_image\" \/>\n<meta name=\"twitter:label1\" content=\"Escrito por\" \/>\n\t<meta name=\"twitter:data1\" content=\"assessoriadefamosos\" \/>\n\t<meta name=\"twitter:label2\" content=\"Est. tempo de leitura\" \/>\n\t<meta name=\"twitter:data2\" content=\"1 minuto\" \/>\n<script type=\"application\/ld+json\" class=\"yoast-schema-graph\">{\"@context\":\"https:\/\/schema.org\",\"@graph\":[{\"@type\":\"Article\",\"@id\":\"https:\/\/portaldoestado.com.br\/index.php\/2026\/01\/14\/camila-queiroz-e-klebber-toledo-celebram-1o-mesversario-de-clara-com-declaracao-emocionante\/#article\",\"isPartOf\":{\"@id\":\"https:\/\/portaldoestado.com.br\/index.php\/2026\/01\/14\/camila-queiroz-e-klebber-toledo-celebram-1o-mesversario-de-clara-com-declaracao-emocionante\/\"},\"author\":{\"name\":\"assessoriadefamosos\",\"@id\":\"https:\/\/portaldoestado.com.br\/#\/schema\/person\/5ca0174f3c8c84b59da62ea14b698cb9\"},\"headline\":\"Camila Queiroz e Klebber Toledo celebram 1\u00ba mesvers\u00e1rio de Clara com declara\u00e7\u00e3o emocionante\",\"datePublished\":\"2026-01-14T14:59:27+00:00\",\"mainEntityOfPage\":{\"@id\":\"https:\/\/portaldoestado.com.br\/index.php\/2026\/01\/14\/camila-queiroz-e-klebber-toledo-celebram-1o-mesversario-de-clara-com-declaracao-emocionante\/\"},\"wordCount\":288,\"publisher\":{\"@id\":\"https:\/\/portaldoestado.com.br\/#organization\"},\"image\":{\"@id\":\"https:\/\/portaldoestado.com.br\/index.php\/2026\/01\/14\/camila-queiroz-e-klebber-toledo-celebram-1o-mesversario-de-clara-com-declaracao-emocionante\/#primaryimage\"},\"thumbnailUrl\":\"https:\/\/portaldoestado.com.br\/wp-content\/uploads\/2026\/01\/foto-leo-dias-2026-01-13T230611.665.png\",\"articleSection\":[\"Famosos\"],\"inLanguage\":\"pt-BR\"},{\"@type\":\"WebPage\",\"@id\":\"https:\/\/portaldoestado.com.br\/index.php\/2026\/01\/14\/camila-queiroz-e-klebber-toledo-celebram-1o-mesversario-de-clara-com-declaracao-emocionante\/\",\"url\":\"https:\/\/portaldoestado.com.br\/index.php\/2026\/01\/14\/camila-queiroz-e-klebber-toledo-celebram-1o-mesversario-de-clara-com-declaracao-emocionante\/\",\"name\":\"Camila Queiroz e Klebber Toledo celebram 1\u00ba mesvers\u00e1rio de Clara com declara\u00e7\u00e3o emocionante - Portal do Estado\",\"isPartOf\":{\"@id\":\"https:\/\/portaldoestado.com.br\/#website\"},\"primaryImageOfPage\":{\"@id\":\"https:\/\/portaldoestado.com.br\/index.php\/2026\/01\/14\/camila-queiroz-e-klebber-toledo-celebram-1o-mesversario-de-clara-com-declaracao-emocionante\/#primaryimage\"},\"image\":{\"@id\":\"https:\/\/portaldoestado.com.br\/index.php\/2026\/01\/14\/camila-queiroz-e-klebber-toledo-celebram-1o-mesversario-de-clara-com-declaracao-emocionante\/#primaryimage\"},\"thumbnailUrl\":\"https:\/\/portaldoestado.com.br\/wp-content\/uploads\/2026\/01\/foto-leo-dias-2026-01-13T230611.665.png\",\"datePublished\":\"2026-01-14T14:59:27+00:00\",\"breadcrumb\":{\"@id\":\"https:\/\/portaldoestado.com.br\/index.php\/2026\/01\/14\/camila-queiroz-e-klebber-toledo-celebram-1o-mesversario-de-clara-com-declaracao-emocionante\/#breadcrumb\"},\"inLanguage\":\"pt-BR\",\"potentialAction\":[{\"@type\":\"ReadAction\",\"target\":[\"https:\/\/portaldoestado.com.br\/index.php\/2026\/01\/14\/camila-queiroz-e-klebber-toledo-celebram-1o-mesversario-de-clara-com-declaracao-emocionante\/\"]}]},{\"@type\":\"ImageObject\",\"inLanguage\":\"pt-BR\",\"@id\":\"https:\/\/portaldoestado.com.br\/index.php\/2026\/01\/14\/camila-queiroz-e-klebber-toledo-celebram-1o-mesversario-de-clara-com-declaracao-emocionante\/#primaryimage\",\"url\":\"https:\/\/portaldoestado.com.br\/wp-content\/uploads\/2026\/01\/foto-leo-dias-2026-01-13T230611.665.png\",\"contentUrl\":\"https:\/\/portaldoestado.com.br\/wp-content\/uploads\/2026\/01\/foto-leo-dias-2026-01-13T230611.665.png\",\"width\":1200,\"height\":900},{\"@type\":\"BreadcrumbList\",\"@id\":\"https:\/\/portaldoestado.com.br\/index.php\/2026\/01\/14\/camila-queiroz-e-klebber-toledo-celebram-1o-mesversario-de-clara-com-declaracao-emocionante\/#breadcrumb\",\"itemListElement\":[{\"@type\":\"ListItem\",\"position\":1,\"name\":\"In\u00edcio\",\"item\":\"https:\/\/portaldoestado.com.br\/\"},{\"@type\":\"ListItem\",\"position\":2,\"name\":\"Camila Queiroz e Klebber Toledo celebram 1\u00ba mesvers\u00e1rio de Clara com declara\u00e7\u00e3o emocionante\"}]},{\"@type\":\"WebSite\",\"@id\":\"https:\/\/portaldoestado.com.br\/#website\",\"url\":\"https:\/\/portaldoestado.com.br\/\",\"name\":\"Portal do Estado\",\"description\":\"\",\"publisher\":{\"@id\":\"https:\/\/portaldoestado.com.br\/#organization\"},\"potentialAction\":[{\"@type\":\"SearchAction\",\"target\":{\"@type\":\"EntryPoint\",\"urlTemplate\":\"https:\/\/portaldoestado.com.br\/?s={search_term_string}\"},\"query-input\":{\"@type\":\"PropertyValueSpecification\",\"valueRequired\":true,\"valueName\":\"search_term_string\"}}],\"inLanguage\":\"pt-BR\"},{\"@type\":\"Organization\",\"@id\":\"https:\/\/portaldoestado.com.br\/#organization\",\"name\":\"Portal do Estado\",\"url\":\"https:\/\/portaldoestado.com.br\/\",\"logo\":{\"@type\":\"ImageObject\",\"inLanguage\":\"pt-BR\",\"@id\":\"https:\/\/portaldoestado.com.br\/#\/schema\/logo\/image\/\",\"url\":\"https:\/\/portaldoestado.com.br\/wp-content\/uploads\/2025\/04\/cropped-6f69b19a-6472-43bf-b1b3-e1910bbbd4e8.png\",\"contentUrl\":\"https:\/\/portaldoestado.com.br\/wp-content\/uploads\/2025\/04\/cropped-6f69b19a-6472-43bf-b1b3-e1910bbbd4e8.png\",\"width\":1024,\"height\":350,\"caption\":\"Portal do Estado\"},\"image\":{\"@id\":\"https:\/\/portaldoestado.com.br\/#\/schema\/logo\/image\/\"}},{\"@type\":\"Person\",\"@id\":\"https:\/\/portaldoestado.com.br\/#\/schema\/person\/5ca0174f3c8c84b59da62ea14b698cb9\",\"name\":\"assessoriadefamosos\",\"image\":{\"@type\":\"ImageObject\",\"inLanguage\":\"pt-BR\",\"@id\":\"https:\/\/portaldoestado.com.br\/#\/schema\/person\/image\/\",\"url\":\"https:\/\/secure.gravatar.com\/avatar\/a7acbdffcfbbae7240e59f47fe511ec5f5d8c252c779f0b8d9ab02a9e1d8c5ed?s=96&d=mm&r=g\",\"contentUrl\":\"https:\/\/secure.gravatar.com\/avatar\/a7acbdffcfbbae7240e59f47fe511ec5f5d8c252c779f0b8d9ab02a9e1d8c5ed?s=96&d=mm&r=g\",\"caption\":\"assessoriadefamosos\"},\"url\":\"https:\/\/portaldoestado.com.br\/index.php\/author\/assessoriadefamosos\/\"}]}<\/script>\n<!-- \/ Yoast SEO plugin. -->","yoast_head_json":{"title":"Camila Queiroz e Klebber Toledo celebram 1\u00ba mesvers\u00e1rio de Clara com declara\u00e7\u00e3o emocionante - Portal do Estado","robots":{"index":"index","follow":"follow","max-snippet":"max-snippet:-1","max-image-preview":"max-image-preview:large","max-video-preview":"max-video-preview:-1"},"canonical":"https:\/\/portaldoestado.com.br\/index.php\/2026\/01\/14\/camila-queiroz-e-klebber-toledo-celebram-1o-mesversario-de-clara-com-declaracao-emocionante\/","og_locale":"pt_BR","og_type":"article","og_title":"Camila Queiroz e Klebber Toledo celebram 1\u00ba mesvers\u00e1rio de Clara com declara\u00e7\u00e3o emocionante - Portal do Estado","og_description":"Camila Queiroz e Klebber Toledo comemoraram, nesta ter\u00e7a-feira (13\/1), o primeiro m\u00eas de vida da filha, Clara. Para marcar a data especial, o casal publicou um v\u00eddeo delicado nas redes sociais, mas manteve a escolha de preservar a privacidade da beb\u00ea, sem revelar seu rostinho. Nas imagens, Clara aparece deitada de lado, em um cen\u00e1rio \u2026","og_url":"https:\/\/portaldoestado.com.br\/index.php\/2026\/01\/14\/camila-queiroz-e-klebber-toledo-celebram-1o-mesversario-de-clara-com-declaracao-emocionante\/","og_site_name":"Portal do Estado","article_published_time":"2026-01-14T14:59:27+00:00","og_image":[{"width":1200,"height":900,"url":"https:\/\/portaldoestado.com.br\/wp-content\/uploads\/2026\/01\/foto-leo-dias-2026-01-13T230611.665.png","type":"image\/png"}],"author":"assessoriadefamosos","twitter_card":"summary_large_image","twitter_misc":{"Escrito por":"assessoriadefamosos","Est. tempo de leitura":"1 minuto"},"schema":{"@context":"https:\/\/schema.org","@graph":[{"@type":"Article","@id":"https:\/\/portaldoestado.com.br\/index.php\/2026\/01\/14\/camila-queiroz-e-klebber-toledo-celebram-1o-mesversario-de-clara-com-declaracao-emocionante\/#article","isPartOf":{"@id":"https:\/\/portaldoestado.com.br\/index.php\/2026\/01\/14\/camila-queiroz-e-klebber-toledo-celebram-1o-mesversario-de-clara-com-declaracao-emocionante\/"},"author":{"name":"assessoriadefamosos","@id":"https:\/\/portaldoestado.com.br\/#\/schema\/person\/5ca0174f3c8c84b59da62ea14b698cb9"},"headline":"Camila Queiroz e Klebber Toledo celebram 1\u00ba mesvers\u00e1rio de Clara com declara\u00e7\u00e3o emocionante","datePublished":"2026-01-14T14:59:27+00:00","mainEntityOfPage":{"@id":"https:\/\/portaldoestado.com.br\/index.php\/2026\/01\/14\/camila-queiroz-e-klebber-toledo-celebram-1o-mesversario-de-clara-com-declaracao-emocionante\/"},"wordCount":288,"publisher":{"@id":"https:\/\/portaldoestado.com.br\/#organization"},"image":{"@id":"https:\/\/portaldoestado.com.br\/index.php\/2026\/01\/14\/camila-queiroz-e-klebber-toledo-celebram-1o-mesversario-de-clara-com-declaracao-emocionante\/#primaryimage"},"thumbnailUrl":"https:\/\/portaldoestado.com.br\/wp-content\/uploads\/2026\/01\/foto-leo-dias-2026-01-13T230611.665.png","articleSection":["Famosos"],"inLanguage":"pt-BR"},{"@type":"WebPage","@id":"https:\/\/portaldoestado.com.br\/index.php\/2026\/01\/14\/camila-queiroz-e-klebber-toledo-celebram-1o-mesversario-de-clara-com-declaracao-emocionante\/","url":"https:\/\/portaldoestado.com.br\/index.php\/2026\/01\/14\/camila-queiroz-e-klebber-toledo-celebram-1o-mesversario-de-clara-com-declaracao-emocionante\/","name":"Camila Queiroz e Klebber Toledo celebram 1\u00ba mesvers\u00e1rio de Clara com declara\u00e7\u00e3o emocionante - Portal do Estado","isPartOf":{"@id":"https:\/\/portaldoestado.com.br\/#website"},"primaryImageOfPage":{"@id":"https:\/\/portaldoestado.com.br\/index.php\/2026\/01\/14\/camila-queiroz-e-klebber-toledo-celebram-1o-mesversario-de-clara-com-declaracao-emocionante\/#primaryimage"},"image":{"@id":"https:\/\/portaldoestado.com.br\/index.php\/2026\/01\/14\/camila-queiroz-e-klebber-toledo-celebram-1o-mesversario-de-clara-com-declaracao-emocionante\/#primaryimage"},"thumbnailUrl":"https:\/\/portaldoestado.com.br\/wp-content\/uploads\/2026\/01\/foto-leo-dias-2026-01-13T230611.665.png","datePublished":"2026-01-14T14:59:27+00:00","breadcrumb":{"@id":"https:\/\/portaldoestado.com.br\/index.php\/2026\/01\/14\/camila-queiroz-e-klebber-toledo-celebram-1o-mesversario-de-clara-com-declaracao-emocionante\/#breadcrumb"},"inLanguage":"pt-BR","potentialAction":[{"@type":"ReadAction","target":["https:\/\/portaldoestado.com.br\/index.php\/2026\/01\/14\/camila-queiroz-e-klebber-toledo-celebram-1o-mesversario-de-clara-com-declaracao-emocionante\/"]}]},{"@type":"ImageObject","inLanguage":"pt-BR","@id":"https:\/\/portaldoestado.com.br\/index.php\/2026\/01\/14\/camila-queiroz-e-klebber-toledo-celebram-1o-mesversario-de-clara-com-declaracao-emocionante\/#primaryimage","url":"https:\/\/portaldoestado.com.br\/wp-content\/uploads\/2026\/01\/foto-leo-dias-2026-01-13T230611.665.png","contentUrl":"https:\/\/portaldoestado.com.br\/wp-content\/uploads\/2026\/01\/foto-leo-dias-2026-01-13T230611.665.png","width":1200,"height":900},{"@type":"BreadcrumbList","@id":"https:\/\/portaldoestado.com.br\/index.php\/2026\/01\/14\/camila-queiroz-e-klebber-toledo-celebram-1o-mesversario-de-clara-com-declaracao-emocionante\/#breadcrumb","itemListElement":[{"@type":"ListItem","position":1,"name":"In\u00edcio","item":"https:\/\/portaldoestado.com.br\/"},{"@type":"ListItem","position":2,"name":"Camila Queiroz e Klebber Toledo celebram 1\u00ba mesvers\u00e1rio de Clara com declara\u00e7\u00e3o emocionante"}]},{"@type":"WebSite","@id":"https:\/\/portaldoestado.com.br\/#website","url":"https:\/\/portaldoestado.com.br\/","name":"Portal do Estado","description":"","publisher":{"@id":"https:\/\/portaldoestado.com.br\/#organization"},"potentialAction":[{"@type":"SearchAction","target":{"@type":"EntryPoint","urlTemplate":"https:\/\/portaldoestado.com.br\/?s={search_term_string}"},"query-input":{"@type":"PropertyValueSpecification","valueRequired":true,"valueName":"search_term_string"}}],"inLanguage":"pt-BR"},{"@type":"Organization","@id":"https:\/\/portaldoestado.com.br\/#organization","name":"Portal do Estado","url":"https:\/\/portaldoestado.com.br\/","logo":{"@type":"ImageObject","inLanguage":"pt-BR","@id":"https:\/\/portaldoestado.com.br\/#\/schema\/logo\/image\/","url":"https:\/\/portaldoestado.com.br\/wp-content\/uploads\/2025\/04\/cropped-6f69b19a-6472-43bf-b1b3-e1910bbbd4e8.png","contentUrl":"https:\/\/portaldoestado.com.br\/wp-content\/uploads\/2025\/04\/cropped-6f69b19a-6472-43bf-b1b3-e1910bbbd4e8.png","width":1024,"height":350,"caption":"Portal do Estado"},"image":{"@id":"https:\/\/portaldoestado.com.br\/#\/schema\/logo\/image\/"}},{"@type":"Person","@id":"https:\/\/portaldoestado.com.br\/#\/schema\/person\/5ca0174f3c8c84b59da62ea14b698cb9","name":"assessoriadefamosos","image":{"@type":"ImageObject","inLanguage":"pt-BR","@id":"https:\/\/portaldoestado.com.br\/#\/schema\/person\/image\/","url":"https:\/\/secure.gravatar.com\/avatar\/a7acbdffcfbbae7240e59f47fe511ec5f5d8c252c779f0b8d9ab02a9e1d8c5ed?s=96&d=mm&r=g","contentUrl":"https:\/\/secure.gravatar.com\/avatar\/a7acbdffcfbbae7240e59f47fe511ec5f5d8c252c779f0b8d9ab02a9e1d8c5ed?s=96&d=mm&r=g","caption":"assessoriadefamosos"},"url":"https:\/\/portaldoestado.com.br\/index.php\/author\/assessoriadefamosos\/"}]}},"jetpack_featured_media_url":"https:\/\/portaldoestado.com.br\/wp-content\/uploads\/2026\/01\/foto-leo-dias-2026-01-13T230611.665.png","_links":{"self":[{"href":"https:\/\/portaldoestado.com.br\/index.php\/wp-json\/wp\/v2\/posts\/5638","targetHints":{"allow":["GET"]}}],"collection":[{"href":"https:\/\/portaldoestado.com.br\/index.php\/wp-json\/wp\/v2\/posts"}],"about":[{"href":"https:\/\/portaldoestado.com.br\/index.php\/wp-json\/wp\/v2\/types\/post"}],"author":[{"embeddable":true,"href":"https:\/\/portaldoestado.com.br\/index.php\/wp-json\/wp\/v2\/users\/2"}],"replies":[{"embeddable":true,"href":"https:\/\/portaldoestado.com.br\/index.php\/wp-json\/wp\/v2\/comments?post=5638"}],"version-history":[{"count":1,"href":"https:\/\/portaldoestado.com.br\/index.php\/wp-json\/wp\/v2\/posts\/5638\/revisions"}],"predecessor-version":[{"id":5639,"href":"https:\/\/portaldoestado.com.br\/index.php\/wp-json\/wp\/v2\/posts\/5638\/revisions\/5639"}],"wp:featuredmedia":[{"embeddable":true,"href":"https:\/\/portaldoestado.com.br\/index.php\/wp-json\/wp\/v2\/media\/5637"}],"wp:attachment":[{"href":"https:\/\/portaldoestado.com.br\/index.php\/wp-json\/wp\/v2\/media?parent=5638"}],"wp:term":[{"taxonomy":"category","embeddable":true,"href":"https:\/\/portaldoestado.com.br\/index.php\/wp-json\/wp\/v2\/categories?post=5638"},{"taxonomy":"post_tag","embeddable":true,"href":"https:\/\/portaldoestado.com.br\/index.php\/wp-json\/wp\/v2\/tags?post=5638"}],"curies":[{"name":"wp","href":"https:\/\/api.w.org\/{rel}","templated":true}]}}