{"id":5632,"date":"2026-01-14T03:45:25","date_gmt":"2026-01-14T03:45:25","guid":{"rendered":"https:\/\/portaldoestado.com.br\/?p=5632"},"modified":"2026-01-14T03:45:25","modified_gmt":"2026-01-14T03:45:25","slug":"lei-da-influencia-acelera-virada-no-marketing-digital-avalia-marcelo-calone","status":"publish","type":"post","link":"https:\/\/portaldoestado.com.br\/index.php\/2026\/01\/14\/lei-da-influencia-acelera-virada-no-marketing-digital-avalia-marcelo-calone\/","title":{"rendered":"Lei da influ\u00eancia acelera virada no marketing digital, avalia Marcelo Calone"},"content":{"rendered":"\n<p>O marketing de influ\u00eancia entrou oficialmente em um novo cap\u00edtulo no Brasil. A regulamenta\u00e7\u00e3o da atividade de profissionais multim\u00eddia, sancionada no in\u00edcio de 2026, provocou uma rea\u00e7\u00e3o imediata no mercado digital. Contratos est\u00e3o sendo revisados, campanhas reavaliadas e criadores de conte\u00fado passaram a buscar orienta\u00e7\u00e3o jur\u00eddica para se adequar \u00e0s novas regras.<\/p>\n\n\n\n<p>A legisla\u00e7\u00e3o estabelece par\u00e2metros para quem atua em redes sociais, plataformas de streaming e produ\u00e7\u00e3o audiovisual, trazendo exig\u00eancias relacionadas \u00e0 transpar\u00eancia publicit\u00e1ria, responsabilidade sobre conte\u00fado e prote\u00e7\u00e3o de dados. O impacto mais vis\u00edvel \u00e9 a redu\u00e7\u00e3o de a\u00e7\u00f5es feitas sem planejamento ou crit\u00e9rios claros.<\/p>\n\n\n\n<p>Para Marcelo Calone, gestor de marcas, m\u00eddias e personalidades e CEO do Grupo CALONE\u00ae\ufe0f, o cen\u00e1rio representa uma mudan\u00e7a natural de um mercado que cresceu r\u00e1pido demais.<\/p>\n\n\n\n<p>\u201cO digital se profissionalizou, mas a estrutura jur\u00eddica ficou para tr\u00e1s por muito tempo. Agora, o mercado precisa alinhar criatividade com responsabilidade. N\u00e3o \u00e9 um freio, \u00e9 um ajuste\u201d, analisa.<\/p>\n\n\n\n<p><strong>Atua\u00e7\u00e3o t\u00e9cnica nos bastidores<\/strong><\/p>\n\n\n\n<p>Al\u00e9m de acompanhar o tema como executivo do setor, Calone participou ativamente das discuss\u00f5es em Bras\u00edlia. Ap\u00f3s o reconhecimento nacional da tecnologia DBIPro\u00ae\ufe0f \u2014 um protocolo de intelig\u00eancia de dados comportamentais desenvolvido pelo Grupo CALONE \u2014 ele apresentou ao Congresso um estudo t\u00e9cnico sobre impacto social e engajamento no ambiente digital.<\/p>\n\n\n\n<p>\u201cOs n\u00fameros mostram que influ\u00eancia n\u00e3o \u00e9 apenas comunica\u00e7\u00e3o, \u00e9 forma\u00e7\u00e3o de comportamento. Quando isso fica evidente, a necessidade de regras se torna incontest\u00e1vel\u201d, explica.<\/p>\n\n\n\n<p><strong>Novo padr\u00e3o para marcas e influenciadores<\/strong><\/p>\n\n\n\n<p>Nos bastidores do mercado, a mudan\u00e7a j\u00e1 \u00e9 sentida. Empresas est\u00e3o mais seletivas na escolha de porta-vozes, enquanto influenciadores revisam pr\u00e1ticas relacionadas a publicidade velada, uso de imagem e direitos autorais.<\/p>\n\n\n\n<p>\u201cA informalidade era confort\u00e1vel, mas arriscada. A nova l\u00f3gica valoriza quem trabalha com estrat\u00e9gia, m\u00e9todo e compromisso com a pr\u00f3pria imagem\u201d, afirma Calone.<\/p>\n\n\n\n<p><strong>Celebridades tamb\u00e9m entram no radar<\/strong><\/p>\n\n\n\n<p>Artistas, ex-BBBs e personalidades que migraram da televis\u00e3o para as redes sociais tamb\u00e9m passam a se enquadrar nas novas diretrizes. A lei oferece mais seguran\u00e7a jur\u00eddica, mas cobra profissionalismo cont\u00ednuo.<\/p>\n\n\n\n<p>\u201cVisibilidade sem estrutura n\u00e3o sustenta carreira. Quem pensa no longo prazo precisa se adaptar rapidamente\u201d, pontua.<\/p>\n\n\n\n<p><strong>Audi\u00eancia mais protegida<\/strong><\/p>\n\n\n\n<p>Para o p\u00fablico, a principal mudan\u00e7a \u00e9 a clareza. Conte\u00fados publicit\u00e1rios tendem a ser mais identific\u00e1veis, reduzindo ru\u00eddos entre opini\u00e3o pessoal e a\u00e7\u00e3o comercial.<\/p>\n\n\n\n<p>\u201cSeguidores n\u00e3o s\u00e3o apenas n\u00fameros. S\u00e3o pessoas. E tratar audi\u00eancia com respeito \u00e9 o que mant\u00e9m relev\u00e2ncia ao longo do tempo\u201d, conclui Marcelo Calone.<\/p>\n\n\n\n<p>O mercado digital segue em expans\u00e3o, mas agora com regras mais definidas. A era da improvisa\u00e7\u00e3o perde espa\u00e7o para um modelo mais profissional, estrat\u00e9gico e sustent\u00e1vel.<\/p>\n","protected":false},"excerpt":{"rendered":"<p>O marketing de influ\u00eancia entrou oficialmente em um novo cap\u00edtulo no Brasil. A regulamenta\u00e7\u00e3o da atividade de profissionais multim\u00eddia, sancionada no in\u00edcio de 2026, provocou uma rea\u00e7\u00e3o imediata no mercado digital. Contratos est\u00e3o sendo revisados, campanhas reavaliadas e criadores de conte\u00fado passaram a buscar orienta\u00e7\u00e3o jur\u00eddica para se adequar \u00e0s novas regras. A legisla\u00e7\u00e3o estabelece \u2026<\/p>\n","protected":false},"author":2,"featured_media":5631,"comment_status":"closed","ping_status":"open","sticky":false,"template":"","format":"standard","meta":{"footnotes":""},"categories":[3],"tags":[],"class_list":["post-5632","post","type-post","status-publish","format-standard","has-post-thumbnail","hentry","category-famosos"],"yoast_head":"<!-- This site is optimized with the Yoast SEO plugin v25.5 - https:\/\/yoast.com\/wordpress\/plugins\/seo\/ -->\n<title>Lei da influ\u00eancia acelera virada no marketing digital, avalia Marcelo Calone - Portal do Estado<\/title>\n<meta name=\"robots\" content=\"index, follow, max-snippet:-1, max-image-preview:large, max-video-preview:-1\" \/>\n<link rel=\"canonical\" href=\"https:\/\/portaldoestado.com.br\/index.php\/2026\/01\/14\/lei-da-influencia-acelera-virada-no-marketing-digital-avalia-marcelo-calone\/\" \/>\n<meta property=\"og:locale\" content=\"pt_BR\" \/>\n<meta property=\"og:type\" content=\"article\" \/>\n<meta property=\"og:title\" content=\"Lei da influ\u00eancia acelera virada no marketing digital, avalia Marcelo Calone - Portal do Estado\" \/>\n<meta property=\"og:description\" content=\"O marketing de influ\u00eancia entrou oficialmente em um novo cap\u00edtulo no Brasil. A regulamenta\u00e7\u00e3o da atividade de profissionais multim\u00eddia, sancionada no in\u00edcio de 2026, provocou uma rea\u00e7\u00e3o imediata no mercado digital. Contratos est\u00e3o sendo revisados, campanhas reavaliadas e criadores de conte\u00fado passaram a buscar orienta\u00e7\u00e3o jur\u00eddica para se adequar \u00e0s novas regras. A legisla\u00e7\u00e3o estabelece \u2026\" \/>\n<meta property=\"og:url\" content=\"https:\/\/portaldoestado.com.br\/index.php\/2026\/01\/14\/lei-da-influencia-acelera-virada-no-marketing-digital-avalia-marcelo-calone\/\" \/>\n<meta property=\"og:site_name\" content=\"Portal do Estado\" \/>\n<meta property=\"article:published_time\" content=\"2026-01-14T03:45:25+00:00\" \/>\n<meta property=\"og:image\" content=\"https:\/\/portaldoestado.com.br\/wp-content\/uploads\/2026\/01\/IMG_3254.png\" \/>\n\t<meta property=\"og:image:width\" content=\"1200\" \/>\n\t<meta property=\"og:image:height\" content=\"768\" \/>\n\t<meta property=\"og:image:type\" content=\"image\/png\" \/>\n<meta name=\"author\" content=\"assessoriadefamosos\" \/>\n<meta name=\"twitter:card\" content=\"summary_large_image\" \/>\n<meta name=\"twitter:label1\" content=\"Escrito por\" \/>\n\t<meta name=\"twitter:data1\" content=\"assessoriadefamosos\" \/>\n\t<meta name=\"twitter:label2\" content=\"Est. tempo de leitura\" \/>\n\t<meta name=\"twitter:data2\" content=\"2 minutos\" \/>\n<script type=\"application\/ld+json\" class=\"yoast-schema-graph\">{\"@context\":\"https:\/\/schema.org\",\"@graph\":[{\"@type\":\"Article\",\"@id\":\"https:\/\/portaldoestado.com.br\/index.php\/2026\/01\/14\/lei-da-influencia-acelera-virada-no-marketing-digital-avalia-marcelo-calone\/#article\",\"isPartOf\":{\"@id\":\"https:\/\/portaldoestado.com.br\/index.php\/2026\/01\/14\/lei-da-influencia-acelera-virada-no-marketing-digital-avalia-marcelo-calone\/\"},\"author\":{\"name\":\"assessoriadefamosos\",\"@id\":\"https:\/\/portaldoestado.com.br\/#\/schema\/person\/5ca0174f3c8c84b59da62ea14b698cb9\"},\"headline\":\"Lei da influ\u00eancia acelera virada no marketing digital, avalia Marcelo Calone\",\"datePublished\":\"2026-01-14T03:45:25+00:00\",\"mainEntityOfPage\":{\"@id\":\"https:\/\/portaldoestado.com.br\/index.php\/2026\/01\/14\/lei-da-influencia-acelera-virada-no-marketing-digital-avalia-marcelo-calone\/\"},\"wordCount\":501,\"publisher\":{\"@id\":\"https:\/\/portaldoestado.com.br\/#organization\"},\"image\":{\"@id\":\"https:\/\/portaldoestado.com.br\/index.php\/2026\/01\/14\/lei-da-influencia-acelera-virada-no-marketing-digital-avalia-marcelo-calone\/#primaryimage\"},\"thumbnailUrl\":\"https:\/\/portaldoestado.com.br\/wp-content\/uploads\/2026\/01\/IMG_3254.png\",\"articleSection\":[\"Famosos\"],\"inLanguage\":\"pt-BR\"},{\"@type\":\"WebPage\",\"@id\":\"https:\/\/portaldoestado.com.br\/index.php\/2026\/01\/14\/lei-da-influencia-acelera-virada-no-marketing-digital-avalia-marcelo-calone\/\",\"url\":\"https:\/\/portaldoestado.com.br\/index.php\/2026\/01\/14\/lei-da-influencia-acelera-virada-no-marketing-digital-avalia-marcelo-calone\/\",\"name\":\"Lei da influ\u00eancia acelera virada no marketing digital, avalia Marcelo Calone - Portal do Estado\",\"isPartOf\":{\"@id\":\"https:\/\/portaldoestado.com.br\/#website\"},\"primaryImageOfPage\":{\"@id\":\"https:\/\/portaldoestado.com.br\/index.php\/2026\/01\/14\/lei-da-influencia-acelera-virada-no-marketing-digital-avalia-marcelo-calone\/#primaryimage\"},\"image\":{\"@id\":\"https:\/\/portaldoestado.com.br\/index.php\/2026\/01\/14\/lei-da-influencia-acelera-virada-no-marketing-digital-avalia-marcelo-calone\/#primaryimage\"},\"thumbnailUrl\":\"https:\/\/portaldoestado.com.br\/wp-content\/uploads\/2026\/01\/IMG_3254.png\",\"datePublished\":\"2026-01-14T03:45:25+00:00\",\"breadcrumb\":{\"@id\":\"https:\/\/portaldoestado.com.br\/index.php\/2026\/01\/14\/lei-da-influencia-acelera-virada-no-marketing-digital-avalia-marcelo-calone\/#breadcrumb\"},\"inLanguage\":\"pt-BR\",\"potentialAction\":[{\"@type\":\"ReadAction\",\"target\":[\"https:\/\/portaldoestado.com.br\/index.php\/2026\/01\/14\/lei-da-influencia-acelera-virada-no-marketing-digital-avalia-marcelo-calone\/\"]}]},{\"@type\":\"ImageObject\",\"inLanguage\":\"pt-BR\",\"@id\":\"https:\/\/portaldoestado.com.br\/index.php\/2026\/01\/14\/lei-da-influencia-acelera-virada-no-marketing-digital-avalia-marcelo-calone\/#primaryimage\",\"url\":\"https:\/\/portaldoestado.com.br\/wp-content\/uploads\/2026\/01\/IMG_3254.png\",\"contentUrl\":\"https:\/\/portaldoestado.com.br\/wp-content\/uploads\/2026\/01\/IMG_3254.png\",\"width\":1200,\"height\":768},{\"@type\":\"BreadcrumbList\",\"@id\":\"https:\/\/portaldoestado.com.br\/index.php\/2026\/01\/14\/lei-da-influencia-acelera-virada-no-marketing-digital-avalia-marcelo-calone\/#breadcrumb\",\"itemListElement\":[{\"@type\":\"ListItem\",\"position\":1,\"name\":\"In\u00edcio\",\"item\":\"https:\/\/portaldoestado.com.br\/\"},{\"@type\":\"ListItem\",\"position\":2,\"name\":\"Lei da influ\u00eancia acelera virada no marketing digital, avalia Marcelo Calone\"}]},{\"@type\":\"WebSite\",\"@id\":\"https:\/\/portaldoestado.com.br\/#website\",\"url\":\"https:\/\/portaldoestado.com.br\/\",\"name\":\"Portal do Estado\",\"description\":\"\",\"publisher\":{\"@id\":\"https:\/\/portaldoestado.com.br\/#organization\"},\"potentialAction\":[{\"@type\":\"SearchAction\",\"target\":{\"@type\":\"EntryPoint\",\"urlTemplate\":\"https:\/\/portaldoestado.com.br\/?s={search_term_string}\"},\"query-input\":{\"@type\":\"PropertyValueSpecification\",\"valueRequired\":true,\"valueName\":\"search_term_string\"}}],\"inLanguage\":\"pt-BR\"},{\"@type\":\"Organization\",\"@id\":\"https:\/\/portaldoestado.com.br\/#organization\",\"name\":\"Portal do Estado\",\"url\":\"https:\/\/portaldoestado.com.br\/\",\"logo\":{\"@type\":\"ImageObject\",\"inLanguage\":\"pt-BR\",\"@id\":\"https:\/\/portaldoestado.com.br\/#\/schema\/logo\/image\/\",\"url\":\"https:\/\/portaldoestado.com.br\/wp-content\/uploads\/2025\/04\/cropped-6f69b19a-6472-43bf-b1b3-e1910bbbd4e8.png\",\"contentUrl\":\"https:\/\/portaldoestado.com.br\/wp-content\/uploads\/2025\/04\/cropped-6f69b19a-6472-43bf-b1b3-e1910bbbd4e8.png\",\"width\":1024,\"height\":350,\"caption\":\"Portal do Estado\"},\"image\":{\"@id\":\"https:\/\/portaldoestado.com.br\/#\/schema\/logo\/image\/\"}},{\"@type\":\"Person\",\"@id\":\"https:\/\/portaldoestado.com.br\/#\/schema\/person\/5ca0174f3c8c84b59da62ea14b698cb9\",\"name\":\"assessoriadefamosos\",\"image\":{\"@type\":\"ImageObject\",\"inLanguage\":\"pt-BR\",\"@id\":\"https:\/\/portaldoestado.com.br\/#\/schema\/person\/image\/\",\"url\":\"https:\/\/secure.gravatar.com\/avatar\/a7acbdffcfbbae7240e59f47fe511ec5f5d8c252c779f0b8d9ab02a9e1d8c5ed?s=96&d=mm&r=g\",\"contentUrl\":\"https:\/\/secure.gravatar.com\/avatar\/a7acbdffcfbbae7240e59f47fe511ec5f5d8c252c779f0b8d9ab02a9e1d8c5ed?s=96&d=mm&r=g\",\"caption\":\"assessoriadefamosos\"},\"url\":\"https:\/\/portaldoestado.com.br\/index.php\/author\/assessoriadefamosos\/\"}]}<\/script>\n<!-- \/ Yoast SEO plugin. -->","yoast_head_json":{"title":"Lei da influ\u00eancia acelera virada no marketing digital, avalia Marcelo Calone - Portal do Estado","robots":{"index":"index","follow":"follow","max-snippet":"max-snippet:-1","max-image-preview":"max-image-preview:large","max-video-preview":"max-video-preview:-1"},"canonical":"https:\/\/portaldoestado.com.br\/index.php\/2026\/01\/14\/lei-da-influencia-acelera-virada-no-marketing-digital-avalia-marcelo-calone\/","og_locale":"pt_BR","og_type":"article","og_title":"Lei da influ\u00eancia acelera virada no marketing digital, avalia Marcelo Calone - Portal do Estado","og_description":"O marketing de influ\u00eancia entrou oficialmente em um novo cap\u00edtulo no Brasil. A regulamenta\u00e7\u00e3o da atividade de profissionais multim\u00eddia, sancionada no in\u00edcio de 2026, provocou uma rea\u00e7\u00e3o imediata no mercado digital. Contratos est\u00e3o sendo revisados, campanhas reavaliadas e criadores de conte\u00fado passaram a buscar orienta\u00e7\u00e3o jur\u00eddica para se adequar \u00e0s novas regras. A legisla\u00e7\u00e3o estabelece \u2026","og_url":"https:\/\/portaldoestado.com.br\/index.php\/2026\/01\/14\/lei-da-influencia-acelera-virada-no-marketing-digital-avalia-marcelo-calone\/","og_site_name":"Portal do Estado","article_published_time":"2026-01-14T03:45:25+00:00","og_image":[{"width":1200,"height":768,"url":"https:\/\/portaldoestado.com.br\/wp-content\/uploads\/2026\/01\/IMG_3254.png","type":"image\/png"}],"author":"assessoriadefamosos","twitter_card":"summary_large_image","twitter_misc":{"Escrito por":"assessoriadefamosos","Est. tempo de leitura":"2 minutos"},"schema":{"@context":"https:\/\/schema.org","@graph":[{"@type":"Article","@id":"https:\/\/portaldoestado.com.br\/index.php\/2026\/01\/14\/lei-da-influencia-acelera-virada-no-marketing-digital-avalia-marcelo-calone\/#article","isPartOf":{"@id":"https:\/\/portaldoestado.com.br\/index.php\/2026\/01\/14\/lei-da-influencia-acelera-virada-no-marketing-digital-avalia-marcelo-calone\/"},"author":{"name":"assessoriadefamosos","@id":"https:\/\/portaldoestado.com.br\/#\/schema\/person\/5ca0174f3c8c84b59da62ea14b698cb9"},"headline":"Lei da influ\u00eancia acelera virada no marketing digital, avalia Marcelo Calone","datePublished":"2026-01-14T03:45:25+00:00","mainEntityOfPage":{"@id":"https:\/\/portaldoestado.com.br\/index.php\/2026\/01\/14\/lei-da-influencia-acelera-virada-no-marketing-digital-avalia-marcelo-calone\/"},"wordCount":501,"publisher":{"@id":"https:\/\/portaldoestado.com.br\/#organization"},"image":{"@id":"https:\/\/portaldoestado.com.br\/index.php\/2026\/01\/14\/lei-da-influencia-acelera-virada-no-marketing-digital-avalia-marcelo-calone\/#primaryimage"},"thumbnailUrl":"https:\/\/portaldoestado.com.br\/wp-content\/uploads\/2026\/01\/IMG_3254.png","articleSection":["Famosos"],"inLanguage":"pt-BR"},{"@type":"WebPage","@id":"https:\/\/portaldoestado.com.br\/index.php\/2026\/01\/14\/lei-da-influencia-acelera-virada-no-marketing-digital-avalia-marcelo-calone\/","url":"https:\/\/portaldoestado.com.br\/index.php\/2026\/01\/14\/lei-da-influencia-acelera-virada-no-marketing-digital-avalia-marcelo-calone\/","name":"Lei da influ\u00eancia acelera virada no marketing digital, avalia Marcelo Calone - Portal do Estado","isPartOf":{"@id":"https:\/\/portaldoestado.com.br\/#website"},"primaryImageOfPage":{"@id":"https:\/\/portaldoestado.com.br\/index.php\/2026\/01\/14\/lei-da-influencia-acelera-virada-no-marketing-digital-avalia-marcelo-calone\/#primaryimage"},"image":{"@id":"https:\/\/portaldoestado.com.br\/index.php\/2026\/01\/14\/lei-da-influencia-acelera-virada-no-marketing-digital-avalia-marcelo-calone\/#primaryimage"},"thumbnailUrl":"https:\/\/portaldoestado.com.br\/wp-content\/uploads\/2026\/01\/IMG_3254.png","datePublished":"2026-01-14T03:45:25+00:00","breadcrumb":{"@id":"https:\/\/portaldoestado.com.br\/index.php\/2026\/01\/14\/lei-da-influencia-acelera-virada-no-marketing-digital-avalia-marcelo-calone\/#breadcrumb"},"inLanguage":"pt-BR","potentialAction":[{"@type":"ReadAction","target":["https:\/\/portaldoestado.com.br\/index.php\/2026\/01\/14\/lei-da-influencia-acelera-virada-no-marketing-digital-avalia-marcelo-calone\/"]}]},{"@type":"ImageObject","inLanguage":"pt-BR","@id":"https:\/\/portaldoestado.com.br\/index.php\/2026\/01\/14\/lei-da-influencia-acelera-virada-no-marketing-digital-avalia-marcelo-calone\/#primaryimage","url":"https:\/\/portaldoestado.com.br\/wp-content\/uploads\/2026\/01\/IMG_3254.png","contentUrl":"https:\/\/portaldoestado.com.br\/wp-content\/uploads\/2026\/01\/IMG_3254.png","width":1200,"height":768},{"@type":"BreadcrumbList","@id":"https:\/\/portaldoestado.com.br\/index.php\/2026\/01\/14\/lei-da-influencia-acelera-virada-no-marketing-digital-avalia-marcelo-calone\/#breadcrumb","itemListElement":[{"@type":"ListItem","position":1,"name":"In\u00edcio","item":"https:\/\/portaldoestado.com.br\/"},{"@type":"ListItem","position":2,"name":"Lei da influ\u00eancia acelera virada no marketing digital, avalia Marcelo Calone"}]},{"@type":"WebSite","@id":"https:\/\/portaldoestado.com.br\/#website","url":"https:\/\/portaldoestado.com.br\/","name":"Portal do Estado","description":"","publisher":{"@id":"https:\/\/portaldoestado.com.br\/#organization"},"potentialAction":[{"@type":"SearchAction","target":{"@type":"EntryPoint","urlTemplate":"https:\/\/portaldoestado.com.br\/?s={search_term_string}"},"query-input":{"@type":"PropertyValueSpecification","valueRequired":true,"valueName":"search_term_string"}}],"inLanguage":"pt-BR"},{"@type":"Organization","@id":"https:\/\/portaldoestado.com.br\/#organization","name":"Portal do Estado","url":"https:\/\/portaldoestado.com.br\/","logo":{"@type":"ImageObject","inLanguage":"pt-BR","@id":"https:\/\/portaldoestado.com.br\/#\/schema\/logo\/image\/","url":"https:\/\/portaldoestado.com.br\/wp-content\/uploads\/2025\/04\/cropped-6f69b19a-6472-43bf-b1b3-e1910bbbd4e8.png","contentUrl":"https:\/\/portaldoestado.com.br\/wp-content\/uploads\/2025\/04\/cropped-6f69b19a-6472-43bf-b1b3-e1910bbbd4e8.png","width":1024,"height":350,"caption":"Portal do Estado"},"image":{"@id":"https:\/\/portaldoestado.com.br\/#\/schema\/logo\/image\/"}},{"@type":"Person","@id":"https:\/\/portaldoestado.com.br\/#\/schema\/person\/5ca0174f3c8c84b59da62ea14b698cb9","name":"assessoriadefamosos","image":{"@type":"ImageObject","inLanguage":"pt-BR","@id":"https:\/\/portaldoestado.com.br\/#\/schema\/person\/image\/","url":"https:\/\/secure.gravatar.com\/avatar\/a7acbdffcfbbae7240e59f47fe511ec5f5d8c252c779f0b8d9ab02a9e1d8c5ed?s=96&d=mm&r=g","contentUrl":"https:\/\/secure.gravatar.com\/avatar\/a7acbdffcfbbae7240e59f47fe511ec5f5d8c252c779f0b8d9ab02a9e1d8c5ed?s=96&d=mm&r=g","caption":"assessoriadefamosos"},"url":"https:\/\/portaldoestado.com.br\/index.php\/author\/assessoriadefamosos\/"}]}},"jetpack_featured_media_url":"https:\/\/portaldoestado.com.br\/wp-content\/uploads\/2026\/01\/IMG_3254.png","_links":{"self":[{"href":"https:\/\/portaldoestado.com.br\/index.php\/wp-json\/wp\/v2\/posts\/5632","targetHints":{"allow":["GET"]}}],"collection":[{"href":"https:\/\/portaldoestado.com.br\/index.php\/wp-json\/wp\/v2\/posts"}],"about":[{"href":"https:\/\/portaldoestado.com.br\/index.php\/wp-json\/wp\/v2\/types\/post"}],"author":[{"embeddable":true,"href":"https:\/\/portaldoestado.com.br\/index.php\/wp-json\/wp\/v2\/users\/2"}],"replies":[{"embeddable":true,"href":"https:\/\/portaldoestado.com.br\/index.php\/wp-json\/wp\/v2\/comments?post=5632"}],"version-history":[{"count":1,"href":"https:\/\/portaldoestado.com.br\/index.php\/wp-json\/wp\/v2\/posts\/5632\/revisions"}],"predecessor-version":[{"id":5633,"href":"https:\/\/portaldoestado.com.br\/index.php\/wp-json\/wp\/v2\/posts\/5632\/revisions\/5633"}],"wp:featuredmedia":[{"embeddable":true,"href":"https:\/\/portaldoestado.com.br\/index.php\/wp-json\/wp\/v2\/media\/5631"}],"wp:attachment":[{"href":"https:\/\/portaldoestado.com.br\/index.php\/wp-json\/wp\/v2\/media?parent=5632"}],"wp:term":[{"taxonomy":"category","embeddable":true,"href":"https:\/\/portaldoestado.com.br\/index.php\/wp-json\/wp\/v2\/categories?post=5632"},{"taxonomy":"post_tag","embeddable":true,"href":"https:\/\/portaldoestado.com.br\/index.php\/wp-json\/wp\/v2\/tags?post=5632"}],"curies":[{"name":"wp","href":"https:\/\/api.w.org\/{rel}","templated":true}]}}