{"id":5605,"date":"2026-01-13T20:44:35","date_gmt":"2026-01-13T20:44:35","guid":{"rendered":"https:\/\/portaldoestado.com.br\/?p=5605"},"modified":"2026-01-13T20:44:35","modified_gmt":"2026-01-13T20:44:35","slug":"grazi-massafera-fala-sobre-celibato-criatividade-e-esclarece-boatos-envolvendo-murilo-benicio","status":"publish","type":"post","link":"https:\/\/portaldoestado.com.br\/index.php\/2026\/01\/13\/grazi-massafera-fala-sobre-celibato-criatividade-e-esclarece-boatos-envolvendo-murilo-benicio\/","title":{"rendered":"Grazi Massafera fala sobre celibato, criatividade e esclarece boatos envolvendo Murilo Ben\u00edcio"},"content":{"rendered":"\n<p>Grazi Massafera revelou detalhes de uma fase mais introspectiva e consciente que vem vivendo. Em entrevista \u00e0 revista <em>Quem<\/em>, a atriz contou que decidiu adotar o celibato de forma natural e que a escolha tem provocado mudan\u00e7as positivas, especialmente na forma como lida com a pr\u00f3pria energia e com o processo criativo.<\/p>\n\n\n\n<p>Segundo Grazi, a maturidade e as transforma\u00e7\u00f5es hormonais ajudam a enxergar a vida com mais clareza e menos urg\u00eancia. Para ela, a energia sexual n\u00e3o deixa de existir, mas pode ser direcionada para outros campos. \u201c\u00c9 uma for\u00e7a muito potente, que pode virar pot\u00eancia criativa\u201d, explicou ao comentar o momento pessoal.<\/p>\n\n\n\n<p>No ar como a vil\u00e3 Arminda na novela <em>Tr\u00eas Gra\u00e7as<\/em>, a atriz tamb\u00e9m falou sobre o prazer de estar em cena. Mesmo interpretando uma personagem intensa, Grazi afirmou que faz quest\u00e3o de leveza nos bastidores. \u201cN\u00e3o sei trabalhar sem me divertir\u201d, disse, ressaltando a import\u00e2ncia do bom humor no set.<\/p>\n\n\n\n<p>A atriz tamb\u00e9m comentou os rumores de um poss\u00edvel envolvimento com Murilo Ben\u00edcio, com quem contracena na trama. As especula\u00e7\u00f5es surgiram por conta da afinidade entre os dois, mas Grazi tratou o assunto com descontra\u00e7\u00e3o. \u201cEu amo o Murilo, ele \u00e9 uma pessoa incr\u00edvel. A gente ri quando v\u00ea o p\u00fablico criando hist\u00f3rias\u201d, contou.<\/p>\n\n\n\n<p>Sem deixar margem para d\u00favidas, ela foi direta ao falar sobre a rela\u00e7\u00e3o fora das telas: \u201c\u00c9 s\u00f3 amizade e muita parceria\u201d. Grazi ainda fez quest\u00e3o de elogiar o colega, destacando a admira\u00e7\u00e3o profissional e a alegria de dividir cenas com ele.<\/p>\n","protected":false},"excerpt":{"rendered":"<p>Grazi Massafera revelou detalhes de uma fase mais introspectiva e consciente que vem vivendo. Em entrevista \u00e0 revista Quem, a atriz contou que decidiu adotar o celibato de forma natural e que a escolha tem provocado mudan\u00e7as positivas, especialmente na forma como lida com a pr\u00f3pria energia e com o processo criativo. Segundo Grazi, a \u2026<\/p>\n","protected":false},"author":2,"featured_media":5604,"comment_status":"closed","ping_status":"open","sticky":false,"template":"","format":"standard","meta":{"footnotes":""},"categories":[3],"tags":[],"class_list":["post-5605","post","type-post","status-publish","format-standard","has-post-thumbnail","hentry","category-famosos"],"yoast_head":"<!-- This site is optimized with the Yoast SEO plugin v25.5 - https:\/\/yoast.com\/wordpress\/plugins\/seo\/ -->\n<title>Grazi Massafera fala sobre celibato, criatividade e esclarece boatos envolvendo Murilo Ben\u00edcio - Portal do Estado<\/title>\n<meta name=\"robots\" content=\"index, follow, max-snippet:-1, max-image-preview:large, max-video-preview:-1\" \/>\n<link rel=\"canonical\" href=\"https:\/\/portaldoestado.com.br\/index.php\/2026\/01\/13\/grazi-massafera-fala-sobre-celibato-criatividade-e-esclarece-boatos-envolvendo-murilo-benicio\/\" \/>\n<meta property=\"og:locale\" content=\"pt_BR\" \/>\n<meta property=\"og:type\" content=\"article\" \/>\n<meta property=\"og:title\" content=\"Grazi Massafera fala sobre celibato, criatividade e esclarece boatos envolvendo Murilo Ben\u00edcio - Portal do Estado\" \/>\n<meta property=\"og:description\" content=\"Grazi Massafera revelou detalhes de uma fase mais introspectiva e consciente que vem vivendo. Em entrevista \u00e0 revista Quem, a atriz contou que decidiu adotar o celibato de forma natural e que a escolha tem provocado mudan\u00e7as positivas, especialmente na forma como lida com a pr\u00f3pria energia e com o processo criativo. Segundo Grazi, a \u2026\" \/>\n<meta property=\"og:url\" content=\"https:\/\/portaldoestado.com.br\/index.php\/2026\/01\/13\/grazi-massafera-fala-sobre-celibato-criatividade-e-esclarece-boatos-envolvendo-murilo-benicio\/\" \/>\n<meta property=\"og:site_name\" content=\"Portal do Estado\" \/>\n<meta property=\"article:published_time\" content=\"2026-01-13T20:44:35+00:00\" \/>\n<meta property=\"og:image\" content=\"https:\/\/portaldoestado.com.br\/wp-content\/uploads\/2026\/01\/W9K9r2Bp-Design-sem-nome-48.jpg\" \/>\n\t<meta property=\"og:image:width\" content=\"1200\" \/>\n\t<meta property=\"og:image:height\" content=\"900\" \/>\n\t<meta property=\"og:image:type\" content=\"image\/jpeg\" \/>\n<meta name=\"author\" content=\"assessoriadefamosos\" \/>\n<meta name=\"twitter:card\" content=\"summary_large_image\" \/>\n<meta name=\"twitter:label1\" content=\"Escrito por\" \/>\n\t<meta name=\"twitter:data1\" content=\"assessoriadefamosos\" \/>\n\t<meta name=\"twitter:label2\" content=\"Est. tempo de leitura\" \/>\n\t<meta name=\"twitter:data2\" content=\"1 minuto\" \/>\n<script type=\"application\/ld+json\" class=\"yoast-schema-graph\">{\"@context\":\"https:\/\/schema.org\",\"@graph\":[{\"@type\":\"Article\",\"@id\":\"https:\/\/portaldoestado.com.br\/index.php\/2026\/01\/13\/grazi-massafera-fala-sobre-celibato-criatividade-e-esclarece-boatos-envolvendo-murilo-benicio\/#article\",\"isPartOf\":{\"@id\":\"https:\/\/portaldoestado.com.br\/index.php\/2026\/01\/13\/grazi-massafera-fala-sobre-celibato-criatividade-e-esclarece-boatos-envolvendo-murilo-benicio\/\"},\"author\":{\"name\":\"assessoriadefamosos\",\"@id\":\"https:\/\/portaldoestado.com.br\/#\/schema\/person\/5ca0174f3c8c84b59da62ea14b698cb9\"},\"headline\":\"Grazi Massafera fala sobre celibato, criatividade e esclarece boatos envolvendo Murilo Ben\u00edcio\",\"datePublished\":\"2026-01-13T20:44:35+00:00\",\"mainEntityOfPage\":{\"@id\":\"https:\/\/portaldoestado.com.br\/index.php\/2026\/01\/13\/grazi-massafera-fala-sobre-celibato-criatividade-e-esclarece-boatos-envolvendo-murilo-benicio\/\"},\"wordCount\":283,\"publisher\":{\"@id\":\"https:\/\/portaldoestado.com.br\/#organization\"},\"image\":{\"@id\":\"https:\/\/portaldoestado.com.br\/index.php\/2026\/01\/13\/grazi-massafera-fala-sobre-celibato-criatividade-e-esclarece-boatos-envolvendo-murilo-benicio\/#primaryimage\"},\"thumbnailUrl\":\"https:\/\/portaldoestado.com.br\/wp-content\/uploads\/2026\/01\/W9K9r2Bp-Design-sem-nome-48.jpg\",\"articleSection\":[\"Famosos\"],\"inLanguage\":\"pt-BR\"},{\"@type\":\"WebPage\",\"@id\":\"https:\/\/portaldoestado.com.br\/index.php\/2026\/01\/13\/grazi-massafera-fala-sobre-celibato-criatividade-e-esclarece-boatos-envolvendo-murilo-benicio\/\",\"url\":\"https:\/\/portaldoestado.com.br\/index.php\/2026\/01\/13\/grazi-massafera-fala-sobre-celibato-criatividade-e-esclarece-boatos-envolvendo-murilo-benicio\/\",\"name\":\"Grazi Massafera fala sobre celibato, criatividade e esclarece boatos envolvendo Murilo Ben\u00edcio - Portal do Estado\",\"isPartOf\":{\"@id\":\"https:\/\/portaldoestado.com.br\/#website\"},\"primaryImageOfPage\":{\"@id\":\"https:\/\/portaldoestado.com.br\/index.php\/2026\/01\/13\/grazi-massafera-fala-sobre-celibato-criatividade-e-esclarece-boatos-envolvendo-murilo-benicio\/#primaryimage\"},\"image\":{\"@id\":\"https:\/\/portaldoestado.com.br\/index.php\/2026\/01\/13\/grazi-massafera-fala-sobre-celibato-criatividade-e-esclarece-boatos-envolvendo-murilo-benicio\/#primaryimage\"},\"thumbnailUrl\":\"https:\/\/portaldoestado.com.br\/wp-content\/uploads\/2026\/01\/W9K9r2Bp-Design-sem-nome-48.jpg\",\"datePublished\":\"2026-01-13T20:44:35+00:00\",\"breadcrumb\":{\"@id\":\"https:\/\/portaldoestado.com.br\/index.php\/2026\/01\/13\/grazi-massafera-fala-sobre-celibato-criatividade-e-esclarece-boatos-envolvendo-murilo-benicio\/#breadcrumb\"},\"inLanguage\":\"pt-BR\",\"potentialAction\":[{\"@type\":\"ReadAction\",\"target\":[\"https:\/\/portaldoestado.com.br\/index.php\/2026\/01\/13\/grazi-massafera-fala-sobre-celibato-criatividade-e-esclarece-boatos-envolvendo-murilo-benicio\/\"]}]},{\"@type\":\"ImageObject\",\"inLanguage\":\"pt-BR\",\"@id\":\"https:\/\/portaldoestado.com.br\/index.php\/2026\/01\/13\/grazi-massafera-fala-sobre-celibato-criatividade-e-esclarece-boatos-envolvendo-murilo-benicio\/#primaryimage\",\"url\":\"https:\/\/portaldoestado.com.br\/wp-content\/uploads\/2026\/01\/W9K9r2Bp-Design-sem-nome-48.jpg\",\"contentUrl\":\"https:\/\/portaldoestado.com.br\/wp-content\/uploads\/2026\/01\/W9K9r2Bp-Design-sem-nome-48.jpg\",\"width\":1200,\"height\":900},{\"@type\":\"BreadcrumbList\",\"@id\":\"https:\/\/portaldoestado.com.br\/index.php\/2026\/01\/13\/grazi-massafera-fala-sobre-celibato-criatividade-e-esclarece-boatos-envolvendo-murilo-benicio\/#breadcrumb\",\"itemListElement\":[{\"@type\":\"ListItem\",\"position\":1,\"name\":\"In\u00edcio\",\"item\":\"https:\/\/portaldoestado.com.br\/\"},{\"@type\":\"ListItem\",\"position\":2,\"name\":\"Grazi Massafera fala sobre celibato, criatividade e esclarece boatos envolvendo Murilo Ben\u00edcio\"}]},{\"@type\":\"WebSite\",\"@id\":\"https:\/\/portaldoestado.com.br\/#website\",\"url\":\"https:\/\/portaldoestado.com.br\/\",\"name\":\"Portal do Estado\",\"description\":\"\",\"publisher\":{\"@id\":\"https:\/\/portaldoestado.com.br\/#organization\"},\"potentialAction\":[{\"@type\":\"SearchAction\",\"target\":{\"@type\":\"EntryPoint\",\"urlTemplate\":\"https:\/\/portaldoestado.com.br\/?s={search_term_string}\"},\"query-input\":{\"@type\":\"PropertyValueSpecification\",\"valueRequired\":true,\"valueName\":\"search_term_string\"}}],\"inLanguage\":\"pt-BR\"},{\"@type\":\"Organization\",\"@id\":\"https:\/\/portaldoestado.com.br\/#organization\",\"name\":\"Portal do Estado\",\"url\":\"https:\/\/portaldoestado.com.br\/\",\"logo\":{\"@type\":\"ImageObject\",\"inLanguage\":\"pt-BR\",\"@id\":\"https:\/\/portaldoestado.com.br\/#\/schema\/logo\/image\/\",\"url\":\"https:\/\/portaldoestado.com.br\/wp-content\/uploads\/2025\/04\/cropped-6f69b19a-6472-43bf-b1b3-e1910bbbd4e8.png\",\"contentUrl\":\"https:\/\/portaldoestado.com.br\/wp-content\/uploads\/2025\/04\/cropped-6f69b19a-6472-43bf-b1b3-e1910bbbd4e8.png\",\"width\":1024,\"height\":350,\"caption\":\"Portal do Estado\"},\"image\":{\"@id\":\"https:\/\/portaldoestado.com.br\/#\/schema\/logo\/image\/\"}},{\"@type\":\"Person\",\"@id\":\"https:\/\/portaldoestado.com.br\/#\/schema\/person\/5ca0174f3c8c84b59da62ea14b698cb9\",\"name\":\"assessoriadefamosos\",\"image\":{\"@type\":\"ImageObject\",\"inLanguage\":\"pt-BR\",\"@id\":\"https:\/\/portaldoestado.com.br\/#\/schema\/person\/image\/\",\"url\":\"https:\/\/secure.gravatar.com\/avatar\/a7acbdffcfbbae7240e59f47fe511ec5f5d8c252c779f0b8d9ab02a9e1d8c5ed?s=96&d=mm&r=g\",\"contentUrl\":\"https:\/\/secure.gravatar.com\/avatar\/a7acbdffcfbbae7240e59f47fe511ec5f5d8c252c779f0b8d9ab02a9e1d8c5ed?s=96&d=mm&r=g\",\"caption\":\"assessoriadefamosos\"},\"url\":\"https:\/\/portaldoestado.com.br\/index.php\/author\/assessoriadefamosos\/\"}]}<\/script>\n<!-- \/ Yoast SEO plugin. -->","yoast_head_json":{"title":"Grazi Massafera fala sobre celibato, criatividade e esclarece boatos envolvendo Murilo Ben\u00edcio - Portal do Estado","robots":{"index":"index","follow":"follow","max-snippet":"max-snippet:-1","max-image-preview":"max-image-preview:large","max-video-preview":"max-video-preview:-1"},"canonical":"https:\/\/portaldoestado.com.br\/index.php\/2026\/01\/13\/grazi-massafera-fala-sobre-celibato-criatividade-e-esclarece-boatos-envolvendo-murilo-benicio\/","og_locale":"pt_BR","og_type":"article","og_title":"Grazi Massafera fala sobre celibato, criatividade e esclarece boatos envolvendo Murilo Ben\u00edcio - Portal do Estado","og_description":"Grazi Massafera revelou detalhes de uma fase mais introspectiva e consciente que vem vivendo. Em entrevista \u00e0 revista Quem, a atriz contou que decidiu adotar o celibato de forma natural e que a escolha tem provocado mudan\u00e7as positivas, especialmente na forma como lida com a pr\u00f3pria energia e com o processo criativo. Segundo Grazi, a \u2026","og_url":"https:\/\/portaldoestado.com.br\/index.php\/2026\/01\/13\/grazi-massafera-fala-sobre-celibato-criatividade-e-esclarece-boatos-envolvendo-murilo-benicio\/","og_site_name":"Portal do Estado","article_published_time":"2026-01-13T20:44:35+00:00","og_image":[{"width":1200,"height":900,"url":"https:\/\/portaldoestado.com.br\/wp-content\/uploads\/2026\/01\/W9K9r2Bp-Design-sem-nome-48.jpg","type":"image\/jpeg"}],"author":"assessoriadefamosos","twitter_card":"summary_large_image","twitter_misc":{"Escrito por":"assessoriadefamosos","Est. tempo de leitura":"1 minuto"},"schema":{"@context":"https:\/\/schema.org","@graph":[{"@type":"Article","@id":"https:\/\/portaldoestado.com.br\/index.php\/2026\/01\/13\/grazi-massafera-fala-sobre-celibato-criatividade-e-esclarece-boatos-envolvendo-murilo-benicio\/#article","isPartOf":{"@id":"https:\/\/portaldoestado.com.br\/index.php\/2026\/01\/13\/grazi-massafera-fala-sobre-celibato-criatividade-e-esclarece-boatos-envolvendo-murilo-benicio\/"},"author":{"name":"assessoriadefamosos","@id":"https:\/\/portaldoestado.com.br\/#\/schema\/person\/5ca0174f3c8c84b59da62ea14b698cb9"},"headline":"Grazi Massafera fala sobre celibato, criatividade e esclarece boatos envolvendo Murilo Ben\u00edcio","datePublished":"2026-01-13T20:44:35+00:00","mainEntityOfPage":{"@id":"https:\/\/portaldoestado.com.br\/index.php\/2026\/01\/13\/grazi-massafera-fala-sobre-celibato-criatividade-e-esclarece-boatos-envolvendo-murilo-benicio\/"},"wordCount":283,"publisher":{"@id":"https:\/\/portaldoestado.com.br\/#organization"},"image":{"@id":"https:\/\/portaldoestado.com.br\/index.php\/2026\/01\/13\/grazi-massafera-fala-sobre-celibato-criatividade-e-esclarece-boatos-envolvendo-murilo-benicio\/#primaryimage"},"thumbnailUrl":"https:\/\/portaldoestado.com.br\/wp-content\/uploads\/2026\/01\/W9K9r2Bp-Design-sem-nome-48.jpg","articleSection":["Famosos"],"inLanguage":"pt-BR"},{"@type":"WebPage","@id":"https:\/\/portaldoestado.com.br\/index.php\/2026\/01\/13\/grazi-massafera-fala-sobre-celibato-criatividade-e-esclarece-boatos-envolvendo-murilo-benicio\/","url":"https:\/\/portaldoestado.com.br\/index.php\/2026\/01\/13\/grazi-massafera-fala-sobre-celibato-criatividade-e-esclarece-boatos-envolvendo-murilo-benicio\/","name":"Grazi Massafera fala sobre celibato, criatividade e esclarece boatos envolvendo Murilo Ben\u00edcio - Portal do Estado","isPartOf":{"@id":"https:\/\/portaldoestado.com.br\/#website"},"primaryImageOfPage":{"@id":"https:\/\/portaldoestado.com.br\/index.php\/2026\/01\/13\/grazi-massafera-fala-sobre-celibato-criatividade-e-esclarece-boatos-envolvendo-murilo-benicio\/#primaryimage"},"image":{"@id":"https:\/\/portaldoestado.com.br\/index.php\/2026\/01\/13\/grazi-massafera-fala-sobre-celibato-criatividade-e-esclarece-boatos-envolvendo-murilo-benicio\/#primaryimage"},"thumbnailUrl":"https:\/\/portaldoestado.com.br\/wp-content\/uploads\/2026\/01\/W9K9r2Bp-Design-sem-nome-48.jpg","datePublished":"2026-01-13T20:44:35+00:00","breadcrumb":{"@id":"https:\/\/portaldoestado.com.br\/index.php\/2026\/01\/13\/grazi-massafera-fala-sobre-celibato-criatividade-e-esclarece-boatos-envolvendo-murilo-benicio\/#breadcrumb"},"inLanguage":"pt-BR","potentialAction":[{"@type":"ReadAction","target":["https:\/\/portaldoestado.com.br\/index.php\/2026\/01\/13\/grazi-massafera-fala-sobre-celibato-criatividade-e-esclarece-boatos-envolvendo-murilo-benicio\/"]}]},{"@type":"ImageObject","inLanguage":"pt-BR","@id":"https:\/\/portaldoestado.com.br\/index.php\/2026\/01\/13\/grazi-massafera-fala-sobre-celibato-criatividade-e-esclarece-boatos-envolvendo-murilo-benicio\/#primaryimage","url":"https:\/\/portaldoestado.com.br\/wp-content\/uploads\/2026\/01\/W9K9r2Bp-Design-sem-nome-48.jpg","contentUrl":"https:\/\/portaldoestado.com.br\/wp-content\/uploads\/2026\/01\/W9K9r2Bp-Design-sem-nome-48.jpg","width":1200,"height":900},{"@type":"BreadcrumbList","@id":"https:\/\/portaldoestado.com.br\/index.php\/2026\/01\/13\/grazi-massafera-fala-sobre-celibato-criatividade-e-esclarece-boatos-envolvendo-murilo-benicio\/#breadcrumb","itemListElement":[{"@type":"ListItem","position":1,"name":"In\u00edcio","item":"https:\/\/portaldoestado.com.br\/"},{"@type":"ListItem","position":2,"name":"Grazi Massafera fala sobre celibato, criatividade e esclarece boatos envolvendo Murilo Ben\u00edcio"}]},{"@type":"WebSite","@id":"https:\/\/portaldoestado.com.br\/#website","url":"https:\/\/portaldoestado.com.br\/","name":"Portal do Estado","description":"","publisher":{"@id":"https:\/\/portaldoestado.com.br\/#organization"},"potentialAction":[{"@type":"SearchAction","target":{"@type":"EntryPoint","urlTemplate":"https:\/\/portaldoestado.com.br\/?s={search_term_string}"},"query-input":{"@type":"PropertyValueSpecification","valueRequired":true,"valueName":"search_term_string"}}],"inLanguage":"pt-BR"},{"@type":"Organization","@id":"https:\/\/portaldoestado.com.br\/#organization","name":"Portal do Estado","url":"https:\/\/portaldoestado.com.br\/","logo":{"@type":"ImageObject","inLanguage":"pt-BR","@id":"https:\/\/portaldoestado.com.br\/#\/schema\/logo\/image\/","url":"https:\/\/portaldoestado.com.br\/wp-content\/uploads\/2025\/04\/cropped-6f69b19a-6472-43bf-b1b3-e1910bbbd4e8.png","contentUrl":"https:\/\/portaldoestado.com.br\/wp-content\/uploads\/2025\/04\/cropped-6f69b19a-6472-43bf-b1b3-e1910bbbd4e8.png","width":1024,"height":350,"caption":"Portal do Estado"},"image":{"@id":"https:\/\/portaldoestado.com.br\/#\/schema\/logo\/image\/"}},{"@type":"Person","@id":"https:\/\/portaldoestado.com.br\/#\/schema\/person\/5ca0174f3c8c84b59da62ea14b698cb9","name":"assessoriadefamosos","image":{"@type":"ImageObject","inLanguage":"pt-BR","@id":"https:\/\/portaldoestado.com.br\/#\/schema\/person\/image\/","url":"https:\/\/secure.gravatar.com\/avatar\/a7acbdffcfbbae7240e59f47fe511ec5f5d8c252c779f0b8d9ab02a9e1d8c5ed?s=96&d=mm&r=g","contentUrl":"https:\/\/secure.gravatar.com\/avatar\/a7acbdffcfbbae7240e59f47fe511ec5f5d8c252c779f0b8d9ab02a9e1d8c5ed?s=96&d=mm&r=g","caption":"assessoriadefamosos"},"url":"https:\/\/portaldoestado.com.br\/index.php\/author\/assessoriadefamosos\/"}]}},"jetpack_featured_media_url":"https:\/\/portaldoestado.com.br\/wp-content\/uploads\/2026\/01\/W9K9r2Bp-Design-sem-nome-48.jpg","_links":{"self":[{"href":"https:\/\/portaldoestado.com.br\/index.php\/wp-json\/wp\/v2\/posts\/5605","targetHints":{"allow":["GET"]}}],"collection":[{"href":"https:\/\/portaldoestado.com.br\/index.php\/wp-json\/wp\/v2\/posts"}],"about":[{"href":"https:\/\/portaldoestado.com.br\/index.php\/wp-json\/wp\/v2\/types\/post"}],"author":[{"embeddable":true,"href":"https:\/\/portaldoestado.com.br\/index.php\/wp-json\/wp\/v2\/users\/2"}],"replies":[{"embeddable":true,"href":"https:\/\/portaldoestado.com.br\/index.php\/wp-json\/wp\/v2\/comments?post=5605"}],"version-history":[{"count":1,"href":"https:\/\/portaldoestado.com.br\/index.php\/wp-json\/wp\/v2\/posts\/5605\/revisions"}],"predecessor-version":[{"id":5606,"href":"https:\/\/portaldoestado.com.br\/index.php\/wp-json\/wp\/v2\/posts\/5605\/revisions\/5606"}],"wp:featuredmedia":[{"embeddable":true,"href":"https:\/\/portaldoestado.com.br\/index.php\/wp-json\/wp\/v2\/media\/5604"}],"wp:attachment":[{"href":"https:\/\/portaldoestado.com.br\/index.php\/wp-json\/wp\/v2\/media?parent=5605"}],"wp:term":[{"taxonomy":"category","embeddable":true,"href":"https:\/\/portaldoestado.com.br\/index.php\/wp-json\/wp\/v2\/categories?post=5605"},{"taxonomy":"post_tag","embeddable":true,"href":"https:\/\/portaldoestado.com.br\/index.php\/wp-json\/wp\/v2\/tags?post=5605"}],"curies":[{"name":"wp","href":"https:\/\/api.w.org\/{rel}","templated":true}]}}