{"id":5590,"date":"2026-01-12T18:34:25","date_gmt":"2026-01-12T18:34:25","guid":{"rendered":"https:\/\/portaldoestado.com.br\/?p=5590"},"modified":"2026-01-12T18:34:25","modified_gmt":"2026-01-12T18:34:25","slug":"brenno-matheus-no-topo-do-ranking","status":"publish","type":"post","link":"https:\/\/portaldoestado.com.br\/index.php\/2026\/01\/12\/brenno-matheus-no-topo-do-ranking\/","title":{"rendered":"Brenno &amp; Matheus no topo do ranking"},"content":{"rendered":"\n<p>A dupla Brenno &#038; Matheus inicia o ano confirmando o excelente momento da carreira e consolidando seu espa\u00e7o no cen\u00e1rio musical brasileiro. Com n\u00fameros expressivos nas principais plataformas de distribui\u00e7\u00e3o digital, os artistas celebram um desempenho que reflete a forte conex\u00e3o com o p\u00fablico e a crescente popularidade de seu repert\u00f3rio.<\/p>\n\n\n\n<p>No Spotify, os resultados impressionam. O hit \u201cEu Quero \u00e9 Praia\u201d aparece na 14\u00aa posi\u00e7\u00e3o, mostrando a for\u00e7a da m\u00fasica entre as mais ouvidas do pa\u00eds. ASSISTA!\nJ\u00e1 \u201cDescer pra BC\u201d, lan\u00e7ada h\u00e1 pouco mais de um ano, segue em alta e ocupa atualmente a 35\u00aa posi\u00e7\u00e3o, comprovando a longevidade do sucesso e a consist\u00eancia do trabalho da dupla.<\/p>\n\n\n\n<p>A dupla tamb\u00e9m marca presen\u00e7a nos principais rankings da plataforma. Brenno &#038; Matheus figuram no Top Artists Brasil, alcan\u00e7ando a 63\u00aa posi\u00e7\u00e3o, refor\u00e7ando o crescimento s\u00f3lido no cen\u00e1rio nacional. No chart Viral Songs Brazil, tamb\u00e9m do Spotify, os artistas conquistam a 77\u00aa posi\u00e7\u00e3o, evidenciando o alto engajamento do p\u00fablico e o alcance org\u00e2nico de suas m\u00fasicas.<\/p>\n\n\n\n<p>\u201cCome\u00e7ar o ano com esses resultados \u00e9 muito gratificante. A gente trabalha todos os dias com muita verdade e ver nossas m\u00fasicas t\u00e3o bem posicionadas nas plataformas mostra que o p\u00fablico est\u00e1 conectado com o que estamos fazendo. \u00c9 s\u00f3 o come\u00e7o de um ano que promete muito,\u201d diz Brenno.<\/p>\n\n\n\n<p>\u201cEsse sucesso \u00e9 fruto de muito esfor\u00e7o, parceria e, principalmente, do carinho do p\u00fablico. Cada posi\u00e7\u00e3o nos rankings representa pessoas ouvindo, compartilhando e vivendo nossas m\u00fasicas. Somos muito gratos e estamos ainda mais motivados para entregar novidades e crescer ainda mais,\u201d completa Matheus.<\/p>\n\n\n\n<p>Outro destaque importante \u00e9 a contribui\u00e7\u00e3o da dupla na faixa \u201cNa Base do Agro Ser do Rincon 1\u201d, que j\u00e1 ocupa a 49\u00aa posi\u00e7\u00e3o no ranking Top Songs Brazil, ampliando ainda mais a presen\u00e7a de Brenno &#038; Matheus entre as m\u00fasicas mais ouvidas do pa\u00eds.<\/p>\n\n\n\n<p>Com esses n\u00fameros expressivos, Brenno &#038; Matheus come\u00e7am o ano da melhor forma poss\u00edvel, celebrando conquistas importantes e reafirmando seu potencial como um dos nomes em ascens\u00e3o na m\u00fasica brasileira. O momento \u00e9 de celebra\u00e7\u00e3o e de grandes expectativas para os pr\u00f3ximos passos da dupla ao longo do ano.<\/p>\n\n\n<!-- wp:image \"id\":37523,\"sizeSlug\":\"large\",\"linkDestination\":\"none\",\"align\":\"center\" -->\n<figure class=\"wp-block-image aligncenter size-large\"><img decoding=\"async\" src=\"https:\/\/www.michelasi.com.br\/wp-content\/uploads\/2026\/01\/5b06d8c5-a312-4938-a8a3-8b7bc25531b7-576x1024.jpeg\" alt=\"\" class=\"wp-image-37523\"\/><\/figure>\n<!-- \/wp:post-content -->","protected":false},"excerpt":{"rendered":"<p>A dupla Brenno &#038; Matheus inicia o ano confirmando o excelente momento da carreira e consolidando seu espa\u00e7o no cen\u00e1rio musical brasileiro. Com n\u00fameros expressivos nas principais plataformas de distribui\u00e7\u00e3o digital, os artistas celebram um desempenho que reflete a forte conex\u00e3o com o p\u00fablico e a crescente popularidade de seu repert\u00f3rio. No Spotify, os resultados \u2026<\/p>\n","protected":false},"author":2,"featured_media":5589,"comment_status":"closed","ping_status":"open","sticky":false,"template":"","format":"standard","meta":{"footnotes":""},"categories":[3],"tags":[],"class_list":["post-5590","post","type-post","status-publish","format-standard","has-post-thumbnail","hentry","category-famosos"],"yoast_head":"<!-- This site is optimized with the Yoast SEO plugin v25.5 - https:\/\/yoast.com\/wordpress\/plugins\/seo\/ -->\n<title>Brenno &amp; Matheus no topo do ranking - Portal do Estado<\/title>\n<meta name=\"robots\" content=\"index, follow, max-snippet:-1, max-image-preview:large, max-video-preview:-1\" \/>\n<link rel=\"canonical\" href=\"https:\/\/portaldoestado.com.br\/index.php\/2026\/01\/12\/brenno-matheus-no-topo-do-ranking\/\" \/>\n<meta property=\"og:locale\" content=\"pt_BR\" \/>\n<meta property=\"og:type\" content=\"article\" \/>\n<meta property=\"og:title\" content=\"Brenno &amp; Matheus no topo do ranking - Portal do Estado\" \/>\n<meta property=\"og:description\" content=\"A dupla Brenno &amp; Matheus inicia o ano confirmando o excelente momento da carreira e consolidando seu espa\u00e7o no cen\u00e1rio musical brasileiro. Com n\u00fameros expressivos nas principais plataformas de distribui\u00e7\u00e3o digital, os artistas celebram um desempenho que reflete a forte conex\u00e3o com o p\u00fablico e a crescente popularidade de seu repert\u00f3rio. No Spotify, os resultados \u2026\" \/>\n<meta property=\"og:url\" content=\"https:\/\/portaldoestado.com.br\/index.php\/2026\/01\/12\/brenno-matheus-no-topo-do-ranking\/\" \/>\n<meta property=\"og:site_name\" content=\"Portal do Estado\" \/>\n<meta property=\"article:published_time\" content=\"2026-01-12T18:34:25+00:00\" \/>\n<meta property=\"og:image\" content=\"https:\/\/portaldoestado.com.br\/wp-content\/uploads\/2026\/01\/6f0b1117-432a-4ae5-a829-5ed387e657cc.jpeg\" \/>\n\t<meta property=\"og:image:width\" content=\"1280\" \/>\n\t<meta property=\"og:image:height\" content=\"593\" \/>\n\t<meta property=\"og:image:type\" content=\"image\/jpeg\" \/>\n<meta name=\"author\" content=\"assessoriadefamosos\" \/>\n<meta name=\"twitter:card\" content=\"summary_large_image\" \/>\n<meta name=\"twitter:label1\" content=\"Escrito por\" \/>\n\t<meta name=\"twitter:data1\" content=\"assessoriadefamosos\" \/>\n\t<meta name=\"twitter:label2\" content=\"Est. tempo de leitura\" \/>\n\t<meta name=\"twitter:data2\" content=\"2 minutos\" \/>\n<script type=\"application\/ld+json\" class=\"yoast-schema-graph\">{\"@context\":\"https:\/\/schema.org\",\"@graph\":[{\"@type\":\"Article\",\"@id\":\"https:\/\/portaldoestado.com.br\/index.php\/2026\/01\/12\/brenno-matheus-no-topo-do-ranking\/#article\",\"isPartOf\":{\"@id\":\"https:\/\/portaldoestado.com.br\/index.php\/2026\/01\/12\/brenno-matheus-no-topo-do-ranking\/\"},\"author\":{\"name\":\"assessoriadefamosos\",\"@id\":\"https:\/\/portaldoestado.com.br\/#\/schema\/person\/5ca0174f3c8c84b59da62ea14b698cb9\"},\"headline\":\"Brenno &amp; Matheus no topo do ranking\",\"datePublished\":\"2026-01-12T18:34:25+00:00\",\"mainEntityOfPage\":{\"@id\":\"https:\/\/portaldoestado.com.br\/index.php\/2026\/01\/12\/brenno-matheus-no-topo-do-ranking\/\"},\"wordCount\":391,\"publisher\":{\"@id\":\"https:\/\/portaldoestado.com.br\/#organization\"},\"image\":{\"@id\":\"https:\/\/portaldoestado.com.br\/index.php\/2026\/01\/12\/brenno-matheus-no-topo-do-ranking\/#primaryimage\"},\"thumbnailUrl\":\"https:\/\/portaldoestado.com.br\/wp-content\/uploads\/2026\/01\/6f0b1117-432a-4ae5-a829-5ed387e657cc.jpeg\",\"articleSection\":[\"Famosos\"],\"inLanguage\":\"pt-BR\"},{\"@type\":\"WebPage\",\"@id\":\"https:\/\/portaldoestado.com.br\/index.php\/2026\/01\/12\/brenno-matheus-no-topo-do-ranking\/\",\"url\":\"https:\/\/portaldoestado.com.br\/index.php\/2026\/01\/12\/brenno-matheus-no-topo-do-ranking\/\",\"name\":\"Brenno &amp; Matheus no topo do ranking - Portal do Estado\",\"isPartOf\":{\"@id\":\"https:\/\/portaldoestado.com.br\/#website\"},\"primaryImageOfPage\":{\"@id\":\"https:\/\/portaldoestado.com.br\/index.php\/2026\/01\/12\/brenno-matheus-no-topo-do-ranking\/#primaryimage\"},\"image\":{\"@id\":\"https:\/\/portaldoestado.com.br\/index.php\/2026\/01\/12\/brenno-matheus-no-topo-do-ranking\/#primaryimage\"},\"thumbnailUrl\":\"https:\/\/portaldoestado.com.br\/wp-content\/uploads\/2026\/01\/6f0b1117-432a-4ae5-a829-5ed387e657cc.jpeg\",\"datePublished\":\"2026-01-12T18:34:25+00:00\",\"breadcrumb\":{\"@id\":\"https:\/\/portaldoestado.com.br\/index.php\/2026\/01\/12\/brenno-matheus-no-topo-do-ranking\/#breadcrumb\"},\"inLanguage\":\"pt-BR\",\"potentialAction\":[{\"@type\":\"ReadAction\",\"target\":[\"https:\/\/portaldoestado.com.br\/index.php\/2026\/01\/12\/brenno-matheus-no-topo-do-ranking\/\"]}]},{\"@type\":\"ImageObject\",\"inLanguage\":\"pt-BR\",\"@id\":\"https:\/\/portaldoestado.com.br\/index.php\/2026\/01\/12\/brenno-matheus-no-topo-do-ranking\/#primaryimage\",\"url\":\"https:\/\/portaldoestado.com.br\/wp-content\/uploads\/2026\/01\/6f0b1117-432a-4ae5-a829-5ed387e657cc.jpeg\",\"contentUrl\":\"https:\/\/portaldoestado.com.br\/wp-content\/uploads\/2026\/01\/6f0b1117-432a-4ae5-a829-5ed387e657cc.jpeg\",\"width\":1280,\"height\":593},{\"@type\":\"BreadcrumbList\",\"@id\":\"https:\/\/portaldoestado.com.br\/index.php\/2026\/01\/12\/brenno-matheus-no-topo-do-ranking\/#breadcrumb\",\"itemListElement\":[{\"@type\":\"ListItem\",\"position\":1,\"name\":\"In\u00edcio\",\"item\":\"https:\/\/portaldoestado.com.br\/\"},{\"@type\":\"ListItem\",\"position\":2,\"name\":\"Brenno &amp; Matheus no topo do ranking\"}]},{\"@type\":\"WebSite\",\"@id\":\"https:\/\/portaldoestado.com.br\/#website\",\"url\":\"https:\/\/portaldoestado.com.br\/\",\"name\":\"Portal do Estado\",\"description\":\"\",\"publisher\":{\"@id\":\"https:\/\/portaldoestado.com.br\/#organization\"},\"potentialAction\":[{\"@type\":\"SearchAction\",\"target\":{\"@type\":\"EntryPoint\",\"urlTemplate\":\"https:\/\/portaldoestado.com.br\/?s={search_term_string}\"},\"query-input\":{\"@type\":\"PropertyValueSpecification\",\"valueRequired\":true,\"valueName\":\"search_term_string\"}}],\"inLanguage\":\"pt-BR\"},{\"@type\":\"Organization\",\"@id\":\"https:\/\/portaldoestado.com.br\/#organization\",\"name\":\"Portal do Estado\",\"url\":\"https:\/\/portaldoestado.com.br\/\",\"logo\":{\"@type\":\"ImageObject\",\"inLanguage\":\"pt-BR\",\"@id\":\"https:\/\/portaldoestado.com.br\/#\/schema\/logo\/image\/\",\"url\":\"https:\/\/portaldoestado.com.br\/wp-content\/uploads\/2025\/04\/cropped-6f69b19a-6472-43bf-b1b3-e1910bbbd4e8.png\",\"contentUrl\":\"https:\/\/portaldoestado.com.br\/wp-content\/uploads\/2025\/04\/cropped-6f69b19a-6472-43bf-b1b3-e1910bbbd4e8.png\",\"width\":1024,\"height\":350,\"caption\":\"Portal do Estado\"},\"image\":{\"@id\":\"https:\/\/portaldoestado.com.br\/#\/schema\/logo\/image\/\"}},{\"@type\":\"Person\",\"@id\":\"https:\/\/portaldoestado.com.br\/#\/schema\/person\/5ca0174f3c8c84b59da62ea14b698cb9\",\"name\":\"assessoriadefamosos\",\"image\":{\"@type\":\"ImageObject\",\"inLanguage\":\"pt-BR\",\"@id\":\"https:\/\/portaldoestado.com.br\/#\/schema\/person\/image\/\",\"url\":\"https:\/\/secure.gravatar.com\/avatar\/a7acbdffcfbbae7240e59f47fe511ec5f5d8c252c779f0b8d9ab02a9e1d8c5ed?s=96&d=mm&r=g\",\"contentUrl\":\"https:\/\/secure.gravatar.com\/avatar\/a7acbdffcfbbae7240e59f47fe511ec5f5d8c252c779f0b8d9ab02a9e1d8c5ed?s=96&d=mm&r=g\",\"caption\":\"assessoriadefamosos\"},\"url\":\"https:\/\/portaldoestado.com.br\/index.php\/author\/assessoriadefamosos\/\"}]}<\/script>\n<!-- \/ Yoast SEO plugin. -->","yoast_head_json":{"title":"Brenno &amp; Matheus no topo do ranking - Portal do Estado","robots":{"index":"index","follow":"follow","max-snippet":"max-snippet:-1","max-image-preview":"max-image-preview:large","max-video-preview":"max-video-preview:-1"},"canonical":"https:\/\/portaldoestado.com.br\/index.php\/2026\/01\/12\/brenno-matheus-no-topo-do-ranking\/","og_locale":"pt_BR","og_type":"article","og_title":"Brenno &amp; Matheus no topo do ranking - Portal do Estado","og_description":"A dupla Brenno & Matheus inicia o ano confirmando o excelente momento da carreira e consolidando seu espa\u00e7o no cen\u00e1rio musical brasileiro. Com n\u00fameros expressivos nas principais plataformas de distribui\u00e7\u00e3o digital, os artistas celebram um desempenho que reflete a forte conex\u00e3o com o p\u00fablico e a crescente popularidade de seu repert\u00f3rio. No Spotify, os resultados \u2026","og_url":"https:\/\/portaldoestado.com.br\/index.php\/2026\/01\/12\/brenno-matheus-no-topo-do-ranking\/","og_site_name":"Portal do Estado","article_published_time":"2026-01-12T18:34:25+00:00","og_image":[{"width":1280,"height":593,"url":"https:\/\/portaldoestado.com.br\/wp-content\/uploads\/2026\/01\/6f0b1117-432a-4ae5-a829-5ed387e657cc.jpeg","type":"image\/jpeg"}],"author":"assessoriadefamosos","twitter_card":"summary_large_image","twitter_misc":{"Escrito por":"assessoriadefamosos","Est. tempo de leitura":"2 minutos"},"schema":{"@context":"https:\/\/schema.org","@graph":[{"@type":"Article","@id":"https:\/\/portaldoestado.com.br\/index.php\/2026\/01\/12\/brenno-matheus-no-topo-do-ranking\/#article","isPartOf":{"@id":"https:\/\/portaldoestado.com.br\/index.php\/2026\/01\/12\/brenno-matheus-no-topo-do-ranking\/"},"author":{"name":"assessoriadefamosos","@id":"https:\/\/portaldoestado.com.br\/#\/schema\/person\/5ca0174f3c8c84b59da62ea14b698cb9"},"headline":"Brenno &amp; Matheus no topo do ranking","datePublished":"2026-01-12T18:34:25+00:00","mainEntityOfPage":{"@id":"https:\/\/portaldoestado.com.br\/index.php\/2026\/01\/12\/brenno-matheus-no-topo-do-ranking\/"},"wordCount":391,"publisher":{"@id":"https:\/\/portaldoestado.com.br\/#organization"},"image":{"@id":"https:\/\/portaldoestado.com.br\/index.php\/2026\/01\/12\/brenno-matheus-no-topo-do-ranking\/#primaryimage"},"thumbnailUrl":"https:\/\/portaldoestado.com.br\/wp-content\/uploads\/2026\/01\/6f0b1117-432a-4ae5-a829-5ed387e657cc.jpeg","articleSection":["Famosos"],"inLanguage":"pt-BR"},{"@type":"WebPage","@id":"https:\/\/portaldoestado.com.br\/index.php\/2026\/01\/12\/brenno-matheus-no-topo-do-ranking\/","url":"https:\/\/portaldoestado.com.br\/index.php\/2026\/01\/12\/brenno-matheus-no-topo-do-ranking\/","name":"Brenno &amp; Matheus no topo do ranking - Portal do Estado","isPartOf":{"@id":"https:\/\/portaldoestado.com.br\/#website"},"primaryImageOfPage":{"@id":"https:\/\/portaldoestado.com.br\/index.php\/2026\/01\/12\/brenno-matheus-no-topo-do-ranking\/#primaryimage"},"image":{"@id":"https:\/\/portaldoestado.com.br\/index.php\/2026\/01\/12\/brenno-matheus-no-topo-do-ranking\/#primaryimage"},"thumbnailUrl":"https:\/\/portaldoestado.com.br\/wp-content\/uploads\/2026\/01\/6f0b1117-432a-4ae5-a829-5ed387e657cc.jpeg","datePublished":"2026-01-12T18:34:25+00:00","breadcrumb":{"@id":"https:\/\/portaldoestado.com.br\/index.php\/2026\/01\/12\/brenno-matheus-no-topo-do-ranking\/#breadcrumb"},"inLanguage":"pt-BR","potentialAction":[{"@type":"ReadAction","target":["https:\/\/portaldoestado.com.br\/index.php\/2026\/01\/12\/brenno-matheus-no-topo-do-ranking\/"]}]},{"@type":"ImageObject","inLanguage":"pt-BR","@id":"https:\/\/portaldoestado.com.br\/index.php\/2026\/01\/12\/brenno-matheus-no-topo-do-ranking\/#primaryimage","url":"https:\/\/portaldoestado.com.br\/wp-content\/uploads\/2026\/01\/6f0b1117-432a-4ae5-a829-5ed387e657cc.jpeg","contentUrl":"https:\/\/portaldoestado.com.br\/wp-content\/uploads\/2026\/01\/6f0b1117-432a-4ae5-a829-5ed387e657cc.jpeg","width":1280,"height":593},{"@type":"BreadcrumbList","@id":"https:\/\/portaldoestado.com.br\/index.php\/2026\/01\/12\/brenno-matheus-no-topo-do-ranking\/#breadcrumb","itemListElement":[{"@type":"ListItem","position":1,"name":"In\u00edcio","item":"https:\/\/portaldoestado.com.br\/"},{"@type":"ListItem","position":2,"name":"Brenno &amp; Matheus no topo do ranking"}]},{"@type":"WebSite","@id":"https:\/\/portaldoestado.com.br\/#website","url":"https:\/\/portaldoestado.com.br\/","name":"Portal do Estado","description":"","publisher":{"@id":"https:\/\/portaldoestado.com.br\/#organization"},"potentialAction":[{"@type":"SearchAction","target":{"@type":"EntryPoint","urlTemplate":"https:\/\/portaldoestado.com.br\/?s={search_term_string}"},"query-input":{"@type":"PropertyValueSpecification","valueRequired":true,"valueName":"search_term_string"}}],"inLanguage":"pt-BR"},{"@type":"Organization","@id":"https:\/\/portaldoestado.com.br\/#organization","name":"Portal do Estado","url":"https:\/\/portaldoestado.com.br\/","logo":{"@type":"ImageObject","inLanguage":"pt-BR","@id":"https:\/\/portaldoestado.com.br\/#\/schema\/logo\/image\/","url":"https:\/\/portaldoestado.com.br\/wp-content\/uploads\/2025\/04\/cropped-6f69b19a-6472-43bf-b1b3-e1910bbbd4e8.png","contentUrl":"https:\/\/portaldoestado.com.br\/wp-content\/uploads\/2025\/04\/cropped-6f69b19a-6472-43bf-b1b3-e1910bbbd4e8.png","width":1024,"height":350,"caption":"Portal do Estado"},"image":{"@id":"https:\/\/portaldoestado.com.br\/#\/schema\/logo\/image\/"}},{"@type":"Person","@id":"https:\/\/portaldoestado.com.br\/#\/schema\/person\/5ca0174f3c8c84b59da62ea14b698cb9","name":"assessoriadefamosos","image":{"@type":"ImageObject","inLanguage":"pt-BR","@id":"https:\/\/portaldoestado.com.br\/#\/schema\/person\/image\/","url":"https:\/\/secure.gravatar.com\/avatar\/a7acbdffcfbbae7240e59f47fe511ec5f5d8c252c779f0b8d9ab02a9e1d8c5ed?s=96&d=mm&r=g","contentUrl":"https:\/\/secure.gravatar.com\/avatar\/a7acbdffcfbbae7240e59f47fe511ec5f5d8c252c779f0b8d9ab02a9e1d8c5ed?s=96&d=mm&r=g","caption":"assessoriadefamosos"},"url":"https:\/\/portaldoestado.com.br\/index.php\/author\/assessoriadefamosos\/"}]}},"jetpack_featured_media_url":"https:\/\/portaldoestado.com.br\/wp-content\/uploads\/2026\/01\/6f0b1117-432a-4ae5-a829-5ed387e657cc.jpeg","_links":{"self":[{"href":"https:\/\/portaldoestado.com.br\/index.php\/wp-json\/wp\/v2\/posts\/5590","targetHints":{"allow":["GET"]}}],"collection":[{"href":"https:\/\/portaldoestado.com.br\/index.php\/wp-json\/wp\/v2\/posts"}],"about":[{"href":"https:\/\/portaldoestado.com.br\/index.php\/wp-json\/wp\/v2\/types\/post"}],"author":[{"embeddable":true,"href":"https:\/\/portaldoestado.com.br\/index.php\/wp-json\/wp\/v2\/users\/2"}],"replies":[{"embeddable":true,"href":"https:\/\/portaldoestado.com.br\/index.php\/wp-json\/wp\/v2\/comments?post=5590"}],"version-history":[{"count":1,"href":"https:\/\/portaldoestado.com.br\/index.php\/wp-json\/wp\/v2\/posts\/5590\/revisions"}],"predecessor-version":[{"id":5591,"href":"https:\/\/portaldoestado.com.br\/index.php\/wp-json\/wp\/v2\/posts\/5590\/revisions\/5591"}],"wp:featuredmedia":[{"embeddable":true,"href":"https:\/\/portaldoestado.com.br\/index.php\/wp-json\/wp\/v2\/media\/5589"}],"wp:attachment":[{"href":"https:\/\/portaldoestado.com.br\/index.php\/wp-json\/wp\/v2\/media?parent=5590"}],"wp:term":[{"taxonomy":"category","embeddable":true,"href":"https:\/\/portaldoestado.com.br\/index.php\/wp-json\/wp\/v2\/categories?post=5590"},{"taxonomy":"post_tag","embeddable":true,"href":"https:\/\/portaldoestado.com.br\/index.php\/wp-json\/wp\/v2\/tags?post=5590"}],"curies":[{"name":"wp","href":"https:\/\/api.w.org\/{rel}","templated":true}]}}