{"id":5587,"date":"2026-01-11T23:50:00","date_gmt":"2026-01-11T23:50:00","guid":{"rendered":"https:\/\/portaldoestado.com.br\/?p=5587"},"modified":"2026-01-11T23:50:00","modified_gmt":"2026-01-11T23:50:00","slug":"lauana-prado-anuncia-fim-do-noivado-com-tati-dias-e-reforca-respeito-mutuo","status":"publish","type":"post","link":"https:\/\/portaldoestado.com.br\/index.php\/2026\/01\/11\/lauana-prado-anuncia-fim-do-noivado-com-tati-dias-e-reforca-respeito-mutuo\/","title":{"rendered":"Lauana Prado anuncia fim do noivado com Tati Dias e refor\u00e7a respeito m\u00fatuo"},"content":{"rendered":"\n<p>A cantora Lauana Prado comunicou aos f\u00e3s, na noite deste domingo (11\/1), o encerramento de seu noivado com a influenciadora digital Tati Dias. A revela\u00e7\u00e3o foi feita por meio de uma mensagem nas redes sociais, na qual a artista explicou que a decis\u00e3o foi tomada de forma madura e em comum acordo.<\/p>\n\n\n\n<p>No texto, Lauana ressaltou que a rela\u00e7\u00e3o sempre foi constru\u00edda com carinho, parceria e cuidado, mas que, ao longo do tempo, ambas perceberam que seus caminhos passaram a seguir dire\u00e7\u00f5es diferentes. Segundo a sertaneja, reconhecer esse momento foi essencial para que o t\u00e9rmino acontecesse de maneira respeitosa e sem ressentimentos.<\/p>\n\n\n\n<p>A cantora tamb\u00e9m fez quest\u00e3o de demonstrar afeto pela ex-companheira, afirmando que a admira\u00e7\u00e3o e o desejo de felicidade permanecem. \u201cExistiu amor, verdade e entrega, e isso n\u00e3o se apaga. Apenas entendemos que, neste momento, o melhor \u00e9 cada uma seguir sua pr\u00f3pria jornada\u201d, pontuou.<\/p>\n\n\n\n<p>Ao final do comunicado, Lauana agradeceu o apoio constante do p\u00fablico e pediu sensibilidade ao tratar do assunto. A not\u00edcia repercutiu rapidamente entre f\u00e3s e colegas do meio art\u00edstico, que enviaram mensagens de carinho e apoio \u00e0s duas, destacando a postura madura adotada diante do t\u00e9rmino.<\/p>\n","protected":false},"excerpt":{"rendered":"<p>A cantora Lauana Prado comunicou aos f\u00e3s, na noite deste domingo (11\/1), o encerramento de seu noivado com a influenciadora digital Tati Dias. A revela\u00e7\u00e3o foi feita por meio de uma mensagem nas redes sociais, na qual a artista explicou que a decis\u00e3o foi tomada de forma madura e em comum acordo. No texto, Lauana \u2026<\/p>\n","protected":false},"author":2,"featured_media":5586,"comment_status":"closed","ping_status":"open","sticky":false,"template":"","format":"standard","meta":{"footnotes":""},"categories":[3],"tags":[],"class_list":["post-5587","post","type-post","status-publish","format-standard","has-post-thumbnail","hentry","category-famosos"],"yoast_head":"<!-- This site is optimized with the Yoast SEO plugin v25.5 - https:\/\/yoast.com\/wordpress\/plugins\/seo\/ -->\n<title>Lauana Prado anuncia fim do noivado com Tati Dias e refor\u00e7a respeito m\u00fatuo - Portal do Estado<\/title>\n<meta name=\"robots\" content=\"index, follow, max-snippet:-1, max-image-preview:large, max-video-preview:-1\" \/>\n<link rel=\"canonical\" href=\"https:\/\/portaldoestado.com.br\/index.php\/2026\/01\/11\/lauana-prado-anuncia-fim-do-noivado-com-tati-dias-e-reforca-respeito-mutuo\/\" \/>\n<meta property=\"og:locale\" content=\"pt_BR\" \/>\n<meta property=\"og:type\" content=\"article\" \/>\n<meta property=\"og:title\" content=\"Lauana Prado anuncia fim do noivado com Tati Dias e refor\u00e7a respeito m\u00fatuo - Portal do Estado\" \/>\n<meta property=\"og:description\" content=\"A cantora Lauana Prado comunicou aos f\u00e3s, na noite deste domingo (11\/1), o encerramento de seu noivado com a influenciadora digital Tati Dias. A revela\u00e7\u00e3o foi feita por meio de uma mensagem nas redes sociais, na qual a artista explicou que a decis\u00e3o foi tomada de forma madura e em comum acordo. No texto, Lauana \u2026\" \/>\n<meta property=\"og:url\" content=\"https:\/\/portaldoestado.com.br\/index.php\/2026\/01\/11\/lauana-prado-anuncia-fim-do-noivado-com-tati-dias-e-reforca-respeito-mutuo\/\" \/>\n<meta property=\"og:site_name\" content=\"Portal do Estado\" \/>\n<meta property=\"article:published_time\" content=\"2026-01-11T23:50:00+00:00\" \/>\n<meta property=\"og:image\" content=\"https:\/\/portaldoestado.com.br\/wp-content\/uploads\/2026\/01\/Ponto-final_-Lauana-Prado-anuncia-o-fim-do-noivado-com-Tati-Dias.jpg\" \/>\n\t<meta property=\"og:image:width\" content=\"1200\" \/>\n\t<meta property=\"og:image:height\" content=\"900\" \/>\n\t<meta property=\"og:image:type\" content=\"image\/jpeg\" \/>\n<meta name=\"author\" content=\"assessoriadefamosos\" \/>\n<meta name=\"twitter:card\" content=\"summary_large_image\" \/>\n<meta name=\"twitter:label1\" content=\"Escrito por\" \/>\n\t<meta name=\"twitter:data1\" content=\"assessoriadefamosos\" \/>\n\t<meta name=\"twitter:label2\" content=\"Est. tempo de leitura\" \/>\n\t<meta name=\"twitter:data2\" content=\"1 minuto\" \/>\n<script type=\"application\/ld+json\" class=\"yoast-schema-graph\">{\"@context\":\"https:\/\/schema.org\",\"@graph\":[{\"@type\":\"Article\",\"@id\":\"https:\/\/portaldoestado.com.br\/index.php\/2026\/01\/11\/lauana-prado-anuncia-fim-do-noivado-com-tati-dias-e-reforca-respeito-mutuo\/#article\",\"isPartOf\":{\"@id\":\"https:\/\/portaldoestado.com.br\/index.php\/2026\/01\/11\/lauana-prado-anuncia-fim-do-noivado-com-tati-dias-e-reforca-respeito-mutuo\/\"},\"author\":{\"name\":\"assessoriadefamosos\",\"@id\":\"https:\/\/portaldoestado.com.br\/#\/schema\/person\/5ca0174f3c8c84b59da62ea14b698cb9\"},\"headline\":\"Lauana Prado anuncia fim do noivado com Tati Dias e refor\u00e7a respeito m\u00fatuo\",\"datePublished\":\"2026-01-11T23:50:00+00:00\",\"mainEntityOfPage\":{\"@id\":\"https:\/\/portaldoestado.com.br\/index.php\/2026\/01\/11\/lauana-prado-anuncia-fim-do-noivado-com-tati-dias-e-reforca-respeito-mutuo\/\"},\"wordCount\":223,\"publisher\":{\"@id\":\"https:\/\/portaldoestado.com.br\/#organization\"},\"image\":{\"@id\":\"https:\/\/portaldoestado.com.br\/index.php\/2026\/01\/11\/lauana-prado-anuncia-fim-do-noivado-com-tati-dias-e-reforca-respeito-mutuo\/#primaryimage\"},\"thumbnailUrl\":\"https:\/\/portaldoestado.com.br\/wp-content\/uploads\/2026\/01\/Ponto-final_-Lauana-Prado-anuncia-o-fim-do-noivado-com-Tati-Dias.jpg\",\"articleSection\":[\"Famosos\"],\"inLanguage\":\"pt-BR\"},{\"@type\":\"WebPage\",\"@id\":\"https:\/\/portaldoestado.com.br\/index.php\/2026\/01\/11\/lauana-prado-anuncia-fim-do-noivado-com-tati-dias-e-reforca-respeito-mutuo\/\",\"url\":\"https:\/\/portaldoestado.com.br\/index.php\/2026\/01\/11\/lauana-prado-anuncia-fim-do-noivado-com-tati-dias-e-reforca-respeito-mutuo\/\",\"name\":\"Lauana Prado anuncia fim do noivado com Tati Dias e refor\u00e7a respeito m\u00fatuo - Portal do Estado\",\"isPartOf\":{\"@id\":\"https:\/\/portaldoestado.com.br\/#website\"},\"primaryImageOfPage\":{\"@id\":\"https:\/\/portaldoestado.com.br\/index.php\/2026\/01\/11\/lauana-prado-anuncia-fim-do-noivado-com-tati-dias-e-reforca-respeito-mutuo\/#primaryimage\"},\"image\":{\"@id\":\"https:\/\/portaldoestado.com.br\/index.php\/2026\/01\/11\/lauana-prado-anuncia-fim-do-noivado-com-tati-dias-e-reforca-respeito-mutuo\/#primaryimage\"},\"thumbnailUrl\":\"https:\/\/portaldoestado.com.br\/wp-content\/uploads\/2026\/01\/Ponto-final_-Lauana-Prado-anuncia-o-fim-do-noivado-com-Tati-Dias.jpg\",\"datePublished\":\"2026-01-11T23:50:00+00:00\",\"breadcrumb\":{\"@id\":\"https:\/\/portaldoestado.com.br\/index.php\/2026\/01\/11\/lauana-prado-anuncia-fim-do-noivado-com-tati-dias-e-reforca-respeito-mutuo\/#breadcrumb\"},\"inLanguage\":\"pt-BR\",\"potentialAction\":[{\"@type\":\"ReadAction\",\"target\":[\"https:\/\/portaldoestado.com.br\/index.php\/2026\/01\/11\/lauana-prado-anuncia-fim-do-noivado-com-tati-dias-e-reforca-respeito-mutuo\/\"]}]},{\"@type\":\"ImageObject\",\"inLanguage\":\"pt-BR\",\"@id\":\"https:\/\/portaldoestado.com.br\/index.php\/2026\/01\/11\/lauana-prado-anuncia-fim-do-noivado-com-tati-dias-e-reforca-respeito-mutuo\/#primaryimage\",\"url\":\"https:\/\/portaldoestado.com.br\/wp-content\/uploads\/2026\/01\/Ponto-final_-Lauana-Prado-anuncia-o-fim-do-noivado-com-Tati-Dias.jpg\",\"contentUrl\":\"https:\/\/portaldoestado.com.br\/wp-content\/uploads\/2026\/01\/Ponto-final_-Lauana-Prado-anuncia-o-fim-do-noivado-com-Tati-Dias.jpg\",\"width\":1200,\"height\":900},{\"@type\":\"BreadcrumbList\",\"@id\":\"https:\/\/portaldoestado.com.br\/index.php\/2026\/01\/11\/lauana-prado-anuncia-fim-do-noivado-com-tati-dias-e-reforca-respeito-mutuo\/#breadcrumb\",\"itemListElement\":[{\"@type\":\"ListItem\",\"position\":1,\"name\":\"In\u00edcio\",\"item\":\"https:\/\/portaldoestado.com.br\/\"},{\"@type\":\"ListItem\",\"position\":2,\"name\":\"Lauana Prado anuncia fim do noivado com Tati Dias e refor\u00e7a respeito m\u00fatuo\"}]},{\"@type\":\"WebSite\",\"@id\":\"https:\/\/portaldoestado.com.br\/#website\",\"url\":\"https:\/\/portaldoestado.com.br\/\",\"name\":\"Portal do Estado\",\"description\":\"\",\"publisher\":{\"@id\":\"https:\/\/portaldoestado.com.br\/#organization\"},\"potentialAction\":[{\"@type\":\"SearchAction\",\"target\":{\"@type\":\"EntryPoint\",\"urlTemplate\":\"https:\/\/portaldoestado.com.br\/?s={search_term_string}\"},\"query-input\":{\"@type\":\"PropertyValueSpecification\",\"valueRequired\":true,\"valueName\":\"search_term_string\"}}],\"inLanguage\":\"pt-BR\"},{\"@type\":\"Organization\",\"@id\":\"https:\/\/portaldoestado.com.br\/#organization\",\"name\":\"Portal do Estado\",\"url\":\"https:\/\/portaldoestado.com.br\/\",\"logo\":{\"@type\":\"ImageObject\",\"inLanguage\":\"pt-BR\",\"@id\":\"https:\/\/portaldoestado.com.br\/#\/schema\/logo\/image\/\",\"url\":\"https:\/\/portaldoestado.com.br\/wp-content\/uploads\/2025\/04\/cropped-6f69b19a-6472-43bf-b1b3-e1910bbbd4e8.png\",\"contentUrl\":\"https:\/\/portaldoestado.com.br\/wp-content\/uploads\/2025\/04\/cropped-6f69b19a-6472-43bf-b1b3-e1910bbbd4e8.png\",\"width\":1024,\"height\":350,\"caption\":\"Portal do Estado\"},\"image\":{\"@id\":\"https:\/\/portaldoestado.com.br\/#\/schema\/logo\/image\/\"}},{\"@type\":\"Person\",\"@id\":\"https:\/\/portaldoestado.com.br\/#\/schema\/person\/5ca0174f3c8c84b59da62ea14b698cb9\",\"name\":\"assessoriadefamosos\",\"image\":{\"@type\":\"ImageObject\",\"inLanguage\":\"pt-BR\",\"@id\":\"https:\/\/portaldoestado.com.br\/#\/schema\/person\/image\/\",\"url\":\"https:\/\/secure.gravatar.com\/avatar\/a7acbdffcfbbae7240e59f47fe511ec5f5d8c252c779f0b8d9ab02a9e1d8c5ed?s=96&d=mm&r=g\",\"contentUrl\":\"https:\/\/secure.gravatar.com\/avatar\/a7acbdffcfbbae7240e59f47fe511ec5f5d8c252c779f0b8d9ab02a9e1d8c5ed?s=96&d=mm&r=g\",\"caption\":\"assessoriadefamosos\"},\"url\":\"https:\/\/portaldoestado.com.br\/index.php\/author\/assessoriadefamosos\/\"}]}<\/script>\n<!-- \/ Yoast SEO plugin. -->","yoast_head_json":{"title":"Lauana Prado anuncia fim do noivado com Tati Dias e refor\u00e7a respeito m\u00fatuo - Portal do Estado","robots":{"index":"index","follow":"follow","max-snippet":"max-snippet:-1","max-image-preview":"max-image-preview:large","max-video-preview":"max-video-preview:-1"},"canonical":"https:\/\/portaldoestado.com.br\/index.php\/2026\/01\/11\/lauana-prado-anuncia-fim-do-noivado-com-tati-dias-e-reforca-respeito-mutuo\/","og_locale":"pt_BR","og_type":"article","og_title":"Lauana Prado anuncia fim do noivado com Tati Dias e refor\u00e7a respeito m\u00fatuo - Portal do Estado","og_description":"A cantora Lauana Prado comunicou aos f\u00e3s, na noite deste domingo (11\/1), o encerramento de seu noivado com a influenciadora digital Tati Dias. A revela\u00e7\u00e3o foi feita por meio de uma mensagem nas redes sociais, na qual a artista explicou que a decis\u00e3o foi tomada de forma madura e em comum acordo. No texto, Lauana \u2026","og_url":"https:\/\/portaldoestado.com.br\/index.php\/2026\/01\/11\/lauana-prado-anuncia-fim-do-noivado-com-tati-dias-e-reforca-respeito-mutuo\/","og_site_name":"Portal do Estado","article_published_time":"2026-01-11T23:50:00+00:00","og_image":[{"width":1200,"height":900,"url":"https:\/\/portaldoestado.com.br\/wp-content\/uploads\/2026\/01\/Ponto-final_-Lauana-Prado-anuncia-o-fim-do-noivado-com-Tati-Dias.jpg","type":"image\/jpeg"}],"author":"assessoriadefamosos","twitter_card":"summary_large_image","twitter_misc":{"Escrito por":"assessoriadefamosos","Est. tempo de leitura":"1 minuto"},"schema":{"@context":"https:\/\/schema.org","@graph":[{"@type":"Article","@id":"https:\/\/portaldoestado.com.br\/index.php\/2026\/01\/11\/lauana-prado-anuncia-fim-do-noivado-com-tati-dias-e-reforca-respeito-mutuo\/#article","isPartOf":{"@id":"https:\/\/portaldoestado.com.br\/index.php\/2026\/01\/11\/lauana-prado-anuncia-fim-do-noivado-com-tati-dias-e-reforca-respeito-mutuo\/"},"author":{"name":"assessoriadefamosos","@id":"https:\/\/portaldoestado.com.br\/#\/schema\/person\/5ca0174f3c8c84b59da62ea14b698cb9"},"headline":"Lauana Prado anuncia fim do noivado com Tati Dias e refor\u00e7a respeito m\u00fatuo","datePublished":"2026-01-11T23:50:00+00:00","mainEntityOfPage":{"@id":"https:\/\/portaldoestado.com.br\/index.php\/2026\/01\/11\/lauana-prado-anuncia-fim-do-noivado-com-tati-dias-e-reforca-respeito-mutuo\/"},"wordCount":223,"publisher":{"@id":"https:\/\/portaldoestado.com.br\/#organization"},"image":{"@id":"https:\/\/portaldoestado.com.br\/index.php\/2026\/01\/11\/lauana-prado-anuncia-fim-do-noivado-com-tati-dias-e-reforca-respeito-mutuo\/#primaryimage"},"thumbnailUrl":"https:\/\/portaldoestado.com.br\/wp-content\/uploads\/2026\/01\/Ponto-final_-Lauana-Prado-anuncia-o-fim-do-noivado-com-Tati-Dias.jpg","articleSection":["Famosos"],"inLanguage":"pt-BR"},{"@type":"WebPage","@id":"https:\/\/portaldoestado.com.br\/index.php\/2026\/01\/11\/lauana-prado-anuncia-fim-do-noivado-com-tati-dias-e-reforca-respeito-mutuo\/","url":"https:\/\/portaldoestado.com.br\/index.php\/2026\/01\/11\/lauana-prado-anuncia-fim-do-noivado-com-tati-dias-e-reforca-respeito-mutuo\/","name":"Lauana Prado anuncia fim do noivado com Tati Dias e refor\u00e7a respeito m\u00fatuo - Portal do Estado","isPartOf":{"@id":"https:\/\/portaldoestado.com.br\/#website"},"primaryImageOfPage":{"@id":"https:\/\/portaldoestado.com.br\/index.php\/2026\/01\/11\/lauana-prado-anuncia-fim-do-noivado-com-tati-dias-e-reforca-respeito-mutuo\/#primaryimage"},"image":{"@id":"https:\/\/portaldoestado.com.br\/index.php\/2026\/01\/11\/lauana-prado-anuncia-fim-do-noivado-com-tati-dias-e-reforca-respeito-mutuo\/#primaryimage"},"thumbnailUrl":"https:\/\/portaldoestado.com.br\/wp-content\/uploads\/2026\/01\/Ponto-final_-Lauana-Prado-anuncia-o-fim-do-noivado-com-Tati-Dias.jpg","datePublished":"2026-01-11T23:50:00+00:00","breadcrumb":{"@id":"https:\/\/portaldoestado.com.br\/index.php\/2026\/01\/11\/lauana-prado-anuncia-fim-do-noivado-com-tati-dias-e-reforca-respeito-mutuo\/#breadcrumb"},"inLanguage":"pt-BR","potentialAction":[{"@type":"ReadAction","target":["https:\/\/portaldoestado.com.br\/index.php\/2026\/01\/11\/lauana-prado-anuncia-fim-do-noivado-com-tati-dias-e-reforca-respeito-mutuo\/"]}]},{"@type":"ImageObject","inLanguage":"pt-BR","@id":"https:\/\/portaldoestado.com.br\/index.php\/2026\/01\/11\/lauana-prado-anuncia-fim-do-noivado-com-tati-dias-e-reforca-respeito-mutuo\/#primaryimage","url":"https:\/\/portaldoestado.com.br\/wp-content\/uploads\/2026\/01\/Ponto-final_-Lauana-Prado-anuncia-o-fim-do-noivado-com-Tati-Dias.jpg","contentUrl":"https:\/\/portaldoestado.com.br\/wp-content\/uploads\/2026\/01\/Ponto-final_-Lauana-Prado-anuncia-o-fim-do-noivado-com-Tati-Dias.jpg","width":1200,"height":900},{"@type":"BreadcrumbList","@id":"https:\/\/portaldoestado.com.br\/index.php\/2026\/01\/11\/lauana-prado-anuncia-fim-do-noivado-com-tati-dias-e-reforca-respeito-mutuo\/#breadcrumb","itemListElement":[{"@type":"ListItem","position":1,"name":"In\u00edcio","item":"https:\/\/portaldoestado.com.br\/"},{"@type":"ListItem","position":2,"name":"Lauana Prado anuncia fim do noivado com Tati Dias e refor\u00e7a respeito m\u00fatuo"}]},{"@type":"WebSite","@id":"https:\/\/portaldoestado.com.br\/#website","url":"https:\/\/portaldoestado.com.br\/","name":"Portal do Estado","description":"","publisher":{"@id":"https:\/\/portaldoestado.com.br\/#organization"},"potentialAction":[{"@type":"SearchAction","target":{"@type":"EntryPoint","urlTemplate":"https:\/\/portaldoestado.com.br\/?s={search_term_string}"},"query-input":{"@type":"PropertyValueSpecification","valueRequired":true,"valueName":"search_term_string"}}],"inLanguage":"pt-BR"},{"@type":"Organization","@id":"https:\/\/portaldoestado.com.br\/#organization","name":"Portal do Estado","url":"https:\/\/portaldoestado.com.br\/","logo":{"@type":"ImageObject","inLanguage":"pt-BR","@id":"https:\/\/portaldoestado.com.br\/#\/schema\/logo\/image\/","url":"https:\/\/portaldoestado.com.br\/wp-content\/uploads\/2025\/04\/cropped-6f69b19a-6472-43bf-b1b3-e1910bbbd4e8.png","contentUrl":"https:\/\/portaldoestado.com.br\/wp-content\/uploads\/2025\/04\/cropped-6f69b19a-6472-43bf-b1b3-e1910bbbd4e8.png","width":1024,"height":350,"caption":"Portal do Estado"},"image":{"@id":"https:\/\/portaldoestado.com.br\/#\/schema\/logo\/image\/"}},{"@type":"Person","@id":"https:\/\/portaldoestado.com.br\/#\/schema\/person\/5ca0174f3c8c84b59da62ea14b698cb9","name":"assessoriadefamosos","image":{"@type":"ImageObject","inLanguage":"pt-BR","@id":"https:\/\/portaldoestado.com.br\/#\/schema\/person\/image\/","url":"https:\/\/secure.gravatar.com\/avatar\/a7acbdffcfbbae7240e59f47fe511ec5f5d8c252c779f0b8d9ab02a9e1d8c5ed?s=96&d=mm&r=g","contentUrl":"https:\/\/secure.gravatar.com\/avatar\/a7acbdffcfbbae7240e59f47fe511ec5f5d8c252c779f0b8d9ab02a9e1d8c5ed?s=96&d=mm&r=g","caption":"assessoriadefamosos"},"url":"https:\/\/portaldoestado.com.br\/index.php\/author\/assessoriadefamosos\/"}]}},"jetpack_featured_media_url":"https:\/\/portaldoestado.com.br\/wp-content\/uploads\/2026\/01\/Ponto-final_-Lauana-Prado-anuncia-o-fim-do-noivado-com-Tati-Dias.jpg","_links":{"self":[{"href":"https:\/\/portaldoestado.com.br\/index.php\/wp-json\/wp\/v2\/posts\/5587","targetHints":{"allow":["GET"]}}],"collection":[{"href":"https:\/\/portaldoestado.com.br\/index.php\/wp-json\/wp\/v2\/posts"}],"about":[{"href":"https:\/\/portaldoestado.com.br\/index.php\/wp-json\/wp\/v2\/types\/post"}],"author":[{"embeddable":true,"href":"https:\/\/portaldoestado.com.br\/index.php\/wp-json\/wp\/v2\/users\/2"}],"replies":[{"embeddable":true,"href":"https:\/\/portaldoestado.com.br\/index.php\/wp-json\/wp\/v2\/comments?post=5587"}],"version-history":[{"count":1,"href":"https:\/\/portaldoestado.com.br\/index.php\/wp-json\/wp\/v2\/posts\/5587\/revisions"}],"predecessor-version":[{"id":5588,"href":"https:\/\/portaldoestado.com.br\/index.php\/wp-json\/wp\/v2\/posts\/5587\/revisions\/5588"}],"wp:featuredmedia":[{"embeddable":true,"href":"https:\/\/portaldoestado.com.br\/index.php\/wp-json\/wp\/v2\/media\/5586"}],"wp:attachment":[{"href":"https:\/\/portaldoestado.com.br\/index.php\/wp-json\/wp\/v2\/media?parent=5587"}],"wp:term":[{"taxonomy":"category","embeddable":true,"href":"https:\/\/portaldoestado.com.br\/index.php\/wp-json\/wp\/v2\/categories?post=5587"},{"taxonomy":"post_tag","embeddable":true,"href":"https:\/\/portaldoestado.com.br\/index.php\/wp-json\/wp\/v2\/tags?post=5587"}],"curies":[{"name":"wp","href":"https:\/\/api.w.org\/{rel}","templated":true}]}}