{"id":5584,"date":"2026-01-11T23:47:01","date_gmt":"2026-01-11T23:47:01","guid":{"rendered":"https:\/\/portaldoestado.com.br\/?p=5584"},"modified":"2026-01-11T23:47:01","modified_gmt":"2026-01-11T23:47:01","slug":"virginia-comemora-gol-de-vinicius-junior-no-classico-contra-o-barcelona-e-reacao-viraliza","status":"publish","type":"post","link":"https:\/\/portaldoestado.com.br\/index.php\/2026\/01\/11\/virginia-comemora-gol-de-vinicius-junior-no-classico-contra-o-barcelona-e-reacao-viraliza\/","title":{"rendered":"Virginia comemora gol de Vin\u00edcius J\u00fanior no cl\u00e1ssico contra o Barcelona e rea\u00e7\u00e3o viraliza"},"content":{"rendered":"\n<p>Virginia Fonseca mostrou que a paix\u00e3o pelo futebol fala mais alto, mesmo a milhares de quil\u00f4metros do est\u00e1dio. A influenciadora n\u00e3o escondeu a empolga\u00e7\u00e3o ao ver Vin\u00edcius J\u00fanior marcar pelo Real Madrid no cl\u00e1ssico contra o Barcelona, v\u00e1lido pela final da Supercopa da Espanha. A rea\u00e7\u00e3o intensa foi registrada em v\u00eddeo e rapidamente ganhou destaque nas redes sociais.<\/p>\n\n\n\n<p>Assistindo \u00e0 partida direto de Dubai, nos Emirados \u00c1rabes Unidos, onde cumpre compromissos profissionais, Virginia vibrou como se estivesse nas arquibancadas. Aos gritos, com muita anima\u00e7\u00e3o e espontaneidade, ela celebrou o gol do brasileiro ainda no primeiro tempo, arrancando risadas e coment\u00e1rios dos amigos que estavam ao seu redor.<\/p>\n\n\n\n<p>Apesar da comemora\u00e7\u00e3o, o Real Madrid acabou superado pelo Barcelona em uma partida equilibrada, encerrada com o placar de 3 a 2 para o time catal\u00e3o. O resultado, no entanto, n\u00e3o diminuiu o orgulho da influenciadora pelo desempenho de Vin\u00edcius J\u00fanior, que voltou a ser decisivo em um dos confrontos mais importantes do futebol europeu.<\/p>\n\n\n\n<p>Curiosamente, o jogo tamb\u00e9m teve outro brasileiro como destaque. Raphinha foi fundamental para a vit\u00f3ria do Barcelona e acabou sendo um dos nomes mais celebrados do t\u00edtulo. Ainda assim, Virginia fez quest\u00e3o de destacar o momento especial vivido por Vini Jr., refor\u00e7ando o carinho e a admira\u00e7\u00e3o pelo craque.<\/p>\n\n\n\n<p>Hospedada em um hotel de luxo, Virginia acompanhou a final cercada de amigos e parceiros de neg\u00f3cios. O v\u00eddeo da comemora\u00e7\u00e3o, marcado por emo\u00e7\u00e3o genu\u00edna, refor\u00e7ou o quanto o futebol segue sendo capaz de mobilizar sentimentos intensos \u2014 principalmente quando envolve algu\u00e9m especial.<\/p>\n","protected":false},"excerpt":{"rendered":"<p>Virginia Fonseca mostrou que a paix\u00e3o pelo futebol fala mais alto, mesmo a milhares de quil\u00f4metros do est\u00e1dio. A influenciadora n\u00e3o escondeu a empolga\u00e7\u00e3o ao ver Vin\u00edcius J\u00fanior marcar pelo Real Madrid no cl\u00e1ssico contra o Barcelona, v\u00e1lido pela final da Supercopa da Espanha. A rea\u00e7\u00e3o intensa foi registrada em v\u00eddeo e rapidamente ganhou destaque \u2026<\/p>\n","protected":false},"author":2,"featured_media":5583,"comment_status":"closed","ping_status":"open","sticky":false,"template":"","format":"standard","meta":{"footnotes":""},"categories":[3],"tags":[],"class_list":["post-5584","post","type-post","status-publish","format-standard","has-post-thumbnail","hentry","category-famosos"],"yoast_head":"<!-- This site is optimized with the Yoast SEO plugin v25.5 - https:\/\/yoast.com\/wordpress\/plugins\/seo\/ -->\n<title>Virginia comemora gol de Vin\u00edcius J\u00fanior no cl\u00e1ssico contra o Barcelona e rea\u00e7\u00e3o viraliza - Portal do Estado<\/title>\n<meta name=\"robots\" content=\"index, follow, max-snippet:-1, max-image-preview:large, max-video-preview:-1\" \/>\n<link rel=\"canonical\" href=\"https:\/\/portaldoestado.com.br\/index.php\/2026\/01\/11\/virginia-comemora-gol-de-vinicius-junior-no-classico-contra-o-barcelona-e-reacao-viraliza\/\" \/>\n<meta property=\"og:locale\" content=\"pt_BR\" \/>\n<meta property=\"og:type\" content=\"article\" \/>\n<meta property=\"og:title\" content=\"Virginia comemora gol de Vin\u00edcius J\u00fanior no cl\u00e1ssico contra o Barcelona e rea\u00e7\u00e3o viraliza - Portal do Estado\" \/>\n<meta property=\"og:description\" content=\"Virginia Fonseca mostrou que a paix\u00e3o pelo futebol fala mais alto, mesmo a milhares de quil\u00f4metros do est\u00e1dio. A influenciadora n\u00e3o escondeu a empolga\u00e7\u00e3o ao ver Vin\u00edcius J\u00fanior marcar pelo Real Madrid no cl\u00e1ssico contra o Barcelona, v\u00e1lido pela final da Supercopa da Espanha. A rea\u00e7\u00e3o intensa foi registrada em v\u00eddeo e rapidamente ganhou destaque \u2026\" \/>\n<meta property=\"og:url\" content=\"https:\/\/portaldoestado.com.br\/index.php\/2026\/01\/11\/virginia-comemora-gol-de-vinicius-junior-no-classico-contra-o-barcelona-e-reacao-viraliza\/\" \/>\n<meta property=\"og:site_name\" content=\"Portal do Estado\" \/>\n<meta property=\"article:published_time\" content=\"2026-01-11T23:47:01+00:00\" \/>\n<meta property=\"og:image\" content=\"https:\/\/portaldoestado.com.br\/wp-content\/uploads\/2026\/01\/WhatsApp-Image-2026-01-11-at-18.31.49.jpeg\" \/>\n\t<meta property=\"og:image:width\" content=\"1200\" \/>\n\t<meta property=\"og:image:height\" content=\"900\" \/>\n\t<meta property=\"og:image:type\" content=\"image\/jpeg\" \/>\n<meta name=\"author\" content=\"assessoriadefamosos\" \/>\n<meta name=\"twitter:card\" content=\"summary_large_image\" \/>\n<meta name=\"twitter:label1\" content=\"Escrito por\" \/>\n\t<meta name=\"twitter:data1\" content=\"assessoriadefamosos\" \/>\n\t<meta name=\"twitter:label2\" content=\"Est. tempo de leitura\" \/>\n\t<meta name=\"twitter:data2\" content=\"1 minuto\" \/>\n<script type=\"application\/ld+json\" class=\"yoast-schema-graph\">{\"@context\":\"https:\/\/schema.org\",\"@graph\":[{\"@type\":\"Article\",\"@id\":\"https:\/\/portaldoestado.com.br\/index.php\/2026\/01\/11\/virginia-comemora-gol-de-vinicius-junior-no-classico-contra-o-barcelona-e-reacao-viraliza\/#article\",\"isPartOf\":{\"@id\":\"https:\/\/portaldoestado.com.br\/index.php\/2026\/01\/11\/virginia-comemora-gol-de-vinicius-junior-no-classico-contra-o-barcelona-e-reacao-viraliza\/\"},\"author\":{\"name\":\"assessoriadefamosos\",\"@id\":\"https:\/\/portaldoestado.com.br\/#\/schema\/person\/5ca0174f3c8c84b59da62ea14b698cb9\"},\"headline\":\"Virginia comemora gol de Vin\u00edcius J\u00fanior no cl\u00e1ssico contra o Barcelona e rea\u00e7\u00e3o viraliza\",\"datePublished\":\"2026-01-11T23:47:01+00:00\",\"mainEntityOfPage\":{\"@id\":\"https:\/\/portaldoestado.com.br\/index.php\/2026\/01\/11\/virginia-comemora-gol-de-vinicius-junior-no-classico-contra-o-barcelona-e-reacao-viraliza\/\"},\"wordCount\":299,\"publisher\":{\"@id\":\"https:\/\/portaldoestado.com.br\/#organization\"},\"image\":{\"@id\":\"https:\/\/portaldoestado.com.br\/index.php\/2026\/01\/11\/virginia-comemora-gol-de-vinicius-junior-no-classico-contra-o-barcelona-e-reacao-viraliza\/#primaryimage\"},\"thumbnailUrl\":\"https:\/\/portaldoestado.com.br\/wp-content\/uploads\/2026\/01\/WhatsApp-Image-2026-01-11-at-18.31.49.jpeg\",\"articleSection\":[\"Famosos\"],\"inLanguage\":\"pt-BR\"},{\"@type\":\"WebPage\",\"@id\":\"https:\/\/portaldoestado.com.br\/index.php\/2026\/01\/11\/virginia-comemora-gol-de-vinicius-junior-no-classico-contra-o-barcelona-e-reacao-viraliza\/\",\"url\":\"https:\/\/portaldoestado.com.br\/index.php\/2026\/01\/11\/virginia-comemora-gol-de-vinicius-junior-no-classico-contra-o-barcelona-e-reacao-viraliza\/\",\"name\":\"Virginia comemora gol de Vin\u00edcius J\u00fanior no cl\u00e1ssico contra o Barcelona e rea\u00e7\u00e3o viraliza - Portal do Estado\",\"isPartOf\":{\"@id\":\"https:\/\/portaldoestado.com.br\/#website\"},\"primaryImageOfPage\":{\"@id\":\"https:\/\/portaldoestado.com.br\/index.php\/2026\/01\/11\/virginia-comemora-gol-de-vinicius-junior-no-classico-contra-o-barcelona-e-reacao-viraliza\/#primaryimage\"},\"image\":{\"@id\":\"https:\/\/portaldoestado.com.br\/index.php\/2026\/01\/11\/virginia-comemora-gol-de-vinicius-junior-no-classico-contra-o-barcelona-e-reacao-viraliza\/#primaryimage\"},\"thumbnailUrl\":\"https:\/\/portaldoestado.com.br\/wp-content\/uploads\/2026\/01\/WhatsApp-Image-2026-01-11-at-18.31.49.jpeg\",\"datePublished\":\"2026-01-11T23:47:01+00:00\",\"breadcrumb\":{\"@id\":\"https:\/\/portaldoestado.com.br\/index.php\/2026\/01\/11\/virginia-comemora-gol-de-vinicius-junior-no-classico-contra-o-barcelona-e-reacao-viraliza\/#breadcrumb\"},\"inLanguage\":\"pt-BR\",\"potentialAction\":[{\"@type\":\"ReadAction\",\"target\":[\"https:\/\/portaldoestado.com.br\/index.php\/2026\/01\/11\/virginia-comemora-gol-de-vinicius-junior-no-classico-contra-o-barcelona-e-reacao-viraliza\/\"]}]},{\"@type\":\"ImageObject\",\"inLanguage\":\"pt-BR\",\"@id\":\"https:\/\/portaldoestado.com.br\/index.php\/2026\/01\/11\/virginia-comemora-gol-de-vinicius-junior-no-classico-contra-o-barcelona-e-reacao-viraliza\/#primaryimage\",\"url\":\"https:\/\/portaldoestado.com.br\/wp-content\/uploads\/2026\/01\/WhatsApp-Image-2026-01-11-at-18.31.49.jpeg\",\"contentUrl\":\"https:\/\/portaldoestado.com.br\/wp-content\/uploads\/2026\/01\/WhatsApp-Image-2026-01-11-at-18.31.49.jpeg\",\"width\":1200,\"height\":900},{\"@type\":\"BreadcrumbList\",\"@id\":\"https:\/\/portaldoestado.com.br\/index.php\/2026\/01\/11\/virginia-comemora-gol-de-vinicius-junior-no-classico-contra-o-barcelona-e-reacao-viraliza\/#breadcrumb\",\"itemListElement\":[{\"@type\":\"ListItem\",\"position\":1,\"name\":\"In\u00edcio\",\"item\":\"https:\/\/portaldoestado.com.br\/\"},{\"@type\":\"ListItem\",\"position\":2,\"name\":\"Virginia comemora gol de Vin\u00edcius J\u00fanior no cl\u00e1ssico contra o Barcelona e rea\u00e7\u00e3o viraliza\"}]},{\"@type\":\"WebSite\",\"@id\":\"https:\/\/portaldoestado.com.br\/#website\",\"url\":\"https:\/\/portaldoestado.com.br\/\",\"name\":\"Portal do Estado\",\"description\":\"\",\"publisher\":{\"@id\":\"https:\/\/portaldoestado.com.br\/#organization\"},\"potentialAction\":[{\"@type\":\"SearchAction\",\"target\":{\"@type\":\"EntryPoint\",\"urlTemplate\":\"https:\/\/portaldoestado.com.br\/?s={search_term_string}\"},\"query-input\":{\"@type\":\"PropertyValueSpecification\",\"valueRequired\":true,\"valueName\":\"search_term_string\"}}],\"inLanguage\":\"pt-BR\"},{\"@type\":\"Organization\",\"@id\":\"https:\/\/portaldoestado.com.br\/#organization\",\"name\":\"Portal do Estado\",\"url\":\"https:\/\/portaldoestado.com.br\/\",\"logo\":{\"@type\":\"ImageObject\",\"inLanguage\":\"pt-BR\",\"@id\":\"https:\/\/portaldoestado.com.br\/#\/schema\/logo\/image\/\",\"url\":\"https:\/\/portaldoestado.com.br\/wp-content\/uploads\/2025\/04\/cropped-6f69b19a-6472-43bf-b1b3-e1910bbbd4e8.png\",\"contentUrl\":\"https:\/\/portaldoestado.com.br\/wp-content\/uploads\/2025\/04\/cropped-6f69b19a-6472-43bf-b1b3-e1910bbbd4e8.png\",\"width\":1024,\"height\":350,\"caption\":\"Portal do Estado\"},\"image\":{\"@id\":\"https:\/\/portaldoestado.com.br\/#\/schema\/logo\/image\/\"}},{\"@type\":\"Person\",\"@id\":\"https:\/\/portaldoestado.com.br\/#\/schema\/person\/5ca0174f3c8c84b59da62ea14b698cb9\",\"name\":\"assessoriadefamosos\",\"image\":{\"@type\":\"ImageObject\",\"inLanguage\":\"pt-BR\",\"@id\":\"https:\/\/portaldoestado.com.br\/#\/schema\/person\/image\/\",\"url\":\"https:\/\/secure.gravatar.com\/avatar\/a7acbdffcfbbae7240e59f47fe511ec5f5d8c252c779f0b8d9ab02a9e1d8c5ed?s=96&d=mm&r=g\",\"contentUrl\":\"https:\/\/secure.gravatar.com\/avatar\/a7acbdffcfbbae7240e59f47fe511ec5f5d8c252c779f0b8d9ab02a9e1d8c5ed?s=96&d=mm&r=g\",\"caption\":\"assessoriadefamosos\"},\"url\":\"https:\/\/portaldoestado.com.br\/index.php\/author\/assessoriadefamosos\/\"}]}<\/script>\n<!-- \/ Yoast SEO plugin. -->","yoast_head_json":{"title":"Virginia comemora gol de Vin\u00edcius J\u00fanior no cl\u00e1ssico contra o Barcelona e rea\u00e7\u00e3o viraliza - Portal do Estado","robots":{"index":"index","follow":"follow","max-snippet":"max-snippet:-1","max-image-preview":"max-image-preview:large","max-video-preview":"max-video-preview:-1"},"canonical":"https:\/\/portaldoestado.com.br\/index.php\/2026\/01\/11\/virginia-comemora-gol-de-vinicius-junior-no-classico-contra-o-barcelona-e-reacao-viraliza\/","og_locale":"pt_BR","og_type":"article","og_title":"Virginia comemora gol de Vin\u00edcius J\u00fanior no cl\u00e1ssico contra o Barcelona e rea\u00e7\u00e3o viraliza - Portal do Estado","og_description":"Virginia Fonseca mostrou que a paix\u00e3o pelo futebol fala mais alto, mesmo a milhares de quil\u00f4metros do est\u00e1dio. A influenciadora n\u00e3o escondeu a empolga\u00e7\u00e3o ao ver Vin\u00edcius J\u00fanior marcar pelo Real Madrid no cl\u00e1ssico contra o Barcelona, v\u00e1lido pela final da Supercopa da Espanha. A rea\u00e7\u00e3o intensa foi registrada em v\u00eddeo e rapidamente ganhou destaque \u2026","og_url":"https:\/\/portaldoestado.com.br\/index.php\/2026\/01\/11\/virginia-comemora-gol-de-vinicius-junior-no-classico-contra-o-barcelona-e-reacao-viraliza\/","og_site_name":"Portal do Estado","article_published_time":"2026-01-11T23:47:01+00:00","og_image":[{"width":1200,"height":900,"url":"https:\/\/portaldoestado.com.br\/wp-content\/uploads\/2026\/01\/WhatsApp-Image-2026-01-11-at-18.31.49.jpeg","type":"image\/jpeg"}],"author":"assessoriadefamosos","twitter_card":"summary_large_image","twitter_misc":{"Escrito por":"assessoriadefamosos","Est. tempo de leitura":"1 minuto"},"schema":{"@context":"https:\/\/schema.org","@graph":[{"@type":"Article","@id":"https:\/\/portaldoestado.com.br\/index.php\/2026\/01\/11\/virginia-comemora-gol-de-vinicius-junior-no-classico-contra-o-barcelona-e-reacao-viraliza\/#article","isPartOf":{"@id":"https:\/\/portaldoestado.com.br\/index.php\/2026\/01\/11\/virginia-comemora-gol-de-vinicius-junior-no-classico-contra-o-barcelona-e-reacao-viraliza\/"},"author":{"name":"assessoriadefamosos","@id":"https:\/\/portaldoestado.com.br\/#\/schema\/person\/5ca0174f3c8c84b59da62ea14b698cb9"},"headline":"Virginia comemora gol de Vin\u00edcius J\u00fanior no cl\u00e1ssico contra o Barcelona e rea\u00e7\u00e3o viraliza","datePublished":"2026-01-11T23:47:01+00:00","mainEntityOfPage":{"@id":"https:\/\/portaldoestado.com.br\/index.php\/2026\/01\/11\/virginia-comemora-gol-de-vinicius-junior-no-classico-contra-o-barcelona-e-reacao-viraliza\/"},"wordCount":299,"publisher":{"@id":"https:\/\/portaldoestado.com.br\/#organization"},"image":{"@id":"https:\/\/portaldoestado.com.br\/index.php\/2026\/01\/11\/virginia-comemora-gol-de-vinicius-junior-no-classico-contra-o-barcelona-e-reacao-viraliza\/#primaryimage"},"thumbnailUrl":"https:\/\/portaldoestado.com.br\/wp-content\/uploads\/2026\/01\/WhatsApp-Image-2026-01-11-at-18.31.49.jpeg","articleSection":["Famosos"],"inLanguage":"pt-BR"},{"@type":"WebPage","@id":"https:\/\/portaldoestado.com.br\/index.php\/2026\/01\/11\/virginia-comemora-gol-de-vinicius-junior-no-classico-contra-o-barcelona-e-reacao-viraliza\/","url":"https:\/\/portaldoestado.com.br\/index.php\/2026\/01\/11\/virginia-comemora-gol-de-vinicius-junior-no-classico-contra-o-barcelona-e-reacao-viraliza\/","name":"Virginia comemora gol de Vin\u00edcius J\u00fanior no cl\u00e1ssico contra o Barcelona e rea\u00e7\u00e3o viraliza - Portal do Estado","isPartOf":{"@id":"https:\/\/portaldoestado.com.br\/#website"},"primaryImageOfPage":{"@id":"https:\/\/portaldoestado.com.br\/index.php\/2026\/01\/11\/virginia-comemora-gol-de-vinicius-junior-no-classico-contra-o-barcelona-e-reacao-viraliza\/#primaryimage"},"image":{"@id":"https:\/\/portaldoestado.com.br\/index.php\/2026\/01\/11\/virginia-comemora-gol-de-vinicius-junior-no-classico-contra-o-barcelona-e-reacao-viraliza\/#primaryimage"},"thumbnailUrl":"https:\/\/portaldoestado.com.br\/wp-content\/uploads\/2026\/01\/WhatsApp-Image-2026-01-11-at-18.31.49.jpeg","datePublished":"2026-01-11T23:47:01+00:00","breadcrumb":{"@id":"https:\/\/portaldoestado.com.br\/index.php\/2026\/01\/11\/virginia-comemora-gol-de-vinicius-junior-no-classico-contra-o-barcelona-e-reacao-viraliza\/#breadcrumb"},"inLanguage":"pt-BR","potentialAction":[{"@type":"ReadAction","target":["https:\/\/portaldoestado.com.br\/index.php\/2026\/01\/11\/virginia-comemora-gol-de-vinicius-junior-no-classico-contra-o-barcelona-e-reacao-viraliza\/"]}]},{"@type":"ImageObject","inLanguage":"pt-BR","@id":"https:\/\/portaldoestado.com.br\/index.php\/2026\/01\/11\/virginia-comemora-gol-de-vinicius-junior-no-classico-contra-o-barcelona-e-reacao-viraliza\/#primaryimage","url":"https:\/\/portaldoestado.com.br\/wp-content\/uploads\/2026\/01\/WhatsApp-Image-2026-01-11-at-18.31.49.jpeg","contentUrl":"https:\/\/portaldoestado.com.br\/wp-content\/uploads\/2026\/01\/WhatsApp-Image-2026-01-11-at-18.31.49.jpeg","width":1200,"height":900},{"@type":"BreadcrumbList","@id":"https:\/\/portaldoestado.com.br\/index.php\/2026\/01\/11\/virginia-comemora-gol-de-vinicius-junior-no-classico-contra-o-barcelona-e-reacao-viraliza\/#breadcrumb","itemListElement":[{"@type":"ListItem","position":1,"name":"In\u00edcio","item":"https:\/\/portaldoestado.com.br\/"},{"@type":"ListItem","position":2,"name":"Virginia comemora gol de Vin\u00edcius J\u00fanior no cl\u00e1ssico contra o Barcelona e rea\u00e7\u00e3o viraliza"}]},{"@type":"WebSite","@id":"https:\/\/portaldoestado.com.br\/#website","url":"https:\/\/portaldoestado.com.br\/","name":"Portal do Estado","description":"","publisher":{"@id":"https:\/\/portaldoestado.com.br\/#organization"},"potentialAction":[{"@type":"SearchAction","target":{"@type":"EntryPoint","urlTemplate":"https:\/\/portaldoestado.com.br\/?s={search_term_string}"},"query-input":{"@type":"PropertyValueSpecification","valueRequired":true,"valueName":"search_term_string"}}],"inLanguage":"pt-BR"},{"@type":"Organization","@id":"https:\/\/portaldoestado.com.br\/#organization","name":"Portal do Estado","url":"https:\/\/portaldoestado.com.br\/","logo":{"@type":"ImageObject","inLanguage":"pt-BR","@id":"https:\/\/portaldoestado.com.br\/#\/schema\/logo\/image\/","url":"https:\/\/portaldoestado.com.br\/wp-content\/uploads\/2025\/04\/cropped-6f69b19a-6472-43bf-b1b3-e1910bbbd4e8.png","contentUrl":"https:\/\/portaldoestado.com.br\/wp-content\/uploads\/2025\/04\/cropped-6f69b19a-6472-43bf-b1b3-e1910bbbd4e8.png","width":1024,"height":350,"caption":"Portal do Estado"},"image":{"@id":"https:\/\/portaldoestado.com.br\/#\/schema\/logo\/image\/"}},{"@type":"Person","@id":"https:\/\/portaldoestado.com.br\/#\/schema\/person\/5ca0174f3c8c84b59da62ea14b698cb9","name":"assessoriadefamosos","image":{"@type":"ImageObject","inLanguage":"pt-BR","@id":"https:\/\/portaldoestado.com.br\/#\/schema\/person\/image\/","url":"https:\/\/secure.gravatar.com\/avatar\/a7acbdffcfbbae7240e59f47fe511ec5f5d8c252c779f0b8d9ab02a9e1d8c5ed?s=96&d=mm&r=g","contentUrl":"https:\/\/secure.gravatar.com\/avatar\/a7acbdffcfbbae7240e59f47fe511ec5f5d8c252c779f0b8d9ab02a9e1d8c5ed?s=96&d=mm&r=g","caption":"assessoriadefamosos"},"url":"https:\/\/portaldoestado.com.br\/index.php\/author\/assessoriadefamosos\/"}]}},"jetpack_featured_media_url":"https:\/\/portaldoestado.com.br\/wp-content\/uploads\/2026\/01\/WhatsApp-Image-2026-01-11-at-18.31.49.jpeg","_links":{"self":[{"href":"https:\/\/portaldoestado.com.br\/index.php\/wp-json\/wp\/v2\/posts\/5584","targetHints":{"allow":["GET"]}}],"collection":[{"href":"https:\/\/portaldoestado.com.br\/index.php\/wp-json\/wp\/v2\/posts"}],"about":[{"href":"https:\/\/portaldoestado.com.br\/index.php\/wp-json\/wp\/v2\/types\/post"}],"author":[{"embeddable":true,"href":"https:\/\/portaldoestado.com.br\/index.php\/wp-json\/wp\/v2\/users\/2"}],"replies":[{"embeddable":true,"href":"https:\/\/portaldoestado.com.br\/index.php\/wp-json\/wp\/v2\/comments?post=5584"}],"version-history":[{"count":1,"href":"https:\/\/portaldoestado.com.br\/index.php\/wp-json\/wp\/v2\/posts\/5584\/revisions"}],"predecessor-version":[{"id":5585,"href":"https:\/\/portaldoestado.com.br\/index.php\/wp-json\/wp\/v2\/posts\/5584\/revisions\/5585"}],"wp:featuredmedia":[{"embeddable":true,"href":"https:\/\/portaldoestado.com.br\/index.php\/wp-json\/wp\/v2\/media\/5583"}],"wp:attachment":[{"href":"https:\/\/portaldoestado.com.br\/index.php\/wp-json\/wp\/v2\/media?parent=5584"}],"wp:term":[{"taxonomy":"category","embeddable":true,"href":"https:\/\/portaldoestado.com.br\/index.php\/wp-json\/wp\/v2\/categories?post=5584"},{"taxonomy":"post_tag","embeddable":true,"href":"https:\/\/portaldoestado.com.br\/index.php\/wp-json\/wp\/v2\/tags?post=5584"}],"curies":[{"name":"wp","href":"https:\/\/api.w.org\/{rel}","templated":true}]}}