{"id":5581,"date":"2026-01-11T14:58:26","date_gmt":"2026-01-11T14:58:26","guid":{"rendered":"https:\/\/portaldoestado.com.br\/?p=5581"},"modified":"2026-01-11T14:58:26","modified_gmt":"2026-01-11T14:58:26","slug":"erika-januza-detalha-por-que-aguardou-para-assumir-namoro-com-arlindinho","status":"publish","type":"post","link":"https:\/\/portaldoestado.com.br\/index.php\/2026\/01\/11\/erika-januza-detalha-por-que-aguardou-para-assumir-namoro-com-arlindinho\/","title":{"rendered":"Erika Januza detalha por que aguardou para assumir namoro com Arlindinho"},"content":{"rendered":"\n<p>Erika Januza revelou os motivos que a fizeram esperar antes de tornar p\u00fablico seu namoro com o cantor Arlindinho, iniciado em outubro de 2025, mas assumido oficialmente apenas no fim do ano.<\/p>\n\n\n\n<p>Em entrevista \u00e0 coluna Play, do jornal <em>O Globo<\/em>, a atriz explicou que optou por n\u00e3o expor imediatamente a rela\u00e7\u00e3o para observar o in\u00edcio do romance com mais tranquilidade. \u201cNo come\u00e7o, havia muita especula\u00e7\u00e3o sobre n\u00f3s e eu ainda estava me reorganizando ap\u00f3s o t\u00e9rmino de outro relacionamento em maio. Quis dar tempo para entender tudo com calma\u201d, disse Erika.<\/p>\n\n\n\n<p>A atriz tamb\u00e9m comentou que a surpresa do pedido de namoro, feita por Arlindinho durante uma viagem a Pernambuco, foi um momento especial, mas que n\u00e3o quis tornar p\u00fablico de imediato. \u201cEle me pediu em namoro de forma linda, mas eu precisava viver esse momento antes de mostrar para todos\u201d, afirmou.<\/p>\n\n\n\n<p>Erika falou ainda sobre a leveza que sente na nova rela\u00e7\u00e3o: \u201cHoje valorizo quem \u00e9 rom\u00e2ntico de verdade. Ele \u00e9 divertido, trata todo mundo bem e demonstra o amor nas atitudes. Esse relacionamento \u00e9 sobre felicidade e escolha, e estamos vivendo cada momento juntos\u201d, concluiu.<\/p>\n\n\n\n<p>A atriz segue aproveitando o in\u00edcio do namoro, sem pressa, refor\u00e7ando que a prioridade \u00e9 o carinho e a cumplicidade com Arlindinho, mantendo a rela\u00e7\u00e3o em um ritmo natural e acolhedor.<\/p>\n","protected":false},"excerpt":{"rendered":"<p>Erika Januza revelou os motivos que a fizeram esperar antes de tornar p\u00fablico seu namoro com o cantor Arlindinho, iniciado em outubro de 2025, mas assumido oficialmente apenas no fim do ano. Em entrevista \u00e0 coluna Play, do jornal O Globo, a atriz explicou que optou por n\u00e3o expor imediatamente a rela\u00e7\u00e3o para observar o \u2026<\/p>\n","protected":false},"author":2,"featured_media":5580,"comment_status":"closed","ping_status":"open","sticky":false,"template":"","format":"standard","meta":{"footnotes":""},"categories":[3],"tags":[],"class_list":["post-5581","post","type-post","status-publish","format-standard","has-post-thumbnail","hentry","category-famosos"],"yoast_head":"<!-- This site is optimized with the Yoast SEO plugin v25.5 - https:\/\/yoast.com\/wordpress\/plugins\/seo\/ -->\n<title>Erika Januza detalha por que aguardou para assumir namoro com Arlindinho - Portal do Estado<\/title>\n<meta name=\"robots\" content=\"index, follow, max-snippet:-1, max-image-preview:large, max-video-preview:-1\" \/>\n<link rel=\"canonical\" href=\"https:\/\/portaldoestado.com.br\/index.php\/2026\/01\/11\/erika-januza-detalha-por-que-aguardou-para-assumir-namoro-com-arlindinho\/\" \/>\n<meta property=\"og:locale\" content=\"pt_BR\" \/>\n<meta property=\"og:type\" content=\"article\" \/>\n<meta property=\"og:title\" content=\"Erika Januza detalha por que aguardou para assumir namoro com Arlindinho - Portal do Estado\" \/>\n<meta property=\"og:description\" content=\"Erika Januza revelou os motivos que a fizeram esperar antes de tornar p\u00fablico seu namoro com o cantor Arlindinho, iniciado em outubro de 2025, mas assumido oficialmente apenas no fim do ano. Em entrevista \u00e0 coluna Play, do jornal O Globo, a atriz explicou que optou por n\u00e3o expor imediatamente a rela\u00e7\u00e3o para observar o \u2026\" \/>\n<meta property=\"og:url\" content=\"https:\/\/portaldoestado.com.br\/index.php\/2026\/01\/11\/erika-januza-detalha-por-que-aguardou-para-assumir-namoro-com-arlindinho\/\" \/>\n<meta property=\"og:site_name\" content=\"Portal do Estado\" \/>\n<meta property=\"article:published_time\" content=\"2026-01-11T14:58:26+00:00\" \/>\n<meta property=\"og:image\" content=\"https:\/\/portaldoestado.com.br\/wp-content\/uploads\/2026\/01\/erika-januza-e-arlindinho-1767187498798_v2_900x506.jpg.webp\" \/>\n\t<meta property=\"og:image:width\" content=\"900\" \/>\n\t<meta property=\"og:image:height\" content=\"506\" \/>\n\t<meta property=\"og:image:type\" content=\"image\/webp\" \/>\n<meta name=\"author\" content=\"assessoriadefamosos\" \/>\n<meta name=\"twitter:card\" content=\"summary_large_image\" \/>\n<meta name=\"twitter:label1\" content=\"Escrito por\" \/>\n\t<meta name=\"twitter:data1\" content=\"assessoriadefamosos\" \/>\n\t<meta name=\"twitter:label2\" content=\"Est. tempo de leitura\" \/>\n\t<meta name=\"twitter:data2\" content=\"1 minuto\" \/>\n<script type=\"application\/ld+json\" class=\"yoast-schema-graph\">{\"@context\":\"https:\/\/schema.org\",\"@graph\":[{\"@type\":\"Article\",\"@id\":\"https:\/\/portaldoestado.com.br\/index.php\/2026\/01\/11\/erika-januza-detalha-por-que-aguardou-para-assumir-namoro-com-arlindinho\/#article\",\"isPartOf\":{\"@id\":\"https:\/\/portaldoestado.com.br\/index.php\/2026\/01\/11\/erika-januza-detalha-por-que-aguardou-para-assumir-namoro-com-arlindinho\/\"},\"author\":{\"name\":\"assessoriadefamosos\",\"@id\":\"https:\/\/portaldoestado.com.br\/#\/schema\/person\/5ca0174f3c8c84b59da62ea14b698cb9\"},\"headline\":\"Erika Januza detalha por que aguardou para assumir namoro com Arlindinho\",\"datePublished\":\"2026-01-11T14:58:26+00:00\",\"mainEntityOfPage\":{\"@id\":\"https:\/\/portaldoestado.com.br\/index.php\/2026\/01\/11\/erika-januza-detalha-por-que-aguardou-para-assumir-namoro-com-arlindinho\/\"},\"wordCount\":241,\"publisher\":{\"@id\":\"https:\/\/portaldoestado.com.br\/#organization\"},\"image\":{\"@id\":\"https:\/\/portaldoestado.com.br\/index.php\/2026\/01\/11\/erika-januza-detalha-por-que-aguardou-para-assumir-namoro-com-arlindinho\/#primaryimage\"},\"thumbnailUrl\":\"https:\/\/portaldoestado.com.br\/wp-content\/uploads\/2026\/01\/erika-januza-e-arlindinho-1767187498798_v2_900x506.jpg.webp\",\"articleSection\":[\"Famosos\"],\"inLanguage\":\"pt-BR\"},{\"@type\":\"WebPage\",\"@id\":\"https:\/\/portaldoestado.com.br\/index.php\/2026\/01\/11\/erika-januza-detalha-por-que-aguardou-para-assumir-namoro-com-arlindinho\/\",\"url\":\"https:\/\/portaldoestado.com.br\/index.php\/2026\/01\/11\/erika-januza-detalha-por-que-aguardou-para-assumir-namoro-com-arlindinho\/\",\"name\":\"Erika Januza detalha por que aguardou para assumir namoro com Arlindinho - Portal do Estado\",\"isPartOf\":{\"@id\":\"https:\/\/portaldoestado.com.br\/#website\"},\"primaryImageOfPage\":{\"@id\":\"https:\/\/portaldoestado.com.br\/index.php\/2026\/01\/11\/erika-januza-detalha-por-que-aguardou-para-assumir-namoro-com-arlindinho\/#primaryimage\"},\"image\":{\"@id\":\"https:\/\/portaldoestado.com.br\/index.php\/2026\/01\/11\/erika-januza-detalha-por-que-aguardou-para-assumir-namoro-com-arlindinho\/#primaryimage\"},\"thumbnailUrl\":\"https:\/\/portaldoestado.com.br\/wp-content\/uploads\/2026\/01\/erika-januza-e-arlindinho-1767187498798_v2_900x506.jpg.webp\",\"datePublished\":\"2026-01-11T14:58:26+00:00\",\"breadcrumb\":{\"@id\":\"https:\/\/portaldoestado.com.br\/index.php\/2026\/01\/11\/erika-januza-detalha-por-que-aguardou-para-assumir-namoro-com-arlindinho\/#breadcrumb\"},\"inLanguage\":\"pt-BR\",\"potentialAction\":[{\"@type\":\"ReadAction\",\"target\":[\"https:\/\/portaldoestado.com.br\/index.php\/2026\/01\/11\/erika-januza-detalha-por-que-aguardou-para-assumir-namoro-com-arlindinho\/\"]}]},{\"@type\":\"ImageObject\",\"inLanguage\":\"pt-BR\",\"@id\":\"https:\/\/portaldoestado.com.br\/index.php\/2026\/01\/11\/erika-januza-detalha-por-que-aguardou-para-assumir-namoro-com-arlindinho\/#primaryimage\",\"url\":\"https:\/\/portaldoestado.com.br\/wp-content\/uploads\/2026\/01\/erika-januza-e-arlindinho-1767187498798_v2_900x506.jpg.webp\",\"contentUrl\":\"https:\/\/portaldoestado.com.br\/wp-content\/uploads\/2026\/01\/erika-januza-e-arlindinho-1767187498798_v2_900x506.jpg.webp\",\"width\":900,\"height\":506},{\"@type\":\"BreadcrumbList\",\"@id\":\"https:\/\/portaldoestado.com.br\/index.php\/2026\/01\/11\/erika-januza-detalha-por-que-aguardou-para-assumir-namoro-com-arlindinho\/#breadcrumb\",\"itemListElement\":[{\"@type\":\"ListItem\",\"position\":1,\"name\":\"In\u00edcio\",\"item\":\"https:\/\/portaldoestado.com.br\/\"},{\"@type\":\"ListItem\",\"position\":2,\"name\":\"Erika Januza detalha por que aguardou para assumir namoro com Arlindinho\"}]},{\"@type\":\"WebSite\",\"@id\":\"https:\/\/portaldoestado.com.br\/#website\",\"url\":\"https:\/\/portaldoestado.com.br\/\",\"name\":\"Portal do Estado\",\"description\":\"\",\"publisher\":{\"@id\":\"https:\/\/portaldoestado.com.br\/#organization\"},\"potentialAction\":[{\"@type\":\"SearchAction\",\"target\":{\"@type\":\"EntryPoint\",\"urlTemplate\":\"https:\/\/portaldoestado.com.br\/?s={search_term_string}\"},\"query-input\":{\"@type\":\"PropertyValueSpecification\",\"valueRequired\":true,\"valueName\":\"search_term_string\"}}],\"inLanguage\":\"pt-BR\"},{\"@type\":\"Organization\",\"@id\":\"https:\/\/portaldoestado.com.br\/#organization\",\"name\":\"Portal do Estado\",\"url\":\"https:\/\/portaldoestado.com.br\/\",\"logo\":{\"@type\":\"ImageObject\",\"inLanguage\":\"pt-BR\",\"@id\":\"https:\/\/portaldoestado.com.br\/#\/schema\/logo\/image\/\",\"url\":\"https:\/\/portaldoestado.com.br\/wp-content\/uploads\/2025\/04\/cropped-6f69b19a-6472-43bf-b1b3-e1910bbbd4e8.png\",\"contentUrl\":\"https:\/\/portaldoestado.com.br\/wp-content\/uploads\/2025\/04\/cropped-6f69b19a-6472-43bf-b1b3-e1910bbbd4e8.png\",\"width\":1024,\"height\":350,\"caption\":\"Portal do Estado\"},\"image\":{\"@id\":\"https:\/\/portaldoestado.com.br\/#\/schema\/logo\/image\/\"}},{\"@type\":\"Person\",\"@id\":\"https:\/\/portaldoestado.com.br\/#\/schema\/person\/5ca0174f3c8c84b59da62ea14b698cb9\",\"name\":\"assessoriadefamosos\",\"image\":{\"@type\":\"ImageObject\",\"inLanguage\":\"pt-BR\",\"@id\":\"https:\/\/portaldoestado.com.br\/#\/schema\/person\/image\/\",\"url\":\"https:\/\/secure.gravatar.com\/avatar\/a7acbdffcfbbae7240e59f47fe511ec5f5d8c252c779f0b8d9ab02a9e1d8c5ed?s=96&d=mm&r=g\",\"contentUrl\":\"https:\/\/secure.gravatar.com\/avatar\/a7acbdffcfbbae7240e59f47fe511ec5f5d8c252c779f0b8d9ab02a9e1d8c5ed?s=96&d=mm&r=g\",\"caption\":\"assessoriadefamosos\"},\"url\":\"https:\/\/portaldoestado.com.br\/index.php\/author\/assessoriadefamosos\/\"}]}<\/script>\n<!-- \/ Yoast SEO plugin. -->","yoast_head_json":{"title":"Erika Januza detalha por que aguardou para assumir namoro com Arlindinho - Portal do Estado","robots":{"index":"index","follow":"follow","max-snippet":"max-snippet:-1","max-image-preview":"max-image-preview:large","max-video-preview":"max-video-preview:-1"},"canonical":"https:\/\/portaldoestado.com.br\/index.php\/2026\/01\/11\/erika-januza-detalha-por-que-aguardou-para-assumir-namoro-com-arlindinho\/","og_locale":"pt_BR","og_type":"article","og_title":"Erika Januza detalha por que aguardou para assumir namoro com Arlindinho - Portal do Estado","og_description":"Erika Januza revelou os motivos que a fizeram esperar antes de tornar p\u00fablico seu namoro com o cantor Arlindinho, iniciado em outubro de 2025, mas assumido oficialmente apenas no fim do ano. Em entrevista \u00e0 coluna Play, do jornal O Globo, a atriz explicou que optou por n\u00e3o expor imediatamente a rela\u00e7\u00e3o para observar o \u2026","og_url":"https:\/\/portaldoestado.com.br\/index.php\/2026\/01\/11\/erika-januza-detalha-por-que-aguardou-para-assumir-namoro-com-arlindinho\/","og_site_name":"Portal do Estado","article_published_time":"2026-01-11T14:58:26+00:00","og_image":[{"width":900,"height":506,"url":"https:\/\/portaldoestado.com.br\/wp-content\/uploads\/2026\/01\/erika-januza-e-arlindinho-1767187498798_v2_900x506.jpg.webp","type":"image\/webp"}],"author":"assessoriadefamosos","twitter_card":"summary_large_image","twitter_misc":{"Escrito por":"assessoriadefamosos","Est. tempo de leitura":"1 minuto"},"schema":{"@context":"https:\/\/schema.org","@graph":[{"@type":"Article","@id":"https:\/\/portaldoestado.com.br\/index.php\/2026\/01\/11\/erika-januza-detalha-por-que-aguardou-para-assumir-namoro-com-arlindinho\/#article","isPartOf":{"@id":"https:\/\/portaldoestado.com.br\/index.php\/2026\/01\/11\/erika-januza-detalha-por-que-aguardou-para-assumir-namoro-com-arlindinho\/"},"author":{"name":"assessoriadefamosos","@id":"https:\/\/portaldoestado.com.br\/#\/schema\/person\/5ca0174f3c8c84b59da62ea14b698cb9"},"headline":"Erika Januza detalha por que aguardou para assumir namoro com Arlindinho","datePublished":"2026-01-11T14:58:26+00:00","mainEntityOfPage":{"@id":"https:\/\/portaldoestado.com.br\/index.php\/2026\/01\/11\/erika-januza-detalha-por-que-aguardou-para-assumir-namoro-com-arlindinho\/"},"wordCount":241,"publisher":{"@id":"https:\/\/portaldoestado.com.br\/#organization"},"image":{"@id":"https:\/\/portaldoestado.com.br\/index.php\/2026\/01\/11\/erika-januza-detalha-por-que-aguardou-para-assumir-namoro-com-arlindinho\/#primaryimage"},"thumbnailUrl":"https:\/\/portaldoestado.com.br\/wp-content\/uploads\/2026\/01\/erika-januza-e-arlindinho-1767187498798_v2_900x506.jpg.webp","articleSection":["Famosos"],"inLanguage":"pt-BR"},{"@type":"WebPage","@id":"https:\/\/portaldoestado.com.br\/index.php\/2026\/01\/11\/erika-januza-detalha-por-que-aguardou-para-assumir-namoro-com-arlindinho\/","url":"https:\/\/portaldoestado.com.br\/index.php\/2026\/01\/11\/erika-januza-detalha-por-que-aguardou-para-assumir-namoro-com-arlindinho\/","name":"Erika Januza detalha por que aguardou para assumir namoro com Arlindinho - Portal do Estado","isPartOf":{"@id":"https:\/\/portaldoestado.com.br\/#website"},"primaryImageOfPage":{"@id":"https:\/\/portaldoestado.com.br\/index.php\/2026\/01\/11\/erika-januza-detalha-por-que-aguardou-para-assumir-namoro-com-arlindinho\/#primaryimage"},"image":{"@id":"https:\/\/portaldoestado.com.br\/index.php\/2026\/01\/11\/erika-januza-detalha-por-que-aguardou-para-assumir-namoro-com-arlindinho\/#primaryimage"},"thumbnailUrl":"https:\/\/portaldoestado.com.br\/wp-content\/uploads\/2026\/01\/erika-januza-e-arlindinho-1767187498798_v2_900x506.jpg.webp","datePublished":"2026-01-11T14:58:26+00:00","breadcrumb":{"@id":"https:\/\/portaldoestado.com.br\/index.php\/2026\/01\/11\/erika-januza-detalha-por-que-aguardou-para-assumir-namoro-com-arlindinho\/#breadcrumb"},"inLanguage":"pt-BR","potentialAction":[{"@type":"ReadAction","target":["https:\/\/portaldoestado.com.br\/index.php\/2026\/01\/11\/erika-januza-detalha-por-que-aguardou-para-assumir-namoro-com-arlindinho\/"]}]},{"@type":"ImageObject","inLanguage":"pt-BR","@id":"https:\/\/portaldoestado.com.br\/index.php\/2026\/01\/11\/erika-januza-detalha-por-que-aguardou-para-assumir-namoro-com-arlindinho\/#primaryimage","url":"https:\/\/portaldoestado.com.br\/wp-content\/uploads\/2026\/01\/erika-januza-e-arlindinho-1767187498798_v2_900x506.jpg.webp","contentUrl":"https:\/\/portaldoestado.com.br\/wp-content\/uploads\/2026\/01\/erika-januza-e-arlindinho-1767187498798_v2_900x506.jpg.webp","width":900,"height":506},{"@type":"BreadcrumbList","@id":"https:\/\/portaldoestado.com.br\/index.php\/2026\/01\/11\/erika-januza-detalha-por-que-aguardou-para-assumir-namoro-com-arlindinho\/#breadcrumb","itemListElement":[{"@type":"ListItem","position":1,"name":"In\u00edcio","item":"https:\/\/portaldoestado.com.br\/"},{"@type":"ListItem","position":2,"name":"Erika Januza detalha por que aguardou para assumir namoro com Arlindinho"}]},{"@type":"WebSite","@id":"https:\/\/portaldoestado.com.br\/#website","url":"https:\/\/portaldoestado.com.br\/","name":"Portal do Estado","description":"","publisher":{"@id":"https:\/\/portaldoestado.com.br\/#organization"},"potentialAction":[{"@type":"SearchAction","target":{"@type":"EntryPoint","urlTemplate":"https:\/\/portaldoestado.com.br\/?s={search_term_string}"},"query-input":{"@type":"PropertyValueSpecification","valueRequired":true,"valueName":"search_term_string"}}],"inLanguage":"pt-BR"},{"@type":"Organization","@id":"https:\/\/portaldoestado.com.br\/#organization","name":"Portal do Estado","url":"https:\/\/portaldoestado.com.br\/","logo":{"@type":"ImageObject","inLanguage":"pt-BR","@id":"https:\/\/portaldoestado.com.br\/#\/schema\/logo\/image\/","url":"https:\/\/portaldoestado.com.br\/wp-content\/uploads\/2025\/04\/cropped-6f69b19a-6472-43bf-b1b3-e1910bbbd4e8.png","contentUrl":"https:\/\/portaldoestado.com.br\/wp-content\/uploads\/2025\/04\/cropped-6f69b19a-6472-43bf-b1b3-e1910bbbd4e8.png","width":1024,"height":350,"caption":"Portal do Estado"},"image":{"@id":"https:\/\/portaldoestado.com.br\/#\/schema\/logo\/image\/"}},{"@type":"Person","@id":"https:\/\/portaldoestado.com.br\/#\/schema\/person\/5ca0174f3c8c84b59da62ea14b698cb9","name":"assessoriadefamosos","image":{"@type":"ImageObject","inLanguage":"pt-BR","@id":"https:\/\/portaldoestado.com.br\/#\/schema\/person\/image\/","url":"https:\/\/secure.gravatar.com\/avatar\/a7acbdffcfbbae7240e59f47fe511ec5f5d8c252c779f0b8d9ab02a9e1d8c5ed?s=96&d=mm&r=g","contentUrl":"https:\/\/secure.gravatar.com\/avatar\/a7acbdffcfbbae7240e59f47fe511ec5f5d8c252c779f0b8d9ab02a9e1d8c5ed?s=96&d=mm&r=g","caption":"assessoriadefamosos"},"url":"https:\/\/portaldoestado.com.br\/index.php\/author\/assessoriadefamosos\/"}]}},"jetpack_featured_media_url":"https:\/\/portaldoestado.com.br\/wp-content\/uploads\/2026\/01\/erika-januza-e-arlindinho-1767187498798_v2_900x506.jpg.webp","_links":{"self":[{"href":"https:\/\/portaldoestado.com.br\/index.php\/wp-json\/wp\/v2\/posts\/5581","targetHints":{"allow":["GET"]}}],"collection":[{"href":"https:\/\/portaldoestado.com.br\/index.php\/wp-json\/wp\/v2\/posts"}],"about":[{"href":"https:\/\/portaldoestado.com.br\/index.php\/wp-json\/wp\/v2\/types\/post"}],"author":[{"embeddable":true,"href":"https:\/\/portaldoestado.com.br\/index.php\/wp-json\/wp\/v2\/users\/2"}],"replies":[{"embeddable":true,"href":"https:\/\/portaldoestado.com.br\/index.php\/wp-json\/wp\/v2\/comments?post=5581"}],"version-history":[{"count":1,"href":"https:\/\/portaldoestado.com.br\/index.php\/wp-json\/wp\/v2\/posts\/5581\/revisions"}],"predecessor-version":[{"id":5582,"href":"https:\/\/portaldoestado.com.br\/index.php\/wp-json\/wp\/v2\/posts\/5581\/revisions\/5582"}],"wp:featuredmedia":[{"embeddable":true,"href":"https:\/\/portaldoestado.com.br\/index.php\/wp-json\/wp\/v2\/media\/5580"}],"wp:attachment":[{"href":"https:\/\/portaldoestado.com.br\/index.php\/wp-json\/wp\/v2\/media?parent=5581"}],"wp:term":[{"taxonomy":"category","embeddable":true,"href":"https:\/\/portaldoestado.com.br\/index.php\/wp-json\/wp\/v2\/categories?post=5581"},{"taxonomy":"post_tag","embeddable":true,"href":"https:\/\/portaldoestado.com.br\/index.php\/wp-json\/wp\/v2\/tags?post=5581"}],"curies":[{"name":"wp","href":"https:\/\/api.w.org\/{rel}","templated":true}]}}