{"id":5578,"date":"2026-01-11T14:54:13","date_gmt":"2026-01-11T14:54:13","guid":{"rendered":"https:\/\/portaldoestado.com.br\/?p=5578"},"modified":"2026-01-11T14:54:13","modified_gmt":"2026-01-11T14:54:13","slug":"bruna-biancardi-celebra-dias-em-familia-com-neymar-e-filhas","status":"publish","type":"post","link":"https:\/\/portaldoestado.com.br\/index.php\/2026\/01\/11\/bruna-biancardi-celebra-dias-em-familia-com-neymar-e-filhas\/","title":{"rendered":"Bruna Biancardi celebra dias em fam\u00edlia com Neymar e filhas"},"content":{"rendered":"\n<p>Bruna Biancardi, de 31 anos, encantou seus seguidores ao compartilhar momentos especiais ao lado do marido, Neymar Jr., 33, e das filhas Mavie, de 2 anos, e Mel, de 6 meses. As fotos foram publicadas nesta sexta-feira (10\/1) nas redes sociais da influenciadora e mostram a fam\u00edlia reunida em clima de alegria e descontra\u00e7\u00e3o.<\/p>\n\n\n\n<p>O \u00e1lbum traz 20 registros, incluindo cenas da fam\u00edlia com roupas douradas, momentos \u00edntimos de Bruna com as filhas na cama e fotos da influenciadora ao lado de Neymar. Entre os cliques, tamb\u00e9m aparecem Davi Lucca, filho mais velho do jogador, e Neymar Santos, pai do craque, refor\u00e7ando o car\u00e1ter familiar do encontro.<\/p>\n\n\n\n<p>Na legenda, Bruna resumiu a experi\u00eancia: \u201cMem\u00f3rias de dias maravilhosos em um lugar que amamos.\u201d Os seguidores se manifestaram rapidamente, elogiando a sintonia do casal e a felicidade das crian\u00e7as.<\/p>\n\n\n\n<p>Os registros mostram que, mesmo com a rotina intensa do futebol, Neymar e Bruna valorizam momentos de proximidade e divers\u00e3o em fam\u00edlia, fortalecendo os la\u00e7os e aproveitando os primeiros meses com a filha ca\u00e7ula, Mel.<\/p>\n","protected":false},"excerpt":{"rendered":"<p>Bruna Biancardi, de 31 anos, encantou seus seguidores ao compartilhar momentos especiais ao lado do marido, Neymar Jr., 33, e das filhas Mavie, de 2 anos, e Mel, de 6 meses. As fotos foram publicadas nesta sexta-feira (10\/1) nas redes sociais da influenciadora e mostram a fam\u00edlia reunida em clima de alegria e descontra\u00e7\u00e3o. O \u2026<\/p>\n","protected":false},"author":2,"featured_media":5577,"comment_status":"closed","ping_status":"open","sticky":false,"template":"","format":"standard","meta":{"footnotes":""},"categories":[3],"tags":[],"class_list":["post-5578","post","type-post","status-publish","format-standard","has-post-thumbnail","hentry","category-famosos"],"yoast_head":"<!-- This site is optimized with the Yoast SEO plugin v25.5 - https:\/\/yoast.com\/wordpress\/plugins\/seo\/ -->\n<title>Bruna Biancardi celebra dias em fam\u00edlia com Neymar e filhas - Portal do Estado<\/title>\n<meta name=\"robots\" content=\"index, follow, max-snippet:-1, max-image-preview:large, max-video-preview:-1\" \/>\n<link rel=\"canonical\" href=\"https:\/\/portaldoestado.com.br\/index.php\/2026\/01\/11\/bruna-biancardi-celebra-dias-em-familia-com-neymar-e-filhas\/\" \/>\n<meta property=\"og:locale\" content=\"pt_BR\" \/>\n<meta property=\"og:type\" content=\"article\" \/>\n<meta property=\"og:title\" content=\"Bruna Biancardi celebra dias em fam\u00edlia com Neymar e filhas - Portal do Estado\" \/>\n<meta property=\"og:description\" content=\"Bruna Biancardi, de 31 anos, encantou seus seguidores ao compartilhar momentos especiais ao lado do marido, Neymar Jr., 33, e das filhas Mavie, de 2 anos, e Mel, de 6 meses. As fotos foram publicadas nesta sexta-feira (10\/1) nas redes sociais da influenciadora e mostram a fam\u00edlia reunida em clima de alegria e descontra\u00e7\u00e3o. O \u2026\" \/>\n<meta property=\"og:url\" content=\"https:\/\/portaldoestado.com.br\/index.php\/2026\/01\/11\/bruna-biancardi-celebra-dias-em-familia-com-neymar-e-filhas\/\" \/>\n<meta property=\"og:site_name\" content=\"Portal do Estado\" \/>\n<meta property=\"article:published_time\" content=\"2026-01-11T14:54:13+00:00\" \/>\n<meta property=\"og:image\" content=\"https:\/\/portaldoestado.com.br\/wp-content\/uploads\/2026\/01\/bruna-biancardi-e-neymar-1768067083715_v2_900x506.jpg.webp\" \/>\n\t<meta property=\"og:image:width\" content=\"900\" \/>\n\t<meta property=\"og:image:height\" content=\"506\" \/>\n\t<meta property=\"og:image:type\" content=\"image\/webp\" \/>\n<meta name=\"author\" content=\"assessoriadefamosos\" \/>\n<meta name=\"twitter:card\" content=\"summary_large_image\" \/>\n<meta name=\"twitter:label1\" content=\"Escrito por\" \/>\n\t<meta name=\"twitter:data1\" content=\"assessoriadefamosos\" \/>\n\t<meta name=\"twitter:label2\" content=\"Est. tempo de leitura\" \/>\n\t<meta name=\"twitter:data2\" content=\"1 minuto\" \/>\n<script type=\"application\/ld+json\" class=\"yoast-schema-graph\">{\"@context\":\"https:\/\/schema.org\",\"@graph\":[{\"@type\":\"Article\",\"@id\":\"https:\/\/portaldoestado.com.br\/index.php\/2026\/01\/11\/bruna-biancardi-celebra-dias-em-familia-com-neymar-e-filhas\/#article\",\"isPartOf\":{\"@id\":\"https:\/\/portaldoestado.com.br\/index.php\/2026\/01\/11\/bruna-biancardi-celebra-dias-em-familia-com-neymar-e-filhas\/\"},\"author\":{\"name\":\"assessoriadefamosos\",\"@id\":\"https:\/\/portaldoestado.com.br\/#\/schema\/person\/5ca0174f3c8c84b59da62ea14b698cb9\"},\"headline\":\"Bruna Biancardi celebra dias em fam\u00edlia com Neymar e filhas\",\"datePublished\":\"2026-01-11T14:54:13+00:00\",\"mainEntityOfPage\":{\"@id\":\"https:\/\/portaldoestado.com.br\/index.php\/2026\/01\/11\/bruna-biancardi-celebra-dias-em-familia-com-neymar-e-filhas\/\"},\"wordCount\":190,\"publisher\":{\"@id\":\"https:\/\/portaldoestado.com.br\/#organization\"},\"image\":{\"@id\":\"https:\/\/portaldoestado.com.br\/index.php\/2026\/01\/11\/bruna-biancardi-celebra-dias-em-familia-com-neymar-e-filhas\/#primaryimage\"},\"thumbnailUrl\":\"https:\/\/portaldoestado.com.br\/wp-content\/uploads\/2026\/01\/bruna-biancardi-e-neymar-1768067083715_v2_900x506.jpg.webp\",\"articleSection\":[\"Famosos\"],\"inLanguage\":\"pt-BR\"},{\"@type\":\"WebPage\",\"@id\":\"https:\/\/portaldoestado.com.br\/index.php\/2026\/01\/11\/bruna-biancardi-celebra-dias-em-familia-com-neymar-e-filhas\/\",\"url\":\"https:\/\/portaldoestado.com.br\/index.php\/2026\/01\/11\/bruna-biancardi-celebra-dias-em-familia-com-neymar-e-filhas\/\",\"name\":\"Bruna Biancardi celebra dias em fam\u00edlia com Neymar e filhas - Portal do Estado\",\"isPartOf\":{\"@id\":\"https:\/\/portaldoestado.com.br\/#website\"},\"primaryImageOfPage\":{\"@id\":\"https:\/\/portaldoestado.com.br\/index.php\/2026\/01\/11\/bruna-biancardi-celebra-dias-em-familia-com-neymar-e-filhas\/#primaryimage\"},\"image\":{\"@id\":\"https:\/\/portaldoestado.com.br\/index.php\/2026\/01\/11\/bruna-biancardi-celebra-dias-em-familia-com-neymar-e-filhas\/#primaryimage\"},\"thumbnailUrl\":\"https:\/\/portaldoestado.com.br\/wp-content\/uploads\/2026\/01\/bruna-biancardi-e-neymar-1768067083715_v2_900x506.jpg.webp\",\"datePublished\":\"2026-01-11T14:54:13+00:00\",\"breadcrumb\":{\"@id\":\"https:\/\/portaldoestado.com.br\/index.php\/2026\/01\/11\/bruna-biancardi-celebra-dias-em-familia-com-neymar-e-filhas\/#breadcrumb\"},\"inLanguage\":\"pt-BR\",\"potentialAction\":[{\"@type\":\"ReadAction\",\"target\":[\"https:\/\/portaldoestado.com.br\/index.php\/2026\/01\/11\/bruna-biancardi-celebra-dias-em-familia-com-neymar-e-filhas\/\"]}]},{\"@type\":\"ImageObject\",\"inLanguage\":\"pt-BR\",\"@id\":\"https:\/\/portaldoestado.com.br\/index.php\/2026\/01\/11\/bruna-biancardi-celebra-dias-em-familia-com-neymar-e-filhas\/#primaryimage\",\"url\":\"https:\/\/portaldoestado.com.br\/wp-content\/uploads\/2026\/01\/bruna-biancardi-e-neymar-1768067083715_v2_900x506.jpg.webp\",\"contentUrl\":\"https:\/\/portaldoestado.com.br\/wp-content\/uploads\/2026\/01\/bruna-biancardi-e-neymar-1768067083715_v2_900x506.jpg.webp\",\"width\":900,\"height\":506},{\"@type\":\"BreadcrumbList\",\"@id\":\"https:\/\/portaldoestado.com.br\/index.php\/2026\/01\/11\/bruna-biancardi-celebra-dias-em-familia-com-neymar-e-filhas\/#breadcrumb\",\"itemListElement\":[{\"@type\":\"ListItem\",\"position\":1,\"name\":\"In\u00edcio\",\"item\":\"https:\/\/portaldoestado.com.br\/\"},{\"@type\":\"ListItem\",\"position\":2,\"name\":\"Bruna Biancardi celebra dias em fam\u00edlia com Neymar e filhas\"}]},{\"@type\":\"WebSite\",\"@id\":\"https:\/\/portaldoestado.com.br\/#website\",\"url\":\"https:\/\/portaldoestado.com.br\/\",\"name\":\"Portal do Estado\",\"description\":\"\",\"publisher\":{\"@id\":\"https:\/\/portaldoestado.com.br\/#organization\"},\"potentialAction\":[{\"@type\":\"SearchAction\",\"target\":{\"@type\":\"EntryPoint\",\"urlTemplate\":\"https:\/\/portaldoestado.com.br\/?s={search_term_string}\"},\"query-input\":{\"@type\":\"PropertyValueSpecification\",\"valueRequired\":true,\"valueName\":\"search_term_string\"}}],\"inLanguage\":\"pt-BR\"},{\"@type\":\"Organization\",\"@id\":\"https:\/\/portaldoestado.com.br\/#organization\",\"name\":\"Portal do Estado\",\"url\":\"https:\/\/portaldoestado.com.br\/\",\"logo\":{\"@type\":\"ImageObject\",\"inLanguage\":\"pt-BR\",\"@id\":\"https:\/\/portaldoestado.com.br\/#\/schema\/logo\/image\/\",\"url\":\"https:\/\/portaldoestado.com.br\/wp-content\/uploads\/2025\/04\/cropped-6f69b19a-6472-43bf-b1b3-e1910bbbd4e8.png\",\"contentUrl\":\"https:\/\/portaldoestado.com.br\/wp-content\/uploads\/2025\/04\/cropped-6f69b19a-6472-43bf-b1b3-e1910bbbd4e8.png\",\"width\":1024,\"height\":350,\"caption\":\"Portal do Estado\"},\"image\":{\"@id\":\"https:\/\/portaldoestado.com.br\/#\/schema\/logo\/image\/\"}},{\"@type\":\"Person\",\"@id\":\"https:\/\/portaldoestado.com.br\/#\/schema\/person\/5ca0174f3c8c84b59da62ea14b698cb9\",\"name\":\"assessoriadefamosos\",\"image\":{\"@type\":\"ImageObject\",\"inLanguage\":\"pt-BR\",\"@id\":\"https:\/\/portaldoestado.com.br\/#\/schema\/person\/image\/\",\"url\":\"https:\/\/secure.gravatar.com\/avatar\/a7acbdffcfbbae7240e59f47fe511ec5f5d8c252c779f0b8d9ab02a9e1d8c5ed?s=96&d=mm&r=g\",\"contentUrl\":\"https:\/\/secure.gravatar.com\/avatar\/a7acbdffcfbbae7240e59f47fe511ec5f5d8c252c779f0b8d9ab02a9e1d8c5ed?s=96&d=mm&r=g\",\"caption\":\"assessoriadefamosos\"},\"url\":\"https:\/\/portaldoestado.com.br\/index.php\/author\/assessoriadefamosos\/\"}]}<\/script>\n<!-- \/ Yoast SEO plugin. -->","yoast_head_json":{"title":"Bruna Biancardi celebra dias em fam\u00edlia com Neymar e filhas - Portal do Estado","robots":{"index":"index","follow":"follow","max-snippet":"max-snippet:-1","max-image-preview":"max-image-preview:large","max-video-preview":"max-video-preview:-1"},"canonical":"https:\/\/portaldoestado.com.br\/index.php\/2026\/01\/11\/bruna-biancardi-celebra-dias-em-familia-com-neymar-e-filhas\/","og_locale":"pt_BR","og_type":"article","og_title":"Bruna Biancardi celebra dias em fam\u00edlia com Neymar e filhas - Portal do Estado","og_description":"Bruna Biancardi, de 31 anos, encantou seus seguidores ao compartilhar momentos especiais ao lado do marido, Neymar Jr., 33, e das filhas Mavie, de 2 anos, e Mel, de 6 meses. As fotos foram publicadas nesta sexta-feira (10\/1) nas redes sociais da influenciadora e mostram a fam\u00edlia reunida em clima de alegria e descontra\u00e7\u00e3o. O \u2026","og_url":"https:\/\/portaldoestado.com.br\/index.php\/2026\/01\/11\/bruna-biancardi-celebra-dias-em-familia-com-neymar-e-filhas\/","og_site_name":"Portal do Estado","article_published_time":"2026-01-11T14:54:13+00:00","og_image":[{"width":900,"height":506,"url":"https:\/\/portaldoestado.com.br\/wp-content\/uploads\/2026\/01\/bruna-biancardi-e-neymar-1768067083715_v2_900x506.jpg.webp","type":"image\/webp"}],"author":"assessoriadefamosos","twitter_card":"summary_large_image","twitter_misc":{"Escrito por":"assessoriadefamosos","Est. tempo de leitura":"1 minuto"},"schema":{"@context":"https:\/\/schema.org","@graph":[{"@type":"Article","@id":"https:\/\/portaldoestado.com.br\/index.php\/2026\/01\/11\/bruna-biancardi-celebra-dias-em-familia-com-neymar-e-filhas\/#article","isPartOf":{"@id":"https:\/\/portaldoestado.com.br\/index.php\/2026\/01\/11\/bruna-biancardi-celebra-dias-em-familia-com-neymar-e-filhas\/"},"author":{"name":"assessoriadefamosos","@id":"https:\/\/portaldoestado.com.br\/#\/schema\/person\/5ca0174f3c8c84b59da62ea14b698cb9"},"headline":"Bruna Biancardi celebra dias em fam\u00edlia com Neymar e filhas","datePublished":"2026-01-11T14:54:13+00:00","mainEntityOfPage":{"@id":"https:\/\/portaldoestado.com.br\/index.php\/2026\/01\/11\/bruna-biancardi-celebra-dias-em-familia-com-neymar-e-filhas\/"},"wordCount":190,"publisher":{"@id":"https:\/\/portaldoestado.com.br\/#organization"},"image":{"@id":"https:\/\/portaldoestado.com.br\/index.php\/2026\/01\/11\/bruna-biancardi-celebra-dias-em-familia-com-neymar-e-filhas\/#primaryimage"},"thumbnailUrl":"https:\/\/portaldoestado.com.br\/wp-content\/uploads\/2026\/01\/bruna-biancardi-e-neymar-1768067083715_v2_900x506.jpg.webp","articleSection":["Famosos"],"inLanguage":"pt-BR"},{"@type":"WebPage","@id":"https:\/\/portaldoestado.com.br\/index.php\/2026\/01\/11\/bruna-biancardi-celebra-dias-em-familia-com-neymar-e-filhas\/","url":"https:\/\/portaldoestado.com.br\/index.php\/2026\/01\/11\/bruna-biancardi-celebra-dias-em-familia-com-neymar-e-filhas\/","name":"Bruna Biancardi celebra dias em fam\u00edlia com Neymar e filhas - Portal do Estado","isPartOf":{"@id":"https:\/\/portaldoestado.com.br\/#website"},"primaryImageOfPage":{"@id":"https:\/\/portaldoestado.com.br\/index.php\/2026\/01\/11\/bruna-biancardi-celebra-dias-em-familia-com-neymar-e-filhas\/#primaryimage"},"image":{"@id":"https:\/\/portaldoestado.com.br\/index.php\/2026\/01\/11\/bruna-biancardi-celebra-dias-em-familia-com-neymar-e-filhas\/#primaryimage"},"thumbnailUrl":"https:\/\/portaldoestado.com.br\/wp-content\/uploads\/2026\/01\/bruna-biancardi-e-neymar-1768067083715_v2_900x506.jpg.webp","datePublished":"2026-01-11T14:54:13+00:00","breadcrumb":{"@id":"https:\/\/portaldoestado.com.br\/index.php\/2026\/01\/11\/bruna-biancardi-celebra-dias-em-familia-com-neymar-e-filhas\/#breadcrumb"},"inLanguage":"pt-BR","potentialAction":[{"@type":"ReadAction","target":["https:\/\/portaldoestado.com.br\/index.php\/2026\/01\/11\/bruna-biancardi-celebra-dias-em-familia-com-neymar-e-filhas\/"]}]},{"@type":"ImageObject","inLanguage":"pt-BR","@id":"https:\/\/portaldoestado.com.br\/index.php\/2026\/01\/11\/bruna-biancardi-celebra-dias-em-familia-com-neymar-e-filhas\/#primaryimage","url":"https:\/\/portaldoestado.com.br\/wp-content\/uploads\/2026\/01\/bruna-biancardi-e-neymar-1768067083715_v2_900x506.jpg.webp","contentUrl":"https:\/\/portaldoestado.com.br\/wp-content\/uploads\/2026\/01\/bruna-biancardi-e-neymar-1768067083715_v2_900x506.jpg.webp","width":900,"height":506},{"@type":"BreadcrumbList","@id":"https:\/\/portaldoestado.com.br\/index.php\/2026\/01\/11\/bruna-biancardi-celebra-dias-em-familia-com-neymar-e-filhas\/#breadcrumb","itemListElement":[{"@type":"ListItem","position":1,"name":"In\u00edcio","item":"https:\/\/portaldoestado.com.br\/"},{"@type":"ListItem","position":2,"name":"Bruna Biancardi celebra dias em fam\u00edlia com Neymar e filhas"}]},{"@type":"WebSite","@id":"https:\/\/portaldoestado.com.br\/#website","url":"https:\/\/portaldoestado.com.br\/","name":"Portal do Estado","description":"","publisher":{"@id":"https:\/\/portaldoestado.com.br\/#organization"},"potentialAction":[{"@type":"SearchAction","target":{"@type":"EntryPoint","urlTemplate":"https:\/\/portaldoestado.com.br\/?s={search_term_string}"},"query-input":{"@type":"PropertyValueSpecification","valueRequired":true,"valueName":"search_term_string"}}],"inLanguage":"pt-BR"},{"@type":"Organization","@id":"https:\/\/portaldoestado.com.br\/#organization","name":"Portal do Estado","url":"https:\/\/portaldoestado.com.br\/","logo":{"@type":"ImageObject","inLanguage":"pt-BR","@id":"https:\/\/portaldoestado.com.br\/#\/schema\/logo\/image\/","url":"https:\/\/portaldoestado.com.br\/wp-content\/uploads\/2025\/04\/cropped-6f69b19a-6472-43bf-b1b3-e1910bbbd4e8.png","contentUrl":"https:\/\/portaldoestado.com.br\/wp-content\/uploads\/2025\/04\/cropped-6f69b19a-6472-43bf-b1b3-e1910bbbd4e8.png","width":1024,"height":350,"caption":"Portal do Estado"},"image":{"@id":"https:\/\/portaldoestado.com.br\/#\/schema\/logo\/image\/"}},{"@type":"Person","@id":"https:\/\/portaldoestado.com.br\/#\/schema\/person\/5ca0174f3c8c84b59da62ea14b698cb9","name":"assessoriadefamosos","image":{"@type":"ImageObject","inLanguage":"pt-BR","@id":"https:\/\/portaldoestado.com.br\/#\/schema\/person\/image\/","url":"https:\/\/secure.gravatar.com\/avatar\/a7acbdffcfbbae7240e59f47fe511ec5f5d8c252c779f0b8d9ab02a9e1d8c5ed?s=96&d=mm&r=g","contentUrl":"https:\/\/secure.gravatar.com\/avatar\/a7acbdffcfbbae7240e59f47fe511ec5f5d8c252c779f0b8d9ab02a9e1d8c5ed?s=96&d=mm&r=g","caption":"assessoriadefamosos"},"url":"https:\/\/portaldoestado.com.br\/index.php\/author\/assessoriadefamosos\/"}]}},"jetpack_featured_media_url":"https:\/\/portaldoestado.com.br\/wp-content\/uploads\/2026\/01\/bruna-biancardi-e-neymar-1768067083715_v2_900x506.jpg.webp","_links":{"self":[{"href":"https:\/\/portaldoestado.com.br\/index.php\/wp-json\/wp\/v2\/posts\/5578","targetHints":{"allow":["GET"]}}],"collection":[{"href":"https:\/\/portaldoestado.com.br\/index.php\/wp-json\/wp\/v2\/posts"}],"about":[{"href":"https:\/\/portaldoestado.com.br\/index.php\/wp-json\/wp\/v2\/types\/post"}],"author":[{"embeddable":true,"href":"https:\/\/portaldoestado.com.br\/index.php\/wp-json\/wp\/v2\/users\/2"}],"replies":[{"embeddable":true,"href":"https:\/\/portaldoestado.com.br\/index.php\/wp-json\/wp\/v2\/comments?post=5578"}],"version-history":[{"count":1,"href":"https:\/\/portaldoestado.com.br\/index.php\/wp-json\/wp\/v2\/posts\/5578\/revisions"}],"predecessor-version":[{"id":5579,"href":"https:\/\/portaldoestado.com.br\/index.php\/wp-json\/wp\/v2\/posts\/5578\/revisions\/5579"}],"wp:featuredmedia":[{"embeddable":true,"href":"https:\/\/portaldoestado.com.br\/index.php\/wp-json\/wp\/v2\/media\/5577"}],"wp:attachment":[{"href":"https:\/\/portaldoestado.com.br\/index.php\/wp-json\/wp\/v2\/media?parent=5578"}],"wp:term":[{"taxonomy":"category","embeddable":true,"href":"https:\/\/portaldoestado.com.br\/index.php\/wp-json\/wp\/v2\/categories?post=5578"},{"taxonomy":"post_tag","embeddable":true,"href":"https:\/\/portaldoestado.com.br\/index.php\/wp-json\/wp\/v2\/tags?post=5578"}],"curies":[{"name":"wp","href":"https:\/\/api.w.org\/{rel}","templated":true}]}}