{"id":5569,"date":"2026-01-11T14:42:32","date_gmt":"2026-01-11T14:42:32","guid":{"rendered":"https:\/\/portaldoestado.com.br\/?p=5569"},"modified":"2026-01-11T14:42:32","modified_gmt":"2026-01-11T14:42:32","slug":"zuza-kalimann-entenda-como-a-filha-de-rafa-e-nattan-recebeu-sobrenome-artistico","status":"publish","type":"post","link":"https:\/\/portaldoestado.com.br\/index.php\/2026\/01\/11\/zuza-kalimann-entenda-como-a-filha-de-rafa-e-nattan-recebeu-sobrenome-artistico\/","title":{"rendered":"Zuza Kalimann: entenda como a filha de Rafa e Nattan recebeu sobrenome art\u00edstico"},"content":{"rendered":"\n<p>Zuza Helena Kalimann de Ces\u00e1rio, filha de Rafa Kalimann e Nattan, nasceu na \u00faltima ter\u00e7a-feira (6\/1), em S\u00e3o Paulo, e j\u00e1 despertou curiosidade por carregar o sobrenome art\u00edstico da m\u00e3e em seu registro civil. A decis\u00e3o de incluir \u201cKalimann\u201d na certid\u00e3o da beb\u00ea levantou d\u00favidas sobre como isso \u00e9 poss\u00edvel legalmente.<\/p>\n\n\n\n<p>De acordo com o advogado Guilherme Lage, \u00e9 permitido que o nome art\u00edstico de um dos pais seja inclu\u00eddo no registro de nascimento, desde que seja comprovado o v\u00ednculo da pessoa com esse nome e que n\u00e3o haja preju\u00edzo legal ou confus\u00e3o. No caso de Zuza, Rafa Kalimann usou seu sobrenome art\u00edstico como <strong>nome de uso<\/strong>, sem alterar o registro civil da filha, garantindo validade jur\u00eddica ao documento.<\/p>\n\n\n\n<p>O primeiro nome da beb\u00ea, Zuza, \u00e9 uma homenagem \u00e0 av\u00f3 paterna, enquanto o sobrenome art\u00edstico conecta a menina \u00e0 identidade p\u00fablica de Rafa. A influenciadora contou que adotou \u201cKalimann\u201d aos 12 anos ap\u00f3s sonhar com pessoas a chamando pelo nome art\u00edstico, e que decidiu mant\u00ea-lo de forma simb\u00f3lica tamb\u00e9m para a filha.<\/p>\n\n\n\n<p>Assim, Zuza carrega no nome n\u00e3o apenas uma refer\u00eancia familiar, mas tamb\u00e9m a marca da trajet\u00f3ria profissional da m\u00e3e, unindo tradi\u00e7\u00e3o e reconhecimento p\u00fablico em uma escolha que mistura afeto e identidade.<\/p>\n","protected":false},"excerpt":{"rendered":"<p>Zuza Helena Kalimann de Ces\u00e1rio, filha de Rafa Kalimann e Nattan, nasceu na \u00faltima ter\u00e7a-feira (6\/1), em S\u00e3o Paulo, e j\u00e1 despertou curiosidade por carregar o sobrenome art\u00edstico da m\u00e3e em seu registro civil. A decis\u00e3o de incluir \u201cKalimann\u201d na certid\u00e3o da beb\u00ea levantou d\u00favidas sobre como isso \u00e9 poss\u00edvel legalmente. De acordo com o \u2026<\/p>\n","protected":false},"author":2,"featured_media":5568,"comment_status":"closed","ping_status":"open","sticky":false,"template":"","format":"standard","meta":{"footnotes":""},"categories":[3],"tags":[],"class_list":["post-5569","post","type-post","status-publish","format-standard","has-post-thumbnail","hentry","category-famosos"],"yoast_head":"<!-- This site is optimized with the Yoast SEO plugin v25.5 - https:\/\/yoast.com\/wordpress\/plugins\/seo\/ -->\n<title>Zuza Kalimann: entenda como a filha de Rafa e Nattan recebeu sobrenome art\u00edstico - Portal do Estado<\/title>\n<meta name=\"robots\" content=\"index, follow, max-snippet:-1, max-image-preview:large, max-video-preview:-1\" \/>\n<link rel=\"canonical\" href=\"https:\/\/portaldoestado.com.br\/index.php\/2026\/01\/11\/zuza-kalimann-entenda-como-a-filha-de-rafa-e-nattan-recebeu-sobrenome-artistico\/\" \/>\n<meta property=\"og:locale\" content=\"pt_BR\" \/>\n<meta property=\"og:type\" content=\"article\" \/>\n<meta property=\"og:title\" content=\"Zuza Kalimann: entenda como a filha de Rafa e Nattan recebeu sobrenome art\u00edstico - Portal do Estado\" \/>\n<meta property=\"og:description\" content=\"Zuza Helena Kalimann de Ces\u00e1rio, filha de Rafa Kalimann e Nattan, nasceu na \u00faltima ter\u00e7a-feira (6\/1), em S\u00e3o Paulo, e j\u00e1 despertou curiosidade por carregar o sobrenome art\u00edstico da m\u00e3e em seu registro civil. A decis\u00e3o de incluir \u201cKalimann\u201d na certid\u00e3o da beb\u00ea levantou d\u00favidas sobre como isso \u00e9 poss\u00edvel legalmente. De acordo com o \u2026\" \/>\n<meta property=\"og:url\" content=\"https:\/\/portaldoestado.com.br\/index.php\/2026\/01\/11\/zuza-kalimann-entenda-como-a-filha-de-rafa-e-nattan-recebeu-sobrenome-artistico\/\" \/>\n<meta property=\"og:site_name\" content=\"Portal do Estado\" \/>\n<meta property=\"article:published_time\" content=\"2026-01-11T14:42:32+00:00\" \/>\n<meta property=\"og:image\" content=\"https:\/\/portaldoestado.com.br\/wp-content\/uploads\/2026\/01\/jgarG1Az-Tamanho-portal-22.jpg\" \/>\n\t<meta property=\"og:image:width\" content=\"1200\" \/>\n\t<meta property=\"og:image:height\" content=\"900\" \/>\n\t<meta property=\"og:image:type\" content=\"image\/jpeg\" \/>\n<meta name=\"author\" content=\"assessoriadefamosos\" \/>\n<meta name=\"twitter:card\" content=\"summary_large_image\" \/>\n<meta name=\"twitter:label1\" content=\"Escrito por\" \/>\n\t<meta name=\"twitter:data1\" content=\"assessoriadefamosos\" \/>\n\t<meta name=\"twitter:label2\" content=\"Est. tempo de leitura\" \/>\n\t<meta name=\"twitter:data2\" content=\"1 minuto\" \/>\n<script type=\"application\/ld+json\" class=\"yoast-schema-graph\">{\"@context\":\"https:\/\/schema.org\",\"@graph\":[{\"@type\":\"Article\",\"@id\":\"https:\/\/portaldoestado.com.br\/index.php\/2026\/01\/11\/zuza-kalimann-entenda-como-a-filha-de-rafa-e-nattan-recebeu-sobrenome-artistico\/#article\",\"isPartOf\":{\"@id\":\"https:\/\/portaldoestado.com.br\/index.php\/2026\/01\/11\/zuza-kalimann-entenda-como-a-filha-de-rafa-e-nattan-recebeu-sobrenome-artistico\/\"},\"author\":{\"name\":\"assessoriadefamosos\",\"@id\":\"https:\/\/portaldoestado.com.br\/#\/schema\/person\/5ca0174f3c8c84b59da62ea14b698cb9\"},\"headline\":\"Zuza Kalimann: entenda como a filha de Rafa e Nattan recebeu sobrenome art\u00edstico\",\"datePublished\":\"2026-01-11T14:42:32+00:00\",\"mainEntityOfPage\":{\"@id\":\"https:\/\/portaldoestado.com.br\/index.php\/2026\/01\/11\/zuza-kalimann-entenda-como-a-filha-de-rafa-e-nattan-recebeu-sobrenome-artistico\/\"},\"wordCount\":242,\"publisher\":{\"@id\":\"https:\/\/portaldoestado.com.br\/#organization\"},\"image\":{\"@id\":\"https:\/\/portaldoestado.com.br\/index.php\/2026\/01\/11\/zuza-kalimann-entenda-como-a-filha-de-rafa-e-nattan-recebeu-sobrenome-artistico\/#primaryimage\"},\"thumbnailUrl\":\"https:\/\/portaldoestado.com.br\/wp-content\/uploads\/2026\/01\/jgarG1Az-Tamanho-portal-22.jpg\",\"articleSection\":[\"Famosos\"],\"inLanguage\":\"pt-BR\"},{\"@type\":\"WebPage\",\"@id\":\"https:\/\/portaldoestado.com.br\/index.php\/2026\/01\/11\/zuza-kalimann-entenda-como-a-filha-de-rafa-e-nattan-recebeu-sobrenome-artistico\/\",\"url\":\"https:\/\/portaldoestado.com.br\/index.php\/2026\/01\/11\/zuza-kalimann-entenda-como-a-filha-de-rafa-e-nattan-recebeu-sobrenome-artistico\/\",\"name\":\"Zuza Kalimann: entenda como a filha de Rafa e Nattan recebeu sobrenome art\u00edstico - Portal do Estado\",\"isPartOf\":{\"@id\":\"https:\/\/portaldoestado.com.br\/#website\"},\"primaryImageOfPage\":{\"@id\":\"https:\/\/portaldoestado.com.br\/index.php\/2026\/01\/11\/zuza-kalimann-entenda-como-a-filha-de-rafa-e-nattan-recebeu-sobrenome-artistico\/#primaryimage\"},\"image\":{\"@id\":\"https:\/\/portaldoestado.com.br\/index.php\/2026\/01\/11\/zuza-kalimann-entenda-como-a-filha-de-rafa-e-nattan-recebeu-sobrenome-artistico\/#primaryimage\"},\"thumbnailUrl\":\"https:\/\/portaldoestado.com.br\/wp-content\/uploads\/2026\/01\/jgarG1Az-Tamanho-portal-22.jpg\",\"datePublished\":\"2026-01-11T14:42:32+00:00\",\"breadcrumb\":{\"@id\":\"https:\/\/portaldoestado.com.br\/index.php\/2026\/01\/11\/zuza-kalimann-entenda-como-a-filha-de-rafa-e-nattan-recebeu-sobrenome-artistico\/#breadcrumb\"},\"inLanguage\":\"pt-BR\",\"potentialAction\":[{\"@type\":\"ReadAction\",\"target\":[\"https:\/\/portaldoestado.com.br\/index.php\/2026\/01\/11\/zuza-kalimann-entenda-como-a-filha-de-rafa-e-nattan-recebeu-sobrenome-artistico\/\"]}]},{\"@type\":\"ImageObject\",\"inLanguage\":\"pt-BR\",\"@id\":\"https:\/\/portaldoestado.com.br\/index.php\/2026\/01\/11\/zuza-kalimann-entenda-como-a-filha-de-rafa-e-nattan-recebeu-sobrenome-artistico\/#primaryimage\",\"url\":\"https:\/\/portaldoestado.com.br\/wp-content\/uploads\/2026\/01\/jgarG1Az-Tamanho-portal-22.jpg\",\"contentUrl\":\"https:\/\/portaldoestado.com.br\/wp-content\/uploads\/2026\/01\/jgarG1Az-Tamanho-portal-22.jpg\",\"width\":1200,\"height\":900},{\"@type\":\"BreadcrumbList\",\"@id\":\"https:\/\/portaldoestado.com.br\/index.php\/2026\/01\/11\/zuza-kalimann-entenda-como-a-filha-de-rafa-e-nattan-recebeu-sobrenome-artistico\/#breadcrumb\",\"itemListElement\":[{\"@type\":\"ListItem\",\"position\":1,\"name\":\"In\u00edcio\",\"item\":\"https:\/\/portaldoestado.com.br\/\"},{\"@type\":\"ListItem\",\"position\":2,\"name\":\"Zuza Kalimann: entenda como a filha de Rafa e Nattan recebeu sobrenome art\u00edstico\"}]},{\"@type\":\"WebSite\",\"@id\":\"https:\/\/portaldoestado.com.br\/#website\",\"url\":\"https:\/\/portaldoestado.com.br\/\",\"name\":\"Portal do Estado\",\"description\":\"\",\"publisher\":{\"@id\":\"https:\/\/portaldoestado.com.br\/#organization\"},\"potentialAction\":[{\"@type\":\"SearchAction\",\"target\":{\"@type\":\"EntryPoint\",\"urlTemplate\":\"https:\/\/portaldoestado.com.br\/?s={search_term_string}\"},\"query-input\":{\"@type\":\"PropertyValueSpecification\",\"valueRequired\":true,\"valueName\":\"search_term_string\"}}],\"inLanguage\":\"pt-BR\"},{\"@type\":\"Organization\",\"@id\":\"https:\/\/portaldoestado.com.br\/#organization\",\"name\":\"Portal do Estado\",\"url\":\"https:\/\/portaldoestado.com.br\/\",\"logo\":{\"@type\":\"ImageObject\",\"inLanguage\":\"pt-BR\",\"@id\":\"https:\/\/portaldoestado.com.br\/#\/schema\/logo\/image\/\",\"url\":\"https:\/\/portaldoestado.com.br\/wp-content\/uploads\/2025\/04\/cropped-6f69b19a-6472-43bf-b1b3-e1910bbbd4e8.png\",\"contentUrl\":\"https:\/\/portaldoestado.com.br\/wp-content\/uploads\/2025\/04\/cropped-6f69b19a-6472-43bf-b1b3-e1910bbbd4e8.png\",\"width\":1024,\"height\":350,\"caption\":\"Portal do Estado\"},\"image\":{\"@id\":\"https:\/\/portaldoestado.com.br\/#\/schema\/logo\/image\/\"}},{\"@type\":\"Person\",\"@id\":\"https:\/\/portaldoestado.com.br\/#\/schema\/person\/5ca0174f3c8c84b59da62ea14b698cb9\",\"name\":\"assessoriadefamosos\",\"image\":{\"@type\":\"ImageObject\",\"inLanguage\":\"pt-BR\",\"@id\":\"https:\/\/portaldoestado.com.br\/#\/schema\/person\/image\/\",\"url\":\"https:\/\/secure.gravatar.com\/avatar\/a7acbdffcfbbae7240e59f47fe511ec5f5d8c252c779f0b8d9ab02a9e1d8c5ed?s=96&d=mm&r=g\",\"contentUrl\":\"https:\/\/secure.gravatar.com\/avatar\/a7acbdffcfbbae7240e59f47fe511ec5f5d8c252c779f0b8d9ab02a9e1d8c5ed?s=96&d=mm&r=g\",\"caption\":\"assessoriadefamosos\"},\"url\":\"https:\/\/portaldoestado.com.br\/index.php\/author\/assessoriadefamosos\/\"}]}<\/script>\n<!-- \/ Yoast SEO plugin. -->","yoast_head_json":{"title":"Zuza Kalimann: entenda como a filha de Rafa e Nattan recebeu sobrenome art\u00edstico - Portal do Estado","robots":{"index":"index","follow":"follow","max-snippet":"max-snippet:-1","max-image-preview":"max-image-preview:large","max-video-preview":"max-video-preview:-1"},"canonical":"https:\/\/portaldoestado.com.br\/index.php\/2026\/01\/11\/zuza-kalimann-entenda-como-a-filha-de-rafa-e-nattan-recebeu-sobrenome-artistico\/","og_locale":"pt_BR","og_type":"article","og_title":"Zuza Kalimann: entenda como a filha de Rafa e Nattan recebeu sobrenome art\u00edstico - Portal do Estado","og_description":"Zuza Helena Kalimann de Ces\u00e1rio, filha de Rafa Kalimann e Nattan, nasceu na \u00faltima ter\u00e7a-feira (6\/1), em S\u00e3o Paulo, e j\u00e1 despertou curiosidade por carregar o sobrenome art\u00edstico da m\u00e3e em seu registro civil. A decis\u00e3o de incluir \u201cKalimann\u201d na certid\u00e3o da beb\u00ea levantou d\u00favidas sobre como isso \u00e9 poss\u00edvel legalmente. De acordo com o \u2026","og_url":"https:\/\/portaldoestado.com.br\/index.php\/2026\/01\/11\/zuza-kalimann-entenda-como-a-filha-de-rafa-e-nattan-recebeu-sobrenome-artistico\/","og_site_name":"Portal do Estado","article_published_time":"2026-01-11T14:42:32+00:00","og_image":[{"width":1200,"height":900,"url":"https:\/\/portaldoestado.com.br\/wp-content\/uploads\/2026\/01\/jgarG1Az-Tamanho-portal-22.jpg","type":"image\/jpeg"}],"author":"assessoriadefamosos","twitter_card":"summary_large_image","twitter_misc":{"Escrito por":"assessoriadefamosos","Est. tempo de leitura":"1 minuto"},"schema":{"@context":"https:\/\/schema.org","@graph":[{"@type":"Article","@id":"https:\/\/portaldoestado.com.br\/index.php\/2026\/01\/11\/zuza-kalimann-entenda-como-a-filha-de-rafa-e-nattan-recebeu-sobrenome-artistico\/#article","isPartOf":{"@id":"https:\/\/portaldoestado.com.br\/index.php\/2026\/01\/11\/zuza-kalimann-entenda-como-a-filha-de-rafa-e-nattan-recebeu-sobrenome-artistico\/"},"author":{"name":"assessoriadefamosos","@id":"https:\/\/portaldoestado.com.br\/#\/schema\/person\/5ca0174f3c8c84b59da62ea14b698cb9"},"headline":"Zuza Kalimann: entenda como a filha de Rafa e Nattan recebeu sobrenome art\u00edstico","datePublished":"2026-01-11T14:42:32+00:00","mainEntityOfPage":{"@id":"https:\/\/portaldoestado.com.br\/index.php\/2026\/01\/11\/zuza-kalimann-entenda-como-a-filha-de-rafa-e-nattan-recebeu-sobrenome-artistico\/"},"wordCount":242,"publisher":{"@id":"https:\/\/portaldoestado.com.br\/#organization"},"image":{"@id":"https:\/\/portaldoestado.com.br\/index.php\/2026\/01\/11\/zuza-kalimann-entenda-como-a-filha-de-rafa-e-nattan-recebeu-sobrenome-artistico\/#primaryimage"},"thumbnailUrl":"https:\/\/portaldoestado.com.br\/wp-content\/uploads\/2026\/01\/jgarG1Az-Tamanho-portal-22.jpg","articleSection":["Famosos"],"inLanguage":"pt-BR"},{"@type":"WebPage","@id":"https:\/\/portaldoestado.com.br\/index.php\/2026\/01\/11\/zuza-kalimann-entenda-como-a-filha-de-rafa-e-nattan-recebeu-sobrenome-artistico\/","url":"https:\/\/portaldoestado.com.br\/index.php\/2026\/01\/11\/zuza-kalimann-entenda-como-a-filha-de-rafa-e-nattan-recebeu-sobrenome-artistico\/","name":"Zuza Kalimann: entenda como a filha de Rafa e Nattan recebeu sobrenome art\u00edstico - Portal do Estado","isPartOf":{"@id":"https:\/\/portaldoestado.com.br\/#website"},"primaryImageOfPage":{"@id":"https:\/\/portaldoestado.com.br\/index.php\/2026\/01\/11\/zuza-kalimann-entenda-como-a-filha-de-rafa-e-nattan-recebeu-sobrenome-artistico\/#primaryimage"},"image":{"@id":"https:\/\/portaldoestado.com.br\/index.php\/2026\/01\/11\/zuza-kalimann-entenda-como-a-filha-de-rafa-e-nattan-recebeu-sobrenome-artistico\/#primaryimage"},"thumbnailUrl":"https:\/\/portaldoestado.com.br\/wp-content\/uploads\/2026\/01\/jgarG1Az-Tamanho-portal-22.jpg","datePublished":"2026-01-11T14:42:32+00:00","breadcrumb":{"@id":"https:\/\/portaldoestado.com.br\/index.php\/2026\/01\/11\/zuza-kalimann-entenda-como-a-filha-de-rafa-e-nattan-recebeu-sobrenome-artistico\/#breadcrumb"},"inLanguage":"pt-BR","potentialAction":[{"@type":"ReadAction","target":["https:\/\/portaldoestado.com.br\/index.php\/2026\/01\/11\/zuza-kalimann-entenda-como-a-filha-de-rafa-e-nattan-recebeu-sobrenome-artistico\/"]}]},{"@type":"ImageObject","inLanguage":"pt-BR","@id":"https:\/\/portaldoestado.com.br\/index.php\/2026\/01\/11\/zuza-kalimann-entenda-como-a-filha-de-rafa-e-nattan-recebeu-sobrenome-artistico\/#primaryimage","url":"https:\/\/portaldoestado.com.br\/wp-content\/uploads\/2026\/01\/jgarG1Az-Tamanho-portal-22.jpg","contentUrl":"https:\/\/portaldoestado.com.br\/wp-content\/uploads\/2026\/01\/jgarG1Az-Tamanho-portal-22.jpg","width":1200,"height":900},{"@type":"BreadcrumbList","@id":"https:\/\/portaldoestado.com.br\/index.php\/2026\/01\/11\/zuza-kalimann-entenda-como-a-filha-de-rafa-e-nattan-recebeu-sobrenome-artistico\/#breadcrumb","itemListElement":[{"@type":"ListItem","position":1,"name":"In\u00edcio","item":"https:\/\/portaldoestado.com.br\/"},{"@type":"ListItem","position":2,"name":"Zuza Kalimann: entenda como a filha de Rafa e Nattan recebeu sobrenome art\u00edstico"}]},{"@type":"WebSite","@id":"https:\/\/portaldoestado.com.br\/#website","url":"https:\/\/portaldoestado.com.br\/","name":"Portal do Estado","description":"","publisher":{"@id":"https:\/\/portaldoestado.com.br\/#organization"},"potentialAction":[{"@type":"SearchAction","target":{"@type":"EntryPoint","urlTemplate":"https:\/\/portaldoestado.com.br\/?s={search_term_string}"},"query-input":{"@type":"PropertyValueSpecification","valueRequired":true,"valueName":"search_term_string"}}],"inLanguage":"pt-BR"},{"@type":"Organization","@id":"https:\/\/portaldoestado.com.br\/#organization","name":"Portal do Estado","url":"https:\/\/portaldoestado.com.br\/","logo":{"@type":"ImageObject","inLanguage":"pt-BR","@id":"https:\/\/portaldoestado.com.br\/#\/schema\/logo\/image\/","url":"https:\/\/portaldoestado.com.br\/wp-content\/uploads\/2025\/04\/cropped-6f69b19a-6472-43bf-b1b3-e1910bbbd4e8.png","contentUrl":"https:\/\/portaldoestado.com.br\/wp-content\/uploads\/2025\/04\/cropped-6f69b19a-6472-43bf-b1b3-e1910bbbd4e8.png","width":1024,"height":350,"caption":"Portal do Estado"},"image":{"@id":"https:\/\/portaldoestado.com.br\/#\/schema\/logo\/image\/"}},{"@type":"Person","@id":"https:\/\/portaldoestado.com.br\/#\/schema\/person\/5ca0174f3c8c84b59da62ea14b698cb9","name":"assessoriadefamosos","image":{"@type":"ImageObject","inLanguage":"pt-BR","@id":"https:\/\/portaldoestado.com.br\/#\/schema\/person\/image\/","url":"https:\/\/secure.gravatar.com\/avatar\/a7acbdffcfbbae7240e59f47fe511ec5f5d8c252c779f0b8d9ab02a9e1d8c5ed?s=96&d=mm&r=g","contentUrl":"https:\/\/secure.gravatar.com\/avatar\/a7acbdffcfbbae7240e59f47fe511ec5f5d8c252c779f0b8d9ab02a9e1d8c5ed?s=96&d=mm&r=g","caption":"assessoriadefamosos"},"url":"https:\/\/portaldoestado.com.br\/index.php\/author\/assessoriadefamosos\/"}]}},"jetpack_featured_media_url":"https:\/\/portaldoestado.com.br\/wp-content\/uploads\/2026\/01\/jgarG1Az-Tamanho-portal-22.jpg","_links":{"self":[{"href":"https:\/\/portaldoestado.com.br\/index.php\/wp-json\/wp\/v2\/posts\/5569","targetHints":{"allow":["GET"]}}],"collection":[{"href":"https:\/\/portaldoestado.com.br\/index.php\/wp-json\/wp\/v2\/posts"}],"about":[{"href":"https:\/\/portaldoestado.com.br\/index.php\/wp-json\/wp\/v2\/types\/post"}],"author":[{"embeddable":true,"href":"https:\/\/portaldoestado.com.br\/index.php\/wp-json\/wp\/v2\/users\/2"}],"replies":[{"embeddable":true,"href":"https:\/\/portaldoestado.com.br\/index.php\/wp-json\/wp\/v2\/comments?post=5569"}],"version-history":[{"count":1,"href":"https:\/\/portaldoestado.com.br\/index.php\/wp-json\/wp\/v2\/posts\/5569\/revisions"}],"predecessor-version":[{"id":5570,"href":"https:\/\/portaldoestado.com.br\/index.php\/wp-json\/wp\/v2\/posts\/5569\/revisions\/5570"}],"wp:featuredmedia":[{"embeddable":true,"href":"https:\/\/portaldoestado.com.br\/index.php\/wp-json\/wp\/v2\/media\/5568"}],"wp:attachment":[{"href":"https:\/\/portaldoestado.com.br\/index.php\/wp-json\/wp\/v2\/media?parent=5569"}],"wp:term":[{"taxonomy":"category","embeddable":true,"href":"https:\/\/portaldoestado.com.br\/index.php\/wp-json\/wp\/v2\/categories?post=5569"},{"taxonomy":"post_tag","embeddable":true,"href":"https:\/\/portaldoestado.com.br\/index.php\/wp-json\/wp\/v2\/tags?post=5569"}],"curies":[{"name":"wp","href":"https:\/\/api.w.org\/{rel}","templated":true}]}}