{"id":5566,"date":"2026-01-11T14:38:50","date_gmt":"2026-01-11T14:38:50","guid":{"rendered":"https:\/\/portaldoestado.com.br\/?p=5566"},"modified":"2026-01-11T14:38:50","modified_gmt":"2026-01-11T14:38:50","slug":"carol-lekker-e-maik-riksen-reatam-e-celebram-novo-pedido-de-casamento-apos-termino-conturbado","status":"publish","type":"post","link":"https:\/\/portaldoestado.com.br\/index.php\/2026\/01\/11\/carol-lekker-e-maik-riksen-reatam-e-celebram-novo-pedido-de-casamento-apos-termino-conturbado\/","title":{"rendered":"Carol Lekker e Maik Riksen reatam e celebram novo pedido de casamento ap\u00f3s t\u00e9rmino conturbado"},"content":{"rendered":"\n<p>Ap\u00f3s um per\u00edodo de turbul\u00eancias e idas e vindas, Carol Lekker e o empres\u00e1rio Maik Riksen decidiram recome\u00e7ar. O casal anunciou nesta sexta-feira (9\/1) que est\u00e1 oficialmente reconciliado, e a retomada do relacionamento veio acompanhada de um novo pedido de casamento, selado em clima de romance.<\/p>\n\n\n\n<p>A influenciadora usou as redes sociais para compartilhar o momento especial e mostrou a alian\u00e7a de noivado, carregada de significado. \u201cEu disse sim\u201d, escreveu Carol, explicando que a joia \u00e9 a mesma do primeiro pedido feito por Maik, antes de sua entrada em <em>A Fazenda<\/em>. Na \u00e9poca, segundo ela, o anel acabou sendo guardado por causa das atividades do reality.<\/p>\n\n\n\n<p>Carol relembrou que, ao entrar no confinamento, preferiu n\u00e3o usar a alian\u00e7a por quest\u00f5es pr\u00e1ticas e que o empres\u00e1rio pretendia oficializar o pedido em um momento oportuno. No entanto, conflitos e decis\u00f5es dif\u00edceis acabaram levando ao rompimento. \u201cPassamos por muita confus\u00e3o, mas isso j\u00e1 ficou para tr\u00e1s. Agora \u00e9 seguir em frente e viver o presente\u201d, declarou.<\/p>\n\n\n\n<p>Em dezembro, a ex-peoa chegou a afirmar publicamente que estava solteira por escolha pr\u00f3pria. Na ocasi\u00e3o, explicou que priorizou a participa\u00e7\u00e3o no programa em detrimento do casamento, que j\u00e1 vinha sendo planejado. Ela contou ainda que Maik chegou a viajar ao Brasil com flores e alian\u00e7as, mas os planos acabaram adiados diante do novo rumo que sua vida tomou.<\/p>\n\n\n\n<p>Com a reconcilia\u00e7\u00e3o, Carol Lekker e Maik Riksen mostram que decidiram virar a p\u00e1gina e apostar em um recome\u00e7o. O novo pedido de casamento simboliza n\u00e3o apenas a retomada do relacionamento, mas tamb\u00e9m a inten\u00e7\u00e3o de construir o futuro com mais maturidade e longe das pol\u00eamicas que marcaram o passado recente.<\/p>\n","protected":false},"excerpt":{"rendered":"<p>Ap\u00f3s um per\u00edodo de turbul\u00eancias e idas e vindas, Carol Lekker e o empres\u00e1rio Maik Riksen decidiram recome\u00e7ar. O casal anunciou nesta sexta-feira (9\/1) que est\u00e1 oficialmente reconciliado, e a retomada do relacionamento veio acompanhada de um novo pedido de casamento, selado em clima de romance. A influenciadora usou as redes sociais para compartilhar o \u2026<\/p>\n","protected":false},"author":2,"featured_media":5565,"comment_status":"closed","ping_status":"open","sticky":false,"template":"","format":"standard","meta":{"footnotes":""},"categories":[3],"tags":[],"class_list":["post-5566","post","type-post","status-publish","format-standard","has-post-thumbnail","hentry","category-famosos"],"yoast_head":"<!-- This site is optimized with the Yoast SEO plugin v25.5 - https:\/\/yoast.com\/wordpress\/plugins\/seo\/ -->\n<title>Carol Lekker e Maik Riksen reatam e celebram novo pedido de casamento ap\u00f3s t\u00e9rmino conturbado - Portal do Estado<\/title>\n<meta name=\"robots\" content=\"index, follow, max-snippet:-1, max-image-preview:large, max-video-preview:-1\" \/>\n<link rel=\"canonical\" href=\"https:\/\/portaldoestado.com.br\/index.php\/2026\/01\/11\/carol-lekker-e-maik-riksen-reatam-e-celebram-novo-pedido-de-casamento-apos-termino-conturbado\/\" \/>\n<meta property=\"og:locale\" content=\"pt_BR\" \/>\n<meta property=\"og:type\" content=\"article\" \/>\n<meta property=\"og:title\" content=\"Carol Lekker e Maik Riksen reatam e celebram novo pedido de casamento ap\u00f3s t\u00e9rmino conturbado - Portal do Estado\" \/>\n<meta property=\"og:description\" content=\"Ap\u00f3s um per\u00edodo de turbul\u00eancias e idas e vindas, Carol Lekker e o empres\u00e1rio Maik Riksen decidiram recome\u00e7ar. O casal anunciou nesta sexta-feira (9\/1) que est\u00e1 oficialmente reconciliado, e a retomada do relacionamento veio acompanhada de um novo pedido de casamento, selado em clima de romance. A influenciadora usou as redes sociais para compartilhar o \u2026\" \/>\n<meta property=\"og:url\" content=\"https:\/\/portaldoestado.com.br\/index.php\/2026\/01\/11\/carol-lekker-e-maik-riksen-reatam-e-celebram-novo-pedido-de-casamento-apos-termino-conturbado\/\" \/>\n<meta property=\"og:site_name\" content=\"Portal do Estado\" \/>\n<meta property=\"article:published_time\" content=\"2026-01-11T14:38:50+00:00\" \/>\n<meta property=\"og:image\" content=\"https:\/\/portaldoestado.com.br\/wp-content\/uploads\/2026\/01\/KnXNZx3f-Tamanho-portal-7.jpg\" \/>\n\t<meta property=\"og:image:width\" content=\"1200\" \/>\n\t<meta property=\"og:image:height\" content=\"900\" \/>\n\t<meta property=\"og:image:type\" content=\"image\/jpeg\" \/>\n<meta name=\"author\" content=\"assessoriadefamosos\" \/>\n<meta name=\"twitter:card\" content=\"summary_large_image\" \/>\n<meta name=\"twitter:label1\" content=\"Escrito por\" \/>\n\t<meta name=\"twitter:data1\" content=\"assessoriadefamosos\" \/>\n\t<meta name=\"twitter:label2\" content=\"Est. tempo de leitura\" \/>\n\t<meta name=\"twitter:data2\" content=\"1 minuto\" \/>\n<script type=\"application\/ld+json\" class=\"yoast-schema-graph\">{\"@context\":\"https:\/\/schema.org\",\"@graph\":[{\"@type\":\"Article\",\"@id\":\"https:\/\/portaldoestado.com.br\/index.php\/2026\/01\/11\/carol-lekker-e-maik-riksen-reatam-e-celebram-novo-pedido-de-casamento-apos-termino-conturbado\/#article\",\"isPartOf\":{\"@id\":\"https:\/\/portaldoestado.com.br\/index.php\/2026\/01\/11\/carol-lekker-e-maik-riksen-reatam-e-celebram-novo-pedido-de-casamento-apos-termino-conturbado\/\"},\"author\":{\"name\":\"assessoriadefamosos\",\"@id\":\"https:\/\/portaldoestado.com.br\/#\/schema\/person\/5ca0174f3c8c84b59da62ea14b698cb9\"},\"headline\":\"Carol Lekker e Maik Riksen reatam e celebram novo pedido de casamento ap\u00f3s t\u00e9rmino conturbado\",\"datePublished\":\"2026-01-11T14:38:50+00:00\",\"mainEntityOfPage\":{\"@id\":\"https:\/\/portaldoestado.com.br\/index.php\/2026\/01\/11\/carol-lekker-e-maik-riksen-reatam-e-celebram-novo-pedido-de-casamento-apos-termino-conturbado\/\"},\"wordCount\":313,\"publisher\":{\"@id\":\"https:\/\/portaldoestado.com.br\/#organization\"},\"image\":{\"@id\":\"https:\/\/portaldoestado.com.br\/index.php\/2026\/01\/11\/carol-lekker-e-maik-riksen-reatam-e-celebram-novo-pedido-de-casamento-apos-termino-conturbado\/#primaryimage\"},\"thumbnailUrl\":\"https:\/\/portaldoestado.com.br\/wp-content\/uploads\/2026\/01\/KnXNZx3f-Tamanho-portal-7.jpg\",\"articleSection\":[\"Famosos\"],\"inLanguage\":\"pt-BR\"},{\"@type\":\"WebPage\",\"@id\":\"https:\/\/portaldoestado.com.br\/index.php\/2026\/01\/11\/carol-lekker-e-maik-riksen-reatam-e-celebram-novo-pedido-de-casamento-apos-termino-conturbado\/\",\"url\":\"https:\/\/portaldoestado.com.br\/index.php\/2026\/01\/11\/carol-lekker-e-maik-riksen-reatam-e-celebram-novo-pedido-de-casamento-apos-termino-conturbado\/\",\"name\":\"Carol Lekker e Maik Riksen reatam e celebram novo pedido de casamento ap\u00f3s t\u00e9rmino conturbado - Portal do Estado\",\"isPartOf\":{\"@id\":\"https:\/\/portaldoestado.com.br\/#website\"},\"primaryImageOfPage\":{\"@id\":\"https:\/\/portaldoestado.com.br\/index.php\/2026\/01\/11\/carol-lekker-e-maik-riksen-reatam-e-celebram-novo-pedido-de-casamento-apos-termino-conturbado\/#primaryimage\"},\"image\":{\"@id\":\"https:\/\/portaldoestado.com.br\/index.php\/2026\/01\/11\/carol-lekker-e-maik-riksen-reatam-e-celebram-novo-pedido-de-casamento-apos-termino-conturbado\/#primaryimage\"},\"thumbnailUrl\":\"https:\/\/portaldoestado.com.br\/wp-content\/uploads\/2026\/01\/KnXNZx3f-Tamanho-portal-7.jpg\",\"datePublished\":\"2026-01-11T14:38:50+00:00\",\"breadcrumb\":{\"@id\":\"https:\/\/portaldoestado.com.br\/index.php\/2026\/01\/11\/carol-lekker-e-maik-riksen-reatam-e-celebram-novo-pedido-de-casamento-apos-termino-conturbado\/#breadcrumb\"},\"inLanguage\":\"pt-BR\",\"potentialAction\":[{\"@type\":\"ReadAction\",\"target\":[\"https:\/\/portaldoestado.com.br\/index.php\/2026\/01\/11\/carol-lekker-e-maik-riksen-reatam-e-celebram-novo-pedido-de-casamento-apos-termino-conturbado\/\"]}]},{\"@type\":\"ImageObject\",\"inLanguage\":\"pt-BR\",\"@id\":\"https:\/\/portaldoestado.com.br\/index.php\/2026\/01\/11\/carol-lekker-e-maik-riksen-reatam-e-celebram-novo-pedido-de-casamento-apos-termino-conturbado\/#primaryimage\",\"url\":\"https:\/\/portaldoestado.com.br\/wp-content\/uploads\/2026\/01\/KnXNZx3f-Tamanho-portal-7.jpg\",\"contentUrl\":\"https:\/\/portaldoestado.com.br\/wp-content\/uploads\/2026\/01\/KnXNZx3f-Tamanho-portal-7.jpg\",\"width\":1200,\"height\":900},{\"@type\":\"BreadcrumbList\",\"@id\":\"https:\/\/portaldoestado.com.br\/index.php\/2026\/01\/11\/carol-lekker-e-maik-riksen-reatam-e-celebram-novo-pedido-de-casamento-apos-termino-conturbado\/#breadcrumb\",\"itemListElement\":[{\"@type\":\"ListItem\",\"position\":1,\"name\":\"In\u00edcio\",\"item\":\"https:\/\/portaldoestado.com.br\/\"},{\"@type\":\"ListItem\",\"position\":2,\"name\":\"Carol Lekker e Maik Riksen reatam e celebram novo pedido de casamento ap\u00f3s t\u00e9rmino conturbado\"}]},{\"@type\":\"WebSite\",\"@id\":\"https:\/\/portaldoestado.com.br\/#website\",\"url\":\"https:\/\/portaldoestado.com.br\/\",\"name\":\"Portal do Estado\",\"description\":\"\",\"publisher\":{\"@id\":\"https:\/\/portaldoestado.com.br\/#organization\"},\"potentialAction\":[{\"@type\":\"SearchAction\",\"target\":{\"@type\":\"EntryPoint\",\"urlTemplate\":\"https:\/\/portaldoestado.com.br\/?s={search_term_string}\"},\"query-input\":{\"@type\":\"PropertyValueSpecification\",\"valueRequired\":true,\"valueName\":\"search_term_string\"}}],\"inLanguage\":\"pt-BR\"},{\"@type\":\"Organization\",\"@id\":\"https:\/\/portaldoestado.com.br\/#organization\",\"name\":\"Portal do Estado\",\"url\":\"https:\/\/portaldoestado.com.br\/\",\"logo\":{\"@type\":\"ImageObject\",\"inLanguage\":\"pt-BR\",\"@id\":\"https:\/\/portaldoestado.com.br\/#\/schema\/logo\/image\/\",\"url\":\"https:\/\/portaldoestado.com.br\/wp-content\/uploads\/2025\/04\/cropped-6f69b19a-6472-43bf-b1b3-e1910bbbd4e8.png\",\"contentUrl\":\"https:\/\/portaldoestado.com.br\/wp-content\/uploads\/2025\/04\/cropped-6f69b19a-6472-43bf-b1b3-e1910bbbd4e8.png\",\"width\":1024,\"height\":350,\"caption\":\"Portal do Estado\"},\"image\":{\"@id\":\"https:\/\/portaldoestado.com.br\/#\/schema\/logo\/image\/\"}},{\"@type\":\"Person\",\"@id\":\"https:\/\/portaldoestado.com.br\/#\/schema\/person\/5ca0174f3c8c84b59da62ea14b698cb9\",\"name\":\"assessoriadefamosos\",\"image\":{\"@type\":\"ImageObject\",\"inLanguage\":\"pt-BR\",\"@id\":\"https:\/\/portaldoestado.com.br\/#\/schema\/person\/image\/\",\"url\":\"https:\/\/secure.gravatar.com\/avatar\/a7acbdffcfbbae7240e59f47fe511ec5f5d8c252c779f0b8d9ab02a9e1d8c5ed?s=96&d=mm&r=g\",\"contentUrl\":\"https:\/\/secure.gravatar.com\/avatar\/a7acbdffcfbbae7240e59f47fe511ec5f5d8c252c779f0b8d9ab02a9e1d8c5ed?s=96&d=mm&r=g\",\"caption\":\"assessoriadefamosos\"},\"url\":\"https:\/\/portaldoestado.com.br\/index.php\/author\/assessoriadefamosos\/\"}]}<\/script>\n<!-- \/ Yoast SEO plugin. -->","yoast_head_json":{"title":"Carol Lekker e Maik Riksen reatam e celebram novo pedido de casamento ap\u00f3s t\u00e9rmino conturbado - Portal do Estado","robots":{"index":"index","follow":"follow","max-snippet":"max-snippet:-1","max-image-preview":"max-image-preview:large","max-video-preview":"max-video-preview:-1"},"canonical":"https:\/\/portaldoestado.com.br\/index.php\/2026\/01\/11\/carol-lekker-e-maik-riksen-reatam-e-celebram-novo-pedido-de-casamento-apos-termino-conturbado\/","og_locale":"pt_BR","og_type":"article","og_title":"Carol Lekker e Maik Riksen reatam e celebram novo pedido de casamento ap\u00f3s t\u00e9rmino conturbado - Portal do Estado","og_description":"Ap\u00f3s um per\u00edodo de turbul\u00eancias e idas e vindas, Carol Lekker e o empres\u00e1rio Maik Riksen decidiram recome\u00e7ar. O casal anunciou nesta sexta-feira (9\/1) que est\u00e1 oficialmente reconciliado, e a retomada do relacionamento veio acompanhada de um novo pedido de casamento, selado em clima de romance. A influenciadora usou as redes sociais para compartilhar o \u2026","og_url":"https:\/\/portaldoestado.com.br\/index.php\/2026\/01\/11\/carol-lekker-e-maik-riksen-reatam-e-celebram-novo-pedido-de-casamento-apos-termino-conturbado\/","og_site_name":"Portal do Estado","article_published_time":"2026-01-11T14:38:50+00:00","og_image":[{"width":1200,"height":900,"url":"https:\/\/portaldoestado.com.br\/wp-content\/uploads\/2026\/01\/KnXNZx3f-Tamanho-portal-7.jpg","type":"image\/jpeg"}],"author":"assessoriadefamosos","twitter_card":"summary_large_image","twitter_misc":{"Escrito por":"assessoriadefamosos","Est. tempo de leitura":"1 minuto"},"schema":{"@context":"https:\/\/schema.org","@graph":[{"@type":"Article","@id":"https:\/\/portaldoestado.com.br\/index.php\/2026\/01\/11\/carol-lekker-e-maik-riksen-reatam-e-celebram-novo-pedido-de-casamento-apos-termino-conturbado\/#article","isPartOf":{"@id":"https:\/\/portaldoestado.com.br\/index.php\/2026\/01\/11\/carol-lekker-e-maik-riksen-reatam-e-celebram-novo-pedido-de-casamento-apos-termino-conturbado\/"},"author":{"name":"assessoriadefamosos","@id":"https:\/\/portaldoestado.com.br\/#\/schema\/person\/5ca0174f3c8c84b59da62ea14b698cb9"},"headline":"Carol Lekker e Maik Riksen reatam e celebram novo pedido de casamento ap\u00f3s t\u00e9rmino conturbado","datePublished":"2026-01-11T14:38:50+00:00","mainEntityOfPage":{"@id":"https:\/\/portaldoestado.com.br\/index.php\/2026\/01\/11\/carol-lekker-e-maik-riksen-reatam-e-celebram-novo-pedido-de-casamento-apos-termino-conturbado\/"},"wordCount":313,"publisher":{"@id":"https:\/\/portaldoestado.com.br\/#organization"},"image":{"@id":"https:\/\/portaldoestado.com.br\/index.php\/2026\/01\/11\/carol-lekker-e-maik-riksen-reatam-e-celebram-novo-pedido-de-casamento-apos-termino-conturbado\/#primaryimage"},"thumbnailUrl":"https:\/\/portaldoestado.com.br\/wp-content\/uploads\/2026\/01\/KnXNZx3f-Tamanho-portal-7.jpg","articleSection":["Famosos"],"inLanguage":"pt-BR"},{"@type":"WebPage","@id":"https:\/\/portaldoestado.com.br\/index.php\/2026\/01\/11\/carol-lekker-e-maik-riksen-reatam-e-celebram-novo-pedido-de-casamento-apos-termino-conturbado\/","url":"https:\/\/portaldoestado.com.br\/index.php\/2026\/01\/11\/carol-lekker-e-maik-riksen-reatam-e-celebram-novo-pedido-de-casamento-apos-termino-conturbado\/","name":"Carol Lekker e Maik Riksen reatam e celebram novo pedido de casamento ap\u00f3s t\u00e9rmino conturbado - Portal do Estado","isPartOf":{"@id":"https:\/\/portaldoestado.com.br\/#website"},"primaryImageOfPage":{"@id":"https:\/\/portaldoestado.com.br\/index.php\/2026\/01\/11\/carol-lekker-e-maik-riksen-reatam-e-celebram-novo-pedido-de-casamento-apos-termino-conturbado\/#primaryimage"},"image":{"@id":"https:\/\/portaldoestado.com.br\/index.php\/2026\/01\/11\/carol-lekker-e-maik-riksen-reatam-e-celebram-novo-pedido-de-casamento-apos-termino-conturbado\/#primaryimage"},"thumbnailUrl":"https:\/\/portaldoestado.com.br\/wp-content\/uploads\/2026\/01\/KnXNZx3f-Tamanho-portal-7.jpg","datePublished":"2026-01-11T14:38:50+00:00","breadcrumb":{"@id":"https:\/\/portaldoestado.com.br\/index.php\/2026\/01\/11\/carol-lekker-e-maik-riksen-reatam-e-celebram-novo-pedido-de-casamento-apos-termino-conturbado\/#breadcrumb"},"inLanguage":"pt-BR","potentialAction":[{"@type":"ReadAction","target":["https:\/\/portaldoestado.com.br\/index.php\/2026\/01\/11\/carol-lekker-e-maik-riksen-reatam-e-celebram-novo-pedido-de-casamento-apos-termino-conturbado\/"]}]},{"@type":"ImageObject","inLanguage":"pt-BR","@id":"https:\/\/portaldoestado.com.br\/index.php\/2026\/01\/11\/carol-lekker-e-maik-riksen-reatam-e-celebram-novo-pedido-de-casamento-apos-termino-conturbado\/#primaryimage","url":"https:\/\/portaldoestado.com.br\/wp-content\/uploads\/2026\/01\/KnXNZx3f-Tamanho-portal-7.jpg","contentUrl":"https:\/\/portaldoestado.com.br\/wp-content\/uploads\/2026\/01\/KnXNZx3f-Tamanho-portal-7.jpg","width":1200,"height":900},{"@type":"BreadcrumbList","@id":"https:\/\/portaldoestado.com.br\/index.php\/2026\/01\/11\/carol-lekker-e-maik-riksen-reatam-e-celebram-novo-pedido-de-casamento-apos-termino-conturbado\/#breadcrumb","itemListElement":[{"@type":"ListItem","position":1,"name":"In\u00edcio","item":"https:\/\/portaldoestado.com.br\/"},{"@type":"ListItem","position":2,"name":"Carol Lekker e Maik Riksen reatam e celebram novo pedido de casamento ap\u00f3s t\u00e9rmino conturbado"}]},{"@type":"WebSite","@id":"https:\/\/portaldoestado.com.br\/#website","url":"https:\/\/portaldoestado.com.br\/","name":"Portal do Estado","description":"","publisher":{"@id":"https:\/\/portaldoestado.com.br\/#organization"},"potentialAction":[{"@type":"SearchAction","target":{"@type":"EntryPoint","urlTemplate":"https:\/\/portaldoestado.com.br\/?s={search_term_string}"},"query-input":{"@type":"PropertyValueSpecification","valueRequired":true,"valueName":"search_term_string"}}],"inLanguage":"pt-BR"},{"@type":"Organization","@id":"https:\/\/portaldoestado.com.br\/#organization","name":"Portal do Estado","url":"https:\/\/portaldoestado.com.br\/","logo":{"@type":"ImageObject","inLanguage":"pt-BR","@id":"https:\/\/portaldoestado.com.br\/#\/schema\/logo\/image\/","url":"https:\/\/portaldoestado.com.br\/wp-content\/uploads\/2025\/04\/cropped-6f69b19a-6472-43bf-b1b3-e1910bbbd4e8.png","contentUrl":"https:\/\/portaldoestado.com.br\/wp-content\/uploads\/2025\/04\/cropped-6f69b19a-6472-43bf-b1b3-e1910bbbd4e8.png","width":1024,"height":350,"caption":"Portal do Estado"},"image":{"@id":"https:\/\/portaldoestado.com.br\/#\/schema\/logo\/image\/"}},{"@type":"Person","@id":"https:\/\/portaldoestado.com.br\/#\/schema\/person\/5ca0174f3c8c84b59da62ea14b698cb9","name":"assessoriadefamosos","image":{"@type":"ImageObject","inLanguage":"pt-BR","@id":"https:\/\/portaldoestado.com.br\/#\/schema\/person\/image\/","url":"https:\/\/secure.gravatar.com\/avatar\/a7acbdffcfbbae7240e59f47fe511ec5f5d8c252c779f0b8d9ab02a9e1d8c5ed?s=96&d=mm&r=g","contentUrl":"https:\/\/secure.gravatar.com\/avatar\/a7acbdffcfbbae7240e59f47fe511ec5f5d8c252c779f0b8d9ab02a9e1d8c5ed?s=96&d=mm&r=g","caption":"assessoriadefamosos"},"url":"https:\/\/portaldoestado.com.br\/index.php\/author\/assessoriadefamosos\/"}]}},"jetpack_featured_media_url":"https:\/\/portaldoestado.com.br\/wp-content\/uploads\/2026\/01\/KnXNZx3f-Tamanho-portal-7.jpg","_links":{"self":[{"href":"https:\/\/portaldoestado.com.br\/index.php\/wp-json\/wp\/v2\/posts\/5566","targetHints":{"allow":["GET"]}}],"collection":[{"href":"https:\/\/portaldoestado.com.br\/index.php\/wp-json\/wp\/v2\/posts"}],"about":[{"href":"https:\/\/portaldoestado.com.br\/index.php\/wp-json\/wp\/v2\/types\/post"}],"author":[{"embeddable":true,"href":"https:\/\/portaldoestado.com.br\/index.php\/wp-json\/wp\/v2\/users\/2"}],"replies":[{"embeddable":true,"href":"https:\/\/portaldoestado.com.br\/index.php\/wp-json\/wp\/v2\/comments?post=5566"}],"version-history":[{"count":1,"href":"https:\/\/portaldoestado.com.br\/index.php\/wp-json\/wp\/v2\/posts\/5566\/revisions"}],"predecessor-version":[{"id":5567,"href":"https:\/\/portaldoestado.com.br\/index.php\/wp-json\/wp\/v2\/posts\/5566\/revisions\/5567"}],"wp:featuredmedia":[{"embeddable":true,"href":"https:\/\/portaldoestado.com.br\/index.php\/wp-json\/wp\/v2\/media\/5565"}],"wp:attachment":[{"href":"https:\/\/portaldoestado.com.br\/index.php\/wp-json\/wp\/v2\/media?parent=5566"}],"wp:term":[{"taxonomy":"category","embeddable":true,"href":"https:\/\/portaldoestado.com.br\/index.php\/wp-json\/wp\/v2\/categories?post=5566"},{"taxonomy":"post_tag","embeddable":true,"href":"https:\/\/portaldoestado.com.br\/index.php\/wp-json\/wp\/v2\/tags?post=5566"}],"curies":[{"name":"wp","href":"https:\/\/api.w.org\/{rel}","templated":true}]}}