{"id":5563,"date":"2026-01-11T14:34:55","date_gmt":"2026-01-11T14:34:55","guid":{"rendered":"https:\/\/portaldoestado.com.br\/?p=5563"},"modified":"2026-01-11T14:34:55","modified_gmt":"2026-01-11T14:34:55","slug":"manoel-carlos-morre-aos-92-anos-e-deixa-legado-eterno-na-dramaturgia-brasileira","status":"publish","type":"post","link":"https:\/\/portaldoestado.com.br\/index.php\/2026\/01\/11\/manoel-carlos-morre-aos-92-anos-e-deixa-legado-eterno-na-dramaturgia-brasileira\/","title":{"rendered":"Manoel Carlos morre aos 92 anos e deixa legado eterno na dramaturgia brasileira"},"content":{"rendered":"\n<p>A televis\u00e3o brasileira perdeu neste s\u00e1bado (10\/1) um de seus maiores mestres. Manoel Carlos, autor respons\u00e1vel por algumas das novelas mais emblem\u00e1ticas da hist\u00f3ria do pa\u00eds, morreu aos 92 anos, no Rio de Janeiro. A informa\u00e7\u00e3o foi confirmada por familiares. O dramaturgo, conhecido como Maneco, estava internado no Hospital Copa Star, em Copacabana, onde tratava complica\u00e7\u00f5es relacionadas \u00e0 Doen\u00e7a de Parkinson.<\/p>\n\n\n\n<p>Nascido em S\u00e3o Paulo, em 14 de mar\u00e7o de 1933, Manoel Carlos construiu uma carreira s\u00f3lida e profundamente conectada ao cotidiano do p\u00fablico. Sua trajet\u00f3ria art\u00edstica come\u00e7ou ainda na juventude, aos 17 anos, no teatro, e passou por diversas emissoras at\u00e9 sua chegada \u00e0 TV Globo, em 1972. Na emissora, iniciou como diretor do <em>Fant\u00e1stico<\/em>, mas foi como autor de novelas que alcan\u00e7ou reconhecimento definitivo.<\/p>\n\n\n\n<p>Maneco ficou marcado por narrativas sens\u00edveis, centradas nas rela\u00e7\u00f5es familiares, nos dilemas morais e nas emo\u00e7\u00f5es humanas. Criou personagens femininas fortes e complexas, muitas delas chamadas Helena \u2014 figura que se tornou s\u00edmbolo de sua obra. Produ\u00e7\u00f5es como <em>Por Amor<\/em>, <em>La\u00e7os de Fam\u00edlia<\/em>, <em>Mulheres Apaixonadas<\/em>, <em>P\u00e1ginas da Vida<\/em> e <em>Viver a Vida<\/em> n\u00e3o apenas lideraram audi\u00eancias, como tamb\u00e9m provocaram debates sociais e emocionaram milh\u00f5es de telespectadores.<\/p>\n\n\n\n<p>O Rio de Janeiro, especialmente o Leblon, foi cen\u00e1rio recorrente em suas hist\u00f3rias e acabou incorporado \u00e0 identidade de suas novelas, funcionando como extens\u00e3o emocional dos personagens e de seus conflitos.<\/p>\n\n\n\n<p>Al\u00e9m de novelista, Manoel Carlos atuou como diretor, produtor e escritor, deixando uma contribui\u00e7\u00e3o decisiva para a consolida\u00e7\u00e3o da teledramaturgia nacional. Seu estilo, marcado por di\u00e1logos realistas e observa\u00e7\u00e3o minuciosa da vida cotidiana, influenciou gera\u00e7\u00f5es de autores e profissionais da televis\u00e3o.<\/p>\n\n\n\n<p>O autor deixa duas filhas: a atriz J\u00falia Almeida e a roteirista Maria Carolina, que trabalhou ao lado do pai em diversos projetos. Em nota, a fam\u00edlia agradeceu o carinho do p\u00fablico e pediu discri\u00e7\u00e3o neste momento de luto. O vel\u00f3rio ser\u00e1 reservado a pessoas pr\u00f3ximas.<\/p>\n\n\n\n<p>Com sua partida, Manoel Carlos deixa um legado que ultrapassa a fic\u00e7\u00e3o e permanece vivo na mem\u00f3ria afetiva de milh\u00f5es de brasileiros.<\/p>\n","protected":false},"excerpt":{"rendered":"<p>A televis\u00e3o brasileira perdeu neste s\u00e1bado (10\/1) um de seus maiores mestres. Manoel Carlos, autor respons\u00e1vel por algumas das novelas mais emblem\u00e1ticas da hist\u00f3ria do pa\u00eds, morreu aos 92 anos, no Rio de Janeiro. A informa\u00e7\u00e3o foi confirmada por familiares. O dramaturgo, conhecido como Maneco, estava internado no Hospital Copa Star, em Copacabana, onde tratava \u2026<\/p>\n","protected":false},"author":2,"featured_media":5562,"comment_status":"closed","ping_status":"open","sticky":false,"template":"","format":"standard","meta":{"footnotes":""},"categories":[3],"tags":[],"class_list":["post-5563","post","type-post","status-publish","format-standard","has-post-thumbnail","hentry","category-famosos"],"yoast_head":"<!-- This site is optimized with the Yoast SEO plugin v25.5 - https:\/\/yoast.com\/wordpress\/plugins\/seo\/ -->\n<title>Manoel Carlos morre aos 92 anos e deixa legado eterno na dramaturgia brasileira - Portal do Estado<\/title>\n<meta name=\"robots\" content=\"index, follow, max-snippet:-1, max-image-preview:large, max-video-preview:-1\" \/>\n<link rel=\"canonical\" href=\"https:\/\/portaldoestado.com.br\/index.php\/2026\/01\/11\/manoel-carlos-morre-aos-92-anos-e-deixa-legado-eterno-na-dramaturgia-brasileira\/\" \/>\n<meta property=\"og:locale\" content=\"pt_BR\" \/>\n<meta property=\"og:type\" content=\"article\" \/>\n<meta property=\"og:title\" content=\"Manoel Carlos morre aos 92 anos e deixa legado eterno na dramaturgia brasileira - Portal do Estado\" \/>\n<meta property=\"og:description\" content=\"A televis\u00e3o brasileira perdeu neste s\u00e1bado (10\/1) um de seus maiores mestres. Manoel Carlos, autor respons\u00e1vel por algumas das novelas mais emblem\u00e1ticas da hist\u00f3ria do pa\u00eds, morreu aos 92 anos, no Rio de Janeiro. A informa\u00e7\u00e3o foi confirmada por familiares. O dramaturgo, conhecido como Maneco, estava internado no Hospital Copa Star, em Copacabana, onde tratava \u2026\" \/>\n<meta property=\"og:url\" content=\"https:\/\/portaldoestado.com.br\/index.php\/2026\/01\/11\/manoel-carlos-morre-aos-92-anos-e-deixa-legado-eterno-na-dramaturgia-brasileira\/\" \/>\n<meta property=\"og:site_name\" content=\"Portal do Estado\" \/>\n<meta property=\"article:published_time\" content=\"2026-01-11T14:34:55+00:00\" \/>\n<meta property=\"og:image\" content=\"https:\/\/portaldoestado.com.br\/wp-content\/uploads\/2026\/01\/manoel-carlos.jpg\" \/>\n\t<meta property=\"og:image:width\" content=\"1200\" \/>\n\t<meta property=\"og:image:height\" content=\"900\" \/>\n\t<meta property=\"og:image:type\" content=\"image\/jpeg\" \/>\n<meta name=\"author\" content=\"assessoriadefamosos\" \/>\n<meta name=\"twitter:card\" content=\"summary_large_image\" \/>\n<meta name=\"twitter:label1\" content=\"Escrito por\" \/>\n\t<meta name=\"twitter:data1\" content=\"assessoriadefamosos\" \/>\n\t<meta name=\"twitter:label2\" content=\"Est. tempo de leitura\" \/>\n\t<meta name=\"twitter:data2\" content=\"2 minutos\" \/>\n<script type=\"application\/ld+json\" class=\"yoast-schema-graph\">{\"@context\":\"https:\/\/schema.org\",\"@graph\":[{\"@type\":\"Article\",\"@id\":\"https:\/\/portaldoestado.com.br\/index.php\/2026\/01\/11\/manoel-carlos-morre-aos-92-anos-e-deixa-legado-eterno-na-dramaturgia-brasileira\/#article\",\"isPartOf\":{\"@id\":\"https:\/\/portaldoestado.com.br\/index.php\/2026\/01\/11\/manoel-carlos-morre-aos-92-anos-e-deixa-legado-eterno-na-dramaturgia-brasileira\/\"},\"author\":{\"name\":\"assessoriadefamosos\",\"@id\":\"https:\/\/portaldoestado.com.br\/#\/schema\/person\/5ca0174f3c8c84b59da62ea14b698cb9\"},\"headline\":\"Manoel Carlos morre aos 92 anos e deixa legado eterno na dramaturgia brasileira\",\"datePublished\":\"2026-01-11T14:34:55+00:00\",\"mainEntityOfPage\":{\"@id\":\"https:\/\/portaldoestado.com.br\/index.php\/2026\/01\/11\/manoel-carlos-morre-aos-92-anos-e-deixa-legado-eterno-na-dramaturgia-brasileira\/\"},\"wordCount\":383,\"publisher\":{\"@id\":\"https:\/\/portaldoestado.com.br\/#organization\"},\"image\":{\"@id\":\"https:\/\/portaldoestado.com.br\/index.php\/2026\/01\/11\/manoel-carlos-morre-aos-92-anos-e-deixa-legado-eterno-na-dramaturgia-brasileira\/#primaryimage\"},\"thumbnailUrl\":\"https:\/\/portaldoestado.com.br\/wp-content\/uploads\/2026\/01\/manoel-carlos.jpg\",\"articleSection\":[\"Famosos\"],\"inLanguage\":\"pt-BR\"},{\"@type\":\"WebPage\",\"@id\":\"https:\/\/portaldoestado.com.br\/index.php\/2026\/01\/11\/manoel-carlos-morre-aos-92-anos-e-deixa-legado-eterno-na-dramaturgia-brasileira\/\",\"url\":\"https:\/\/portaldoestado.com.br\/index.php\/2026\/01\/11\/manoel-carlos-morre-aos-92-anos-e-deixa-legado-eterno-na-dramaturgia-brasileira\/\",\"name\":\"Manoel Carlos morre aos 92 anos e deixa legado eterno na dramaturgia brasileira - Portal do Estado\",\"isPartOf\":{\"@id\":\"https:\/\/portaldoestado.com.br\/#website\"},\"primaryImageOfPage\":{\"@id\":\"https:\/\/portaldoestado.com.br\/index.php\/2026\/01\/11\/manoel-carlos-morre-aos-92-anos-e-deixa-legado-eterno-na-dramaturgia-brasileira\/#primaryimage\"},\"image\":{\"@id\":\"https:\/\/portaldoestado.com.br\/index.php\/2026\/01\/11\/manoel-carlos-morre-aos-92-anos-e-deixa-legado-eterno-na-dramaturgia-brasileira\/#primaryimage\"},\"thumbnailUrl\":\"https:\/\/portaldoestado.com.br\/wp-content\/uploads\/2026\/01\/manoel-carlos.jpg\",\"datePublished\":\"2026-01-11T14:34:55+00:00\",\"breadcrumb\":{\"@id\":\"https:\/\/portaldoestado.com.br\/index.php\/2026\/01\/11\/manoel-carlos-morre-aos-92-anos-e-deixa-legado-eterno-na-dramaturgia-brasileira\/#breadcrumb\"},\"inLanguage\":\"pt-BR\",\"potentialAction\":[{\"@type\":\"ReadAction\",\"target\":[\"https:\/\/portaldoestado.com.br\/index.php\/2026\/01\/11\/manoel-carlos-morre-aos-92-anos-e-deixa-legado-eterno-na-dramaturgia-brasileira\/\"]}]},{\"@type\":\"ImageObject\",\"inLanguage\":\"pt-BR\",\"@id\":\"https:\/\/portaldoestado.com.br\/index.php\/2026\/01\/11\/manoel-carlos-morre-aos-92-anos-e-deixa-legado-eterno-na-dramaturgia-brasileira\/#primaryimage\",\"url\":\"https:\/\/portaldoestado.com.br\/wp-content\/uploads\/2026\/01\/manoel-carlos.jpg\",\"contentUrl\":\"https:\/\/portaldoestado.com.br\/wp-content\/uploads\/2026\/01\/manoel-carlos.jpg\",\"width\":1200,\"height\":900},{\"@type\":\"BreadcrumbList\",\"@id\":\"https:\/\/portaldoestado.com.br\/index.php\/2026\/01\/11\/manoel-carlos-morre-aos-92-anos-e-deixa-legado-eterno-na-dramaturgia-brasileira\/#breadcrumb\",\"itemListElement\":[{\"@type\":\"ListItem\",\"position\":1,\"name\":\"In\u00edcio\",\"item\":\"https:\/\/portaldoestado.com.br\/\"},{\"@type\":\"ListItem\",\"position\":2,\"name\":\"Manoel Carlos morre aos 92 anos e deixa legado eterno na dramaturgia brasileira\"}]},{\"@type\":\"WebSite\",\"@id\":\"https:\/\/portaldoestado.com.br\/#website\",\"url\":\"https:\/\/portaldoestado.com.br\/\",\"name\":\"Portal do Estado\",\"description\":\"\",\"publisher\":{\"@id\":\"https:\/\/portaldoestado.com.br\/#organization\"},\"potentialAction\":[{\"@type\":\"SearchAction\",\"target\":{\"@type\":\"EntryPoint\",\"urlTemplate\":\"https:\/\/portaldoestado.com.br\/?s={search_term_string}\"},\"query-input\":{\"@type\":\"PropertyValueSpecification\",\"valueRequired\":true,\"valueName\":\"search_term_string\"}}],\"inLanguage\":\"pt-BR\"},{\"@type\":\"Organization\",\"@id\":\"https:\/\/portaldoestado.com.br\/#organization\",\"name\":\"Portal do Estado\",\"url\":\"https:\/\/portaldoestado.com.br\/\",\"logo\":{\"@type\":\"ImageObject\",\"inLanguage\":\"pt-BR\",\"@id\":\"https:\/\/portaldoestado.com.br\/#\/schema\/logo\/image\/\",\"url\":\"https:\/\/portaldoestado.com.br\/wp-content\/uploads\/2025\/04\/cropped-6f69b19a-6472-43bf-b1b3-e1910bbbd4e8.png\",\"contentUrl\":\"https:\/\/portaldoestado.com.br\/wp-content\/uploads\/2025\/04\/cropped-6f69b19a-6472-43bf-b1b3-e1910bbbd4e8.png\",\"width\":1024,\"height\":350,\"caption\":\"Portal do Estado\"},\"image\":{\"@id\":\"https:\/\/portaldoestado.com.br\/#\/schema\/logo\/image\/\"}},{\"@type\":\"Person\",\"@id\":\"https:\/\/portaldoestado.com.br\/#\/schema\/person\/5ca0174f3c8c84b59da62ea14b698cb9\",\"name\":\"assessoriadefamosos\",\"image\":{\"@type\":\"ImageObject\",\"inLanguage\":\"pt-BR\",\"@id\":\"https:\/\/portaldoestado.com.br\/#\/schema\/person\/image\/\",\"url\":\"https:\/\/secure.gravatar.com\/avatar\/a7acbdffcfbbae7240e59f47fe511ec5f5d8c252c779f0b8d9ab02a9e1d8c5ed?s=96&d=mm&r=g\",\"contentUrl\":\"https:\/\/secure.gravatar.com\/avatar\/a7acbdffcfbbae7240e59f47fe511ec5f5d8c252c779f0b8d9ab02a9e1d8c5ed?s=96&d=mm&r=g\",\"caption\":\"assessoriadefamosos\"},\"url\":\"https:\/\/portaldoestado.com.br\/index.php\/author\/assessoriadefamosos\/\"}]}<\/script>\n<!-- \/ Yoast SEO plugin. -->","yoast_head_json":{"title":"Manoel Carlos morre aos 92 anos e deixa legado eterno na dramaturgia brasileira - Portal do Estado","robots":{"index":"index","follow":"follow","max-snippet":"max-snippet:-1","max-image-preview":"max-image-preview:large","max-video-preview":"max-video-preview:-1"},"canonical":"https:\/\/portaldoestado.com.br\/index.php\/2026\/01\/11\/manoel-carlos-morre-aos-92-anos-e-deixa-legado-eterno-na-dramaturgia-brasileira\/","og_locale":"pt_BR","og_type":"article","og_title":"Manoel Carlos morre aos 92 anos e deixa legado eterno na dramaturgia brasileira - Portal do Estado","og_description":"A televis\u00e3o brasileira perdeu neste s\u00e1bado (10\/1) um de seus maiores mestres. Manoel Carlos, autor respons\u00e1vel por algumas das novelas mais emblem\u00e1ticas da hist\u00f3ria do pa\u00eds, morreu aos 92 anos, no Rio de Janeiro. A informa\u00e7\u00e3o foi confirmada por familiares. O dramaturgo, conhecido como Maneco, estava internado no Hospital Copa Star, em Copacabana, onde tratava \u2026","og_url":"https:\/\/portaldoestado.com.br\/index.php\/2026\/01\/11\/manoel-carlos-morre-aos-92-anos-e-deixa-legado-eterno-na-dramaturgia-brasileira\/","og_site_name":"Portal do Estado","article_published_time":"2026-01-11T14:34:55+00:00","og_image":[{"width":1200,"height":900,"url":"https:\/\/portaldoestado.com.br\/wp-content\/uploads\/2026\/01\/manoel-carlos.jpg","type":"image\/jpeg"}],"author":"assessoriadefamosos","twitter_card":"summary_large_image","twitter_misc":{"Escrito por":"assessoriadefamosos","Est. tempo de leitura":"2 minutos"},"schema":{"@context":"https:\/\/schema.org","@graph":[{"@type":"Article","@id":"https:\/\/portaldoestado.com.br\/index.php\/2026\/01\/11\/manoel-carlos-morre-aos-92-anos-e-deixa-legado-eterno-na-dramaturgia-brasileira\/#article","isPartOf":{"@id":"https:\/\/portaldoestado.com.br\/index.php\/2026\/01\/11\/manoel-carlos-morre-aos-92-anos-e-deixa-legado-eterno-na-dramaturgia-brasileira\/"},"author":{"name":"assessoriadefamosos","@id":"https:\/\/portaldoestado.com.br\/#\/schema\/person\/5ca0174f3c8c84b59da62ea14b698cb9"},"headline":"Manoel Carlos morre aos 92 anos e deixa legado eterno na dramaturgia brasileira","datePublished":"2026-01-11T14:34:55+00:00","mainEntityOfPage":{"@id":"https:\/\/portaldoestado.com.br\/index.php\/2026\/01\/11\/manoel-carlos-morre-aos-92-anos-e-deixa-legado-eterno-na-dramaturgia-brasileira\/"},"wordCount":383,"publisher":{"@id":"https:\/\/portaldoestado.com.br\/#organization"},"image":{"@id":"https:\/\/portaldoestado.com.br\/index.php\/2026\/01\/11\/manoel-carlos-morre-aos-92-anos-e-deixa-legado-eterno-na-dramaturgia-brasileira\/#primaryimage"},"thumbnailUrl":"https:\/\/portaldoestado.com.br\/wp-content\/uploads\/2026\/01\/manoel-carlos.jpg","articleSection":["Famosos"],"inLanguage":"pt-BR"},{"@type":"WebPage","@id":"https:\/\/portaldoestado.com.br\/index.php\/2026\/01\/11\/manoel-carlos-morre-aos-92-anos-e-deixa-legado-eterno-na-dramaturgia-brasileira\/","url":"https:\/\/portaldoestado.com.br\/index.php\/2026\/01\/11\/manoel-carlos-morre-aos-92-anos-e-deixa-legado-eterno-na-dramaturgia-brasileira\/","name":"Manoel Carlos morre aos 92 anos e deixa legado eterno na dramaturgia brasileira - Portal do Estado","isPartOf":{"@id":"https:\/\/portaldoestado.com.br\/#website"},"primaryImageOfPage":{"@id":"https:\/\/portaldoestado.com.br\/index.php\/2026\/01\/11\/manoel-carlos-morre-aos-92-anos-e-deixa-legado-eterno-na-dramaturgia-brasileira\/#primaryimage"},"image":{"@id":"https:\/\/portaldoestado.com.br\/index.php\/2026\/01\/11\/manoel-carlos-morre-aos-92-anos-e-deixa-legado-eterno-na-dramaturgia-brasileira\/#primaryimage"},"thumbnailUrl":"https:\/\/portaldoestado.com.br\/wp-content\/uploads\/2026\/01\/manoel-carlos.jpg","datePublished":"2026-01-11T14:34:55+00:00","breadcrumb":{"@id":"https:\/\/portaldoestado.com.br\/index.php\/2026\/01\/11\/manoel-carlos-morre-aos-92-anos-e-deixa-legado-eterno-na-dramaturgia-brasileira\/#breadcrumb"},"inLanguage":"pt-BR","potentialAction":[{"@type":"ReadAction","target":["https:\/\/portaldoestado.com.br\/index.php\/2026\/01\/11\/manoel-carlos-morre-aos-92-anos-e-deixa-legado-eterno-na-dramaturgia-brasileira\/"]}]},{"@type":"ImageObject","inLanguage":"pt-BR","@id":"https:\/\/portaldoestado.com.br\/index.php\/2026\/01\/11\/manoel-carlos-morre-aos-92-anos-e-deixa-legado-eterno-na-dramaturgia-brasileira\/#primaryimage","url":"https:\/\/portaldoestado.com.br\/wp-content\/uploads\/2026\/01\/manoel-carlos.jpg","contentUrl":"https:\/\/portaldoestado.com.br\/wp-content\/uploads\/2026\/01\/manoel-carlos.jpg","width":1200,"height":900},{"@type":"BreadcrumbList","@id":"https:\/\/portaldoestado.com.br\/index.php\/2026\/01\/11\/manoel-carlos-morre-aos-92-anos-e-deixa-legado-eterno-na-dramaturgia-brasileira\/#breadcrumb","itemListElement":[{"@type":"ListItem","position":1,"name":"In\u00edcio","item":"https:\/\/portaldoestado.com.br\/"},{"@type":"ListItem","position":2,"name":"Manoel Carlos morre aos 92 anos e deixa legado eterno na dramaturgia brasileira"}]},{"@type":"WebSite","@id":"https:\/\/portaldoestado.com.br\/#website","url":"https:\/\/portaldoestado.com.br\/","name":"Portal do Estado","description":"","publisher":{"@id":"https:\/\/portaldoestado.com.br\/#organization"},"potentialAction":[{"@type":"SearchAction","target":{"@type":"EntryPoint","urlTemplate":"https:\/\/portaldoestado.com.br\/?s={search_term_string}"},"query-input":{"@type":"PropertyValueSpecification","valueRequired":true,"valueName":"search_term_string"}}],"inLanguage":"pt-BR"},{"@type":"Organization","@id":"https:\/\/portaldoestado.com.br\/#organization","name":"Portal do Estado","url":"https:\/\/portaldoestado.com.br\/","logo":{"@type":"ImageObject","inLanguage":"pt-BR","@id":"https:\/\/portaldoestado.com.br\/#\/schema\/logo\/image\/","url":"https:\/\/portaldoestado.com.br\/wp-content\/uploads\/2025\/04\/cropped-6f69b19a-6472-43bf-b1b3-e1910bbbd4e8.png","contentUrl":"https:\/\/portaldoestado.com.br\/wp-content\/uploads\/2025\/04\/cropped-6f69b19a-6472-43bf-b1b3-e1910bbbd4e8.png","width":1024,"height":350,"caption":"Portal do Estado"},"image":{"@id":"https:\/\/portaldoestado.com.br\/#\/schema\/logo\/image\/"}},{"@type":"Person","@id":"https:\/\/portaldoestado.com.br\/#\/schema\/person\/5ca0174f3c8c84b59da62ea14b698cb9","name":"assessoriadefamosos","image":{"@type":"ImageObject","inLanguage":"pt-BR","@id":"https:\/\/portaldoestado.com.br\/#\/schema\/person\/image\/","url":"https:\/\/secure.gravatar.com\/avatar\/a7acbdffcfbbae7240e59f47fe511ec5f5d8c252c779f0b8d9ab02a9e1d8c5ed?s=96&d=mm&r=g","contentUrl":"https:\/\/secure.gravatar.com\/avatar\/a7acbdffcfbbae7240e59f47fe511ec5f5d8c252c779f0b8d9ab02a9e1d8c5ed?s=96&d=mm&r=g","caption":"assessoriadefamosos"},"url":"https:\/\/portaldoestado.com.br\/index.php\/author\/assessoriadefamosos\/"}]}},"jetpack_featured_media_url":"https:\/\/portaldoestado.com.br\/wp-content\/uploads\/2026\/01\/manoel-carlos.jpg","_links":{"self":[{"href":"https:\/\/portaldoestado.com.br\/index.php\/wp-json\/wp\/v2\/posts\/5563","targetHints":{"allow":["GET"]}}],"collection":[{"href":"https:\/\/portaldoestado.com.br\/index.php\/wp-json\/wp\/v2\/posts"}],"about":[{"href":"https:\/\/portaldoestado.com.br\/index.php\/wp-json\/wp\/v2\/types\/post"}],"author":[{"embeddable":true,"href":"https:\/\/portaldoestado.com.br\/index.php\/wp-json\/wp\/v2\/users\/2"}],"replies":[{"embeddable":true,"href":"https:\/\/portaldoestado.com.br\/index.php\/wp-json\/wp\/v2\/comments?post=5563"}],"version-history":[{"count":1,"href":"https:\/\/portaldoestado.com.br\/index.php\/wp-json\/wp\/v2\/posts\/5563\/revisions"}],"predecessor-version":[{"id":5564,"href":"https:\/\/portaldoestado.com.br\/index.php\/wp-json\/wp\/v2\/posts\/5563\/revisions\/5564"}],"wp:featuredmedia":[{"embeddable":true,"href":"https:\/\/portaldoestado.com.br\/index.php\/wp-json\/wp\/v2\/media\/5562"}],"wp:attachment":[{"href":"https:\/\/portaldoestado.com.br\/index.php\/wp-json\/wp\/v2\/media?parent=5563"}],"wp:term":[{"taxonomy":"category","embeddable":true,"href":"https:\/\/portaldoestado.com.br\/index.php\/wp-json\/wp\/v2\/categories?post=5563"},{"taxonomy":"post_tag","embeddable":true,"href":"https:\/\/portaldoestado.com.br\/index.php\/wp-json\/wp\/v2\/tags?post=5563"}],"curies":[{"name":"wp","href":"https:\/\/api.w.org\/{rel}","templated":true}]}}