{"id":5560,"date":"2026-01-11T14:31:44","date_gmt":"2026-01-11T14:31:44","guid":{"rendered":"https:\/\/portaldoestado.com.br\/?p=5560"},"modified":"2026-01-11T14:31:44","modified_gmt":"2026-01-11T14:31:44","slug":"lucas-borbas-pede-respeito-e-silencio-apos-morte-de-isabel-veloso","status":"publish","type":"post","link":"https:\/\/portaldoestado.com.br\/index.php\/2026\/01\/11\/lucas-borbas-pede-respeito-e-silencio-apos-morte-de-isabel-veloso\/","title":{"rendered":"Lucas Borbas pede respeito e sil\u00eancio ap\u00f3s morte de Isabel Veloso"},"content":{"rendered":"\n<p>Enlutado pela morte de Isabel Veloso, Lucas Borbas usou as redes sociais neste s\u00e1bado (10\/1) para fazer um apelo por empatia e respeito. A influenciadora, que lutava contra um c\u00e2ncer em est\u00e1gio avan\u00e7ado, faleceu ap\u00f3s semanas de interna\u00e7\u00e3o, deixando o marido e o filho Arthur, de apenas um ano.<\/p>\n\n\n\n<p>Em um desabafo direto, Lucas pediu que o momento fosse marcado por cuidado e discri\u00e7\u00e3o, especialmente diante de manifesta\u00e7\u00f5es p\u00fablicas que, segundo ele, t\u00eam ampliado a dor da fam\u00edlia. \u201cA nossa dor j\u00e1 \u00e9 grande demais. Nem toda opini\u00e3o precisa ser dita, nem todo pensamento precisa ser exposto. O sil\u00eancio tamb\u00e9m \u00e9 uma forma de respeito. Respeitem a Isabel\u201d, escreveu.<\/p>\n\n\n\n<p>O pronunciamento ocorreu ap\u00f3s declara\u00e7\u00f5es de familiares que geraram repercuss\u00e3o nas redes sociais. O pai de Isabel, Joelson Veloso, levantou questionamentos sobre o atendimento m\u00e9dico recebido pela filha, sugerindo poss\u00edvel neglig\u00eancia. As falas dividiram opini\u00f5es e acirraram debates p\u00fablicos em torno do caso.<\/p>\n\n\n\n<p>Por outro lado, Renata Veloso, irm\u00e3 da influenciadora, se posicionou de forma diferente. Ela afirmou n\u00e3o acreditar em falhas no tratamento e destacou a complexidade dos procedimentos enfrentados por Isabel. Segundo Renata, a equipe m\u00e9dica demonstrou aten\u00e7\u00e3o e humanidade durante todo o per\u00edodo de interna\u00e7\u00e3o, merecendo respeito.<\/p>\n\n\n\n<p>Al\u00e9m disso, conflitos familiares anteriores vieram \u00e0 tona ap\u00f3s acusa\u00e7\u00f5es de viol\u00eancia psicol\u00f3gica envolvendo o pai de Isabel, o que tornou o cen\u00e1rio ainda mais sens\u00edvel.<\/p>\n\n\n\n<p>Em meio \u00e0 como\u00e7\u00e3o e \u00e0s controv\u00e9rsias, Lucas Borbas refor\u00e7ou o desejo de preservar a mem\u00f3ria da esposa e de atravessar o luto com dignidade, longe de julgamentos e exposi\u00e7\u00f5es desnecess\u00e1rias.<\/p>\n","protected":false},"excerpt":{"rendered":"<p>Enlutado pela morte de Isabel Veloso, Lucas Borbas usou as redes sociais neste s\u00e1bado (10\/1) para fazer um apelo por empatia e respeito. A influenciadora, que lutava contra um c\u00e2ncer em est\u00e1gio avan\u00e7ado, faleceu ap\u00f3s semanas de interna\u00e7\u00e3o, deixando o marido e o filho Arthur, de apenas um ano. Em um desabafo direto, Lucas pediu \u2026<\/p>\n","protected":false},"author":2,"featured_media":5559,"comment_status":"closed","ping_status":"open","sticky":false,"template":"","format":"standard","meta":{"footnotes":""},"categories":[3],"tags":[],"class_list":["post-5560","post","type-post","status-publish","format-standard","has-post-thumbnail","hentry","category-famosos"],"yoast_head":"<!-- This site is optimized with the Yoast SEO plugin v25.5 - https:\/\/yoast.com\/wordpress\/plugins\/seo\/ -->\n<title>Lucas Borbas pede respeito e sil\u00eancio ap\u00f3s morte de Isabel Veloso - Portal do Estado<\/title>\n<meta name=\"robots\" content=\"index, follow, max-snippet:-1, max-image-preview:large, max-video-preview:-1\" \/>\n<link rel=\"canonical\" href=\"https:\/\/portaldoestado.com.br\/index.php\/2026\/01\/11\/lucas-borbas-pede-respeito-e-silencio-apos-morte-de-isabel-veloso\/\" \/>\n<meta property=\"og:locale\" content=\"pt_BR\" \/>\n<meta property=\"og:type\" content=\"article\" \/>\n<meta property=\"og:title\" content=\"Lucas Borbas pede respeito e sil\u00eancio ap\u00f3s morte de Isabel Veloso - Portal do Estado\" \/>\n<meta property=\"og:description\" content=\"Enlutado pela morte de Isabel Veloso, Lucas Borbas usou as redes sociais neste s\u00e1bado (10\/1) para fazer um apelo por empatia e respeito. A influenciadora, que lutava contra um c\u00e2ncer em est\u00e1gio avan\u00e7ado, faleceu ap\u00f3s semanas de interna\u00e7\u00e3o, deixando o marido e o filho Arthur, de apenas um ano. Em um desabafo direto, Lucas pediu \u2026\" \/>\n<meta property=\"og:url\" content=\"https:\/\/portaldoestado.com.br\/index.php\/2026\/01\/11\/lucas-borbas-pede-respeito-e-silencio-apos-morte-de-isabel-veloso\/\" \/>\n<meta property=\"og:site_name\" content=\"Portal do Estado\" \/>\n<meta property=\"article:published_time\" content=\"2026-01-11T14:31:44+00:00\" \/>\n<meta property=\"og:image\" content=\"https:\/\/portaldoestado.com.br\/wp-content\/uploads\/2026\/01\/foto-marido-de-isabel-veloso-atualiza-estado-de-saude-de-influenciadora-entubada-na-uti.png\" \/>\n\t<meta property=\"og:image:width\" content=\"1200\" \/>\n\t<meta property=\"og:image:height\" content=\"900\" \/>\n\t<meta property=\"og:image:type\" content=\"image\/png\" \/>\n<meta name=\"author\" content=\"assessoriadefamosos\" \/>\n<meta name=\"twitter:card\" content=\"summary_large_image\" \/>\n<meta name=\"twitter:label1\" content=\"Escrito por\" \/>\n\t<meta name=\"twitter:data1\" content=\"assessoriadefamosos\" \/>\n\t<meta name=\"twitter:label2\" content=\"Est. tempo de leitura\" \/>\n\t<meta name=\"twitter:data2\" content=\"1 minuto\" \/>\n<script type=\"application\/ld+json\" class=\"yoast-schema-graph\">{\"@context\":\"https:\/\/schema.org\",\"@graph\":[{\"@type\":\"Article\",\"@id\":\"https:\/\/portaldoestado.com.br\/index.php\/2026\/01\/11\/lucas-borbas-pede-respeito-e-silencio-apos-morte-de-isabel-veloso\/#article\",\"isPartOf\":{\"@id\":\"https:\/\/portaldoestado.com.br\/index.php\/2026\/01\/11\/lucas-borbas-pede-respeito-e-silencio-apos-morte-de-isabel-veloso\/\"},\"author\":{\"name\":\"assessoriadefamosos\",\"@id\":\"https:\/\/portaldoestado.com.br\/#\/schema\/person\/5ca0174f3c8c84b59da62ea14b698cb9\"},\"headline\":\"Lucas Borbas pede respeito e sil\u00eancio ap\u00f3s morte de Isabel Veloso\",\"datePublished\":\"2026-01-11T14:31:44+00:00\",\"mainEntityOfPage\":{\"@id\":\"https:\/\/portaldoestado.com.br\/index.php\/2026\/01\/11\/lucas-borbas-pede-respeito-e-silencio-apos-morte-de-isabel-veloso\/\"},\"wordCount\":304,\"publisher\":{\"@id\":\"https:\/\/portaldoestado.com.br\/#organization\"},\"image\":{\"@id\":\"https:\/\/portaldoestado.com.br\/index.php\/2026\/01\/11\/lucas-borbas-pede-respeito-e-silencio-apos-morte-de-isabel-veloso\/#primaryimage\"},\"thumbnailUrl\":\"https:\/\/portaldoestado.com.br\/wp-content\/uploads\/2026\/01\/foto-marido-de-isabel-veloso-atualiza-estado-de-saude-de-influenciadora-entubada-na-uti.png\",\"articleSection\":[\"Famosos\"],\"inLanguage\":\"pt-BR\"},{\"@type\":\"WebPage\",\"@id\":\"https:\/\/portaldoestado.com.br\/index.php\/2026\/01\/11\/lucas-borbas-pede-respeito-e-silencio-apos-morte-de-isabel-veloso\/\",\"url\":\"https:\/\/portaldoestado.com.br\/index.php\/2026\/01\/11\/lucas-borbas-pede-respeito-e-silencio-apos-morte-de-isabel-veloso\/\",\"name\":\"Lucas Borbas pede respeito e sil\u00eancio ap\u00f3s morte de Isabel Veloso - Portal do Estado\",\"isPartOf\":{\"@id\":\"https:\/\/portaldoestado.com.br\/#website\"},\"primaryImageOfPage\":{\"@id\":\"https:\/\/portaldoestado.com.br\/index.php\/2026\/01\/11\/lucas-borbas-pede-respeito-e-silencio-apos-morte-de-isabel-veloso\/#primaryimage\"},\"image\":{\"@id\":\"https:\/\/portaldoestado.com.br\/index.php\/2026\/01\/11\/lucas-borbas-pede-respeito-e-silencio-apos-morte-de-isabel-veloso\/#primaryimage\"},\"thumbnailUrl\":\"https:\/\/portaldoestado.com.br\/wp-content\/uploads\/2026\/01\/foto-marido-de-isabel-veloso-atualiza-estado-de-saude-de-influenciadora-entubada-na-uti.png\",\"datePublished\":\"2026-01-11T14:31:44+00:00\",\"breadcrumb\":{\"@id\":\"https:\/\/portaldoestado.com.br\/index.php\/2026\/01\/11\/lucas-borbas-pede-respeito-e-silencio-apos-morte-de-isabel-veloso\/#breadcrumb\"},\"inLanguage\":\"pt-BR\",\"potentialAction\":[{\"@type\":\"ReadAction\",\"target\":[\"https:\/\/portaldoestado.com.br\/index.php\/2026\/01\/11\/lucas-borbas-pede-respeito-e-silencio-apos-morte-de-isabel-veloso\/\"]}]},{\"@type\":\"ImageObject\",\"inLanguage\":\"pt-BR\",\"@id\":\"https:\/\/portaldoestado.com.br\/index.php\/2026\/01\/11\/lucas-borbas-pede-respeito-e-silencio-apos-morte-de-isabel-veloso\/#primaryimage\",\"url\":\"https:\/\/portaldoestado.com.br\/wp-content\/uploads\/2026\/01\/foto-marido-de-isabel-veloso-atualiza-estado-de-saude-de-influenciadora-entubada-na-uti.png\",\"contentUrl\":\"https:\/\/portaldoestado.com.br\/wp-content\/uploads\/2026\/01\/foto-marido-de-isabel-veloso-atualiza-estado-de-saude-de-influenciadora-entubada-na-uti.png\",\"width\":1200,\"height\":900},{\"@type\":\"BreadcrumbList\",\"@id\":\"https:\/\/portaldoestado.com.br\/index.php\/2026\/01\/11\/lucas-borbas-pede-respeito-e-silencio-apos-morte-de-isabel-veloso\/#breadcrumb\",\"itemListElement\":[{\"@type\":\"ListItem\",\"position\":1,\"name\":\"In\u00edcio\",\"item\":\"https:\/\/portaldoestado.com.br\/\"},{\"@type\":\"ListItem\",\"position\":2,\"name\":\"Lucas Borbas pede respeito e sil\u00eancio ap\u00f3s morte de Isabel Veloso\"}]},{\"@type\":\"WebSite\",\"@id\":\"https:\/\/portaldoestado.com.br\/#website\",\"url\":\"https:\/\/portaldoestado.com.br\/\",\"name\":\"Portal do Estado\",\"description\":\"\",\"publisher\":{\"@id\":\"https:\/\/portaldoestado.com.br\/#organization\"},\"potentialAction\":[{\"@type\":\"SearchAction\",\"target\":{\"@type\":\"EntryPoint\",\"urlTemplate\":\"https:\/\/portaldoestado.com.br\/?s={search_term_string}\"},\"query-input\":{\"@type\":\"PropertyValueSpecification\",\"valueRequired\":true,\"valueName\":\"search_term_string\"}}],\"inLanguage\":\"pt-BR\"},{\"@type\":\"Organization\",\"@id\":\"https:\/\/portaldoestado.com.br\/#organization\",\"name\":\"Portal do Estado\",\"url\":\"https:\/\/portaldoestado.com.br\/\",\"logo\":{\"@type\":\"ImageObject\",\"inLanguage\":\"pt-BR\",\"@id\":\"https:\/\/portaldoestado.com.br\/#\/schema\/logo\/image\/\",\"url\":\"https:\/\/portaldoestado.com.br\/wp-content\/uploads\/2025\/04\/cropped-6f69b19a-6472-43bf-b1b3-e1910bbbd4e8.png\",\"contentUrl\":\"https:\/\/portaldoestado.com.br\/wp-content\/uploads\/2025\/04\/cropped-6f69b19a-6472-43bf-b1b3-e1910bbbd4e8.png\",\"width\":1024,\"height\":350,\"caption\":\"Portal do Estado\"},\"image\":{\"@id\":\"https:\/\/portaldoestado.com.br\/#\/schema\/logo\/image\/\"}},{\"@type\":\"Person\",\"@id\":\"https:\/\/portaldoestado.com.br\/#\/schema\/person\/5ca0174f3c8c84b59da62ea14b698cb9\",\"name\":\"assessoriadefamosos\",\"image\":{\"@type\":\"ImageObject\",\"inLanguage\":\"pt-BR\",\"@id\":\"https:\/\/portaldoestado.com.br\/#\/schema\/person\/image\/\",\"url\":\"https:\/\/secure.gravatar.com\/avatar\/a7acbdffcfbbae7240e59f47fe511ec5f5d8c252c779f0b8d9ab02a9e1d8c5ed?s=96&d=mm&r=g\",\"contentUrl\":\"https:\/\/secure.gravatar.com\/avatar\/a7acbdffcfbbae7240e59f47fe511ec5f5d8c252c779f0b8d9ab02a9e1d8c5ed?s=96&d=mm&r=g\",\"caption\":\"assessoriadefamosos\"},\"url\":\"https:\/\/portaldoestado.com.br\/index.php\/author\/assessoriadefamosos\/\"}]}<\/script>\n<!-- \/ Yoast SEO plugin. -->","yoast_head_json":{"title":"Lucas Borbas pede respeito e sil\u00eancio ap\u00f3s morte de Isabel Veloso - Portal do Estado","robots":{"index":"index","follow":"follow","max-snippet":"max-snippet:-1","max-image-preview":"max-image-preview:large","max-video-preview":"max-video-preview:-1"},"canonical":"https:\/\/portaldoestado.com.br\/index.php\/2026\/01\/11\/lucas-borbas-pede-respeito-e-silencio-apos-morte-de-isabel-veloso\/","og_locale":"pt_BR","og_type":"article","og_title":"Lucas Borbas pede respeito e sil\u00eancio ap\u00f3s morte de Isabel Veloso - Portal do Estado","og_description":"Enlutado pela morte de Isabel Veloso, Lucas Borbas usou as redes sociais neste s\u00e1bado (10\/1) para fazer um apelo por empatia e respeito. A influenciadora, que lutava contra um c\u00e2ncer em est\u00e1gio avan\u00e7ado, faleceu ap\u00f3s semanas de interna\u00e7\u00e3o, deixando o marido e o filho Arthur, de apenas um ano. Em um desabafo direto, Lucas pediu \u2026","og_url":"https:\/\/portaldoestado.com.br\/index.php\/2026\/01\/11\/lucas-borbas-pede-respeito-e-silencio-apos-morte-de-isabel-veloso\/","og_site_name":"Portal do Estado","article_published_time":"2026-01-11T14:31:44+00:00","og_image":[{"width":1200,"height":900,"url":"https:\/\/portaldoestado.com.br\/wp-content\/uploads\/2026\/01\/foto-marido-de-isabel-veloso-atualiza-estado-de-saude-de-influenciadora-entubada-na-uti.png","type":"image\/png"}],"author":"assessoriadefamosos","twitter_card":"summary_large_image","twitter_misc":{"Escrito por":"assessoriadefamosos","Est. tempo de leitura":"1 minuto"},"schema":{"@context":"https:\/\/schema.org","@graph":[{"@type":"Article","@id":"https:\/\/portaldoestado.com.br\/index.php\/2026\/01\/11\/lucas-borbas-pede-respeito-e-silencio-apos-morte-de-isabel-veloso\/#article","isPartOf":{"@id":"https:\/\/portaldoestado.com.br\/index.php\/2026\/01\/11\/lucas-borbas-pede-respeito-e-silencio-apos-morte-de-isabel-veloso\/"},"author":{"name":"assessoriadefamosos","@id":"https:\/\/portaldoestado.com.br\/#\/schema\/person\/5ca0174f3c8c84b59da62ea14b698cb9"},"headline":"Lucas Borbas pede respeito e sil\u00eancio ap\u00f3s morte de Isabel Veloso","datePublished":"2026-01-11T14:31:44+00:00","mainEntityOfPage":{"@id":"https:\/\/portaldoestado.com.br\/index.php\/2026\/01\/11\/lucas-borbas-pede-respeito-e-silencio-apos-morte-de-isabel-veloso\/"},"wordCount":304,"publisher":{"@id":"https:\/\/portaldoestado.com.br\/#organization"},"image":{"@id":"https:\/\/portaldoestado.com.br\/index.php\/2026\/01\/11\/lucas-borbas-pede-respeito-e-silencio-apos-morte-de-isabel-veloso\/#primaryimage"},"thumbnailUrl":"https:\/\/portaldoestado.com.br\/wp-content\/uploads\/2026\/01\/foto-marido-de-isabel-veloso-atualiza-estado-de-saude-de-influenciadora-entubada-na-uti.png","articleSection":["Famosos"],"inLanguage":"pt-BR"},{"@type":"WebPage","@id":"https:\/\/portaldoestado.com.br\/index.php\/2026\/01\/11\/lucas-borbas-pede-respeito-e-silencio-apos-morte-de-isabel-veloso\/","url":"https:\/\/portaldoestado.com.br\/index.php\/2026\/01\/11\/lucas-borbas-pede-respeito-e-silencio-apos-morte-de-isabel-veloso\/","name":"Lucas Borbas pede respeito e sil\u00eancio ap\u00f3s morte de Isabel Veloso - Portal do Estado","isPartOf":{"@id":"https:\/\/portaldoestado.com.br\/#website"},"primaryImageOfPage":{"@id":"https:\/\/portaldoestado.com.br\/index.php\/2026\/01\/11\/lucas-borbas-pede-respeito-e-silencio-apos-morte-de-isabel-veloso\/#primaryimage"},"image":{"@id":"https:\/\/portaldoestado.com.br\/index.php\/2026\/01\/11\/lucas-borbas-pede-respeito-e-silencio-apos-morte-de-isabel-veloso\/#primaryimage"},"thumbnailUrl":"https:\/\/portaldoestado.com.br\/wp-content\/uploads\/2026\/01\/foto-marido-de-isabel-veloso-atualiza-estado-de-saude-de-influenciadora-entubada-na-uti.png","datePublished":"2026-01-11T14:31:44+00:00","breadcrumb":{"@id":"https:\/\/portaldoestado.com.br\/index.php\/2026\/01\/11\/lucas-borbas-pede-respeito-e-silencio-apos-morte-de-isabel-veloso\/#breadcrumb"},"inLanguage":"pt-BR","potentialAction":[{"@type":"ReadAction","target":["https:\/\/portaldoestado.com.br\/index.php\/2026\/01\/11\/lucas-borbas-pede-respeito-e-silencio-apos-morte-de-isabel-veloso\/"]}]},{"@type":"ImageObject","inLanguage":"pt-BR","@id":"https:\/\/portaldoestado.com.br\/index.php\/2026\/01\/11\/lucas-borbas-pede-respeito-e-silencio-apos-morte-de-isabel-veloso\/#primaryimage","url":"https:\/\/portaldoestado.com.br\/wp-content\/uploads\/2026\/01\/foto-marido-de-isabel-veloso-atualiza-estado-de-saude-de-influenciadora-entubada-na-uti.png","contentUrl":"https:\/\/portaldoestado.com.br\/wp-content\/uploads\/2026\/01\/foto-marido-de-isabel-veloso-atualiza-estado-de-saude-de-influenciadora-entubada-na-uti.png","width":1200,"height":900},{"@type":"BreadcrumbList","@id":"https:\/\/portaldoestado.com.br\/index.php\/2026\/01\/11\/lucas-borbas-pede-respeito-e-silencio-apos-morte-de-isabel-veloso\/#breadcrumb","itemListElement":[{"@type":"ListItem","position":1,"name":"In\u00edcio","item":"https:\/\/portaldoestado.com.br\/"},{"@type":"ListItem","position":2,"name":"Lucas Borbas pede respeito e sil\u00eancio ap\u00f3s morte de Isabel Veloso"}]},{"@type":"WebSite","@id":"https:\/\/portaldoestado.com.br\/#website","url":"https:\/\/portaldoestado.com.br\/","name":"Portal do Estado","description":"","publisher":{"@id":"https:\/\/portaldoestado.com.br\/#organization"},"potentialAction":[{"@type":"SearchAction","target":{"@type":"EntryPoint","urlTemplate":"https:\/\/portaldoestado.com.br\/?s={search_term_string}"},"query-input":{"@type":"PropertyValueSpecification","valueRequired":true,"valueName":"search_term_string"}}],"inLanguage":"pt-BR"},{"@type":"Organization","@id":"https:\/\/portaldoestado.com.br\/#organization","name":"Portal do Estado","url":"https:\/\/portaldoestado.com.br\/","logo":{"@type":"ImageObject","inLanguage":"pt-BR","@id":"https:\/\/portaldoestado.com.br\/#\/schema\/logo\/image\/","url":"https:\/\/portaldoestado.com.br\/wp-content\/uploads\/2025\/04\/cropped-6f69b19a-6472-43bf-b1b3-e1910bbbd4e8.png","contentUrl":"https:\/\/portaldoestado.com.br\/wp-content\/uploads\/2025\/04\/cropped-6f69b19a-6472-43bf-b1b3-e1910bbbd4e8.png","width":1024,"height":350,"caption":"Portal do Estado"},"image":{"@id":"https:\/\/portaldoestado.com.br\/#\/schema\/logo\/image\/"}},{"@type":"Person","@id":"https:\/\/portaldoestado.com.br\/#\/schema\/person\/5ca0174f3c8c84b59da62ea14b698cb9","name":"assessoriadefamosos","image":{"@type":"ImageObject","inLanguage":"pt-BR","@id":"https:\/\/portaldoestado.com.br\/#\/schema\/person\/image\/","url":"https:\/\/secure.gravatar.com\/avatar\/a7acbdffcfbbae7240e59f47fe511ec5f5d8c252c779f0b8d9ab02a9e1d8c5ed?s=96&d=mm&r=g","contentUrl":"https:\/\/secure.gravatar.com\/avatar\/a7acbdffcfbbae7240e59f47fe511ec5f5d8c252c779f0b8d9ab02a9e1d8c5ed?s=96&d=mm&r=g","caption":"assessoriadefamosos"},"url":"https:\/\/portaldoestado.com.br\/index.php\/author\/assessoriadefamosos\/"}]}},"jetpack_featured_media_url":"https:\/\/portaldoestado.com.br\/wp-content\/uploads\/2026\/01\/foto-marido-de-isabel-veloso-atualiza-estado-de-saude-de-influenciadora-entubada-na-uti.png","_links":{"self":[{"href":"https:\/\/portaldoestado.com.br\/index.php\/wp-json\/wp\/v2\/posts\/5560","targetHints":{"allow":["GET"]}}],"collection":[{"href":"https:\/\/portaldoestado.com.br\/index.php\/wp-json\/wp\/v2\/posts"}],"about":[{"href":"https:\/\/portaldoestado.com.br\/index.php\/wp-json\/wp\/v2\/types\/post"}],"author":[{"embeddable":true,"href":"https:\/\/portaldoestado.com.br\/index.php\/wp-json\/wp\/v2\/users\/2"}],"replies":[{"embeddable":true,"href":"https:\/\/portaldoestado.com.br\/index.php\/wp-json\/wp\/v2\/comments?post=5560"}],"version-history":[{"count":1,"href":"https:\/\/portaldoestado.com.br\/index.php\/wp-json\/wp\/v2\/posts\/5560\/revisions"}],"predecessor-version":[{"id":5561,"href":"https:\/\/portaldoestado.com.br\/index.php\/wp-json\/wp\/v2\/posts\/5560\/revisions\/5561"}],"wp:featuredmedia":[{"embeddable":true,"href":"https:\/\/portaldoestado.com.br\/index.php\/wp-json\/wp\/v2\/media\/5559"}],"wp:attachment":[{"href":"https:\/\/portaldoestado.com.br\/index.php\/wp-json\/wp\/v2\/media?parent=5560"}],"wp:term":[{"taxonomy":"category","embeddable":true,"href":"https:\/\/portaldoestado.com.br\/index.php\/wp-json\/wp\/v2\/categories?post=5560"},{"taxonomy":"post_tag","embeddable":true,"href":"https:\/\/portaldoestado.com.br\/index.php\/wp-json\/wp\/v2\/tags?post=5560"}],"curies":[{"name":"wp","href":"https:\/\/api.w.org\/{rel}","templated":true}]}}