{"id":5557,"date":"2026-01-11T14:26:28","date_gmt":"2026-01-11T14:26:28","guid":{"rendered":"https:\/\/portaldoestado.com.br\/?p=5557"},"modified":"2026-01-11T14:26:28","modified_gmt":"2026-01-11T14:26:28","slug":"can-yaman-e-detido-em-operacao-policial-contra-drogas-em-istambul","status":"publish","type":"post","link":"https:\/\/portaldoestado.com.br\/index.php\/2026\/01\/11\/can-yaman-e-detido-em-operacao-policial-contra-drogas-em-istambul\/","title":{"rendered":"Can Yaman \u00e9 detido em opera\u00e7\u00e3o policial contra drogas em Istambul"},"content":{"rendered":"\n<p>Conhecido no Brasil como um dos principais nomes das novelas turcas, Can Yaman esteve no centro de uma opera\u00e7\u00e3o policial realizada na madrugada deste s\u00e1bado (10\/1), em Istambul. O ator foi detido durante uma a\u00e7\u00e3o das autoridades locais voltada ao combate ao consumo e ao tr\u00e1fico de drogas em estabelecimentos noturnos da cidade.<\/p>\n\n\n\n<p>De acordo com informa\u00e7\u00f5es divulgadas pela imprensa turca, Can Yaman foi conduzido para prestar depoimento e passou por exames toxicol\u00f3gicos, etapa considerada de rotina dentro do procedimento adotado pela pol\u00edcia. Ap\u00f3s a conclus\u00e3o dos protocolos, o artista foi liberado por decis\u00e3o da promotoria, sem pris\u00e3o preventiva. A investiga\u00e7\u00e3o, no entanto, segue em curso.<\/p>\n\n\n\n<p>A opera\u00e7\u00e3o faz parte de uma ofensiva iniciada no come\u00e7o do ano e teve como alvo nove boates da capital turca, ap\u00f3s den\u00fancias relacionadas ao uso de entorpecentes por frequentadores. Al\u00e9m de Can Yaman, a atriz Selen Gorguzel e outras cinco pessoas tamb\u00e9m foram levadas para esclarecimentos.<\/p>\n\n\n\n<p>O caso est\u00e1 sob responsabilidade da Divis\u00e3o de Investiga\u00e7\u00e3o de Contrabando, Narc\u00f3ticos e Crimes Econ\u00f4micos da Procuradoria-Geral de Istambul. As apura\u00e7\u00f5es incluem suspeitas de posse de drogas para consumo pessoal, facilita\u00e7\u00e3o do uso de subst\u00e2ncias il\u00edcitas e outros poss\u00edveis delitos ligados \u00e0 vida noturna.<\/p>\n\n\n\n<p>At\u00e9 o momento, nem o ator nem sua equipe jur\u00eddica se manifestaram publicamente sobre o epis\u00f3dio.<\/p>\n\n\n\n<p>Com forte presen\u00e7a no Brasil, Can Yaman mant\u00e9m uma legi\u00e3o de f\u00e3s no pa\u00eds. Em mar\u00e7o do ano passado, o ator causou tumulto ao desembarcar por aqui para divulgar a s\u00e9rie <em>El Turco<\/em>. A visita reuniu multid\u00f5es em aeroportos e eventos, confirmando o alcance de sua popularidade entre o p\u00fablico brasileiro.<\/p>\n\n\n\n<p>Na ocasi\u00e3o, o artista falou sobre os desafios do papel e comentou, de forma bem-humorada, o carinho intenso dos f\u00e3s, afirmando que encara a recep\u00e7\u00e3o calorosa como parte especial de sua rela\u00e7\u00e3o com o Brasil.<\/p>\n","protected":false},"excerpt":{"rendered":"<p>Conhecido no Brasil como um dos principais nomes das novelas turcas, Can Yaman esteve no centro de uma opera\u00e7\u00e3o policial realizada na madrugada deste s\u00e1bado (10\/1), em Istambul. O ator foi detido durante uma a\u00e7\u00e3o das autoridades locais voltada ao combate ao consumo e ao tr\u00e1fico de drogas em estabelecimentos noturnos da cidade. De acordo \u2026<\/p>\n","protected":false},"author":2,"featured_media":5556,"comment_status":"closed","ping_status":"open","sticky":false,"template":"","format":"standard","meta":{"footnotes":""},"categories":[3],"tags":[],"class_list":["post-5557","post","type-post","status-publish","format-standard","has-post-thumbnail","hentry","category-famosos"],"yoast_head":"<!-- This site is optimized with the Yoast SEO plugin v25.5 - https:\/\/yoast.com\/wordpress\/plugins\/seo\/ -->\n<title>Can Yaman \u00e9 detido em opera\u00e7\u00e3o policial contra drogas em Istambul - Portal do Estado<\/title>\n<meta name=\"robots\" content=\"index, follow, max-snippet:-1, max-image-preview:large, max-video-preview:-1\" \/>\n<link rel=\"canonical\" href=\"https:\/\/portaldoestado.com.br\/index.php\/2026\/01\/11\/can-yaman-e-detido-em-operacao-policial-contra-drogas-em-istambul\/\" \/>\n<meta property=\"og:locale\" content=\"pt_BR\" \/>\n<meta property=\"og:type\" content=\"article\" \/>\n<meta property=\"og:title\" content=\"Can Yaman \u00e9 detido em opera\u00e7\u00e3o policial contra drogas em Istambul - Portal do Estado\" \/>\n<meta property=\"og:description\" content=\"Conhecido no Brasil como um dos principais nomes das novelas turcas, Can Yaman esteve no centro de uma opera\u00e7\u00e3o policial realizada na madrugada deste s\u00e1bado (10\/1), em Istambul. O ator foi detido durante uma a\u00e7\u00e3o das autoridades locais voltada ao combate ao consumo e ao tr\u00e1fico de drogas em estabelecimentos noturnos da cidade. De acordo \u2026\" \/>\n<meta property=\"og:url\" content=\"https:\/\/portaldoestado.com.br\/index.php\/2026\/01\/11\/can-yaman-e-detido-em-operacao-policial-contra-drogas-em-istambul\/\" \/>\n<meta property=\"og:site_name\" content=\"Portal do Estado\" \/>\n<meta property=\"article:published_time\" content=\"2026-01-11T14:26:28+00:00\" \/>\n<meta property=\"og:image\" content=\"https:\/\/portaldoestado.com.br\/wp-content\/uploads\/2026\/01\/UXujRsbK-tamanho-portal-7.jpg\" \/>\n\t<meta property=\"og:image:width\" content=\"1200\" \/>\n\t<meta property=\"og:image:height\" content=\"900\" \/>\n\t<meta property=\"og:image:type\" content=\"image\/jpeg\" \/>\n<meta name=\"author\" content=\"assessoriadefamosos\" \/>\n<meta name=\"twitter:card\" content=\"summary_large_image\" \/>\n<meta name=\"twitter:label1\" content=\"Escrito por\" \/>\n\t<meta name=\"twitter:data1\" content=\"assessoriadefamosos\" \/>\n\t<meta name=\"twitter:label2\" content=\"Est. tempo de leitura\" \/>\n\t<meta name=\"twitter:data2\" content=\"2 minutos\" \/>\n<script type=\"application\/ld+json\" class=\"yoast-schema-graph\">{\"@context\":\"https:\/\/schema.org\",\"@graph\":[{\"@type\":\"Article\",\"@id\":\"https:\/\/portaldoestado.com.br\/index.php\/2026\/01\/11\/can-yaman-e-detido-em-operacao-policial-contra-drogas-em-istambul\/#article\",\"isPartOf\":{\"@id\":\"https:\/\/portaldoestado.com.br\/index.php\/2026\/01\/11\/can-yaman-e-detido-em-operacao-policial-contra-drogas-em-istambul\/\"},\"author\":{\"name\":\"assessoriadefamosos\",\"@id\":\"https:\/\/portaldoestado.com.br\/#\/schema\/person\/5ca0174f3c8c84b59da62ea14b698cb9\"},\"headline\":\"Can Yaman \u00e9 detido em opera\u00e7\u00e3o policial contra drogas em Istambul\",\"datePublished\":\"2026-01-11T14:26:28+00:00\",\"mainEntityOfPage\":{\"@id\":\"https:\/\/portaldoestado.com.br\/index.php\/2026\/01\/11\/can-yaman-e-detido-em-operacao-policial-contra-drogas-em-istambul\/\"},\"wordCount\":350,\"publisher\":{\"@id\":\"https:\/\/portaldoestado.com.br\/#organization\"},\"image\":{\"@id\":\"https:\/\/portaldoestado.com.br\/index.php\/2026\/01\/11\/can-yaman-e-detido-em-operacao-policial-contra-drogas-em-istambul\/#primaryimage\"},\"thumbnailUrl\":\"https:\/\/portaldoestado.com.br\/wp-content\/uploads\/2026\/01\/UXujRsbK-tamanho-portal-7.jpg\",\"articleSection\":[\"Famosos\"],\"inLanguage\":\"pt-BR\"},{\"@type\":\"WebPage\",\"@id\":\"https:\/\/portaldoestado.com.br\/index.php\/2026\/01\/11\/can-yaman-e-detido-em-operacao-policial-contra-drogas-em-istambul\/\",\"url\":\"https:\/\/portaldoestado.com.br\/index.php\/2026\/01\/11\/can-yaman-e-detido-em-operacao-policial-contra-drogas-em-istambul\/\",\"name\":\"Can Yaman \u00e9 detido em opera\u00e7\u00e3o policial contra drogas em Istambul - Portal do Estado\",\"isPartOf\":{\"@id\":\"https:\/\/portaldoestado.com.br\/#website\"},\"primaryImageOfPage\":{\"@id\":\"https:\/\/portaldoestado.com.br\/index.php\/2026\/01\/11\/can-yaman-e-detido-em-operacao-policial-contra-drogas-em-istambul\/#primaryimage\"},\"image\":{\"@id\":\"https:\/\/portaldoestado.com.br\/index.php\/2026\/01\/11\/can-yaman-e-detido-em-operacao-policial-contra-drogas-em-istambul\/#primaryimage\"},\"thumbnailUrl\":\"https:\/\/portaldoestado.com.br\/wp-content\/uploads\/2026\/01\/UXujRsbK-tamanho-portal-7.jpg\",\"datePublished\":\"2026-01-11T14:26:28+00:00\",\"breadcrumb\":{\"@id\":\"https:\/\/portaldoestado.com.br\/index.php\/2026\/01\/11\/can-yaman-e-detido-em-operacao-policial-contra-drogas-em-istambul\/#breadcrumb\"},\"inLanguage\":\"pt-BR\",\"potentialAction\":[{\"@type\":\"ReadAction\",\"target\":[\"https:\/\/portaldoestado.com.br\/index.php\/2026\/01\/11\/can-yaman-e-detido-em-operacao-policial-contra-drogas-em-istambul\/\"]}]},{\"@type\":\"ImageObject\",\"inLanguage\":\"pt-BR\",\"@id\":\"https:\/\/portaldoestado.com.br\/index.php\/2026\/01\/11\/can-yaman-e-detido-em-operacao-policial-contra-drogas-em-istambul\/#primaryimage\",\"url\":\"https:\/\/portaldoestado.com.br\/wp-content\/uploads\/2026\/01\/UXujRsbK-tamanho-portal-7.jpg\",\"contentUrl\":\"https:\/\/portaldoestado.com.br\/wp-content\/uploads\/2026\/01\/UXujRsbK-tamanho-portal-7.jpg\",\"width\":1200,\"height\":900},{\"@type\":\"BreadcrumbList\",\"@id\":\"https:\/\/portaldoestado.com.br\/index.php\/2026\/01\/11\/can-yaman-e-detido-em-operacao-policial-contra-drogas-em-istambul\/#breadcrumb\",\"itemListElement\":[{\"@type\":\"ListItem\",\"position\":1,\"name\":\"In\u00edcio\",\"item\":\"https:\/\/portaldoestado.com.br\/\"},{\"@type\":\"ListItem\",\"position\":2,\"name\":\"Can Yaman \u00e9 detido em opera\u00e7\u00e3o policial contra drogas em Istambul\"}]},{\"@type\":\"WebSite\",\"@id\":\"https:\/\/portaldoestado.com.br\/#website\",\"url\":\"https:\/\/portaldoestado.com.br\/\",\"name\":\"Portal do Estado\",\"description\":\"\",\"publisher\":{\"@id\":\"https:\/\/portaldoestado.com.br\/#organization\"},\"potentialAction\":[{\"@type\":\"SearchAction\",\"target\":{\"@type\":\"EntryPoint\",\"urlTemplate\":\"https:\/\/portaldoestado.com.br\/?s={search_term_string}\"},\"query-input\":{\"@type\":\"PropertyValueSpecification\",\"valueRequired\":true,\"valueName\":\"search_term_string\"}}],\"inLanguage\":\"pt-BR\"},{\"@type\":\"Organization\",\"@id\":\"https:\/\/portaldoestado.com.br\/#organization\",\"name\":\"Portal do Estado\",\"url\":\"https:\/\/portaldoestado.com.br\/\",\"logo\":{\"@type\":\"ImageObject\",\"inLanguage\":\"pt-BR\",\"@id\":\"https:\/\/portaldoestado.com.br\/#\/schema\/logo\/image\/\",\"url\":\"https:\/\/portaldoestado.com.br\/wp-content\/uploads\/2025\/04\/cropped-6f69b19a-6472-43bf-b1b3-e1910bbbd4e8.png\",\"contentUrl\":\"https:\/\/portaldoestado.com.br\/wp-content\/uploads\/2025\/04\/cropped-6f69b19a-6472-43bf-b1b3-e1910bbbd4e8.png\",\"width\":1024,\"height\":350,\"caption\":\"Portal do Estado\"},\"image\":{\"@id\":\"https:\/\/portaldoestado.com.br\/#\/schema\/logo\/image\/\"}},{\"@type\":\"Person\",\"@id\":\"https:\/\/portaldoestado.com.br\/#\/schema\/person\/5ca0174f3c8c84b59da62ea14b698cb9\",\"name\":\"assessoriadefamosos\",\"image\":{\"@type\":\"ImageObject\",\"inLanguage\":\"pt-BR\",\"@id\":\"https:\/\/portaldoestado.com.br\/#\/schema\/person\/image\/\",\"url\":\"https:\/\/secure.gravatar.com\/avatar\/a7acbdffcfbbae7240e59f47fe511ec5f5d8c252c779f0b8d9ab02a9e1d8c5ed?s=96&d=mm&r=g\",\"contentUrl\":\"https:\/\/secure.gravatar.com\/avatar\/a7acbdffcfbbae7240e59f47fe511ec5f5d8c252c779f0b8d9ab02a9e1d8c5ed?s=96&d=mm&r=g\",\"caption\":\"assessoriadefamosos\"},\"url\":\"https:\/\/portaldoestado.com.br\/index.php\/author\/assessoriadefamosos\/\"}]}<\/script>\n<!-- \/ Yoast SEO plugin. -->","yoast_head_json":{"title":"Can Yaman \u00e9 detido em opera\u00e7\u00e3o policial contra drogas em Istambul - Portal do Estado","robots":{"index":"index","follow":"follow","max-snippet":"max-snippet:-1","max-image-preview":"max-image-preview:large","max-video-preview":"max-video-preview:-1"},"canonical":"https:\/\/portaldoestado.com.br\/index.php\/2026\/01\/11\/can-yaman-e-detido-em-operacao-policial-contra-drogas-em-istambul\/","og_locale":"pt_BR","og_type":"article","og_title":"Can Yaman \u00e9 detido em opera\u00e7\u00e3o policial contra drogas em Istambul - Portal do Estado","og_description":"Conhecido no Brasil como um dos principais nomes das novelas turcas, Can Yaman esteve no centro de uma opera\u00e7\u00e3o policial realizada na madrugada deste s\u00e1bado (10\/1), em Istambul. O ator foi detido durante uma a\u00e7\u00e3o das autoridades locais voltada ao combate ao consumo e ao tr\u00e1fico de drogas em estabelecimentos noturnos da cidade. De acordo \u2026","og_url":"https:\/\/portaldoestado.com.br\/index.php\/2026\/01\/11\/can-yaman-e-detido-em-operacao-policial-contra-drogas-em-istambul\/","og_site_name":"Portal do Estado","article_published_time":"2026-01-11T14:26:28+00:00","og_image":[{"width":1200,"height":900,"url":"https:\/\/portaldoestado.com.br\/wp-content\/uploads\/2026\/01\/UXujRsbK-tamanho-portal-7.jpg","type":"image\/jpeg"}],"author":"assessoriadefamosos","twitter_card":"summary_large_image","twitter_misc":{"Escrito por":"assessoriadefamosos","Est. tempo de leitura":"2 minutos"},"schema":{"@context":"https:\/\/schema.org","@graph":[{"@type":"Article","@id":"https:\/\/portaldoestado.com.br\/index.php\/2026\/01\/11\/can-yaman-e-detido-em-operacao-policial-contra-drogas-em-istambul\/#article","isPartOf":{"@id":"https:\/\/portaldoestado.com.br\/index.php\/2026\/01\/11\/can-yaman-e-detido-em-operacao-policial-contra-drogas-em-istambul\/"},"author":{"name":"assessoriadefamosos","@id":"https:\/\/portaldoestado.com.br\/#\/schema\/person\/5ca0174f3c8c84b59da62ea14b698cb9"},"headline":"Can Yaman \u00e9 detido em opera\u00e7\u00e3o policial contra drogas em Istambul","datePublished":"2026-01-11T14:26:28+00:00","mainEntityOfPage":{"@id":"https:\/\/portaldoestado.com.br\/index.php\/2026\/01\/11\/can-yaman-e-detido-em-operacao-policial-contra-drogas-em-istambul\/"},"wordCount":350,"publisher":{"@id":"https:\/\/portaldoestado.com.br\/#organization"},"image":{"@id":"https:\/\/portaldoestado.com.br\/index.php\/2026\/01\/11\/can-yaman-e-detido-em-operacao-policial-contra-drogas-em-istambul\/#primaryimage"},"thumbnailUrl":"https:\/\/portaldoestado.com.br\/wp-content\/uploads\/2026\/01\/UXujRsbK-tamanho-portal-7.jpg","articleSection":["Famosos"],"inLanguage":"pt-BR"},{"@type":"WebPage","@id":"https:\/\/portaldoestado.com.br\/index.php\/2026\/01\/11\/can-yaman-e-detido-em-operacao-policial-contra-drogas-em-istambul\/","url":"https:\/\/portaldoestado.com.br\/index.php\/2026\/01\/11\/can-yaman-e-detido-em-operacao-policial-contra-drogas-em-istambul\/","name":"Can Yaman \u00e9 detido em opera\u00e7\u00e3o policial contra drogas em Istambul - Portal do Estado","isPartOf":{"@id":"https:\/\/portaldoestado.com.br\/#website"},"primaryImageOfPage":{"@id":"https:\/\/portaldoestado.com.br\/index.php\/2026\/01\/11\/can-yaman-e-detido-em-operacao-policial-contra-drogas-em-istambul\/#primaryimage"},"image":{"@id":"https:\/\/portaldoestado.com.br\/index.php\/2026\/01\/11\/can-yaman-e-detido-em-operacao-policial-contra-drogas-em-istambul\/#primaryimage"},"thumbnailUrl":"https:\/\/portaldoestado.com.br\/wp-content\/uploads\/2026\/01\/UXujRsbK-tamanho-portal-7.jpg","datePublished":"2026-01-11T14:26:28+00:00","breadcrumb":{"@id":"https:\/\/portaldoestado.com.br\/index.php\/2026\/01\/11\/can-yaman-e-detido-em-operacao-policial-contra-drogas-em-istambul\/#breadcrumb"},"inLanguage":"pt-BR","potentialAction":[{"@type":"ReadAction","target":["https:\/\/portaldoestado.com.br\/index.php\/2026\/01\/11\/can-yaman-e-detido-em-operacao-policial-contra-drogas-em-istambul\/"]}]},{"@type":"ImageObject","inLanguage":"pt-BR","@id":"https:\/\/portaldoestado.com.br\/index.php\/2026\/01\/11\/can-yaman-e-detido-em-operacao-policial-contra-drogas-em-istambul\/#primaryimage","url":"https:\/\/portaldoestado.com.br\/wp-content\/uploads\/2026\/01\/UXujRsbK-tamanho-portal-7.jpg","contentUrl":"https:\/\/portaldoestado.com.br\/wp-content\/uploads\/2026\/01\/UXujRsbK-tamanho-portal-7.jpg","width":1200,"height":900},{"@type":"BreadcrumbList","@id":"https:\/\/portaldoestado.com.br\/index.php\/2026\/01\/11\/can-yaman-e-detido-em-operacao-policial-contra-drogas-em-istambul\/#breadcrumb","itemListElement":[{"@type":"ListItem","position":1,"name":"In\u00edcio","item":"https:\/\/portaldoestado.com.br\/"},{"@type":"ListItem","position":2,"name":"Can Yaman \u00e9 detido em opera\u00e7\u00e3o policial contra drogas em Istambul"}]},{"@type":"WebSite","@id":"https:\/\/portaldoestado.com.br\/#website","url":"https:\/\/portaldoestado.com.br\/","name":"Portal do Estado","description":"","publisher":{"@id":"https:\/\/portaldoestado.com.br\/#organization"},"potentialAction":[{"@type":"SearchAction","target":{"@type":"EntryPoint","urlTemplate":"https:\/\/portaldoestado.com.br\/?s={search_term_string}"},"query-input":{"@type":"PropertyValueSpecification","valueRequired":true,"valueName":"search_term_string"}}],"inLanguage":"pt-BR"},{"@type":"Organization","@id":"https:\/\/portaldoestado.com.br\/#organization","name":"Portal do Estado","url":"https:\/\/portaldoestado.com.br\/","logo":{"@type":"ImageObject","inLanguage":"pt-BR","@id":"https:\/\/portaldoestado.com.br\/#\/schema\/logo\/image\/","url":"https:\/\/portaldoestado.com.br\/wp-content\/uploads\/2025\/04\/cropped-6f69b19a-6472-43bf-b1b3-e1910bbbd4e8.png","contentUrl":"https:\/\/portaldoestado.com.br\/wp-content\/uploads\/2025\/04\/cropped-6f69b19a-6472-43bf-b1b3-e1910bbbd4e8.png","width":1024,"height":350,"caption":"Portal do Estado"},"image":{"@id":"https:\/\/portaldoestado.com.br\/#\/schema\/logo\/image\/"}},{"@type":"Person","@id":"https:\/\/portaldoestado.com.br\/#\/schema\/person\/5ca0174f3c8c84b59da62ea14b698cb9","name":"assessoriadefamosos","image":{"@type":"ImageObject","inLanguage":"pt-BR","@id":"https:\/\/portaldoestado.com.br\/#\/schema\/person\/image\/","url":"https:\/\/secure.gravatar.com\/avatar\/a7acbdffcfbbae7240e59f47fe511ec5f5d8c252c779f0b8d9ab02a9e1d8c5ed?s=96&d=mm&r=g","contentUrl":"https:\/\/secure.gravatar.com\/avatar\/a7acbdffcfbbae7240e59f47fe511ec5f5d8c252c779f0b8d9ab02a9e1d8c5ed?s=96&d=mm&r=g","caption":"assessoriadefamosos"},"url":"https:\/\/portaldoestado.com.br\/index.php\/author\/assessoriadefamosos\/"}]}},"jetpack_featured_media_url":"https:\/\/portaldoestado.com.br\/wp-content\/uploads\/2026\/01\/UXujRsbK-tamanho-portal-7.jpg","_links":{"self":[{"href":"https:\/\/portaldoestado.com.br\/index.php\/wp-json\/wp\/v2\/posts\/5557","targetHints":{"allow":["GET"]}}],"collection":[{"href":"https:\/\/portaldoestado.com.br\/index.php\/wp-json\/wp\/v2\/posts"}],"about":[{"href":"https:\/\/portaldoestado.com.br\/index.php\/wp-json\/wp\/v2\/types\/post"}],"author":[{"embeddable":true,"href":"https:\/\/portaldoestado.com.br\/index.php\/wp-json\/wp\/v2\/users\/2"}],"replies":[{"embeddable":true,"href":"https:\/\/portaldoestado.com.br\/index.php\/wp-json\/wp\/v2\/comments?post=5557"}],"version-history":[{"count":1,"href":"https:\/\/portaldoestado.com.br\/index.php\/wp-json\/wp\/v2\/posts\/5557\/revisions"}],"predecessor-version":[{"id":5558,"href":"https:\/\/portaldoestado.com.br\/index.php\/wp-json\/wp\/v2\/posts\/5557\/revisions\/5558"}],"wp:featuredmedia":[{"embeddable":true,"href":"https:\/\/portaldoestado.com.br\/index.php\/wp-json\/wp\/v2\/media\/5556"}],"wp:attachment":[{"href":"https:\/\/portaldoestado.com.br\/index.php\/wp-json\/wp\/v2\/media?parent=5557"}],"wp:term":[{"taxonomy":"category","embeddable":true,"href":"https:\/\/portaldoestado.com.br\/index.php\/wp-json\/wp\/v2\/categories?post=5557"},{"taxonomy":"post_tag","embeddable":true,"href":"https:\/\/portaldoestado.com.br\/index.php\/wp-json\/wp\/v2\/tags?post=5557"}],"curies":[{"name":"wp","href":"https:\/\/api.w.org\/{rel}","templated":true}]}}