{"id":5554,"date":"2026-01-11T14:22:17","date_gmt":"2026-01-11T14:22:17","guid":{"rendered":"https:\/\/portaldoestado.com.br\/?p=5554"},"modified":"2026-01-11T14:22:17","modified_gmt":"2026-01-11T14:22:17","slug":"por-orientacao-medica-ana-castela-remarca-show-no-litoral-de-sao-paulo","status":"publish","type":"post","link":"https:\/\/portaldoestado.com.br\/index.php\/2026\/01\/11\/por-orientacao-medica-ana-castela-remarca-show-no-litoral-de-sao-paulo\/","title":{"rendered":"Por orienta\u00e7\u00e3o m\u00e9dica, Ana Castela remarca show no litoral de S\u00e3o Paulo"},"content":{"rendered":"\n<p>A apresenta\u00e7\u00e3o de Ana Castela marcada para este s\u00e1bado (10\/1), em S\u00e3o Sebasti\u00e3o, no litoral paulista, n\u00e3o acontecer\u00e1 na data prevista. A produ\u00e7\u00e3o da cantora anunciou que, ap\u00f3s avalia\u00e7\u00e3o m\u00e9dica, o show foi reagendado para este domingo (11\/1), \u00e0s 19h, como medida de cuidado com a sa\u00fade da artista.<\/p>\n\n\n\n<p>Segundo a equipe, a decis\u00e3o foi tomada de forma respons\u00e1vel e preventiva, priorizando o bem-estar da cantora e garantindo que o p\u00fablico possa assistir ao espet\u00e1culo nas melhores condi\u00e7\u00f5es poss\u00edveis. O evento ser\u00e1 realizado no mesmo local, sem mudan\u00e7as na estrutura ou no hor\u00e1rio programado.<\/p>\n\n\n\n<p>Em comunicado, a produ\u00e7\u00e3o refor\u00e7ou o comprometimento de Ana Castela com os f\u00e3s e afirmou que a artista s\u00f3 retornar\u00e1 ao palco quando estiver plenamente recuperada. A mudan\u00e7a visa evitar riscos e assegurar a qualidade da apresenta\u00e7\u00e3o.<\/p>\n\n\n\n<p>At\u00e9 o momento, n\u00e3o foram divulgadas informa\u00e7\u00f5es detalhadas sobre o estado de sa\u00fade da cantora. A assessoria segue respons\u00e1vel por atualizar o p\u00fablico caso haja novos ajustes na agenda.<\/p>\n","protected":false},"excerpt":{"rendered":"<p>A apresenta\u00e7\u00e3o de Ana Castela marcada para este s\u00e1bado (10\/1), em S\u00e3o Sebasti\u00e3o, no litoral paulista, n\u00e3o acontecer\u00e1 na data prevista. A produ\u00e7\u00e3o da cantora anunciou que, ap\u00f3s avalia\u00e7\u00e3o m\u00e9dica, o show foi reagendado para este domingo (11\/1), \u00e0s 19h, como medida de cuidado com a sa\u00fade da artista. Segundo a equipe, a decis\u00e3o foi \u2026<\/p>\n","protected":false},"author":2,"featured_media":5553,"comment_status":"closed","ping_status":"open","sticky":false,"template":"","format":"standard","meta":{"footnotes":""},"categories":[3],"tags":[],"class_list":["post-5554","post","type-post","status-publish","format-standard","has-post-thumbnail","hentry","category-famosos"],"yoast_head":"<!-- This site is optimized with the Yoast SEO plugin v25.5 - https:\/\/yoast.com\/wordpress\/plugins\/seo\/ -->\n<title>Por orienta\u00e7\u00e3o m\u00e9dica, Ana Castela remarca show no litoral de S\u00e3o Paulo - Portal do Estado<\/title>\n<meta name=\"robots\" content=\"index, follow, max-snippet:-1, max-image-preview:large, max-video-preview:-1\" \/>\n<link rel=\"canonical\" href=\"https:\/\/portaldoestado.com.br\/index.php\/2026\/01\/11\/por-orientacao-medica-ana-castela-remarca-show-no-litoral-de-sao-paulo\/\" \/>\n<meta property=\"og:locale\" content=\"pt_BR\" \/>\n<meta property=\"og:type\" content=\"article\" \/>\n<meta property=\"og:title\" content=\"Por orienta\u00e7\u00e3o m\u00e9dica, Ana Castela remarca show no litoral de S\u00e3o Paulo - Portal do Estado\" \/>\n<meta property=\"og:description\" content=\"A apresenta\u00e7\u00e3o de Ana Castela marcada para este s\u00e1bado (10\/1), em S\u00e3o Sebasti\u00e3o, no litoral paulista, n\u00e3o acontecer\u00e1 na data prevista. A produ\u00e7\u00e3o da cantora anunciou que, ap\u00f3s avalia\u00e7\u00e3o m\u00e9dica, o show foi reagendado para este domingo (11\/1), \u00e0s 19h, como medida de cuidado com a sa\u00fade da artista. Segundo a equipe, a decis\u00e3o foi \u2026\" \/>\n<meta property=\"og:url\" content=\"https:\/\/portaldoestado.com.br\/index.php\/2026\/01\/11\/por-orientacao-medica-ana-castela-remarca-show-no-litoral-de-sao-paulo\/\" \/>\n<meta property=\"og:site_name\" content=\"Portal do Estado\" \/>\n<meta property=\"article:published_time\" content=\"2026-01-11T14:22:17+00:00\" \/>\n<meta property=\"og:image\" content=\"https:\/\/portaldoestado.com.br\/wp-content\/uploads\/2026\/01\/35mWMX48-Design-sem-nome-20-1.jpg\" \/>\n\t<meta property=\"og:image:width\" content=\"1200\" \/>\n\t<meta property=\"og:image:height\" content=\"900\" \/>\n\t<meta property=\"og:image:type\" content=\"image\/jpeg\" \/>\n<meta name=\"author\" content=\"assessoriadefamosos\" \/>\n<meta name=\"twitter:card\" content=\"summary_large_image\" \/>\n<meta name=\"twitter:label1\" content=\"Escrito por\" \/>\n\t<meta name=\"twitter:data1\" content=\"assessoriadefamosos\" \/>\n\t<meta name=\"twitter:label2\" content=\"Est. tempo de leitura\" \/>\n\t<meta name=\"twitter:data2\" content=\"1 minuto\" \/>\n<script type=\"application\/ld+json\" class=\"yoast-schema-graph\">{\"@context\":\"https:\/\/schema.org\",\"@graph\":[{\"@type\":\"Article\",\"@id\":\"https:\/\/portaldoestado.com.br\/index.php\/2026\/01\/11\/por-orientacao-medica-ana-castela-remarca-show-no-litoral-de-sao-paulo\/#article\",\"isPartOf\":{\"@id\":\"https:\/\/portaldoestado.com.br\/index.php\/2026\/01\/11\/por-orientacao-medica-ana-castela-remarca-show-no-litoral-de-sao-paulo\/\"},\"author\":{\"name\":\"assessoriadefamosos\",\"@id\":\"https:\/\/portaldoestado.com.br\/#\/schema\/person\/5ca0174f3c8c84b59da62ea14b698cb9\"},\"headline\":\"Por orienta\u00e7\u00e3o m\u00e9dica, Ana Castela remarca show no litoral de S\u00e3o Paulo\",\"datePublished\":\"2026-01-11T14:22:17+00:00\",\"mainEntityOfPage\":{\"@id\":\"https:\/\/portaldoestado.com.br\/index.php\/2026\/01\/11\/por-orientacao-medica-ana-castela-remarca-show-no-litoral-de-sao-paulo\/\"},\"wordCount\":201,\"publisher\":{\"@id\":\"https:\/\/portaldoestado.com.br\/#organization\"},\"image\":{\"@id\":\"https:\/\/portaldoestado.com.br\/index.php\/2026\/01\/11\/por-orientacao-medica-ana-castela-remarca-show-no-litoral-de-sao-paulo\/#primaryimage\"},\"thumbnailUrl\":\"https:\/\/portaldoestado.com.br\/wp-content\/uploads\/2026\/01\/35mWMX48-Design-sem-nome-20-1.jpg\",\"articleSection\":[\"Famosos\"],\"inLanguage\":\"pt-BR\"},{\"@type\":\"WebPage\",\"@id\":\"https:\/\/portaldoestado.com.br\/index.php\/2026\/01\/11\/por-orientacao-medica-ana-castela-remarca-show-no-litoral-de-sao-paulo\/\",\"url\":\"https:\/\/portaldoestado.com.br\/index.php\/2026\/01\/11\/por-orientacao-medica-ana-castela-remarca-show-no-litoral-de-sao-paulo\/\",\"name\":\"Por orienta\u00e7\u00e3o m\u00e9dica, Ana Castela remarca show no litoral de S\u00e3o Paulo - Portal do Estado\",\"isPartOf\":{\"@id\":\"https:\/\/portaldoestado.com.br\/#website\"},\"primaryImageOfPage\":{\"@id\":\"https:\/\/portaldoestado.com.br\/index.php\/2026\/01\/11\/por-orientacao-medica-ana-castela-remarca-show-no-litoral-de-sao-paulo\/#primaryimage\"},\"image\":{\"@id\":\"https:\/\/portaldoestado.com.br\/index.php\/2026\/01\/11\/por-orientacao-medica-ana-castela-remarca-show-no-litoral-de-sao-paulo\/#primaryimage\"},\"thumbnailUrl\":\"https:\/\/portaldoestado.com.br\/wp-content\/uploads\/2026\/01\/35mWMX48-Design-sem-nome-20-1.jpg\",\"datePublished\":\"2026-01-11T14:22:17+00:00\",\"breadcrumb\":{\"@id\":\"https:\/\/portaldoestado.com.br\/index.php\/2026\/01\/11\/por-orientacao-medica-ana-castela-remarca-show-no-litoral-de-sao-paulo\/#breadcrumb\"},\"inLanguage\":\"pt-BR\",\"potentialAction\":[{\"@type\":\"ReadAction\",\"target\":[\"https:\/\/portaldoestado.com.br\/index.php\/2026\/01\/11\/por-orientacao-medica-ana-castela-remarca-show-no-litoral-de-sao-paulo\/\"]}]},{\"@type\":\"ImageObject\",\"inLanguage\":\"pt-BR\",\"@id\":\"https:\/\/portaldoestado.com.br\/index.php\/2026\/01\/11\/por-orientacao-medica-ana-castela-remarca-show-no-litoral-de-sao-paulo\/#primaryimage\",\"url\":\"https:\/\/portaldoestado.com.br\/wp-content\/uploads\/2026\/01\/35mWMX48-Design-sem-nome-20-1.jpg\",\"contentUrl\":\"https:\/\/portaldoestado.com.br\/wp-content\/uploads\/2026\/01\/35mWMX48-Design-sem-nome-20-1.jpg\",\"width\":1200,\"height\":900},{\"@type\":\"BreadcrumbList\",\"@id\":\"https:\/\/portaldoestado.com.br\/index.php\/2026\/01\/11\/por-orientacao-medica-ana-castela-remarca-show-no-litoral-de-sao-paulo\/#breadcrumb\",\"itemListElement\":[{\"@type\":\"ListItem\",\"position\":1,\"name\":\"In\u00edcio\",\"item\":\"https:\/\/portaldoestado.com.br\/\"},{\"@type\":\"ListItem\",\"position\":2,\"name\":\"Por orienta\u00e7\u00e3o m\u00e9dica, Ana Castela remarca show no litoral de S\u00e3o Paulo\"}]},{\"@type\":\"WebSite\",\"@id\":\"https:\/\/portaldoestado.com.br\/#website\",\"url\":\"https:\/\/portaldoestado.com.br\/\",\"name\":\"Portal do Estado\",\"description\":\"\",\"publisher\":{\"@id\":\"https:\/\/portaldoestado.com.br\/#organization\"},\"potentialAction\":[{\"@type\":\"SearchAction\",\"target\":{\"@type\":\"EntryPoint\",\"urlTemplate\":\"https:\/\/portaldoestado.com.br\/?s={search_term_string}\"},\"query-input\":{\"@type\":\"PropertyValueSpecification\",\"valueRequired\":true,\"valueName\":\"search_term_string\"}}],\"inLanguage\":\"pt-BR\"},{\"@type\":\"Organization\",\"@id\":\"https:\/\/portaldoestado.com.br\/#organization\",\"name\":\"Portal do Estado\",\"url\":\"https:\/\/portaldoestado.com.br\/\",\"logo\":{\"@type\":\"ImageObject\",\"inLanguage\":\"pt-BR\",\"@id\":\"https:\/\/portaldoestado.com.br\/#\/schema\/logo\/image\/\",\"url\":\"https:\/\/portaldoestado.com.br\/wp-content\/uploads\/2025\/04\/cropped-6f69b19a-6472-43bf-b1b3-e1910bbbd4e8.png\",\"contentUrl\":\"https:\/\/portaldoestado.com.br\/wp-content\/uploads\/2025\/04\/cropped-6f69b19a-6472-43bf-b1b3-e1910bbbd4e8.png\",\"width\":1024,\"height\":350,\"caption\":\"Portal do Estado\"},\"image\":{\"@id\":\"https:\/\/portaldoestado.com.br\/#\/schema\/logo\/image\/\"}},{\"@type\":\"Person\",\"@id\":\"https:\/\/portaldoestado.com.br\/#\/schema\/person\/5ca0174f3c8c84b59da62ea14b698cb9\",\"name\":\"assessoriadefamosos\",\"image\":{\"@type\":\"ImageObject\",\"inLanguage\":\"pt-BR\",\"@id\":\"https:\/\/portaldoestado.com.br\/#\/schema\/person\/image\/\",\"url\":\"https:\/\/secure.gravatar.com\/avatar\/a7acbdffcfbbae7240e59f47fe511ec5f5d8c252c779f0b8d9ab02a9e1d8c5ed?s=96&d=mm&r=g\",\"contentUrl\":\"https:\/\/secure.gravatar.com\/avatar\/a7acbdffcfbbae7240e59f47fe511ec5f5d8c252c779f0b8d9ab02a9e1d8c5ed?s=96&d=mm&r=g\",\"caption\":\"assessoriadefamosos\"},\"url\":\"https:\/\/portaldoestado.com.br\/index.php\/author\/assessoriadefamosos\/\"}]}<\/script>\n<!-- \/ Yoast SEO plugin. -->","yoast_head_json":{"title":"Por orienta\u00e7\u00e3o m\u00e9dica, Ana Castela remarca show no litoral de S\u00e3o Paulo - Portal do Estado","robots":{"index":"index","follow":"follow","max-snippet":"max-snippet:-1","max-image-preview":"max-image-preview:large","max-video-preview":"max-video-preview:-1"},"canonical":"https:\/\/portaldoestado.com.br\/index.php\/2026\/01\/11\/por-orientacao-medica-ana-castela-remarca-show-no-litoral-de-sao-paulo\/","og_locale":"pt_BR","og_type":"article","og_title":"Por orienta\u00e7\u00e3o m\u00e9dica, Ana Castela remarca show no litoral de S\u00e3o Paulo - Portal do Estado","og_description":"A apresenta\u00e7\u00e3o de Ana Castela marcada para este s\u00e1bado (10\/1), em S\u00e3o Sebasti\u00e3o, no litoral paulista, n\u00e3o acontecer\u00e1 na data prevista. A produ\u00e7\u00e3o da cantora anunciou que, ap\u00f3s avalia\u00e7\u00e3o m\u00e9dica, o show foi reagendado para este domingo (11\/1), \u00e0s 19h, como medida de cuidado com a sa\u00fade da artista. Segundo a equipe, a decis\u00e3o foi \u2026","og_url":"https:\/\/portaldoestado.com.br\/index.php\/2026\/01\/11\/por-orientacao-medica-ana-castela-remarca-show-no-litoral-de-sao-paulo\/","og_site_name":"Portal do Estado","article_published_time":"2026-01-11T14:22:17+00:00","og_image":[{"width":1200,"height":900,"url":"https:\/\/portaldoestado.com.br\/wp-content\/uploads\/2026\/01\/35mWMX48-Design-sem-nome-20-1.jpg","type":"image\/jpeg"}],"author":"assessoriadefamosos","twitter_card":"summary_large_image","twitter_misc":{"Escrito por":"assessoriadefamosos","Est. tempo de leitura":"1 minuto"},"schema":{"@context":"https:\/\/schema.org","@graph":[{"@type":"Article","@id":"https:\/\/portaldoestado.com.br\/index.php\/2026\/01\/11\/por-orientacao-medica-ana-castela-remarca-show-no-litoral-de-sao-paulo\/#article","isPartOf":{"@id":"https:\/\/portaldoestado.com.br\/index.php\/2026\/01\/11\/por-orientacao-medica-ana-castela-remarca-show-no-litoral-de-sao-paulo\/"},"author":{"name":"assessoriadefamosos","@id":"https:\/\/portaldoestado.com.br\/#\/schema\/person\/5ca0174f3c8c84b59da62ea14b698cb9"},"headline":"Por orienta\u00e7\u00e3o m\u00e9dica, Ana Castela remarca show no litoral de S\u00e3o Paulo","datePublished":"2026-01-11T14:22:17+00:00","mainEntityOfPage":{"@id":"https:\/\/portaldoestado.com.br\/index.php\/2026\/01\/11\/por-orientacao-medica-ana-castela-remarca-show-no-litoral-de-sao-paulo\/"},"wordCount":201,"publisher":{"@id":"https:\/\/portaldoestado.com.br\/#organization"},"image":{"@id":"https:\/\/portaldoestado.com.br\/index.php\/2026\/01\/11\/por-orientacao-medica-ana-castela-remarca-show-no-litoral-de-sao-paulo\/#primaryimage"},"thumbnailUrl":"https:\/\/portaldoestado.com.br\/wp-content\/uploads\/2026\/01\/35mWMX48-Design-sem-nome-20-1.jpg","articleSection":["Famosos"],"inLanguage":"pt-BR"},{"@type":"WebPage","@id":"https:\/\/portaldoestado.com.br\/index.php\/2026\/01\/11\/por-orientacao-medica-ana-castela-remarca-show-no-litoral-de-sao-paulo\/","url":"https:\/\/portaldoestado.com.br\/index.php\/2026\/01\/11\/por-orientacao-medica-ana-castela-remarca-show-no-litoral-de-sao-paulo\/","name":"Por orienta\u00e7\u00e3o m\u00e9dica, Ana Castela remarca show no litoral de S\u00e3o Paulo - Portal do Estado","isPartOf":{"@id":"https:\/\/portaldoestado.com.br\/#website"},"primaryImageOfPage":{"@id":"https:\/\/portaldoestado.com.br\/index.php\/2026\/01\/11\/por-orientacao-medica-ana-castela-remarca-show-no-litoral-de-sao-paulo\/#primaryimage"},"image":{"@id":"https:\/\/portaldoestado.com.br\/index.php\/2026\/01\/11\/por-orientacao-medica-ana-castela-remarca-show-no-litoral-de-sao-paulo\/#primaryimage"},"thumbnailUrl":"https:\/\/portaldoestado.com.br\/wp-content\/uploads\/2026\/01\/35mWMX48-Design-sem-nome-20-1.jpg","datePublished":"2026-01-11T14:22:17+00:00","breadcrumb":{"@id":"https:\/\/portaldoestado.com.br\/index.php\/2026\/01\/11\/por-orientacao-medica-ana-castela-remarca-show-no-litoral-de-sao-paulo\/#breadcrumb"},"inLanguage":"pt-BR","potentialAction":[{"@type":"ReadAction","target":["https:\/\/portaldoestado.com.br\/index.php\/2026\/01\/11\/por-orientacao-medica-ana-castela-remarca-show-no-litoral-de-sao-paulo\/"]}]},{"@type":"ImageObject","inLanguage":"pt-BR","@id":"https:\/\/portaldoestado.com.br\/index.php\/2026\/01\/11\/por-orientacao-medica-ana-castela-remarca-show-no-litoral-de-sao-paulo\/#primaryimage","url":"https:\/\/portaldoestado.com.br\/wp-content\/uploads\/2026\/01\/35mWMX48-Design-sem-nome-20-1.jpg","contentUrl":"https:\/\/portaldoestado.com.br\/wp-content\/uploads\/2026\/01\/35mWMX48-Design-sem-nome-20-1.jpg","width":1200,"height":900},{"@type":"BreadcrumbList","@id":"https:\/\/portaldoestado.com.br\/index.php\/2026\/01\/11\/por-orientacao-medica-ana-castela-remarca-show-no-litoral-de-sao-paulo\/#breadcrumb","itemListElement":[{"@type":"ListItem","position":1,"name":"In\u00edcio","item":"https:\/\/portaldoestado.com.br\/"},{"@type":"ListItem","position":2,"name":"Por orienta\u00e7\u00e3o m\u00e9dica, Ana Castela remarca show no litoral de S\u00e3o Paulo"}]},{"@type":"WebSite","@id":"https:\/\/portaldoestado.com.br\/#website","url":"https:\/\/portaldoestado.com.br\/","name":"Portal do Estado","description":"","publisher":{"@id":"https:\/\/portaldoestado.com.br\/#organization"},"potentialAction":[{"@type":"SearchAction","target":{"@type":"EntryPoint","urlTemplate":"https:\/\/portaldoestado.com.br\/?s={search_term_string}"},"query-input":{"@type":"PropertyValueSpecification","valueRequired":true,"valueName":"search_term_string"}}],"inLanguage":"pt-BR"},{"@type":"Organization","@id":"https:\/\/portaldoestado.com.br\/#organization","name":"Portal do Estado","url":"https:\/\/portaldoestado.com.br\/","logo":{"@type":"ImageObject","inLanguage":"pt-BR","@id":"https:\/\/portaldoestado.com.br\/#\/schema\/logo\/image\/","url":"https:\/\/portaldoestado.com.br\/wp-content\/uploads\/2025\/04\/cropped-6f69b19a-6472-43bf-b1b3-e1910bbbd4e8.png","contentUrl":"https:\/\/portaldoestado.com.br\/wp-content\/uploads\/2025\/04\/cropped-6f69b19a-6472-43bf-b1b3-e1910bbbd4e8.png","width":1024,"height":350,"caption":"Portal do Estado"},"image":{"@id":"https:\/\/portaldoestado.com.br\/#\/schema\/logo\/image\/"}},{"@type":"Person","@id":"https:\/\/portaldoestado.com.br\/#\/schema\/person\/5ca0174f3c8c84b59da62ea14b698cb9","name":"assessoriadefamosos","image":{"@type":"ImageObject","inLanguage":"pt-BR","@id":"https:\/\/portaldoestado.com.br\/#\/schema\/person\/image\/","url":"https:\/\/secure.gravatar.com\/avatar\/a7acbdffcfbbae7240e59f47fe511ec5f5d8c252c779f0b8d9ab02a9e1d8c5ed?s=96&d=mm&r=g","contentUrl":"https:\/\/secure.gravatar.com\/avatar\/a7acbdffcfbbae7240e59f47fe511ec5f5d8c252c779f0b8d9ab02a9e1d8c5ed?s=96&d=mm&r=g","caption":"assessoriadefamosos"},"url":"https:\/\/portaldoestado.com.br\/index.php\/author\/assessoriadefamosos\/"}]}},"jetpack_featured_media_url":"https:\/\/portaldoestado.com.br\/wp-content\/uploads\/2026\/01\/35mWMX48-Design-sem-nome-20-1.jpg","_links":{"self":[{"href":"https:\/\/portaldoestado.com.br\/index.php\/wp-json\/wp\/v2\/posts\/5554","targetHints":{"allow":["GET"]}}],"collection":[{"href":"https:\/\/portaldoestado.com.br\/index.php\/wp-json\/wp\/v2\/posts"}],"about":[{"href":"https:\/\/portaldoestado.com.br\/index.php\/wp-json\/wp\/v2\/types\/post"}],"author":[{"embeddable":true,"href":"https:\/\/portaldoestado.com.br\/index.php\/wp-json\/wp\/v2\/users\/2"}],"replies":[{"embeddable":true,"href":"https:\/\/portaldoestado.com.br\/index.php\/wp-json\/wp\/v2\/comments?post=5554"}],"version-history":[{"count":1,"href":"https:\/\/portaldoestado.com.br\/index.php\/wp-json\/wp\/v2\/posts\/5554\/revisions"}],"predecessor-version":[{"id":5555,"href":"https:\/\/portaldoestado.com.br\/index.php\/wp-json\/wp\/v2\/posts\/5554\/revisions\/5555"}],"wp:featuredmedia":[{"embeddable":true,"href":"https:\/\/portaldoestado.com.br\/index.php\/wp-json\/wp\/v2\/media\/5553"}],"wp:attachment":[{"href":"https:\/\/portaldoestado.com.br\/index.php\/wp-json\/wp\/v2\/media?parent=5554"}],"wp:term":[{"taxonomy":"category","embeddable":true,"href":"https:\/\/portaldoestado.com.br\/index.php\/wp-json\/wp\/v2\/categories?post=5554"},{"taxonomy":"post_tag","embeddable":true,"href":"https:\/\/portaldoestado.com.br\/index.php\/wp-json\/wp\/v2\/tags?post=5554"}],"curies":[{"name":"wp","href":"https:\/\/api.w.org\/{rel}","templated":true}]}}