{"id":5551,"date":"2026-01-10T15:49:20","date_gmt":"2026-01-10T15:49:20","guid":{"rendered":"https:\/\/portaldoestado.com.br\/?p=5551"},"modified":"2026-01-10T15:49:20","modified_gmt":"2026-01-10T15:49:20","slug":"imprevisto-em-dubai-faz-virginia-fonseca-adiar-retorno-ao-brasil-e-gera-desabafo","status":"publish","type":"post","link":"https:\/\/portaldoestado.com.br\/index.php\/2026\/01\/10\/imprevisto-em-dubai-faz-virginia-fonseca-adiar-retorno-ao-brasil-e-gera-desabafo\/","title":{"rendered":"Imprevisto em Dubai faz Virginia Fonseca adiar retorno ao Brasil e gera desabafo"},"content":{"rendered":"\n<p>Virginia Fonseca viveu um contratempo de \u00faltima hora durante sua estadia em Dubai e precisou adiar a volta ao Brasil. A influenciadora, que est\u00e1 nos Emirados \u00c1rabes cumprindo compromissos profissionais, j\u00e1 estava no aeroporto pronta para embarcar quando teve de rever os planos, o que a deixou visivelmente abalada.<\/p>\n\n\n\n<p>Em conversa com os seguidores nas redes sociais, Virginia contou que a mudan\u00e7a repentina a entristeceu, principalmente porque tinha diversos compromissos marcados no Brasil e esperava reencontrar os filhos, que est\u00e3o em Goi\u00e2nia. Mesmo assim, buscou manter uma postura positiva diante da situa\u00e7\u00e3o. \u201cTinha muita coisa para resolver no Brasil, mas acredito que tudo acontece por um prop\u00f3sito. Se n\u00e3o era para ir agora, \u00e9 porque Deus est\u00e1 cuidando de mim\u201d, afirmou.<\/p>\n\n\n\n<p>A influenciadora tamb\u00e9m avisou que poderia ficar menos ativa nas redes por conta do estresse causado pelo imprevisto, mas fez quest\u00e3o de tranquilizar os f\u00e3s. Segundo ela, n\u00e3o houve nenhum problema grave, apenas uma quest\u00e3o profissional que exige sua presen\u00e7a no exterior para ser resolvida.<\/p>\n\n\n\n<p>No dia seguinte, Virginia apareceu mais serena e mostrou que j\u00e1 estava retomando a rotina em Dubai. Ela surgiu treinando ao lado de uma amiga e refor\u00e7ou a confian\u00e7a de que, em breve, tudo ser\u00e1 resolvido para que possa retornar ao Brasil.<\/p>\n","protected":false},"excerpt":{"rendered":"<p>Virginia Fonseca viveu um contratempo de \u00faltima hora durante sua estadia em Dubai e precisou adiar a volta ao Brasil. A influenciadora, que est\u00e1 nos Emirados \u00c1rabes cumprindo compromissos profissionais, j\u00e1 estava no aeroporto pronta para embarcar quando teve de rever os planos, o que a deixou visivelmente abalada. Em conversa com os seguidores nas \u2026<\/p>\n","protected":false},"author":2,"featured_media":5550,"comment_status":"closed","ping_status":"open","sticky":false,"template":"","format":"standard","meta":{"footnotes":""},"categories":[3],"tags":[],"class_list":["post-5551","post","type-post","status-publish","format-standard","has-post-thumbnail","hentry","category-famosos"],"yoast_head":"<!-- This site is optimized with the Yoast SEO plugin v25.5 - https:\/\/yoast.com\/wordpress\/plugins\/seo\/ -->\n<title>Imprevisto em Dubai faz Virginia Fonseca adiar retorno ao Brasil e gera desabafo - Portal do Estado<\/title>\n<meta name=\"robots\" content=\"index, follow, max-snippet:-1, max-image-preview:large, max-video-preview:-1\" \/>\n<link rel=\"canonical\" href=\"https:\/\/portaldoestado.com.br\/index.php\/2026\/01\/10\/imprevisto-em-dubai-faz-virginia-fonseca-adiar-retorno-ao-brasil-e-gera-desabafo\/\" \/>\n<meta property=\"og:locale\" content=\"pt_BR\" \/>\n<meta property=\"og:type\" content=\"article\" \/>\n<meta property=\"og:title\" content=\"Imprevisto em Dubai faz Virginia Fonseca adiar retorno ao Brasil e gera desabafo - Portal do Estado\" \/>\n<meta property=\"og:description\" content=\"Virginia Fonseca viveu um contratempo de \u00faltima hora durante sua estadia em Dubai e precisou adiar a volta ao Brasil. A influenciadora, que est\u00e1 nos Emirados \u00c1rabes cumprindo compromissos profissionais, j\u00e1 estava no aeroporto pronta para embarcar quando teve de rever os planos, o que a deixou visivelmente abalada. Em conversa com os seguidores nas \u2026\" \/>\n<meta property=\"og:url\" content=\"https:\/\/portaldoestado.com.br\/index.php\/2026\/01\/10\/imprevisto-em-dubai-faz-virginia-fonseca-adiar-retorno-ao-brasil-e-gera-desabafo\/\" \/>\n<meta property=\"og:site_name\" content=\"Portal do Estado\" \/>\n<meta property=\"article:published_time\" content=\"2026-01-10T15:49:20+00:00\" \/>\n<meta property=\"og:image\" content=\"https:\/\/portaldoestado.com.br\/wp-content\/uploads\/2026\/01\/o8wabX8u-Backup-Capa-2-fotos.png\" \/>\n\t<meta property=\"og:image:width\" content=\"1200\" \/>\n\t<meta property=\"og:image:height\" content=\"900\" \/>\n\t<meta property=\"og:image:type\" content=\"image\/png\" \/>\n<meta name=\"author\" content=\"assessoriadefamosos\" \/>\n<meta name=\"twitter:card\" content=\"summary_large_image\" \/>\n<meta name=\"twitter:label1\" content=\"Escrito por\" \/>\n\t<meta name=\"twitter:data1\" content=\"assessoriadefamosos\" \/>\n\t<meta name=\"twitter:label2\" content=\"Est. tempo de leitura\" \/>\n\t<meta name=\"twitter:data2\" content=\"1 minuto\" \/>\n<script type=\"application\/ld+json\" class=\"yoast-schema-graph\">{\"@context\":\"https:\/\/schema.org\",\"@graph\":[{\"@type\":\"Article\",\"@id\":\"https:\/\/portaldoestado.com.br\/index.php\/2026\/01\/10\/imprevisto-em-dubai-faz-virginia-fonseca-adiar-retorno-ao-brasil-e-gera-desabafo\/#article\",\"isPartOf\":{\"@id\":\"https:\/\/portaldoestado.com.br\/index.php\/2026\/01\/10\/imprevisto-em-dubai-faz-virginia-fonseca-adiar-retorno-ao-brasil-e-gera-desabafo\/\"},\"author\":{\"name\":\"assessoriadefamosos\",\"@id\":\"https:\/\/portaldoestado.com.br\/#\/schema\/person\/5ca0174f3c8c84b59da62ea14b698cb9\"},\"headline\":\"Imprevisto em Dubai faz Virginia Fonseca adiar retorno ao Brasil e gera desabafo\",\"datePublished\":\"2026-01-10T15:49:20+00:00\",\"mainEntityOfPage\":{\"@id\":\"https:\/\/portaldoestado.com.br\/index.php\/2026\/01\/10\/imprevisto-em-dubai-faz-virginia-fonseca-adiar-retorno-ao-brasil-e-gera-desabafo\/\"},\"wordCount\":234,\"publisher\":{\"@id\":\"https:\/\/portaldoestado.com.br\/#organization\"},\"image\":{\"@id\":\"https:\/\/portaldoestado.com.br\/index.php\/2026\/01\/10\/imprevisto-em-dubai-faz-virginia-fonseca-adiar-retorno-ao-brasil-e-gera-desabafo\/#primaryimage\"},\"thumbnailUrl\":\"https:\/\/portaldoestado.com.br\/wp-content\/uploads\/2026\/01\/o8wabX8u-Backup-Capa-2-fotos.png\",\"articleSection\":[\"Famosos\"],\"inLanguage\":\"pt-BR\"},{\"@type\":\"WebPage\",\"@id\":\"https:\/\/portaldoestado.com.br\/index.php\/2026\/01\/10\/imprevisto-em-dubai-faz-virginia-fonseca-adiar-retorno-ao-brasil-e-gera-desabafo\/\",\"url\":\"https:\/\/portaldoestado.com.br\/index.php\/2026\/01\/10\/imprevisto-em-dubai-faz-virginia-fonseca-adiar-retorno-ao-brasil-e-gera-desabafo\/\",\"name\":\"Imprevisto em Dubai faz Virginia Fonseca adiar retorno ao Brasil e gera desabafo - Portal do Estado\",\"isPartOf\":{\"@id\":\"https:\/\/portaldoestado.com.br\/#website\"},\"primaryImageOfPage\":{\"@id\":\"https:\/\/portaldoestado.com.br\/index.php\/2026\/01\/10\/imprevisto-em-dubai-faz-virginia-fonseca-adiar-retorno-ao-brasil-e-gera-desabafo\/#primaryimage\"},\"image\":{\"@id\":\"https:\/\/portaldoestado.com.br\/index.php\/2026\/01\/10\/imprevisto-em-dubai-faz-virginia-fonseca-adiar-retorno-ao-brasil-e-gera-desabafo\/#primaryimage\"},\"thumbnailUrl\":\"https:\/\/portaldoestado.com.br\/wp-content\/uploads\/2026\/01\/o8wabX8u-Backup-Capa-2-fotos.png\",\"datePublished\":\"2026-01-10T15:49:20+00:00\",\"breadcrumb\":{\"@id\":\"https:\/\/portaldoestado.com.br\/index.php\/2026\/01\/10\/imprevisto-em-dubai-faz-virginia-fonseca-adiar-retorno-ao-brasil-e-gera-desabafo\/#breadcrumb\"},\"inLanguage\":\"pt-BR\",\"potentialAction\":[{\"@type\":\"ReadAction\",\"target\":[\"https:\/\/portaldoestado.com.br\/index.php\/2026\/01\/10\/imprevisto-em-dubai-faz-virginia-fonseca-adiar-retorno-ao-brasil-e-gera-desabafo\/\"]}]},{\"@type\":\"ImageObject\",\"inLanguage\":\"pt-BR\",\"@id\":\"https:\/\/portaldoestado.com.br\/index.php\/2026\/01\/10\/imprevisto-em-dubai-faz-virginia-fonseca-adiar-retorno-ao-brasil-e-gera-desabafo\/#primaryimage\",\"url\":\"https:\/\/portaldoestado.com.br\/wp-content\/uploads\/2026\/01\/o8wabX8u-Backup-Capa-2-fotos.png\",\"contentUrl\":\"https:\/\/portaldoestado.com.br\/wp-content\/uploads\/2026\/01\/o8wabX8u-Backup-Capa-2-fotos.png\",\"width\":1200,\"height\":900},{\"@type\":\"BreadcrumbList\",\"@id\":\"https:\/\/portaldoestado.com.br\/index.php\/2026\/01\/10\/imprevisto-em-dubai-faz-virginia-fonseca-adiar-retorno-ao-brasil-e-gera-desabafo\/#breadcrumb\",\"itemListElement\":[{\"@type\":\"ListItem\",\"position\":1,\"name\":\"In\u00edcio\",\"item\":\"https:\/\/portaldoestado.com.br\/\"},{\"@type\":\"ListItem\",\"position\":2,\"name\":\"Imprevisto em Dubai faz Virginia Fonseca adiar retorno ao Brasil e gera desabafo\"}]},{\"@type\":\"WebSite\",\"@id\":\"https:\/\/portaldoestado.com.br\/#website\",\"url\":\"https:\/\/portaldoestado.com.br\/\",\"name\":\"Portal do Estado\",\"description\":\"\",\"publisher\":{\"@id\":\"https:\/\/portaldoestado.com.br\/#organization\"},\"potentialAction\":[{\"@type\":\"SearchAction\",\"target\":{\"@type\":\"EntryPoint\",\"urlTemplate\":\"https:\/\/portaldoestado.com.br\/?s={search_term_string}\"},\"query-input\":{\"@type\":\"PropertyValueSpecification\",\"valueRequired\":true,\"valueName\":\"search_term_string\"}}],\"inLanguage\":\"pt-BR\"},{\"@type\":\"Organization\",\"@id\":\"https:\/\/portaldoestado.com.br\/#organization\",\"name\":\"Portal do Estado\",\"url\":\"https:\/\/portaldoestado.com.br\/\",\"logo\":{\"@type\":\"ImageObject\",\"inLanguage\":\"pt-BR\",\"@id\":\"https:\/\/portaldoestado.com.br\/#\/schema\/logo\/image\/\",\"url\":\"https:\/\/portaldoestado.com.br\/wp-content\/uploads\/2025\/04\/cropped-6f69b19a-6472-43bf-b1b3-e1910bbbd4e8.png\",\"contentUrl\":\"https:\/\/portaldoestado.com.br\/wp-content\/uploads\/2025\/04\/cropped-6f69b19a-6472-43bf-b1b3-e1910bbbd4e8.png\",\"width\":1024,\"height\":350,\"caption\":\"Portal do Estado\"},\"image\":{\"@id\":\"https:\/\/portaldoestado.com.br\/#\/schema\/logo\/image\/\"}},{\"@type\":\"Person\",\"@id\":\"https:\/\/portaldoestado.com.br\/#\/schema\/person\/5ca0174f3c8c84b59da62ea14b698cb9\",\"name\":\"assessoriadefamosos\",\"image\":{\"@type\":\"ImageObject\",\"inLanguage\":\"pt-BR\",\"@id\":\"https:\/\/portaldoestado.com.br\/#\/schema\/person\/image\/\",\"url\":\"https:\/\/secure.gravatar.com\/avatar\/a7acbdffcfbbae7240e59f47fe511ec5f5d8c252c779f0b8d9ab02a9e1d8c5ed?s=96&d=mm&r=g\",\"contentUrl\":\"https:\/\/secure.gravatar.com\/avatar\/a7acbdffcfbbae7240e59f47fe511ec5f5d8c252c779f0b8d9ab02a9e1d8c5ed?s=96&d=mm&r=g\",\"caption\":\"assessoriadefamosos\"},\"url\":\"https:\/\/portaldoestado.com.br\/index.php\/author\/assessoriadefamosos\/\"}]}<\/script>\n<!-- \/ Yoast SEO plugin. -->","yoast_head_json":{"title":"Imprevisto em Dubai faz Virginia Fonseca adiar retorno ao Brasil e gera desabafo - Portal do Estado","robots":{"index":"index","follow":"follow","max-snippet":"max-snippet:-1","max-image-preview":"max-image-preview:large","max-video-preview":"max-video-preview:-1"},"canonical":"https:\/\/portaldoestado.com.br\/index.php\/2026\/01\/10\/imprevisto-em-dubai-faz-virginia-fonseca-adiar-retorno-ao-brasil-e-gera-desabafo\/","og_locale":"pt_BR","og_type":"article","og_title":"Imprevisto em Dubai faz Virginia Fonseca adiar retorno ao Brasil e gera desabafo - Portal do Estado","og_description":"Virginia Fonseca viveu um contratempo de \u00faltima hora durante sua estadia em Dubai e precisou adiar a volta ao Brasil. A influenciadora, que est\u00e1 nos Emirados \u00c1rabes cumprindo compromissos profissionais, j\u00e1 estava no aeroporto pronta para embarcar quando teve de rever os planos, o que a deixou visivelmente abalada. Em conversa com os seguidores nas \u2026","og_url":"https:\/\/portaldoestado.com.br\/index.php\/2026\/01\/10\/imprevisto-em-dubai-faz-virginia-fonseca-adiar-retorno-ao-brasil-e-gera-desabafo\/","og_site_name":"Portal do Estado","article_published_time":"2026-01-10T15:49:20+00:00","og_image":[{"width":1200,"height":900,"url":"https:\/\/portaldoestado.com.br\/wp-content\/uploads\/2026\/01\/o8wabX8u-Backup-Capa-2-fotos.png","type":"image\/png"}],"author":"assessoriadefamosos","twitter_card":"summary_large_image","twitter_misc":{"Escrito por":"assessoriadefamosos","Est. tempo de leitura":"1 minuto"},"schema":{"@context":"https:\/\/schema.org","@graph":[{"@type":"Article","@id":"https:\/\/portaldoestado.com.br\/index.php\/2026\/01\/10\/imprevisto-em-dubai-faz-virginia-fonseca-adiar-retorno-ao-brasil-e-gera-desabafo\/#article","isPartOf":{"@id":"https:\/\/portaldoestado.com.br\/index.php\/2026\/01\/10\/imprevisto-em-dubai-faz-virginia-fonseca-adiar-retorno-ao-brasil-e-gera-desabafo\/"},"author":{"name":"assessoriadefamosos","@id":"https:\/\/portaldoestado.com.br\/#\/schema\/person\/5ca0174f3c8c84b59da62ea14b698cb9"},"headline":"Imprevisto em Dubai faz Virginia Fonseca adiar retorno ao Brasil e gera desabafo","datePublished":"2026-01-10T15:49:20+00:00","mainEntityOfPage":{"@id":"https:\/\/portaldoestado.com.br\/index.php\/2026\/01\/10\/imprevisto-em-dubai-faz-virginia-fonseca-adiar-retorno-ao-brasil-e-gera-desabafo\/"},"wordCount":234,"publisher":{"@id":"https:\/\/portaldoestado.com.br\/#organization"},"image":{"@id":"https:\/\/portaldoestado.com.br\/index.php\/2026\/01\/10\/imprevisto-em-dubai-faz-virginia-fonseca-adiar-retorno-ao-brasil-e-gera-desabafo\/#primaryimage"},"thumbnailUrl":"https:\/\/portaldoestado.com.br\/wp-content\/uploads\/2026\/01\/o8wabX8u-Backup-Capa-2-fotos.png","articleSection":["Famosos"],"inLanguage":"pt-BR"},{"@type":"WebPage","@id":"https:\/\/portaldoestado.com.br\/index.php\/2026\/01\/10\/imprevisto-em-dubai-faz-virginia-fonseca-adiar-retorno-ao-brasil-e-gera-desabafo\/","url":"https:\/\/portaldoestado.com.br\/index.php\/2026\/01\/10\/imprevisto-em-dubai-faz-virginia-fonseca-adiar-retorno-ao-brasil-e-gera-desabafo\/","name":"Imprevisto em Dubai faz Virginia Fonseca adiar retorno ao Brasil e gera desabafo - Portal do Estado","isPartOf":{"@id":"https:\/\/portaldoestado.com.br\/#website"},"primaryImageOfPage":{"@id":"https:\/\/portaldoestado.com.br\/index.php\/2026\/01\/10\/imprevisto-em-dubai-faz-virginia-fonseca-adiar-retorno-ao-brasil-e-gera-desabafo\/#primaryimage"},"image":{"@id":"https:\/\/portaldoestado.com.br\/index.php\/2026\/01\/10\/imprevisto-em-dubai-faz-virginia-fonseca-adiar-retorno-ao-brasil-e-gera-desabafo\/#primaryimage"},"thumbnailUrl":"https:\/\/portaldoestado.com.br\/wp-content\/uploads\/2026\/01\/o8wabX8u-Backup-Capa-2-fotos.png","datePublished":"2026-01-10T15:49:20+00:00","breadcrumb":{"@id":"https:\/\/portaldoestado.com.br\/index.php\/2026\/01\/10\/imprevisto-em-dubai-faz-virginia-fonseca-adiar-retorno-ao-brasil-e-gera-desabafo\/#breadcrumb"},"inLanguage":"pt-BR","potentialAction":[{"@type":"ReadAction","target":["https:\/\/portaldoestado.com.br\/index.php\/2026\/01\/10\/imprevisto-em-dubai-faz-virginia-fonseca-adiar-retorno-ao-brasil-e-gera-desabafo\/"]}]},{"@type":"ImageObject","inLanguage":"pt-BR","@id":"https:\/\/portaldoestado.com.br\/index.php\/2026\/01\/10\/imprevisto-em-dubai-faz-virginia-fonseca-adiar-retorno-ao-brasil-e-gera-desabafo\/#primaryimage","url":"https:\/\/portaldoestado.com.br\/wp-content\/uploads\/2026\/01\/o8wabX8u-Backup-Capa-2-fotos.png","contentUrl":"https:\/\/portaldoestado.com.br\/wp-content\/uploads\/2026\/01\/o8wabX8u-Backup-Capa-2-fotos.png","width":1200,"height":900},{"@type":"BreadcrumbList","@id":"https:\/\/portaldoestado.com.br\/index.php\/2026\/01\/10\/imprevisto-em-dubai-faz-virginia-fonseca-adiar-retorno-ao-brasil-e-gera-desabafo\/#breadcrumb","itemListElement":[{"@type":"ListItem","position":1,"name":"In\u00edcio","item":"https:\/\/portaldoestado.com.br\/"},{"@type":"ListItem","position":2,"name":"Imprevisto em Dubai faz Virginia Fonseca adiar retorno ao Brasil e gera desabafo"}]},{"@type":"WebSite","@id":"https:\/\/portaldoestado.com.br\/#website","url":"https:\/\/portaldoestado.com.br\/","name":"Portal do Estado","description":"","publisher":{"@id":"https:\/\/portaldoestado.com.br\/#organization"},"potentialAction":[{"@type":"SearchAction","target":{"@type":"EntryPoint","urlTemplate":"https:\/\/portaldoestado.com.br\/?s={search_term_string}"},"query-input":{"@type":"PropertyValueSpecification","valueRequired":true,"valueName":"search_term_string"}}],"inLanguage":"pt-BR"},{"@type":"Organization","@id":"https:\/\/portaldoestado.com.br\/#organization","name":"Portal do Estado","url":"https:\/\/portaldoestado.com.br\/","logo":{"@type":"ImageObject","inLanguage":"pt-BR","@id":"https:\/\/portaldoestado.com.br\/#\/schema\/logo\/image\/","url":"https:\/\/portaldoestado.com.br\/wp-content\/uploads\/2025\/04\/cropped-6f69b19a-6472-43bf-b1b3-e1910bbbd4e8.png","contentUrl":"https:\/\/portaldoestado.com.br\/wp-content\/uploads\/2025\/04\/cropped-6f69b19a-6472-43bf-b1b3-e1910bbbd4e8.png","width":1024,"height":350,"caption":"Portal do Estado"},"image":{"@id":"https:\/\/portaldoestado.com.br\/#\/schema\/logo\/image\/"}},{"@type":"Person","@id":"https:\/\/portaldoestado.com.br\/#\/schema\/person\/5ca0174f3c8c84b59da62ea14b698cb9","name":"assessoriadefamosos","image":{"@type":"ImageObject","inLanguage":"pt-BR","@id":"https:\/\/portaldoestado.com.br\/#\/schema\/person\/image\/","url":"https:\/\/secure.gravatar.com\/avatar\/a7acbdffcfbbae7240e59f47fe511ec5f5d8c252c779f0b8d9ab02a9e1d8c5ed?s=96&d=mm&r=g","contentUrl":"https:\/\/secure.gravatar.com\/avatar\/a7acbdffcfbbae7240e59f47fe511ec5f5d8c252c779f0b8d9ab02a9e1d8c5ed?s=96&d=mm&r=g","caption":"assessoriadefamosos"},"url":"https:\/\/portaldoestado.com.br\/index.php\/author\/assessoriadefamosos\/"}]}},"jetpack_featured_media_url":"https:\/\/portaldoestado.com.br\/wp-content\/uploads\/2026\/01\/o8wabX8u-Backup-Capa-2-fotos.png","_links":{"self":[{"href":"https:\/\/portaldoestado.com.br\/index.php\/wp-json\/wp\/v2\/posts\/5551","targetHints":{"allow":["GET"]}}],"collection":[{"href":"https:\/\/portaldoestado.com.br\/index.php\/wp-json\/wp\/v2\/posts"}],"about":[{"href":"https:\/\/portaldoestado.com.br\/index.php\/wp-json\/wp\/v2\/types\/post"}],"author":[{"embeddable":true,"href":"https:\/\/portaldoestado.com.br\/index.php\/wp-json\/wp\/v2\/users\/2"}],"replies":[{"embeddable":true,"href":"https:\/\/portaldoestado.com.br\/index.php\/wp-json\/wp\/v2\/comments?post=5551"}],"version-history":[{"count":1,"href":"https:\/\/portaldoestado.com.br\/index.php\/wp-json\/wp\/v2\/posts\/5551\/revisions"}],"predecessor-version":[{"id":5552,"href":"https:\/\/portaldoestado.com.br\/index.php\/wp-json\/wp\/v2\/posts\/5551\/revisions\/5552"}],"wp:featuredmedia":[{"embeddable":true,"href":"https:\/\/portaldoestado.com.br\/index.php\/wp-json\/wp\/v2\/media\/5550"}],"wp:attachment":[{"href":"https:\/\/portaldoestado.com.br\/index.php\/wp-json\/wp\/v2\/media?parent=5551"}],"wp:term":[{"taxonomy":"category","embeddable":true,"href":"https:\/\/portaldoestado.com.br\/index.php\/wp-json\/wp\/v2\/categories?post=5551"},{"taxonomy":"post_tag","embeddable":true,"href":"https:\/\/portaldoestado.com.br\/index.php\/wp-json\/wp\/v2\/tags?post=5551"}],"curies":[{"name":"wp","href":"https:\/\/api.w.org\/{rel}","templated":true}]}}