{"id":5548,"date":"2026-01-10T15:43:41","date_gmt":"2026-01-10T15:43:41","guid":{"rendered":"https:\/\/portaldoestado.com.br\/?p=5548"},"modified":"2026-01-10T15:43:41","modified_gmt":"2026-01-10T15:43:41","slug":"clique-raro-reune-davi-lucca-e-a-irma-mel-durante-ferias-da-familia-de-neymar","status":"publish","type":"post","link":"https:\/\/portaldoestado.com.br\/index.php\/2026\/01\/10\/clique-raro-reune-davi-lucca-e-a-irma-mel-durante-ferias-da-familia-de-neymar\/","title":{"rendered":"Clique raro re\u00fane Davi Lucca e a irm\u00e3 Mel durante f\u00e9rias da fam\u00edlia de Neymar"},"content":{"rendered":"\n<p>Um momento de pura delicadeza ganhou destaque nas redes sociais nesta sexta-feira (9\/1). Em meio \u00e0s f\u00e9rias da fam\u00edlia em Mangaratiba, no litoral do Rio de Janeiro, Davi Lucca, de 14 anos, apareceu em um registro especial ao lado da irm\u00e3 ca\u00e7ula, Mel, de apenas seis meses, encantando seguidores.<\/p>\n\n\n\n<p>A imagem foi compartilhada por Bruna Biancardi, que publicou uma sequ\u00eancia de fotos dos dias de descanso e das celebra\u00e7\u00f5es de fim de ano. Em um dos cliques mais comentados, o primog\u00eanito de Neymar surge segurando a beb\u00ea com cuidado, em uma cena que chamou aten\u00e7\u00e3o pela ternura e pelo simbolismo do encontro.<\/p>\n\n\n\n<p>O momento \u00e9 considerado pouco frequente porque Davi mora em Barcelona, na Espanha, desde 2021, onde vive com a m\u00e3e, Carol Dantas, o padrasto Vinicius Martinez e o irm\u00e3o Valentin. A dist\u00e2ncia faz com que a conviv\u00eancia com as irm\u00e3s mais novas aconte\u00e7a, na maioria das vezes, em per\u00edodos espec\u00edficos de f\u00e9rias.<\/p>\n\n\n\n<p>Mel nasceu em julho de 2025, fruto do relacionamento de Neymar com Bruna Biancardi, que tamb\u00e9m s\u00e3o pais de Mavie, de 2 anos. O jogador ainda \u00e9 pai de Helena, de 1 ano, do relacionamento com a influenciadora Amanda Kimberlly.<\/p>\n\n\n\n<p>Ap\u00f3s passar o Natal com a m\u00e3e, Davi Lucca seguiu para Mangaratiba no dia 25 de dezembro, onde se reuniu com o pai e aproveitou o restante das comemora\u00e7\u00f5es em fam\u00edlia \u2014 rendendo registros raros e cheios de afeto.<\/p>\n","protected":false},"excerpt":{"rendered":"<p>Um momento de pura delicadeza ganhou destaque nas redes sociais nesta sexta-feira (9\/1). Em meio \u00e0s f\u00e9rias da fam\u00edlia em Mangaratiba, no litoral do Rio de Janeiro, Davi Lucca, de 14 anos, apareceu em um registro especial ao lado da irm\u00e3 ca\u00e7ula, Mel, de apenas seis meses, encantando seguidores. A imagem foi compartilhada por Bruna \u2026<\/p>\n","protected":false},"author":2,"featured_media":5547,"comment_status":"closed","ping_status":"open","sticky":false,"template":"","format":"standard","meta":{"footnotes":""},"categories":[3],"tags":[],"class_list":["post-5548","post","type-post","status-publish","format-standard","has-post-thumbnail","hentry","category-famosos"],"yoast_head":"<!-- This site is optimized with the Yoast SEO plugin v25.5 - https:\/\/yoast.com\/wordpress\/plugins\/seo\/ -->\n<title>Clique raro re\u00fane Davi Lucca e a irm\u00e3 Mel durante f\u00e9rias da fam\u00edlia de Neymar - Portal do Estado<\/title>\n<meta name=\"robots\" content=\"index, follow, max-snippet:-1, max-image-preview:large, max-video-preview:-1\" \/>\n<link rel=\"canonical\" href=\"https:\/\/portaldoestado.com.br\/index.php\/2026\/01\/10\/clique-raro-reune-davi-lucca-e-a-irma-mel-durante-ferias-da-familia-de-neymar\/\" \/>\n<meta property=\"og:locale\" content=\"pt_BR\" \/>\n<meta property=\"og:type\" content=\"article\" \/>\n<meta property=\"og:title\" content=\"Clique raro re\u00fane Davi Lucca e a irm\u00e3 Mel durante f\u00e9rias da fam\u00edlia de Neymar - Portal do Estado\" \/>\n<meta property=\"og:description\" content=\"Um momento de pura delicadeza ganhou destaque nas redes sociais nesta sexta-feira (9\/1). Em meio \u00e0s f\u00e9rias da fam\u00edlia em Mangaratiba, no litoral do Rio de Janeiro, Davi Lucca, de 14 anos, apareceu em um registro especial ao lado da irm\u00e3 ca\u00e7ula, Mel, de apenas seis meses, encantando seguidores. A imagem foi compartilhada por Bruna \u2026\" \/>\n<meta property=\"og:url\" content=\"https:\/\/portaldoestado.com.br\/index.php\/2026\/01\/10\/clique-raro-reune-davi-lucca-e-a-irma-mel-durante-ferias-da-familia-de-neymar\/\" \/>\n<meta property=\"og:site_name\" content=\"Portal do Estado\" \/>\n<meta property=\"article:published_time\" content=\"2026-01-10T15:43:41+00:00\" \/>\n<meta property=\"og:image\" content=\"https:\/\/portaldoestado.com.br\/wp-content\/uploads\/2026\/01\/6eoxLvDu-Design-sem-nome-27.jpg\" \/>\n\t<meta property=\"og:image:width\" content=\"1200\" \/>\n\t<meta property=\"og:image:height\" content=\"900\" \/>\n\t<meta property=\"og:image:type\" content=\"image\/jpeg\" \/>\n<meta name=\"author\" content=\"assessoriadefamosos\" \/>\n<meta name=\"twitter:card\" content=\"summary_large_image\" \/>\n<meta name=\"twitter:label1\" content=\"Escrito por\" \/>\n\t<meta name=\"twitter:data1\" content=\"assessoriadefamosos\" \/>\n\t<meta name=\"twitter:label2\" content=\"Est. tempo de leitura\" \/>\n\t<meta name=\"twitter:data2\" content=\"1 minuto\" \/>\n<script type=\"application\/ld+json\" class=\"yoast-schema-graph\">{\"@context\":\"https:\/\/schema.org\",\"@graph\":[{\"@type\":\"Article\",\"@id\":\"https:\/\/portaldoestado.com.br\/index.php\/2026\/01\/10\/clique-raro-reune-davi-lucca-e-a-irma-mel-durante-ferias-da-familia-de-neymar\/#article\",\"isPartOf\":{\"@id\":\"https:\/\/portaldoestado.com.br\/index.php\/2026\/01\/10\/clique-raro-reune-davi-lucca-e-a-irma-mel-durante-ferias-da-familia-de-neymar\/\"},\"author\":{\"name\":\"assessoriadefamosos\",\"@id\":\"https:\/\/portaldoestado.com.br\/#\/schema\/person\/5ca0174f3c8c84b59da62ea14b698cb9\"},\"headline\":\"Clique raro re\u00fane Davi Lucca e a irm\u00e3 Mel durante f\u00e9rias da fam\u00edlia de Neymar\",\"datePublished\":\"2026-01-10T15:43:41+00:00\",\"mainEntityOfPage\":{\"@id\":\"https:\/\/portaldoestado.com.br\/index.php\/2026\/01\/10\/clique-raro-reune-davi-lucca-e-a-irma-mel-durante-ferias-da-familia-de-neymar\/\"},\"wordCount\":263,\"publisher\":{\"@id\":\"https:\/\/portaldoestado.com.br\/#organization\"},\"image\":{\"@id\":\"https:\/\/portaldoestado.com.br\/index.php\/2026\/01\/10\/clique-raro-reune-davi-lucca-e-a-irma-mel-durante-ferias-da-familia-de-neymar\/#primaryimage\"},\"thumbnailUrl\":\"https:\/\/portaldoestado.com.br\/wp-content\/uploads\/2026\/01\/6eoxLvDu-Design-sem-nome-27.jpg\",\"articleSection\":[\"Famosos\"],\"inLanguage\":\"pt-BR\"},{\"@type\":\"WebPage\",\"@id\":\"https:\/\/portaldoestado.com.br\/index.php\/2026\/01\/10\/clique-raro-reune-davi-lucca-e-a-irma-mel-durante-ferias-da-familia-de-neymar\/\",\"url\":\"https:\/\/portaldoestado.com.br\/index.php\/2026\/01\/10\/clique-raro-reune-davi-lucca-e-a-irma-mel-durante-ferias-da-familia-de-neymar\/\",\"name\":\"Clique raro re\u00fane Davi Lucca e a irm\u00e3 Mel durante f\u00e9rias da fam\u00edlia de Neymar - Portal do Estado\",\"isPartOf\":{\"@id\":\"https:\/\/portaldoestado.com.br\/#website\"},\"primaryImageOfPage\":{\"@id\":\"https:\/\/portaldoestado.com.br\/index.php\/2026\/01\/10\/clique-raro-reune-davi-lucca-e-a-irma-mel-durante-ferias-da-familia-de-neymar\/#primaryimage\"},\"image\":{\"@id\":\"https:\/\/portaldoestado.com.br\/index.php\/2026\/01\/10\/clique-raro-reune-davi-lucca-e-a-irma-mel-durante-ferias-da-familia-de-neymar\/#primaryimage\"},\"thumbnailUrl\":\"https:\/\/portaldoestado.com.br\/wp-content\/uploads\/2026\/01\/6eoxLvDu-Design-sem-nome-27.jpg\",\"datePublished\":\"2026-01-10T15:43:41+00:00\",\"breadcrumb\":{\"@id\":\"https:\/\/portaldoestado.com.br\/index.php\/2026\/01\/10\/clique-raro-reune-davi-lucca-e-a-irma-mel-durante-ferias-da-familia-de-neymar\/#breadcrumb\"},\"inLanguage\":\"pt-BR\",\"potentialAction\":[{\"@type\":\"ReadAction\",\"target\":[\"https:\/\/portaldoestado.com.br\/index.php\/2026\/01\/10\/clique-raro-reune-davi-lucca-e-a-irma-mel-durante-ferias-da-familia-de-neymar\/\"]}]},{\"@type\":\"ImageObject\",\"inLanguage\":\"pt-BR\",\"@id\":\"https:\/\/portaldoestado.com.br\/index.php\/2026\/01\/10\/clique-raro-reune-davi-lucca-e-a-irma-mel-durante-ferias-da-familia-de-neymar\/#primaryimage\",\"url\":\"https:\/\/portaldoestado.com.br\/wp-content\/uploads\/2026\/01\/6eoxLvDu-Design-sem-nome-27.jpg\",\"contentUrl\":\"https:\/\/portaldoestado.com.br\/wp-content\/uploads\/2026\/01\/6eoxLvDu-Design-sem-nome-27.jpg\",\"width\":1200,\"height\":900},{\"@type\":\"BreadcrumbList\",\"@id\":\"https:\/\/portaldoestado.com.br\/index.php\/2026\/01\/10\/clique-raro-reune-davi-lucca-e-a-irma-mel-durante-ferias-da-familia-de-neymar\/#breadcrumb\",\"itemListElement\":[{\"@type\":\"ListItem\",\"position\":1,\"name\":\"In\u00edcio\",\"item\":\"https:\/\/portaldoestado.com.br\/\"},{\"@type\":\"ListItem\",\"position\":2,\"name\":\"Clique raro re\u00fane Davi Lucca e a irm\u00e3 Mel durante f\u00e9rias da fam\u00edlia de Neymar\"}]},{\"@type\":\"WebSite\",\"@id\":\"https:\/\/portaldoestado.com.br\/#website\",\"url\":\"https:\/\/portaldoestado.com.br\/\",\"name\":\"Portal do Estado\",\"description\":\"\",\"publisher\":{\"@id\":\"https:\/\/portaldoestado.com.br\/#organization\"},\"potentialAction\":[{\"@type\":\"SearchAction\",\"target\":{\"@type\":\"EntryPoint\",\"urlTemplate\":\"https:\/\/portaldoestado.com.br\/?s={search_term_string}\"},\"query-input\":{\"@type\":\"PropertyValueSpecification\",\"valueRequired\":true,\"valueName\":\"search_term_string\"}}],\"inLanguage\":\"pt-BR\"},{\"@type\":\"Organization\",\"@id\":\"https:\/\/portaldoestado.com.br\/#organization\",\"name\":\"Portal do Estado\",\"url\":\"https:\/\/portaldoestado.com.br\/\",\"logo\":{\"@type\":\"ImageObject\",\"inLanguage\":\"pt-BR\",\"@id\":\"https:\/\/portaldoestado.com.br\/#\/schema\/logo\/image\/\",\"url\":\"https:\/\/portaldoestado.com.br\/wp-content\/uploads\/2025\/04\/cropped-6f69b19a-6472-43bf-b1b3-e1910bbbd4e8.png\",\"contentUrl\":\"https:\/\/portaldoestado.com.br\/wp-content\/uploads\/2025\/04\/cropped-6f69b19a-6472-43bf-b1b3-e1910bbbd4e8.png\",\"width\":1024,\"height\":350,\"caption\":\"Portal do Estado\"},\"image\":{\"@id\":\"https:\/\/portaldoestado.com.br\/#\/schema\/logo\/image\/\"}},{\"@type\":\"Person\",\"@id\":\"https:\/\/portaldoestado.com.br\/#\/schema\/person\/5ca0174f3c8c84b59da62ea14b698cb9\",\"name\":\"assessoriadefamosos\",\"image\":{\"@type\":\"ImageObject\",\"inLanguage\":\"pt-BR\",\"@id\":\"https:\/\/portaldoestado.com.br\/#\/schema\/person\/image\/\",\"url\":\"https:\/\/secure.gravatar.com\/avatar\/a7acbdffcfbbae7240e59f47fe511ec5f5d8c252c779f0b8d9ab02a9e1d8c5ed?s=96&d=mm&r=g\",\"contentUrl\":\"https:\/\/secure.gravatar.com\/avatar\/a7acbdffcfbbae7240e59f47fe511ec5f5d8c252c779f0b8d9ab02a9e1d8c5ed?s=96&d=mm&r=g\",\"caption\":\"assessoriadefamosos\"},\"url\":\"https:\/\/portaldoestado.com.br\/index.php\/author\/assessoriadefamosos\/\"}]}<\/script>\n<!-- \/ Yoast SEO plugin. -->","yoast_head_json":{"title":"Clique raro re\u00fane Davi Lucca e a irm\u00e3 Mel durante f\u00e9rias da fam\u00edlia de Neymar - Portal do Estado","robots":{"index":"index","follow":"follow","max-snippet":"max-snippet:-1","max-image-preview":"max-image-preview:large","max-video-preview":"max-video-preview:-1"},"canonical":"https:\/\/portaldoestado.com.br\/index.php\/2026\/01\/10\/clique-raro-reune-davi-lucca-e-a-irma-mel-durante-ferias-da-familia-de-neymar\/","og_locale":"pt_BR","og_type":"article","og_title":"Clique raro re\u00fane Davi Lucca e a irm\u00e3 Mel durante f\u00e9rias da fam\u00edlia de Neymar - Portal do Estado","og_description":"Um momento de pura delicadeza ganhou destaque nas redes sociais nesta sexta-feira (9\/1). Em meio \u00e0s f\u00e9rias da fam\u00edlia em Mangaratiba, no litoral do Rio de Janeiro, Davi Lucca, de 14 anos, apareceu em um registro especial ao lado da irm\u00e3 ca\u00e7ula, Mel, de apenas seis meses, encantando seguidores. A imagem foi compartilhada por Bruna \u2026","og_url":"https:\/\/portaldoestado.com.br\/index.php\/2026\/01\/10\/clique-raro-reune-davi-lucca-e-a-irma-mel-durante-ferias-da-familia-de-neymar\/","og_site_name":"Portal do Estado","article_published_time":"2026-01-10T15:43:41+00:00","og_image":[{"width":1200,"height":900,"url":"https:\/\/portaldoestado.com.br\/wp-content\/uploads\/2026\/01\/6eoxLvDu-Design-sem-nome-27.jpg","type":"image\/jpeg"}],"author":"assessoriadefamosos","twitter_card":"summary_large_image","twitter_misc":{"Escrito por":"assessoriadefamosos","Est. tempo de leitura":"1 minuto"},"schema":{"@context":"https:\/\/schema.org","@graph":[{"@type":"Article","@id":"https:\/\/portaldoestado.com.br\/index.php\/2026\/01\/10\/clique-raro-reune-davi-lucca-e-a-irma-mel-durante-ferias-da-familia-de-neymar\/#article","isPartOf":{"@id":"https:\/\/portaldoestado.com.br\/index.php\/2026\/01\/10\/clique-raro-reune-davi-lucca-e-a-irma-mel-durante-ferias-da-familia-de-neymar\/"},"author":{"name":"assessoriadefamosos","@id":"https:\/\/portaldoestado.com.br\/#\/schema\/person\/5ca0174f3c8c84b59da62ea14b698cb9"},"headline":"Clique raro re\u00fane Davi Lucca e a irm\u00e3 Mel durante f\u00e9rias da fam\u00edlia de Neymar","datePublished":"2026-01-10T15:43:41+00:00","mainEntityOfPage":{"@id":"https:\/\/portaldoestado.com.br\/index.php\/2026\/01\/10\/clique-raro-reune-davi-lucca-e-a-irma-mel-durante-ferias-da-familia-de-neymar\/"},"wordCount":263,"publisher":{"@id":"https:\/\/portaldoestado.com.br\/#organization"},"image":{"@id":"https:\/\/portaldoestado.com.br\/index.php\/2026\/01\/10\/clique-raro-reune-davi-lucca-e-a-irma-mel-durante-ferias-da-familia-de-neymar\/#primaryimage"},"thumbnailUrl":"https:\/\/portaldoestado.com.br\/wp-content\/uploads\/2026\/01\/6eoxLvDu-Design-sem-nome-27.jpg","articleSection":["Famosos"],"inLanguage":"pt-BR"},{"@type":"WebPage","@id":"https:\/\/portaldoestado.com.br\/index.php\/2026\/01\/10\/clique-raro-reune-davi-lucca-e-a-irma-mel-durante-ferias-da-familia-de-neymar\/","url":"https:\/\/portaldoestado.com.br\/index.php\/2026\/01\/10\/clique-raro-reune-davi-lucca-e-a-irma-mel-durante-ferias-da-familia-de-neymar\/","name":"Clique raro re\u00fane Davi Lucca e a irm\u00e3 Mel durante f\u00e9rias da fam\u00edlia de Neymar - Portal do Estado","isPartOf":{"@id":"https:\/\/portaldoestado.com.br\/#website"},"primaryImageOfPage":{"@id":"https:\/\/portaldoestado.com.br\/index.php\/2026\/01\/10\/clique-raro-reune-davi-lucca-e-a-irma-mel-durante-ferias-da-familia-de-neymar\/#primaryimage"},"image":{"@id":"https:\/\/portaldoestado.com.br\/index.php\/2026\/01\/10\/clique-raro-reune-davi-lucca-e-a-irma-mel-durante-ferias-da-familia-de-neymar\/#primaryimage"},"thumbnailUrl":"https:\/\/portaldoestado.com.br\/wp-content\/uploads\/2026\/01\/6eoxLvDu-Design-sem-nome-27.jpg","datePublished":"2026-01-10T15:43:41+00:00","breadcrumb":{"@id":"https:\/\/portaldoestado.com.br\/index.php\/2026\/01\/10\/clique-raro-reune-davi-lucca-e-a-irma-mel-durante-ferias-da-familia-de-neymar\/#breadcrumb"},"inLanguage":"pt-BR","potentialAction":[{"@type":"ReadAction","target":["https:\/\/portaldoestado.com.br\/index.php\/2026\/01\/10\/clique-raro-reune-davi-lucca-e-a-irma-mel-durante-ferias-da-familia-de-neymar\/"]}]},{"@type":"ImageObject","inLanguage":"pt-BR","@id":"https:\/\/portaldoestado.com.br\/index.php\/2026\/01\/10\/clique-raro-reune-davi-lucca-e-a-irma-mel-durante-ferias-da-familia-de-neymar\/#primaryimage","url":"https:\/\/portaldoestado.com.br\/wp-content\/uploads\/2026\/01\/6eoxLvDu-Design-sem-nome-27.jpg","contentUrl":"https:\/\/portaldoestado.com.br\/wp-content\/uploads\/2026\/01\/6eoxLvDu-Design-sem-nome-27.jpg","width":1200,"height":900},{"@type":"BreadcrumbList","@id":"https:\/\/portaldoestado.com.br\/index.php\/2026\/01\/10\/clique-raro-reune-davi-lucca-e-a-irma-mel-durante-ferias-da-familia-de-neymar\/#breadcrumb","itemListElement":[{"@type":"ListItem","position":1,"name":"In\u00edcio","item":"https:\/\/portaldoestado.com.br\/"},{"@type":"ListItem","position":2,"name":"Clique raro re\u00fane Davi Lucca e a irm\u00e3 Mel durante f\u00e9rias da fam\u00edlia de Neymar"}]},{"@type":"WebSite","@id":"https:\/\/portaldoestado.com.br\/#website","url":"https:\/\/portaldoestado.com.br\/","name":"Portal do Estado","description":"","publisher":{"@id":"https:\/\/portaldoestado.com.br\/#organization"},"potentialAction":[{"@type":"SearchAction","target":{"@type":"EntryPoint","urlTemplate":"https:\/\/portaldoestado.com.br\/?s={search_term_string}"},"query-input":{"@type":"PropertyValueSpecification","valueRequired":true,"valueName":"search_term_string"}}],"inLanguage":"pt-BR"},{"@type":"Organization","@id":"https:\/\/portaldoestado.com.br\/#organization","name":"Portal do Estado","url":"https:\/\/portaldoestado.com.br\/","logo":{"@type":"ImageObject","inLanguage":"pt-BR","@id":"https:\/\/portaldoestado.com.br\/#\/schema\/logo\/image\/","url":"https:\/\/portaldoestado.com.br\/wp-content\/uploads\/2025\/04\/cropped-6f69b19a-6472-43bf-b1b3-e1910bbbd4e8.png","contentUrl":"https:\/\/portaldoestado.com.br\/wp-content\/uploads\/2025\/04\/cropped-6f69b19a-6472-43bf-b1b3-e1910bbbd4e8.png","width":1024,"height":350,"caption":"Portal do Estado"},"image":{"@id":"https:\/\/portaldoestado.com.br\/#\/schema\/logo\/image\/"}},{"@type":"Person","@id":"https:\/\/portaldoestado.com.br\/#\/schema\/person\/5ca0174f3c8c84b59da62ea14b698cb9","name":"assessoriadefamosos","image":{"@type":"ImageObject","inLanguage":"pt-BR","@id":"https:\/\/portaldoestado.com.br\/#\/schema\/person\/image\/","url":"https:\/\/secure.gravatar.com\/avatar\/a7acbdffcfbbae7240e59f47fe511ec5f5d8c252c779f0b8d9ab02a9e1d8c5ed?s=96&d=mm&r=g","contentUrl":"https:\/\/secure.gravatar.com\/avatar\/a7acbdffcfbbae7240e59f47fe511ec5f5d8c252c779f0b8d9ab02a9e1d8c5ed?s=96&d=mm&r=g","caption":"assessoriadefamosos"},"url":"https:\/\/portaldoestado.com.br\/index.php\/author\/assessoriadefamosos\/"}]}},"jetpack_featured_media_url":"https:\/\/portaldoestado.com.br\/wp-content\/uploads\/2026\/01\/6eoxLvDu-Design-sem-nome-27.jpg","_links":{"self":[{"href":"https:\/\/portaldoestado.com.br\/index.php\/wp-json\/wp\/v2\/posts\/5548","targetHints":{"allow":["GET"]}}],"collection":[{"href":"https:\/\/portaldoestado.com.br\/index.php\/wp-json\/wp\/v2\/posts"}],"about":[{"href":"https:\/\/portaldoestado.com.br\/index.php\/wp-json\/wp\/v2\/types\/post"}],"author":[{"embeddable":true,"href":"https:\/\/portaldoestado.com.br\/index.php\/wp-json\/wp\/v2\/users\/2"}],"replies":[{"embeddable":true,"href":"https:\/\/portaldoestado.com.br\/index.php\/wp-json\/wp\/v2\/comments?post=5548"}],"version-history":[{"count":1,"href":"https:\/\/portaldoestado.com.br\/index.php\/wp-json\/wp\/v2\/posts\/5548\/revisions"}],"predecessor-version":[{"id":5549,"href":"https:\/\/portaldoestado.com.br\/index.php\/wp-json\/wp\/v2\/posts\/5548\/revisions\/5549"}],"wp:featuredmedia":[{"embeddable":true,"href":"https:\/\/portaldoestado.com.br\/index.php\/wp-json\/wp\/v2\/media\/5547"}],"wp:attachment":[{"href":"https:\/\/portaldoestado.com.br\/index.php\/wp-json\/wp\/v2\/media?parent=5548"}],"wp:term":[{"taxonomy":"category","embeddable":true,"href":"https:\/\/portaldoestado.com.br\/index.php\/wp-json\/wp\/v2\/categories?post=5548"},{"taxonomy":"post_tag","embeddable":true,"href":"https:\/\/portaldoestado.com.br\/index.php\/wp-json\/wp\/v2\/tags?post=5548"}],"curies":[{"name":"wp","href":"https:\/\/api.w.org\/{rel}","templated":true}]}}