{"id":5539,"date":"2026-01-10T15:30:03","date_gmt":"2026-01-10T15:30:03","guid":{"rendered":"https:\/\/portaldoestado.com.br\/?p=5539"},"modified":"2026-01-10T15:30:03","modified_gmt":"2026-01-10T15:30:03","slug":"apos-viagem-em-familia-leticia-colin-e-michel-melamed-oficializam-reconciliacao","status":"publish","type":"post","link":"https:\/\/portaldoestado.com.br\/index.php\/2026\/01\/10\/apos-viagem-em-familia-leticia-colin-e-michel-melamed-oficializam-reconciliacao\/","title":{"rendered":"Ap\u00f3s viagem em fam\u00edlia, Let\u00edcia Colin e Michel Melamed oficializam reconcilia\u00e7\u00e3o"},"content":{"rendered":"\n<p>Let\u00edcia Colin e Michel Melamed decidiram retomar o casamento e dar in\u00edcio a uma nova fase da rela\u00e7\u00e3o. A informa\u00e7\u00e3o foi confirmada pela assessoria do casal \u00e0 revista <em>Quem<\/em>, poucos dias depois de ambos terem negado publicamente qualquer reconcilia\u00e7\u00e3o, mesmo diante de rumores levantados por uma viagem em fam\u00edlia ao Canad\u00e1.<\/p>\n\n\n\n<p>A retomada do relacionamento acontece quase dois anos ap\u00f3s a separa\u00e7\u00e3o, anunciada em julho de 2024. Na ocasi\u00e3o, os dois destacaram que seguiriam pr\u00f3ximos por causa do filho, Uri, de 5 anos. Curiosamente, apenas quatro dias antes da confirma\u00e7\u00e3o da volta, a equipe da atriz refor\u00e7ou que eles continuavam separados e mantinham apenas uma rela\u00e7\u00e3o amistosa.<\/p>\n\n\n\n<p>No fim de dezembro, Let\u00edcia comemorou seus 36 anos em Alberta, no Canad\u00e1, ao lado de Michel e do filho. Foi durante esse per\u00edodo fora do Brasil que o casal decidiu reatar de vez. Ap\u00f3s a viagem, registros compartilhados nas redes sociais mostraram os dois em clima de intimidade, o que aumentou ainda mais as especula\u00e7\u00f5es.<\/p>\n\n\n\n<p>Al\u00e9m das fotos, uma mensagem publicada por Let\u00edcia no X (antigo Twitter) chamou aten\u00e7\u00e3o dos f\u00e3s. \u201cSorrir. Talvez seja melhor ter um relacionamento engra\u00e7ado do que ter um relacionamento s\u00e9rio\u201d, escreveu a atriz, em uma frase interpretada como um reflexo do momento atual do casal.<\/p>\n\n\n\n<p>Depois de nove anos juntos antes da separa\u00e7\u00e3o, Let\u00edcia Colin e Michel Melamed agora retomam a rela\u00e7\u00e3o, iniciando um novo cap\u00edtulo marcado pela conviv\u00eancia familiar e pela tentativa de recome\u00e7o.<\/p>\n","protected":false},"excerpt":{"rendered":"<p>Let\u00edcia Colin e Michel Melamed decidiram retomar o casamento e dar in\u00edcio a uma nova fase da rela\u00e7\u00e3o. A informa\u00e7\u00e3o foi confirmada pela assessoria do casal \u00e0 revista Quem, poucos dias depois de ambos terem negado publicamente qualquer reconcilia\u00e7\u00e3o, mesmo diante de rumores levantados por uma viagem em fam\u00edlia ao Canad\u00e1. A retomada do relacionamento \u2026<\/p>\n","protected":false},"author":2,"featured_media":5538,"comment_status":"closed","ping_status":"open","sticky":false,"template":"","format":"standard","meta":{"footnotes":""},"categories":[3],"tags":[],"class_list":["post-5539","post","type-post","status-publish","format-standard","has-post-thumbnail","hentry","category-famosos"],"yoast_head":"<!-- This site is optimized with the Yoast SEO plugin v25.5 - https:\/\/yoast.com\/wordpress\/plugins\/seo\/ -->\n<title>Ap\u00f3s viagem em fam\u00edlia, Let\u00edcia Colin e Michel Melamed oficializam reconcilia\u00e7\u00e3o - Portal do Estado<\/title>\n<meta name=\"robots\" content=\"index, follow, max-snippet:-1, max-image-preview:large, max-video-preview:-1\" \/>\n<link rel=\"canonical\" href=\"https:\/\/portaldoestado.com.br\/index.php\/2026\/01\/10\/apos-viagem-em-familia-leticia-colin-e-michel-melamed-oficializam-reconciliacao\/\" \/>\n<meta property=\"og:locale\" content=\"pt_BR\" \/>\n<meta property=\"og:type\" content=\"article\" \/>\n<meta property=\"og:title\" content=\"Ap\u00f3s viagem em fam\u00edlia, Let\u00edcia Colin e Michel Melamed oficializam reconcilia\u00e7\u00e3o - Portal do Estado\" \/>\n<meta property=\"og:description\" content=\"Let\u00edcia Colin e Michel Melamed decidiram retomar o casamento e dar in\u00edcio a uma nova fase da rela\u00e7\u00e3o. A informa\u00e7\u00e3o foi confirmada pela assessoria do casal \u00e0 revista Quem, poucos dias depois de ambos terem negado publicamente qualquer reconcilia\u00e7\u00e3o, mesmo diante de rumores levantados por uma viagem em fam\u00edlia ao Canad\u00e1. A retomada do relacionamento \u2026\" \/>\n<meta property=\"og:url\" content=\"https:\/\/portaldoestado.com.br\/index.php\/2026\/01\/10\/apos-viagem-em-familia-leticia-colin-e-michel-melamed-oficializam-reconciliacao\/\" \/>\n<meta property=\"og:site_name\" content=\"Portal do Estado\" \/>\n<meta property=\"article:published_time\" content=\"2026-01-10T15:30:03+00:00\" \/>\n<meta property=\"og:image\" content=\"https:\/\/portaldoestado.com.br\/wp-content\/uploads\/2026\/01\/SiAnlCcP-Padrao-para-Portal-LeoDias-4.jpg\" \/>\n\t<meta property=\"og:image:width\" content=\"1200\" \/>\n\t<meta property=\"og:image:height\" content=\"900\" \/>\n\t<meta property=\"og:image:type\" content=\"image\/jpeg\" \/>\n<meta name=\"author\" content=\"assessoriadefamosos\" \/>\n<meta name=\"twitter:card\" content=\"summary_large_image\" \/>\n<meta name=\"twitter:label1\" content=\"Escrito por\" \/>\n\t<meta name=\"twitter:data1\" content=\"assessoriadefamosos\" \/>\n\t<meta name=\"twitter:label2\" content=\"Est. tempo de leitura\" \/>\n\t<meta name=\"twitter:data2\" content=\"1 minuto\" \/>\n<script type=\"application\/ld+json\" class=\"yoast-schema-graph\">{\"@context\":\"https:\/\/schema.org\",\"@graph\":[{\"@type\":\"Article\",\"@id\":\"https:\/\/portaldoestado.com.br\/index.php\/2026\/01\/10\/apos-viagem-em-familia-leticia-colin-e-michel-melamed-oficializam-reconciliacao\/#article\",\"isPartOf\":{\"@id\":\"https:\/\/portaldoestado.com.br\/index.php\/2026\/01\/10\/apos-viagem-em-familia-leticia-colin-e-michel-melamed-oficializam-reconciliacao\/\"},\"author\":{\"name\":\"assessoriadefamosos\",\"@id\":\"https:\/\/portaldoestado.com.br\/#\/schema\/person\/5ca0174f3c8c84b59da62ea14b698cb9\"},\"headline\":\"Ap\u00f3s viagem em fam\u00edlia, Let\u00edcia Colin e Michel Melamed oficializam reconcilia\u00e7\u00e3o\",\"datePublished\":\"2026-01-10T15:30:03+00:00\",\"mainEntityOfPage\":{\"@id\":\"https:\/\/portaldoestado.com.br\/index.php\/2026\/01\/10\/apos-viagem-em-familia-leticia-colin-e-michel-melamed-oficializam-reconciliacao\/\"},\"wordCount\":278,\"publisher\":{\"@id\":\"https:\/\/portaldoestado.com.br\/#organization\"},\"image\":{\"@id\":\"https:\/\/portaldoestado.com.br\/index.php\/2026\/01\/10\/apos-viagem-em-familia-leticia-colin-e-michel-melamed-oficializam-reconciliacao\/#primaryimage\"},\"thumbnailUrl\":\"https:\/\/portaldoestado.com.br\/wp-content\/uploads\/2026\/01\/SiAnlCcP-Padrao-para-Portal-LeoDias-4.jpg\",\"articleSection\":[\"Famosos\"],\"inLanguage\":\"pt-BR\"},{\"@type\":\"WebPage\",\"@id\":\"https:\/\/portaldoestado.com.br\/index.php\/2026\/01\/10\/apos-viagem-em-familia-leticia-colin-e-michel-melamed-oficializam-reconciliacao\/\",\"url\":\"https:\/\/portaldoestado.com.br\/index.php\/2026\/01\/10\/apos-viagem-em-familia-leticia-colin-e-michel-melamed-oficializam-reconciliacao\/\",\"name\":\"Ap\u00f3s viagem em fam\u00edlia, Let\u00edcia Colin e Michel Melamed oficializam reconcilia\u00e7\u00e3o - Portal do Estado\",\"isPartOf\":{\"@id\":\"https:\/\/portaldoestado.com.br\/#website\"},\"primaryImageOfPage\":{\"@id\":\"https:\/\/portaldoestado.com.br\/index.php\/2026\/01\/10\/apos-viagem-em-familia-leticia-colin-e-michel-melamed-oficializam-reconciliacao\/#primaryimage\"},\"image\":{\"@id\":\"https:\/\/portaldoestado.com.br\/index.php\/2026\/01\/10\/apos-viagem-em-familia-leticia-colin-e-michel-melamed-oficializam-reconciliacao\/#primaryimage\"},\"thumbnailUrl\":\"https:\/\/portaldoestado.com.br\/wp-content\/uploads\/2026\/01\/SiAnlCcP-Padrao-para-Portal-LeoDias-4.jpg\",\"datePublished\":\"2026-01-10T15:30:03+00:00\",\"breadcrumb\":{\"@id\":\"https:\/\/portaldoestado.com.br\/index.php\/2026\/01\/10\/apos-viagem-em-familia-leticia-colin-e-michel-melamed-oficializam-reconciliacao\/#breadcrumb\"},\"inLanguage\":\"pt-BR\",\"potentialAction\":[{\"@type\":\"ReadAction\",\"target\":[\"https:\/\/portaldoestado.com.br\/index.php\/2026\/01\/10\/apos-viagem-em-familia-leticia-colin-e-michel-melamed-oficializam-reconciliacao\/\"]}]},{\"@type\":\"ImageObject\",\"inLanguage\":\"pt-BR\",\"@id\":\"https:\/\/portaldoestado.com.br\/index.php\/2026\/01\/10\/apos-viagem-em-familia-leticia-colin-e-michel-melamed-oficializam-reconciliacao\/#primaryimage\",\"url\":\"https:\/\/portaldoestado.com.br\/wp-content\/uploads\/2026\/01\/SiAnlCcP-Padrao-para-Portal-LeoDias-4.jpg\",\"contentUrl\":\"https:\/\/portaldoestado.com.br\/wp-content\/uploads\/2026\/01\/SiAnlCcP-Padrao-para-Portal-LeoDias-4.jpg\",\"width\":1200,\"height\":900},{\"@type\":\"BreadcrumbList\",\"@id\":\"https:\/\/portaldoestado.com.br\/index.php\/2026\/01\/10\/apos-viagem-em-familia-leticia-colin-e-michel-melamed-oficializam-reconciliacao\/#breadcrumb\",\"itemListElement\":[{\"@type\":\"ListItem\",\"position\":1,\"name\":\"In\u00edcio\",\"item\":\"https:\/\/portaldoestado.com.br\/\"},{\"@type\":\"ListItem\",\"position\":2,\"name\":\"Ap\u00f3s viagem em fam\u00edlia, Let\u00edcia Colin e Michel Melamed oficializam reconcilia\u00e7\u00e3o\"}]},{\"@type\":\"WebSite\",\"@id\":\"https:\/\/portaldoestado.com.br\/#website\",\"url\":\"https:\/\/portaldoestado.com.br\/\",\"name\":\"Portal do Estado\",\"description\":\"\",\"publisher\":{\"@id\":\"https:\/\/portaldoestado.com.br\/#organization\"},\"potentialAction\":[{\"@type\":\"SearchAction\",\"target\":{\"@type\":\"EntryPoint\",\"urlTemplate\":\"https:\/\/portaldoestado.com.br\/?s={search_term_string}\"},\"query-input\":{\"@type\":\"PropertyValueSpecification\",\"valueRequired\":true,\"valueName\":\"search_term_string\"}}],\"inLanguage\":\"pt-BR\"},{\"@type\":\"Organization\",\"@id\":\"https:\/\/portaldoestado.com.br\/#organization\",\"name\":\"Portal do Estado\",\"url\":\"https:\/\/portaldoestado.com.br\/\",\"logo\":{\"@type\":\"ImageObject\",\"inLanguage\":\"pt-BR\",\"@id\":\"https:\/\/portaldoestado.com.br\/#\/schema\/logo\/image\/\",\"url\":\"https:\/\/portaldoestado.com.br\/wp-content\/uploads\/2025\/04\/cropped-6f69b19a-6472-43bf-b1b3-e1910bbbd4e8.png\",\"contentUrl\":\"https:\/\/portaldoestado.com.br\/wp-content\/uploads\/2025\/04\/cropped-6f69b19a-6472-43bf-b1b3-e1910bbbd4e8.png\",\"width\":1024,\"height\":350,\"caption\":\"Portal do Estado\"},\"image\":{\"@id\":\"https:\/\/portaldoestado.com.br\/#\/schema\/logo\/image\/\"}},{\"@type\":\"Person\",\"@id\":\"https:\/\/portaldoestado.com.br\/#\/schema\/person\/5ca0174f3c8c84b59da62ea14b698cb9\",\"name\":\"assessoriadefamosos\",\"image\":{\"@type\":\"ImageObject\",\"inLanguage\":\"pt-BR\",\"@id\":\"https:\/\/portaldoestado.com.br\/#\/schema\/person\/image\/\",\"url\":\"https:\/\/secure.gravatar.com\/avatar\/a7acbdffcfbbae7240e59f47fe511ec5f5d8c252c779f0b8d9ab02a9e1d8c5ed?s=96&d=mm&r=g\",\"contentUrl\":\"https:\/\/secure.gravatar.com\/avatar\/a7acbdffcfbbae7240e59f47fe511ec5f5d8c252c779f0b8d9ab02a9e1d8c5ed?s=96&d=mm&r=g\",\"caption\":\"assessoriadefamosos\"},\"url\":\"https:\/\/portaldoestado.com.br\/index.php\/author\/assessoriadefamosos\/\"}]}<\/script>\n<!-- \/ Yoast SEO plugin. -->","yoast_head_json":{"title":"Ap\u00f3s viagem em fam\u00edlia, Let\u00edcia Colin e Michel Melamed oficializam reconcilia\u00e7\u00e3o - Portal do Estado","robots":{"index":"index","follow":"follow","max-snippet":"max-snippet:-1","max-image-preview":"max-image-preview:large","max-video-preview":"max-video-preview:-1"},"canonical":"https:\/\/portaldoestado.com.br\/index.php\/2026\/01\/10\/apos-viagem-em-familia-leticia-colin-e-michel-melamed-oficializam-reconciliacao\/","og_locale":"pt_BR","og_type":"article","og_title":"Ap\u00f3s viagem em fam\u00edlia, Let\u00edcia Colin e Michel Melamed oficializam reconcilia\u00e7\u00e3o - Portal do Estado","og_description":"Let\u00edcia Colin e Michel Melamed decidiram retomar o casamento e dar in\u00edcio a uma nova fase da rela\u00e7\u00e3o. A informa\u00e7\u00e3o foi confirmada pela assessoria do casal \u00e0 revista Quem, poucos dias depois de ambos terem negado publicamente qualquer reconcilia\u00e7\u00e3o, mesmo diante de rumores levantados por uma viagem em fam\u00edlia ao Canad\u00e1. A retomada do relacionamento \u2026","og_url":"https:\/\/portaldoestado.com.br\/index.php\/2026\/01\/10\/apos-viagem-em-familia-leticia-colin-e-michel-melamed-oficializam-reconciliacao\/","og_site_name":"Portal do Estado","article_published_time":"2026-01-10T15:30:03+00:00","og_image":[{"width":1200,"height":900,"url":"https:\/\/portaldoestado.com.br\/wp-content\/uploads\/2026\/01\/SiAnlCcP-Padrao-para-Portal-LeoDias-4.jpg","type":"image\/jpeg"}],"author":"assessoriadefamosos","twitter_card":"summary_large_image","twitter_misc":{"Escrito por":"assessoriadefamosos","Est. tempo de leitura":"1 minuto"},"schema":{"@context":"https:\/\/schema.org","@graph":[{"@type":"Article","@id":"https:\/\/portaldoestado.com.br\/index.php\/2026\/01\/10\/apos-viagem-em-familia-leticia-colin-e-michel-melamed-oficializam-reconciliacao\/#article","isPartOf":{"@id":"https:\/\/portaldoestado.com.br\/index.php\/2026\/01\/10\/apos-viagem-em-familia-leticia-colin-e-michel-melamed-oficializam-reconciliacao\/"},"author":{"name":"assessoriadefamosos","@id":"https:\/\/portaldoestado.com.br\/#\/schema\/person\/5ca0174f3c8c84b59da62ea14b698cb9"},"headline":"Ap\u00f3s viagem em fam\u00edlia, Let\u00edcia Colin e Michel Melamed oficializam reconcilia\u00e7\u00e3o","datePublished":"2026-01-10T15:30:03+00:00","mainEntityOfPage":{"@id":"https:\/\/portaldoestado.com.br\/index.php\/2026\/01\/10\/apos-viagem-em-familia-leticia-colin-e-michel-melamed-oficializam-reconciliacao\/"},"wordCount":278,"publisher":{"@id":"https:\/\/portaldoestado.com.br\/#organization"},"image":{"@id":"https:\/\/portaldoestado.com.br\/index.php\/2026\/01\/10\/apos-viagem-em-familia-leticia-colin-e-michel-melamed-oficializam-reconciliacao\/#primaryimage"},"thumbnailUrl":"https:\/\/portaldoestado.com.br\/wp-content\/uploads\/2026\/01\/SiAnlCcP-Padrao-para-Portal-LeoDias-4.jpg","articleSection":["Famosos"],"inLanguage":"pt-BR"},{"@type":"WebPage","@id":"https:\/\/portaldoestado.com.br\/index.php\/2026\/01\/10\/apos-viagem-em-familia-leticia-colin-e-michel-melamed-oficializam-reconciliacao\/","url":"https:\/\/portaldoestado.com.br\/index.php\/2026\/01\/10\/apos-viagem-em-familia-leticia-colin-e-michel-melamed-oficializam-reconciliacao\/","name":"Ap\u00f3s viagem em fam\u00edlia, Let\u00edcia Colin e Michel Melamed oficializam reconcilia\u00e7\u00e3o - Portal do Estado","isPartOf":{"@id":"https:\/\/portaldoestado.com.br\/#website"},"primaryImageOfPage":{"@id":"https:\/\/portaldoestado.com.br\/index.php\/2026\/01\/10\/apos-viagem-em-familia-leticia-colin-e-michel-melamed-oficializam-reconciliacao\/#primaryimage"},"image":{"@id":"https:\/\/portaldoestado.com.br\/index.php\/2026\/01\/10\/apos-viagem-em-familia-leticia-colin-e-michel-melamed-oficializam-reconciliacao\/#primaryimage"},"thumbnailUrl":"https:\/\/portaldoestado.com.br\/wp-content\/uploads\/2026\/01\/SiAnlCcP-Padrao-para-Portal-LeoDias-4.jpg","datePublished":"2026-01-10T15:30:03+00:00","breadcrumb":{"@id":"https:\/\/portaldoestado.com.br\/index.php\/2026\/01\/10\/apos-viagem-em-familia-leticia-colin-e-michel-melamed-oficializam-reconciliacao\/#breadcrumb"},"inLanguage":"pt-BR","potentialAction":[{"@type":"ReadAction","target":["https:\/\/portaldoestado.com.br\/index.php\/2026\/01\/10\/apos-viagem-em-familia-leticia-colin-e-michel-melamed-oficializam-reconciliacao\/"]}]},{"@type":"ImageObject","inLanguage":"pt-BR","@id":"https:\/\/portaldoestado.com.br\/index.php\/2026\/01\/10\/apos-viagem-em-familia-leticia-colin-e-michel-melamed-oficializam-reconciliacao\/#primaryimage","url":"https:\/\/portaldoestado.com.br\/wp-content\/uploads\/2026\/01\/SiAnlCcP-Padrao-para-Portal-LeoDias-4.jpg","contentUrl":"https:\/\/portaldoestado.com.br\/wp-content\/uploads\/2026\/01\/SiAnlCcP-Padrao-para-Portal-LeoDias-4.jpg","width":1200,"height":900},{"@type":"BreadcrumbList","@id":"https:\/\/portaldoestado.com.br\/index.php\/2026\/01\/10\/apos-viagem-em-familia-leticia-colin-e-michel-melamed-oficializam-reconciliacao\/#breadcrumb","itemListElement":[{"@type":"ListItem","position":1,"name":"In\u00edcio","item":"https:\/\/portaldoestado.com.br\/"},{"@type":"ListItem","position":2,"name":"Ap\u00f3s viagem em fam\u00edlia, Let\u00edcia Colin e Michel Melamed oficializam reconcilia\u00e7\u00e3o"}]},{"@type":"WebSite","@id":"https:\/\/portaldoestado.com.br\/#website","url":"https:\/\/portaldoestado.com.br\/","name":"Portal do Estado","description":"","publisher":{"@id":"https:\/\/portaldoestado.com.br\/#organization"},"potentialAction":[{"@type":"SearchAction","target":{"@type":"EntryPoint","urlTemplate":"https:\/\/portaldoestado.com.br\/?s={search_term_string}"},"query-input":{"@type":"PropertyValueSpecification","valueRequired":true,"valueName":"search_term_string"}}],"inLanguage":"pt-BR"},{"@type":"Organization","@id":"https:\/\/portaldoestado.com.br\/#organization","name":"Portal do Estado","url":"https:\/\/portaldoestado.com.br\/","logo":{"@type":"ImageObject","inLanguage":"pt-BR","@id":"https:\/\/portaldoestado.com.br\/#\/schema\/logo\/image\/","url":"https:\/\/portaldoestado.com.br\/wp-content\/uploads\/2025\/04\/cropped-6f69b19a-6472-43bf-b1b3-e1910bbbd4e8.png","contentUrl":"https:\/\/portaldoestado.com.br\/wp-content\/uploads\/2025\/04\/cropped-6f69b19a-6472-43bf-b1b3-e1910bbbd4e8.png","width":1024,"height":350,"caption":"Portal do Estado"},"image":{"@id":"https:\/\/portaldoestado.com.br\/#\/schema\/logo\/image\/"}},{"@type":"Person","@id":"https:\/\/portaldoestado.com.br\/#\/schema\/person\/5ca0174f3c8c84b59da62ea14b698cb9","name":"assessoriadefamosos","image":{"@type":"ImageObject","inLanguage":"pt-BR","@id":"https:\/\/portaldoestado.com.br\/#\/schema\/person\/image\/","url":"https:\/\/secure.gravatar.com\/avatar\/a7acbdffcfbbae7240e59f47fe511ec5f5d8c252c779f0b8d9ab02a9e1d8c5ed?s=96&d=mm&r=g","contentUrl":"https:\/\/secure.gravatar.com\/avatar\/a7acbdffcfbbae7240e59f47fe511ec5f5d8c252c779f0b8d9ab02a9e1d8c5ed?s=96&d=mm&r=g","caption":"assessoriadefamosos"},"url":"https:\/\/portaldoestado.com.br\/index.php\/author\/assessoriadefamosos\/"}]}},"jetpack_featured_media_url":"https:\/\/portaldoestado.com.br\/wp-content\/uploads\/2026\/01\/SiAnlCcP-Padrao-para-Portal-LeoDias-4.jpg","_links":{"self":[{"href":"https:\/\/portaldoestado.com.br\/index.php\/wp-json\/wp\/v2\/posts\/5539","targetHints":{"allow":["GET"]}}],"collection":[{"href":"https:\/\/portaldoestado.com.br\/index.php\/wp-json\/wp\/v2\/posts"}],"about":[{"href":"https:\/\/portaldoestado.com.br\/index.php\/wp-json\/wp\/v2\/types\/post"}],"author":[{"embeddable":true,"href":"https:\/\/portaldoestado.com.br\/index.php\/wp-json\/wp\/v2\/users\/2"}],"replies":[{"embeddable":true,"href":"https:\/\/portaldoestado.com.br\/index.php\/wp-json\/wp\/v2\/comments?post=5539"}],"version-history":[{"count":1,"href":"https:\/\/portaldoestado.com.br\/index.php\/wp-json\/wp\/v2\/posts\/5539\/revisions"}],"predecessor-version":[{"id":5540,"href":"https:\/\/portaldoestado.com.br\/index.php\/wp-json\/wp\/v2\/posts\/5539\/revisions\/5540"}],"wp:featuredmedia":[{"embeddable":true,"href":"https:\/\/portaldoestado.com.br\/index.php\/wp-json\/wp\/v2\/media\/5538"}],"wp:attachment":[{"href":"https:\/\/portaldoestado.com.br\/index.php\/wp-json\/wp\/v2\/media?parent=5539"}],"wp:term":[{"taxonomy":"category","embeddable":true,"href":"https:\/\/portaldoestado.com.br\/index.php\/wp-json\/wp\/v2\/categories?post=5539"},{"taxonomy":"post_tag","embeddable":true,"href":"https:\/\/portaldoestado.com.br\/index.php\/wp-json\/wp\/v2\/tags?post=5539"}],"curies":[{"name":"wp","href":"https:\/\/api.w.org\/{rel}","templated":true}]}}