{"id":5533,"date":"2026-01-10T15:21:24","date_gmt":"2026-01-10T15:21:24","guid":{"rendered":"https:\/\/portaldoestado.com.br\/?p=5533"},"modified":"2026-01-10T15:21:24","modified_gmt":"2026-01-10T15:21:24","slug":"encantado-com-a-paternidade-nattanzinho-ja-sonha-com-mais-filhos-ao-lado-de-rafa-kalimann","status":"publish","type":"post","link":"https:\/\/portaldoestado.com.br\/index.php\/2026\/01\/10\/encantado-com-a-paternidade-nattanzinho-ja-sonha-com-mais-filhos-ao-lado-de-rafa-kalimann\/","title":{"rendered":"Encantado com a paternidade, Nattanzinho j\u00e1 sonha com mais filhos ao lado de Rafa Kalimann"},"content":{"rendered":"\n<p>A chegada de Zuza mal completou alguns dias e Nattanzinho j\u00e1 se mostra empolgado com a ideia de aumentar a fam\u00edlia. O cantor, que vive a primeira experi\u00eancia como pai, revelou que deseja ter mais um filho com Rafa Kalimann e at\u00e9 adiantou o nome escolhido caso venha um menino: Joaquim.<\/p>\n\n\n\n<p>Nesta sexta-feira (9\/1), o forrozeiro falou sobre o assunto em suas redes sociais e contou que o desejo \u00e9 compartilhado pelo casal, embora sem pressa. \u201cEu j\u00e1 falei pra Rafa que quero outro, e ela disse: \u2018Calma, vamos ter, mas calma tamb\u00e9m, porque n\u00e3o pode esquecer da gente\u2019\u201d, relatou, em tom descontra\u00eddo.<\/p>\n\n\n\n<p>Segundo o artista, o foco agora \u00e9 aproveitar cada momento ao lado da rec\u00e9m-nascida. \u201cVamos curtir muito a Zuza. Depois que ela estiver maiorzinha, voltar a viajar, aproveitar como a gente aproveitava antes\u2026 e a\u00ed, quem sabe, vem um Joaquim depois\u201d, disse, demonstrando entusiasmo com o futuro.<\/p>\n\n\n\n<p>No mesmo dia, Rafa Kalimann e a pequena Zuza receberam alta do Hospital e Maternidade S\u00e3o Luiz, em S\u00e3o Paulo. A beb\u00ea nasceu na \u00faltima ter\u00e7a-feira (6\/1), ap\u00f3s cerca de 40 horas de trabalho de parto da apresentadora.<\/p>\n\n\n\n<p>Vivendo uma fase intensa e cheia de descobertas, Nattanzinho tem dividido com os seguidores a alegria da paternidade, deixando claro que os planos de fam\u00edlia j\u00e1 come\u00e7aram a tomar forma.<\/p>\n","protected":false},"excerpt":{"rendered":"<p>A chegada de Zuza mal completou alguns dias e Nattanzinho j\u00e1 se mostra empolgado com a ideia de aumentar a fam\u00edlia. O cantor, que vive a primeira experi\u00eancia como pai, revelou que deseja ter mais um filho com Rafa Kalimann e at\u00e9 adiantou o nome escolhido caso venha um menino: Joaquim. Nesta sexta-feira (9\/1), o \u2026<\/p>\n","protected":false},"author":2,"featured_media":5532,"comment_status":"closed","ping_status":"open","sticky":false,"template":"","format":"standard","meta":{"footnotes":""},"categories":[3],"tags":[],"class_list":["post-5533","post","type-post","status-publish","format-standard","has-post-thumbnail","hentry","category-famosos"],"yoast_head":"<!-- This site is optimized with the Yoast SEO plugin v25.5 - https:\/\/yoast.com\/wordpress\/plugins\/seo\/ -->\n<title>Encantado com a paternidade, Nattanzinho j\u00e1 sonha com mais filhos ao lado de Rafa Kalimann - Portal do Estado<\/title>\n<meta name=\"robots\" content=\"index, follow, max-snippet:-1, max-image-preview:large, max-video-preview:-1\" \/>\n<link rel=\"canonical\" href=\"https:\/\/portaldoestado.com.br\/index.php\/2026\/01\/10\/encantado-com-a-paternidade-nattanzinho-ja-sonha-com-mais-filhos-ao-lado-de-rafa-kalimann\/\" \/>\n<meta property=\"og:locale\" content=\"pt_BR\" \/>\n<meta property=\"og:type\" content=\"article\" \/>\n<meta property=\"og:title\" content=\"Encantado com a paternidade, Nattanzinho j\u00e1 sonha com mais filhos ao lado de Rafa Kalimann - Portal do Estado\" \/>\n<meta property=\"og:description\" content=\"A chegada de Zuza mal completou alguns dias e Nattanzinho j\u00e1 se mostra empolgado com a ideia de aumentar a fam\u00edlia. O cantor, que vive a primeira experi\u00eancia como pai, revelou que deseja ter mais um filho com Rafa Kalimann e at\u00e9 adiantou o nome escolhido caso venha um menino: Joaquim. Nesta sexta-feira (9\/1), o \u2026\" \/>\n<meta property=\"og:url\" content=\"https:\/\/portaldoestado.com.br\/index.php\/2026\/01\/10\/encantado-com-a-paternidade-nattanzinho-ja-sonha-com-mais-filhos-ao-lado-de-rafa-kalimann\/\" \/>\n<meta property=\"og:site_name\" content=\"Portal do Estado\" \/>\n<meta property=\"article:published_time\" content=\"2026-01-10T15:21:24+00:00\" \/>\n<meta property=\"og:image\" content=\"https:\/\/portaldoestado.com.br\/wp-content\/uploads\/2026\/01\/Nattan-e-filha-Ifitzq-860x484.jpg.webp\" \/>\n\t<meta property=\"og:image:width\" content=\"860\" \/>\n\t<meta property=\"og:image:height\" content=\"484\" \/>\n\t<meta property=\"og:image:type\" content=\"image\/webp\" \/>\n<meta name=\"author\" content=\"assessoriadefamosos\" \/>\n<meta name=\"twitter:card\" content=\"summary_large_image\" \/>\n<meta name=\"twitter:label1\" content=\"Escrito por\" \/>\n\t<meta name=\"twitter:data1\" content=\"assessoriadefamosos\" \/>\n\t<meta name=\"twitter:label2\" content=\"Est. tempo de leitura\" \/>\n\t<meta name=\"twitter:data2\" content=\"1 minuto\" \/>\n<script type=\"application\/ld+json\" class=\"yoast-schema-graph\">{\"@context\":\"https:\/\/schema.org\",\"@graph\":[{\"@type\":\"Article\",\"@id\":\"https:\/\/portaldoestado.com.br\/index.php\/2026\/01\/10\/encantado-com-a-paternidade-nattanzinho-ja-sonha-com-mais-filhos-ao-lado-de-rafa-kalimann\/#article\",\"isPartOf\":{\"@id\":\"https:\/\/portaldoestado.com.br\/index.php\/2026\/01\/10\/encantado-com-a-paternidade-nattanzinho-ja-sonha-com-mais-filhos-ao-lado-de-rafa-kalimann\/\"},\"author\":{\"name\":\"assessoriadefamosos\",\"@id\":\"https:\/\/portaldoestado.com.br\/#\/schema\/person\/5ca0174f3c8c84b59da62ea14b698cb9\"},\"headline\":\"Encantado com a paternidade, Nattanzinho j\u00e1 sonha com mais filhos ao lado de Rafa Kalimann\",\"datePublished\":\"2026-01-10T15:21:24+00:00\",\"mainEntityOfPage\":{\"@id\":\"https:\/\/portaldoestado.com.br\/index.php\/2026\/01\/10\/encantado-com-a-paternidade-nattanzinho-ja-sonha-com-mais-filhos-ao-lado-de-rafa-kalimann\/\"},\"wordCount\":240,\"publisher\":{\"@id\":\"https:\/\/portaldoestado.com.br\/#organization\"},\"image\":{\"@id\":\"https:\/\/portaldoestado.com.br\/index.php\/2026\/01\/10\/encantado-com-a-paternidade-nattanzinho-ja-sonha-com-mais-filhos-ao-lado-de-rafa-kalimann\/#primaryimage\"},\"thumbnailUrl\":\"https:\/\/portaldoestado.com.br\/wp-content\/uploads\/2026\/01\/Nattan-e-filha-Ifitzq-860x484.jpg.webp\",\"articleSection\":[\"Famosos\"],\"inLanguage\":\"pt-BR\"},{\"@type\":\"WebPage\",\"@id\":\"https:\/\/portaldoestado.com.br\/index.php\/2026\/01\/10\/encantado-com-a-paternidade-nattanzinho-ja-sonha-com-mais-filhos-ao-lado-de-rafa-kalimann\/\",\"url\":\"https:\/\/portaldoestado.com.br\/index.php\/2026\/01\/10\/encantado-com-a-paternidade-nattanzinho-ja-sonha-com-mais-filhos-ao-lado-de-rafa-kalimann\/\",\"name\":\"Encantado com a paternidade, Nattanzinho j\u00e1 sonha com mais filhos ao lado de Rafa Kalimann - Portal do Estado\",\"isPartOf\":{\"@id\":\"https:\/\/portaldoestado.com.br\/#website\"},\"primaryImageOfPage\":{\"@id\":\"https:\/\/portaldoestado.com.br\/index.php\/2026\/01\/10\/encantado-com-a-paternidade-nattanzinho-ja-sonha-com-mais-filhos-ao-lado-de-rafa-kalimann\/#primaryimage\"},\"image\":{\"@id\":\"https:\/\/portaldoestado.com.br\/index.php\/2026\/01\/10\/encantado-com-a-paternidade-nattanzinho-ja-sonha-com-mais-filhos-ao-lado-de-rafa-kalimann\/#primaryimage\"},\"thumbnailUrl\":\"https:\/\/portaldoestado.com.br\/wp-content\/uploads\/2026\/01\/Nattan-e-filha-Ifitzq-860x484.jpg.webp\",\"datePublished\":\"2026-01-10T15:21:24+00:00\",\"breadcrumb\":{\"@id\":\"https:\/\/portaldoestado.com.br\/index.php\/2026\/01\/10\/encantado-com-a-paternidade-nattanzinho-ja-sonha-com-mais-filhos-ao-lado-de-rafa-kalimann\/#breadcrumb\"},\"inLanguage\":\"pt-BR\",\"potentialAction\":[{\"@type\":\"ReadAction\",\"target\":[\"https:\/\/portaldoestado.com.br\/index.php\/2026\/01\/10\/encantado-com-a-paternidade-nattanzinho-ja-sonha-com-mais-filhos-ao-lado-de-rafa-kalimann\/\"]}]},{\"@type\":\"ImageObject\",\"inLanguage\":\"pt-BR\",\"@id\":\"https:\/\/portaldoestado.com.br\/index.php\/2026\/01\/10\/encantado-com-a-paternidade-nattanzinho-ja-sonha-com-mais-filhos-ao-lado-de-rafa-kalimann\/#primaryimage\",\"url\":\"https:\/\/portaldoestado.com.br\/wp-content\/uploads\/2026\/01\/Nattan-e-filha-Ifitzq-860x484.jpg.webp\",\"contentUrl\":\"https:\/\/portaldoestado.com.br\/wp-content\/uploads\/2026\/01\/Nattan-e-filha-Ifitzq-860x484.jpg.webp\",\"width\":860,\"height\":484},{\"@type\":\"BreadcrumbList\",\"@id\":\"https:\/\/portaldoestado.com.br\/index.php\/2026\/01\/10\/encantado-com-a-paternidade-nattanzinho-ja-sonha-com-mais-filhos-ao-lado-de-rafa-kalimann\/#breadcrumb\",\"itemListElement\":[{\"@type\":\"ListItem\",\"position\":1,\"name\":\"In\u00edcio\",\"item\":\"https:\/\/portaldoestado.com.br\/\"},{\"@type\":\"ListItem\",\"position\":2,\"name\":\"Encantado com a paternidade, Nattanzinho j\u00e1 sonha com mais filhos ao lado de Rafa Kalimann\"}]},{\"@type\":\"WebSite\",\"@id\":\"https:\/\/portaldoestado.com.br\/#website\",\"url\":\"https:\/\/portaldoestado.com.br\/\",\"name\":\"Portal do Estado\",\"description\":\"\",\"publisher\":{\"@id\":\"https:\/\/portaldoestado.com.br\/#organization\"},\"potentialAction\":[{\"@type\":\"SearchAction\",\"target\":{\"@type\":\"EntryPoint\",\"urlTemplate\":\"https:\/\/portaldoestado.com.br\/?s={search_term_string}\"},\"query-input\":{\"@type\":\"PropertyValueSpecification\",\"valueRequired\":true,\"valueName\":\"search_term_string\"}}],\"inLanguage\":\"pt-BR\"},{\"@type\":\"Organization\",\"@id\":\"https:\/\/portaldoestado.com.br\/#organization\",\"name\":\"Portal do Estado\",\"url\":\"https:\/\/portaldoestado.com.br\/\",\"logo\":{\"@type\":\"ImageObject\",\"inLanguage\":\"pt-BR\",\"@id\":\"https:\/\/portaldoestado.com.br\/#\/schema\/logo\/image\/\",\"url\":\"https:\/\/portaldoestado.com.br\/wp-content\/uploads\/2025\/04\/cropped-6f69b19a-6472-43bf-b1b3-e1910bbbd4e8.png\",\"contentUrl\":\"https:\/\/portaldoestado.com.br\/wp-content\/uploads\/2025\/04\/cropped-6f69b19a-6472-43bf-b1b3-e1910bbbd4e8.png\",\"width\":1024,\"height\":350,\"caption\":\"Portal do Estado\"},\"image\":{\"@id\":\"https:\/\/portaldoestado.com.br\/#\/schema\/logo\/image\/\"}},{\"@type\":\"Person\",\"@id\":\"https:\/\/portaldoestado.com.br\/#\/schema\/person\/5ca0174f3c8c84b59da62ea14b698cb9\",\"name\":\"assessoriadefamosos\",\"image\":{\"@type\":\"ImageObject\",\"inLanguage\":\"pt-BR\",\"@id\":\"https:\/\/portaldoestado.com.br\/#\/schema\/person\/image\/\",\"url\":\"https:\/\/secure.gravatar.com\/avatar\/a7acbdffcfbbae7240e59f47fe511ec5f5d8c252c779f0b8d9ab02a9e1d8c5ed?s=96&d=mm&r=g\",\"contentUrl\":\"https:\/\/secure.gravatar.com\/avatar\/a7acbdffcfbbae7240e59f47fe511ec5f5d8c252c779f0b8d9ab02a9e1d8c5ed?s=96&d=mm&r=g\",\"caption\":\"assessoriadefamosos\"},\"url\":\"https:\/\/portaldoestado.com.br\/index.php\/author\/assessoriadefamosos\/\"}]}<\/script>\n<!-- \/ Yoast SEO plugin. -->","yoast_head_json":{"title":"Encantado com a paternidade, Nattanzinho j\u00e1 sonha com mais filhos ao lado de Rafa Kalimann - Portal do Estado","robots":{"index":"index","follow":"follow","max-snippet":"max-snippet:-1","max-image-preview":"max-image-preview:large","max-video-preview":"max-video-preview:-1"},"canonical":"https:\/\/portaldoestado.com.br\/index.php\/2026\/01\/10\/encantado-com-a-paternidade-nattanzinho-ja-sonha-com-mais-filhos-ao-lado-de-rafa-kalimann\/","og_locale":"pt_BR","og_type":"article","og_title":"Encantado com a paternidade, Nattanzinho j\u00e1 sonha com mais filhos ao lado de Rafa Kalimann - Portal do Estado","og_description":"A chegada de Zuza mal completou alguns dias e Nattanzinho j\u00e1 se mostra empolgado com a ideia de aumentar a fam\u00edlia. O cantor, que vive a primeira experi\u00eancia como pai, revelou que deseja ter mais um filho com Rafa Kalimann e at\u00e9 adiantou o nome escolhido caso venha um menino: Joaquim. Nesta sexta-feira (9\/1), o \u2026","og_url":"https:\/\/portaldoestado.com.br\/index.php\/2026\/01\/10\/encantado-com-a-paternidade-nattanzinho-ja-sonha-com-mais-filhos-ao-lado-de-rafa-kalimann\/","og_site_name":"Portal do Estado","article_published_time":"2026-01-10T15:21:24+00:00","og_image":[{"width":860,"height":484,"url":"https:\/\/portaldoestado.com.br\/wp-content\/uploads\/2026\/01\/Nattan-e-filha-Ifitzq-860x484.jpg.webp","type":"image\/webp"}],"author":"assessoriadefamosos","twitter_card":"summary_large_image","twitter_misc":{"Escrito por":"assessoriadefamosos","Est. tempo de leitura":"1 minuto"},"schema":{"@context":"https:\/\/schema.org","@graph":[{"@type":"Article","@id":"https:\/\/portaldoestado.com.br\/index.php\/2026\/01\/10\/encantado-com-a-paternidade-nattanzinho-ja-sonha-com-mais-filhos-ao-lado-de-rafa-kalimann\/#article","isPartOf":{"@id":"https:\/\/portaldoestado.com.br\/index.php\/2026\/01\/10\/encantado-com-a-paternidade-nattanzinho-ja-sonha-com-mais-filhos-ao-lado-de-rafa-kalimann\/"},"author":{"name":"assessoriadefamosos","@id":"https:\/\/portaldoestado.com.br\/#\/schema\/person\/5ca0174f3c8c84b59da62ea14b698cb9"},"headline":"Encantado com a paternidade, Nattanzinho j\u00e1 sonha com mais filhos ao lado de Rafa Kalimann","datePublished":"2026-01-10T15:21:24+00:00","mainEntityOfPage":{"@id":"https:\/\/portaldoestado.com.br\/index.php\/2026\/01\/10\/encantado-com-a-paternidade-nattanzinho-ja-sonha-com-mais-filhos-ao-lado-de-rafa-kalimann\/"},"wordCount":240,"publisher":{"@id":"https:\/\/portaldoestado.com.br\/#organization"},"image":{"@id":"https:\/\/portaldoestado.com.br\/index.php\/2026\/01\/10\/encantado-com-a-paternidade-nattanzinho-ja-sonha-com-mais-filhos-ao-lado-de-rafa-kalimann\/#primaryimage"},"thumbnailUrl":"https:\/\/portaldoestado.com.br\/wp-content\/uploads\/2026\/01\/Nattan-e-filha-Ifitzq-860x484.jpg.webp","articleSection":["Famosos"],"inLanguage":"pt-BR"},{"@type":"WebPage","@id":"https:\/\/portaldoestado.com.br\/index.php\/2026\/01\/10\/encantado-com-a-paternidade-nattanzinho-ja-sonha-com-mais-filhos-ao-lado-de-rafa-kalimann\/","url":"https:\/\/portaldoestado.com.br\/index.php\/2026\/01\/10\/encantado-com-a-paternidade-nattanzinho-ja-sonha-com-mais-filhos-ao-lado-de-rafa-kalimann\/","name":"Encantado com a paternidade, Nattanzinho j\u00e1 sonha com mais filhos ao lado de Rafa Kalimann - Portal do Estado","isPartOf":{"@id":"https:\/\/portaldoestado.com.br\/#website"},"primaryImageOfPage":{"@id":"https:\/\/portaldoestado.com.br\/index.php\/2026\/01\/10\/encantado-com-a-paternidade-nattanzinho-ja-sonha-com-mais-filhos-ao-lado-de-rafa-kalimann\/#primaryimage"},"image":{"@id":"https:\/\/portaldoestado.com.br\/index.php\/2026\/01\/10\/encantado-com-a-paternidade-nattanzinho-ja-sonha-com-mais-filhos-ao-lado-de-rafa-kalimann\/#primaryimage"},"thumbnailUrl":"https:\/\/portaldoestado.com.br\/wp-content\/uploads\/2026\/01\/Nattan-e-filha-Ifitzq-860x484.jpg.webp","datePublished":"2026-01-10T15:21:24+00:00","breadcrumb":{"@id":"https:\/\/portaldoestado.com.br\/index.php\/2026\/01\/10\/encantado-com-a-paternidade-nattanzinho-ja-sonha-com-mais-filhos-ao-lado-de-rafa-kalimann\/#breadcrumb"},"inLanguage":"pt-BR","potentialAction":[{"@type":"ReadAction","target":["https:\/\/portaldoestado.com.br\/index.php\/2026\/01\/10\/encantado-com-a-paternidade-nattanzinho-ja-sonha-com-mais-filhos-ao-lado-de-rafa-kalimann\/"]}]},{"@type":"ImageObject","inLanguage":"pt-BR","@id":"https:\/\/portaldoestado.com.br\/index.php\/2026\/01\/10\/encantado-com-a-paternidade-nattanzinho-ja-sonha-com-mais-filhos-ao-lado-de-rafa-kalimann\/#primaryimage","url":"https:\/\/portaldoestado.com.br\/wp-content\/uploads\/2026\/01\/Nattan-e-filha-Ifitzq-860x484.jpg.webp","contentUrl":"https:\/\/portaldoestado.com.br\/wp-content\/uploads\/2026\/01\/Nattan-e-filha-Ifitzq-860x484.jpg.webp","width":860,"height":484},{"@type":"BreadcrumbList","@id":"https:\/\/portaldoestado.com.br\/index.php\/2026\/01\/10\/encantado-com-a-paternidade-nattanzinho-ja-sonha-com-mais-filhos-ao-lado-de-rafa-kalimann\/#breadcrumb","itemListElement":[{"@type":"ListItem","position":1,"name":"In\u00edcio","item":"https:\/\/portaldoestado.com.br\/"},{"@type":"ListItem","position":2,"name":"Encantado com a paternidade, Nattanzinho j\u00e1 sonha com mais filhos ao lado de Rafa Kalimann"}]},{"@type":"WebSite","@id":"https:\/\/portaldoestado.com.br\/#website","url":"https:\/\/portaldoestado.com.br\/","name":"Portal do Estado","description":"","publisher":{"@id":"https:\/\/portaldoestado.com.br\/#organization"},"potentialAction":[{"@type":"SearchAction","target":{"@type":"EntryPoint","urlTemplate":"https:\/\/portaldoestado.com.br\/?s={search_term_string}"},"query-input":{"@type":"PropertyValueSpecification","valueRequired":true,"valueName":"search_term_string"}}],"inLanguage":"pt-BR"},{"@type":"Organization","@id":"https:\/\/portaldoestado.com.br\/#organization","name":"Portal do Estado","url":"https:\/\/portaldoestado.com.br\/","logo":{"@type":"ImageObject","inLanguage":"pt-BR","@id":"https:\/\/portaldoestado.com.br\/#\/schema\/logo\/image\/","url":"https:\/\/portaldoestado.com.br\/wp-content\/uploads\/2025\/04\/cropped-6f69b19a-6472-43bf-b1b3-e1910bbbd4e8.png","contentUrl":"https:\/\/portaldoestado.com.br\/wp-content\/uploads\/2025\/04\/cropped-6f69b19a-6472-43bf-b1b3-e1910bbbd4e8.png","width":1024,"height":350,"caption":"Portal do Estado"},"image":{"@id":"https:\/\/portaldoestado.com.br\/#\/schema\/logo\/image\/"}},{"@type":"Person","@id":"https:\/\/portaldoestado.com.br\/#\/schema\/person\/5ca0174f3c8c84b59da62ea14b698cb9","name":"assessoriadefamosos","image":{"@type":"ImageObject","inLanguage":"pt-BR","@id":"https:\/\/portaldoestado.com.br\/#\/schema\/person\/image\/","url":"https:\/\/secure.gravatar.com\/avatar\/a7acbdffcfbbae7240e59f47fe511ec5f5d8c252c779f0b8d9ab02a9e1d8c5ed?s=96&d=mm&r=g","contentUrl":"https:\/\/secure.gravatar.com\/avatar\/a7acbdffcfbbae7240e59f47fe511ec5f5d8c252c779f0b8d9ab02a9e1d8c5ed?s=96&d=mm&r=g","caption":"assessoriadefamosos"},"url":"https:\/\/portaldoestado.com.br\/index.php\/author\/assessoriadefamosos\/"}]}},"jetpack_featured_media_url":"https:\/\/portaldoestado.com.br\/wp-content\/uploads\/2026\/01\/Nattan-e-filha-Ifitzq-860x484.jpg.webp","_links":{"self":[{"href":"https:\/\/portaldoestado.com.br\/index.php\/wp-json\/wp\/v2\/posts\/5533","targetHints":{"allow":["GET"]}}],"collection":[{"href":"https:\/\/portaldoestado.com.br\/index.php\/wp-json\/wp\/v2\/posts"}],"about":[{"href":"https:\/\/portaldoestado.com.br\/index.php\/wp-json\/wp\/v2\/types\/post"}],"author":[{"embeddable":true,"href":"https:\/\/portaldoestado.com.br\/index.php\/wp-json\/wp\/v2\/users\/2"}],"replies":[{"embeddable":true,"href":"https:\/\/portaldoestado.com.br\/index.php\/wp-json\/wp\/v2\/comments?post=5533"}],"version-history":[{"count":1,"href":"https:\/\/portaldoestado.com.br\/index.php\/wp-json\/wp\/v2\/posts\/5533\/revisions"}],"predecessor-version":[{"id":5534,"href":"https:\/\/portaldoestado.com.br\/index.php\/wp-json\/wp\/v2\/posts\/5533\/revisions\/5534"}],"wp:featuredmedia":[{"embeddable":true,"href":"https:\/\/portaldoestado.com.br\/index.php\/wp-json\/wp\/v2\/media\/5532"}],"wp:attachment":[{"href":"https:\/\/portaldoestado.com.br\/index.php\/wp-json\/wp\/v2\/media?parent=5533"}],"wp:term":[{"taxonomy":"category","embeddable":true,"href":"https:\/\/portaldoestado.com.br\/index.php\/wp-json\/wp\/v2\/categories?post=5533"},{"taxonomy":"post_tag","embeddable":true,"href":"https:\/\/portaldoestado.com.br\/index.php\/wp-json\/wp\/v2\/tags?post=5533"}],"curies":[{"name":"wp","href":"https:\/\/api.w.org\/{rel}","templated":true}]}}