{"id":5524,"date":"2026-01-10T13:52:26","date_gmt":"2026-01-10T13:52:26","guid":{"rendered":"https:\/\/portaldoestado.com.br\/?p=5524"},"modified":"2026-01-10T13:52:26","modified_gmt":"2026-01-10T13:52:26","slug":"o-impacto-do-palestrante-motivacional-no-engajamento-corporativo","status":"publish","type":"post","link":"https:\/\/portaldoestado.com.br\/index.php\/2026\/01\/10\/o-impacto-do-palestrante-motivacional-no-engajamento-corporativo\/","title":{"rendered":"O impacto do palestrante motivacional no engajamento corporativo"},"content":{"rendered":"\n<p>No cen\u00e1rio empresarial contempor\u00e2neo, a busca por inova\u00e7\u00e3o vai al\u00e9m do desenvolvimento de novos produtos. A transforma\u00e7\u00e3o real ocorre quando o <strong>capital humano<\/strong> \u00e9 impactado de forma profunda e duradoura.<\/p>\n\n\n\n<p>Nesse contexto, a figura do palestrante motivacional assume um papel vital. Ele atua como o elo entre a estrat\u00e9gia da diretoria e a execu\u00e7\u00e3o pr\u00e1tica das equipes que operam na ponta.<\/p>\n\n\n\n<p>O formato tradicional de treinamento tem dado lugar a experi\u00eancias imersivas. Esses eventos utilizam ferramentas que superam os slides convencionais. O objetivo \u00e9 atuar como um <strong>catalisador de mudan\u00e7as<\/strong> na cultura.<\/p>\n\n\n\n<p>Lideran\u00e7as enfrentam hoje o desafio de combater a satura\u00e7\u00e3o de informa\u00e7\u00f5es. Eventos que entregam conte\u00fados gen\u00e9ricos geram baixo retorno sobre o investimento. \u00c9 preciso buscar algo que realmente conecte com as pessoas.<\/p>\n\n\n\n<p>Palestras disruptivas unem autoridade t\u00e9cnica e entretenimento de alto n\u00edvel. Elas ganham destaque no mercado por compreenderem as dores modernas. Esse tipo de abordagem transforma a <strong>teoria em pr\u00e1tica<\/strong> constante.<\/p>\n\n\n\n<h2 class=\"wp-block-heading\"><strong>A evolu\u00e7\u00e3o do storytelling no ambiente empresarial<\/strong><\/h2>\n\n\n\n<p>O conceito de storytelling \u00e9 amplamente conhecido no marketing atual. Entretanto, sua aplica\u00e7\u00e3o em palestras corporativas atingiu um novo n\u00edvel de sofistica\u00e7\u00e3o. O uso de <strong>t\u00e9cnicas cinematogr\u00e1ficas<\/strong> revoluciona a forma de ensinar.<\/p>\n\n\n\n<p>Ao estruturar apresenta\u00e7\u00f5es com ritmos e ganchos emocionais, o profissional mant\u00e9m o p\u00fablico conectado. Essa t\u00e9cnica permite que mensagens sobre resili\u00eancia sejam absorvidas sem barreiras. O aprendizado flui de maneira natural.<\/p>\n\n\n\n<p>Quando uma hist\u00f3ria \u00e9 bem contada, ela se torna uma experi\u00eancia vivida pela audi\u00eancia. Essa <strong>conex\u00e3o emocional<\/strong> garante que o conte\u00fado permane\u00e7a vivo na empresa por muito tempo. Al\u00e9m disso, facilita a aplica\u00e7\u00e3o.<\/p>\n\n\n\n<p>Um<a href=\"https:\/\/www.luizfosc.com.br\/\"> palestrante para empresas<\/a> qualificado utiliza arcos narrativos para transformar dados frios em metas inspiradoras. O colaborador deixa de ver apenas n\u00fameros. Ele passa a enxergar um <strong>prop\u00f3sito maior<\/strong>.<\/p>\n\n\n\n<p>A narrativa bem constru\u00edda elimina a resist\u00eancia psicol\u00f3gica dos colaboradores. Na pr\u00e1tica, isso resulta em uma equipe mais alinhada aos prop\u00f3sitos da marca. O impacto \u00e9 sentido na motiva\u00e7\u00e3o di\u00e1ria.<\/p>\n\n\n\n<h2 class=\"wp-block-heading\"><strong>O uso do ilusionismo did\u00e1tico para fixa\u00e7\u00e3o de conceitos<\/strong><\/h2>\n\n\n\n<p>Uma das maiores inova\u00e7\u00f5es no desenvolvimento humano \u00e9 o <strong>ilusionismo did\u00e1tico<\/strong>. Diferente do entretenimento comum, essa ferramenta serve como uma poderosa met\u00e1fora visual. Ela facilita a compreens\u00e3o de temas abstratos.<\/p>\n\n\n\n<p>Quando um especialista demonstra o imposs\u00edvel no palco, ele desafia cren\u00e7as limitantes. O efeito visual prova que a percep\u00e7\u00e3o da realidade pode ser alterada. Essa abordagem \u00e9 essencial para gerar <strong>mudan\u00e7as de mentalidade<\/strong>.<\/p>\n\n\n\n<p>Um<a href=\"https:\/\/www.luizfosc.com.br\/\"> palestrante motivacional<\/a> que domina essa t\u00e9cnica oferece benef\u00edcios claros:<\/p>\n\n\n\n<ul class=\"wp-block-list\">\n<li><strong>Quebra de padr\u00f5es cognitivos:<\/strong> O efeito surpresa for\u00e7a o c\u00e9rebro a sair do modo autom\u00e1tico.<\/li>\n\n\n\n<li><strong>Tangibiliza\u00e7\u00e3o de ideias:<\/strong> Metas complexas tornam-se compreens\u00edveis atrav\u00e9s de met\u00e1foras visuais.<\/li>\n\n\n\n<li><strong>Engajamento multissensorial:<\/strong> A combina\u00e7\u00e3o de narrativa e participa\u00e7\u00e3o ativa estimula a criatividade.<\/li>\n\n\n\n<li><strong>Memoriza\u00e7\u00e3o de longo prazo:<\/strong> A associa\u00e7\u00e3o de um conceito a um efeito visual garante reten\u00e7\u00e3o.<\/li>\n<\/ul>\n\n\n\n<p>Dito isso, a contrata\u00e7\u00e3o de um profissional que domine a <strong>ci\u00eancia da aten\u00e7\u00e3o<\/strong> \u00e9 fundamental. Esse investimento estrat\u00e9gico visa acabar com a procrastina\u00e7\u00e3o das equipes. \u00c9 uma solu\u00e7\u00e3o altamente eficaz.<\/p>\n\n\n\n<h2 class=\"wp-block-heading\"><strong>Autoridade e reconhecimento internacional no palco<\/strong><\/h2>\n\n\n\n<p>No mercado globalizado, a autoridade de quem comunica \u00e9 fundamental para o sucesso. Empresas de grande porte buscam profissionais com <strong>bagagem comprovada<\/strong>. O reconhecimento internacional serve como prova social indiscut\u00edvel.<\/p>\n\n\n\n<p>Luiz Fosc \u00e9 um exemplo dessa excel\u00eancia t\u00e9cnica. Ele possui marcos hist\u00f3ricos que poucos profissionais atingiram no mundo. Essas conquistas garantem que a mensagem transmitida tenha o peso da <strong>experi\u00eancia pr\u00e1tica<\/strong>.<\/p>\n\n\n\n<p>Entre os principais destaques de sua carreira, podemos listar:<\/p>\n\n\n\n<ul class=\"wp-block-list\">\n<li><strong>Guinness World Record:<\/strong> Reconhecimento oficial como recordista mundial em sua categoria.<\/li>\n\n\n\n<li><strong>Pr\u00eamio Top of Mind International:<\/strong> Conquistado em Londres, premiando a inova\u00e7\u00e3o e o impacto.<\/li>\n\n\n\n<li><strong>Viv\u00eancia em m\u00faltiplos pa\u00edses:<\/strong> Bagagem multicultural que conecta tend\u00eancias globais \u00e0s necessidades locais.<\/li>\n<\/ul>\n\n\n\n<p>Essa perspectiva \u00e9 valiosa para empresas multinacionais e associa\u00e7\u00f5es de classe. Temas como a <strong>antifragilidade<\/strong> s\u00e3o abordados com profundidade t\u00e9cnica. A viv\u00eancia pr\u00e1tica do palestrante enriquece o debate e inspira.<\/p>\n\n\n\n<h2 class=\"wp-block-heading\"><strong>A psicologia aplicada \u00e0s equipes de alta performance<\/strong><\/h2>\n\n\n\n<p>A efic\u00e1cia de um evento n\u00e3o deve ser medida apenas pelo aplauso final. O sucesso real reside na mudan\u00e7a de comportamento no dia seguinte. Palestras transformacionais utilizam fundamentos de <strong>psicologia comportamental<\/strong>.<\/p>\n\n\n\n<p>O objetivo \u00e9 identificar as dores da equipe e substitu\u00ed-las por crescimento. Ao eliminar o medo de falhar, a organiza\u00e7\u00e3o ganha velocidade. A comunica\u00e7\u00e3o torna-se clara e o <strong>alinhamento estrat\u00e9gico<\/strong> acontece.<\/p>\n\n\n\n<p>Metodologias que ensinam a comunicar expertise com impacto cinematogr\u00e1fico s\u00e3o diferenciais importantes. Quando gestores dominam a fala em p\u00fablico, os ru\u00eddos diminuem. Como consequ\u00eancia, a lucratividade da empresa tende a crescer.<\/p>\n\n\n\n<p>A aplica\u00e7\u00e3o da psicologia ajuda a desconstruir h\u00e1bitos negativos no ambiente de trabalho. Isso cria um espa\u00e7o mais saud\u00e1vel para a inova\u00e7\u00e3o. Equipes <strong>psicologicamente seguras<\/strong> produzem mais e melhor sob press\u00e3o.<\/p>\n\n\n\n<h2 class=\"wp-block-heading\"><strong>Customiza\u00e7\u00e3o para eventos de sipat e conven\u00e7\u00f5es<\/strong><\/h2>\n\n\n\n<p>Cada empresa possui uma cultura \u00fanica e desafios espec\u00edficos no mercado. Por esse motivo, a <strong>personaliza\u00e7\u00e3o<\/strong> \u00e9 o pilar central de uma palestra de sucesso. O conte\u00fado deve ser moldado conforme o briefing.<\/p>\n\n\n\n<p>Seja em uma SIPAT ou em conven\u00e7\u00f5es de vendas, a mensagem precisa ser direta. A integra\u00e7\u00e3o dos valores da marca nas din\u00e2micas refor\u00e7a o sentimento de pertencimento. Isso \u00e9 vital para a <strong>reten\u00e7\u00e3o de talentos<\/strong>.<\/p>\n\n\n\n<p>Uma palestra personalizada deixa de ser um evento isolado na agenda anual. Ela se transforma em um marco hist\u00f3rico para a corpora\u00e7\u00e3o e seus membros. O cuidado reflete o respeito com os colaboradores.<\/p>\n\n\n\n<p>O alinhamento com os objetivos da empresa garante que o investimento seja aproveitado. Cada din\u00e2mica deve apontar para uma solu\u00e7\u00e3o espec\u00edfica. Isso gera um <strong>retorno sobre o investimento<\/strong> emocional e financeiro.<\/p>\n\n\n\n<h2 class=\"wp-block-heading\"><strong>Potencialize seus resultados com a expertise de Luiz Fosc<\/strong><\/h2>\n\n\n\n<p>N\u00f3s acreditamos que o conhecimento deve ser transmitido com arte e precis\u00e3o t\u00e9cnica. Luiz Fosc une anos de experi\u00eancia internacional para criar apresenta\u00e7\u00f5es que ficam gravadas na mem\u00f3ria das equipes corporativas.<\/p>\n\n\n\n<p>Nosso compromisso \u00e9 entregar <strong>resultados tang\u00edveis<\/strong> atrav\u00e9s de:<\/p>\n\n\n\n<ul class=\"wp-block-list\">\n<li>Metodologias baseadas em psicologia comportamental aplicada.<\/li>\n\n\n\n<li>Din\u00e2micas de ilusionismo que ilustram desafios reais.<\/li>\n\n\n\n<li>Customiza\u00e7\u00e3o total para o briefing de cada organiza\u00e7\u00e3o.<\/li>\n<\/ul>\n\n\n\n<p>N\u00f3s transformamos conven\u00e7\u00f5es de vendas e semanas de seguran\u00e7a em momentos hist\u00f3ricos. Nossa abordagem garante ferramentas pr\u00e1ticas para o dia seguinte. Atrav\u00e9s do site<a href=\"https:\/\/www.luizfosc.com.br\/\"> luizfosc.com<\/a>, oferecemos acesso \u00e0 excel\u00eancia de um <strong>recordista mundial<\/strong> para o seu time.<\/p>\n\n\n\n<p>Agende agora sua palestra com Luiz Fosc e garanta uma experi\u00eancia transformadora que elevar\u00e1 definitivamente os resultados da sua empresa.<\/p>\n\n\n\n<p><strong>Fonte: <\/strong><a href=\"https:\/\/www.luizfosc.com.br\/\">luizfosc.com<\/a><\/p>\n","protected":false},"excerpt":{"rendered":"<p>No cen\u00e1rio empresarial contempor\u00e2neo, a busca por inova\u00e7\u00e3o vai al\u00e9m do desenvolvimento de novos produtos. A transforma\u00e7\u00e3o real ocorre quando o capital humano \u00e9 impactado de forma profunda e duradoura. Nesse contexto, a figura do palestrante motivacional assume um papel vital. Ele atua como o elo entre a estrat\u00e9gia da diretoria e a execu\u00e7\u00e3o pr\u00e1tica \u2026<\/p>\n","protected":false},"author":2,"featured_media":5523,"comment_status":"closed","ping_status":"open","sticky":false,"template":"","format":"standard","meta":{"footnotes":""},"categories":[3],"tags":[],"class_list":["post-5524","post","type-post","status-publish","format-standard","has-post-thumbnail","hentry","category-famosos"],"yoast_head":"<!-- This site is optimized with the Yoast SEO plugin v25.5 - https:\/\/yoast.com\/wordpress\/plugins\/seo\/ -->\n<title>O impacto do palestrante motivacional no engajamento corporativo - Portal do Estado<\/title>\n<meta name=\"robots\" content=\"index, follow, max-snippet:-1, max-image-preview:large, max-video-preview:-1\" \/>\n<link rel=\"canonical\" href=\"https:\/\/portaldoestado.com.br\/index.php\/2026\/01\/10\/o-impacto-do-palestrante-motivacional-no-engajamento-corporativo\/\" \/>\n<meta property=\"og:locale\" content=\"pt_BR\" \/>\n<meta property=\"og:type\" content=\"article\" \/>\n<meta property=\"og:title\" content=\"O impacto do palestrante motivacional no engajamento corporativo - Portal do Estado\" \/>\n<meta property=\"og:description\" content=\"No cen\u00e1rio empresarial contempor\u00e2neo, a busca por inova\u00e7\u00e3o vai al\u00e9m do desenvolvimento de novos produtos. A transforma\u00e7\u00e3o real ocorre quando o capital humano \u00e9 impactado de forma profunda e duradoura. Nesse contexto, a figura do palestrante motivacional assume um papel vital. Ele atua como o elo entre a estrat\u00e9gia da diretoria e a execu\u00e7\u00e3o pr\u00e1tica \u2026\" \/>\n<meta property=\"og:url\" content=\"https:\/\/portaldoestado.com.br\/index.php\/2026\/01\/10\/o-impacto-do-palestrante-motivacional-no-engajamento-corporativo\/\" \/>\n<meta property=\"og:site_name\" content=\"Portal do Estado\" \/>\n<meta property=\"article:published_time\" content=\"2026-01-10T13:52:26+00:00\" \/>\n<meta property=\"og:image\" content=\"https:\/\/portaldoestado.com.br\/wp-content\/uploads\/2026\/01\/bb78e491-396c-4120-baf1-afe672a77218.jpg\" \/>\n\t<meta property=\"og:image:width\" content=\"1500\" \/>\n\t<meta property=\"og:image:height\" content=\"1000\" \/>\n\t<meta property=\"og:image:type\" content=\"image\/jpeg\" \/>\n<meta name=\"author\" content=\"assessoriadefamosos\" \/>\n<meta name=\"twitter:card\" content=\"summary_large_image\" \/>\n<meta name=\"twitter:label1\" content=\"Escrito por\" \/>\n\t<meta name=\"twitter:data1\" content=\"assessoriadefamosos\" \/>\n\t<meta name=\"twitter:label2\" content=\"Est. tempo de leitura\" \/>\n\t<meta name=\"twitter:data2\" content=\"6 minutos\" \/>\n<script type=\"application\/ld+json\" class=\"yoast-schema-graph\">{\"@context\":\"https:\/\/schema.org\",\"@graph\":[{\"@type\":\"Article\",\"@id\":\"https:\/\/portaldoestado.com.br\/index.php\/2026\/01\/10\/o-impacto-do-palestrante-motivacional-no-engajamento-corporativo\/#article\",\"isPartOf\":{\"@id\":\"https:\/\/portaldoestado.com.br\/index.php\/2026\/01\/10\/o-impacto-do-palestrante-motivacional-no-engajamento-corporativo\/\"},\"author\":{\"name\":\"assessoriadefamosos\",\"@id\":\"https:\/\/portaldoestado.com.br\/#\/schema\/person\/5ca0174f3c8c84b59da62ea14b698cb9\"},\"headline\":\"O impacto do palestrante motivacional no engajamento corporativo\",\"datePublished\":\"2026-01-10T13:52:26+00:00\",\"mainEntityOfPage\":{\"@id\":\"https:\/\/portaldoestado.com.br\/index.php\/2026\/01\/10\/o-impacto-do-palestrante-motivacional-no-engajamento-corporativo\/\"},\"wordCount\":1162,\"publisher\":{\"@id\":\"https:\/\/portaldoestado.com.br\/#organization\"},\"image\":{\"@id\":\"https:\/\/portaldoestado.com.br\/index.php\/2026\/01\/10\/o-impacto-do-palestrante-motivacional-no-engajamento-corporativo\/#primaryimage\"},\"thumbnailUrl\":\"https:\/\/portaldoestado.com.br\/wp-content\/uploads\/2026\/01\/bb78e491-396c-4120-baf1-afe672a77218.jpg\",\"articleSection\":[\"Famosos\"],\"inLanguage\":\"pt-BR\"},{\"@type\":\"WebPage\",\"@id\":\"https:\/\/portaldoestado.com.br\/index.php\/2026\/01\/10\/o-impacto-do-palestrante-motivacional-no-engajamento-corporativo\/\",\"url\":\"https:\/\/portaldoestado.com.br\/index.php\/2026\/01\/10\/o-impacto-do-palestrante-motivacional-no-engajamento-corporativo\/\",\"name\":\"O impacto do palestrante motivacional no engajamento corporativo - Portal do Estado\",\"isPartOf\":{\"@id\":\"https:\/\/portaldoestado.com.br\/#website\"},\"primaryImageOfPage\":{\"@id\":\"https:\/\/portaldoestado.com.br\/index.php\/2026\/01\/10\/o-impacto-do-palestrante-motivacional-no-engajamento-corporativo\/#primaryimage\"},\"image\":{\"@id\":\"https:\/\/portaldoestado.com.br\/index.php\/2026\/01\/10\/o-impacto-do-palestrante-motivacional-no-engajamento-corporativo\/#primaryimage\"},\"thumbnailUrl\":\"https:\/\/portaldoestado.com.br\/wp-content\/uploads\/2026\/01\/bb78e491-396c-4120-baf1-afe672a77218.jpg\",\"datePublished\":\"2026-01-10T13:52:26+00:00\",\"breadcrumb\":{\"@id\":\"https:\/\/portaldoestado.com.br\/index.php\/2026\/01\/10\/o-impacto-do-palestrante-motivacional-no-engajamento-corporativo\/#breadcrumb\"},\"inLanguage\":\"pt-BR\",\"potentialAction\":[{\"@type\":\"ReadAction\",\"target\":[\"https:\/\/portaldoestado.com.br\/index.php\/2026\/01\/10\/o-impacto-do-palestrante-motivacional-no-engajamento-corporativo\/\"]}]},{\"@type\":\"ImageObject\",\"inLanguage\":\"pt-BR\",\"@id\":\"https:\/\/portaldoestado.com.br\/index.php\/2026\/01\/10\/o-impacto-do-palestrante-motivacional-no-engajamento-corporativo\/#primaryimage\",\"url\":\"https:\/\/portaldoestado.com.br\/wp-content\/uploads\/2026\/01\/bb78e491-396c-4120-baf1-afe672a77218.jpg\",\"contentUrl\":\"https:\/\/portaldoestado.com.br\/wp-content\/uploads\/2026\/01\/bb78e491-396c-4120-baf1-afe672a77218.jpg\",\"width\":1500,\"height\":1000},{\"@type\":\"BreadcrumbList\",\"@id\":\"https:\/\/portaldoestado.com.br\/index.php\/2026\/01\/10\/o-impacto-do-palestrante-motivacional-no-engajamento-corporativo\/#breadcrumb\",\"itemListElement\":[{\"@type\":\"ListItem\",\"position\":1,\"name\":\"In\u00edcio\",\"item\":\"https:\/\/portaldoestado.com.br\/\"},{\"@type\":\"ListItem\",\"position\":2,\"name\":\"O impacto do palestrante motivacional no engajamento corporativo\"}]},{\"@type\":\"WebSite\",\"@id\":\"https:\/\/portaldoestado.com.br\/#website\",\"url\":\"https:\/\/portaldoestado.com.br\/\",\"name\":\"Portal do Estado\",\"description\":\"\",\"publisher\":{\"@id\":\"https:\/\/portaldoestado.com.br\/#organization\"},\"potentialAction\":[{\"@type\":\"SearchAction\",\"target\":{\"@type\":\"EntryPoint\",\"urlTemplate\":\"https:\/\/portaldoestado.com.br\/?s={search_term_string}\"},\"query-input\":{\"@type\":\"PropertyValueSpecification\",\"valueRequired\":true,\"valueName\":\"search_term_string\"}}],\"inLanguage\":\"pt-BR\"},{\"@type\":\"Organization\",\"@id\":\"https:\/\/portaldoestado.com.br\/#organization\",\"name\":\"Portal do Estado\",\"url\":\"https:\/\/portaldoestado.com.br\/\",\"logo\":{\"@type\":\"ImageObject\",\"inLanguage\":\"pt-BR\",\"@id\":\"https:\/\/portaldoestado.com.br\/#\/schema\/logo\/image\/\",\"url\":\"https:\/\/portaldoestado.com.br\/wp-content\/uploads\/2025\/04\/cropped-6f69b19a-6472-43bf-b1b3-e1910bbbd4e8.png\",\"contentUrl\":\"https:\/\/portaldoestado.com.br\/wp-content\/uploads\/2025\/04\/cropped-6f69b19a-6472-43bf-b1b3-e1910bbbd4e8.png\",\"width\":1024,\"height\":350,\"caption\":\"Portal do Estado\"},\"image\":{\"@id\":\"https:\/\/portaldoestado.com.br\/#\/schema\/logo\/image\/\"}},{\"@type\":\"Person\",\"@id\":\"https:\/\/portaldoestado.com.br\/#\/schema\/person\/5ca0174f3c8c84b59da62ea14b698cb9\",\"name\":\"assessoriadefamosos\",\"image\":{\"@type\":\"ImageObject\",\"inLanguage\":\"pt-BR\",\"@id\":\"https:\/\/portaldoestado.com.br\/#\/schema\/person\/image\/\",\"url\":\"https:\/\/secure.gravatar.com\/avatar\/a7acbdffcfbbae7240e59f47fe511ec5f5d8c252c779f0b8d9ab02a9e1d8c5ed?s=96&d=mm&r=g\",\"contentUrl\":\"https:\/\/secure.gravatar.com\/avatar\/a7acbdffcfbbae7240e59f47fe511ec5f5d8c252c779f0b8d9ab02a9e1d8c5ed?s=96&d=mm&r=g\",\"caption\":\"assessoriadefamosos\"},\"url\":\"https:\/\/portaldoestado.com.br\/index.php\/author\/assessoriadefamosos\/\"}]}<\/script>\n<!-- \/ Yoast SEO plugin. -->","yoast_head_json":{"title":"O impacto do palestrante motivacional no engajamento corporativo - Portal do Estado","robots":{"index":"index","follow":"follow","max-snippet":"max-snippet:-1","max-image-preview":"max-image-preview:large","max-video-preview":"max-video-preview:-1"},"canonical":"https:\/\/portaldoestado.com.br\/index.php\/2026\/01\/10\/o-impacto-do-palestrante-motivacional-no-engajamento-corporativo\/","og_locale":"pt_BR","og_type":"article","og_title":"O impacto do palestrante motivacional no engajamento corporativo - Portal do Estado","og_description":"No cen\u00e1rio empresarial contempor\u00e2neo, a busca por inova\u00e7\u00e3o vai al\u00e9m do desenvolvimento de novos produtos. A transforma\u00e7\u00e3o real ocorre quando o capital humano \u00e9 impactado de forma profunda e duradoura. Nesse contexto, a figura do palestrante motivacional assume um papel vital. Ele atua como o elo entre a estrat\u00e9gia da diretoria e a execu\u00e7\u00e3o pr\u00e1tica \u2026","og_url":"https:\/\/portaldoestado.com.br\/index.php\/2026\/01\/10\/o-impacto-do-palestrante-motivacional-no-engajamento-corporativo\/","og_site_name":"Portal do Estado","article_published_time":"2026-01-10T13:52:26+00:00","og_image":[{"width":1500,"height":1000,"url":"https:\/\/portaldoestado.com.br\/wp-content\/uploads\/2026\/01\/bb78e491-396c-4120-baf1-afe672a77218.jpg","type":"image\/jpeg"}],"author":"assessoriadefamosos","twitter_card":"summary_large_image","twitter_misc":{"Escrito por":"assessoriadefamosos","Est. tempo de leitura":"6 minutos"},"schema":{"@context":"https:\/\/schema.org","@graph":[{"@type":"Article","@id":"https:\/\/portaldoestado.com.br\/index.php\/2026\/01\/10\/o-impacto-do-palestrante-motivacional-no-engajamento-corporativo\/#article","isPartOf":{"@id":"https:\/\/portaldoestado.com.br\/index.php\/2026\/01\/10\/o-impacto-do-palestrante-motivacional-no-engajamento-corporativo\/"},"author":{"name":"assessoriadefamosos","@id":"https:\/\/portaldoestado.com.br\/#\/schema\/person\/5ca0174f3c8c84b59da62ea14b698cb9"},"headline":"O impacto do palestrante motivacional no engajamento corporativo","datePublished":"2026-01-10T13:52:26+00:00","mainEntityOfPage":{"@id":"https:\/\/portaldoestado.com.br\/index.php\/2026\/01\/10\/o-impacto-do-palestrante-motivacional-no-engajamento-corporativo\/"},"wordCount":1162,"publisher":{"@id":"https:\/\/portaldoestado.com.br\/#organization"},"image":{"@id":"https:\/\/portaldoestado.com.br\/index.php\/2026\/01\/10\/o-impacto-do-palestrante-motivacional-no-engajamento-corporativo\/#primaryimage"},"thumbnailUrl":"https:\/\/portaldoestado.com.br\/wp-content\/uploads\/2026\/01\/bb78e491-396c-4120-baf1-afe672a77218.jpg","articleSection":["Famosos"],"inLanguage":"pt-BR"},{"@type":"WebPage","@id":"https:\/\/portaldoestado.com.br\/index.php\/2026\/01\/10\/o-impacto-do-palestrante-motivacional-no-engajamento-corporativo\/","url":"https:\/\/portaldoestado.com.br\/index.php\/2026\/01\/10\/o-impacto-do-palestrante-motivacional-no-engajamento-corporativo\/","name":"O impacto do palestrante motivacional no engajamento corporativo - Portal do Estado","isPartOf":{"@id":"https:\/\/portaldoestado.com.br\/#website"},"primaryImageOfPage":{"@id":"https:\/\/portaldoestado.com.br\/index.php\/2026\/01\/10\/o-impacto-do-palestrante-motivacional-no-engajamento-corporativo\/#primaryimage"},"image":{"@id":"https:\/\/portaldoestado.com.br\/index.php\/2026\/01\/10\/o-impacto-do-palestrante-motivacional-no-engajamento-corporativo\/#primaryimage"},"thumbnailUrl":"https:\/\/portaldoestado.com.br\/wp-content\/uploads\/2026\/01\/bb78e491-396c-4120-baf1-afe672a77218.jpg","datePublished":"2026-01-10T13:52:26+00:00","breadcrumb":{"@id":"https:\/\/portaldoestado.com.br\/index.php\/2026\/01\/10\/o-impacto-do-palestrante-motivacional-no-engajamento-corporativo\/#breadcrumb"},"inLanguage":"pt-BR","potentialAction":[{"@type":"ReadAction","target":["https:\/\/portaldoestado.com.br\/index.php\/2026\/01\/10\/o-impacto-do-palestrante-motivacional-no-engajamento-corporativo\/"]}]},{"@type":"ImageObject","inLanguage":"pt-BR","@id":"https:\/\/portaldoestado.com.br\/index.php\/2026\/01\/10\/o-impacto-do-palestrante-motivacional-no-engajamento-corporativo\/#primaryimage","url":"https:\/\/portaldoestado.com.br\/wp-content\/uploads\/2026\/01\/bb78e491-396c-4120-baf1-afe672a77218.jpg","contentUrl":"https:\/\/portaldoestado.com.br\/wp-content\/uploads\/2026\/01\/bb78e491-396c-4120-baf1-afe672a77218.jpg","width":1500,"height":1000},{"@type":"BreadcrumbList","@id":"https:\/\/portaldoestado.com.br\/index.php\/2026\/01\/10\/o-impacto-do-palestrante-motivacional-no-engajamento-corporativo\/#breadcrumb","itemListElement":[{"@type":"ListItem","position":1,"name":"In\u00edcio","item":"https:\/\/portaldoestado.com.br\/"},{"@type":"ListItem","position":2,"name":"O impacto do palestrante motivacional no engajamento corporativo"}]},{"@type":"WebSite","@id":"https:\/\/portaldoestado.com.br\/#website","url":"https:\/\/portaldoestado.com.br\/","name":"Portal do Estado","description":"","publisher":{"@id":"https:\/\/portaldoestado.com.br\/#organization"},"potentialAction":[{"@type":"SearchAction","target":{"@type":"EntryPoint","urlTemplate":"https:\/\/portaldoestado.com.br\/?s={search_term_string}"},"query-input":{"@type":"PropertyValueSpecification","valueRequired":true,"valueName":"search_term_string"}}],"inLanguage":"pt-BR"},{"@type":"Organization","@id":"https:\/\/portaldoestado.com.br\/#organization","name":"Portal do Estado","url":"https:\/\/portaldoestado.com.br\/","logo":{"@type":"ImageObject","inLanguage":"pt-BR","@id":"https:\/\/portaldoestado.com.br\/#\/schema\/logo\/image\/","url":"https:\/\/portaldoestado.com.br\/wp-content\/uploads\/2025\/04\/cropped-6f69b19a-6472-43bf-b1b3-e1910bbbd4e8.png","contentUrl":"https:\/\/portaldoestado.com.br\/wp-content\/uploads\/2025\/04\/cropped-6f69b19a-6472-43bf-b1b3-e1910bbbd4e8.png","width":1024,"height":350,"caption":"Portal do Estado"},"image":{"@id":"https:\/\/portaldoestado.com.br\/#\/schema\/logo\/image\/"}},{"@type":"Person","@id":"https:\/\/portaldoestado.com.br\/#\/schema\/person\/5ca0174f3c8c84b59da62ea14b698cb9","name":"assessoriadefamosos","image":{"@type":"ImageObject","inLanguage":"pt-BR","@id":"https:\/\/portaldoestado.com.br\/#\/schema\/person\/image\/","url":"https:\/\/secure.gravatar.com\/avatar\/a7acbdffcfbbae7240e59f47fe511ec5f5d8c252c779f0b8d9ab02a9e1d8c5ed?s=96&d=mm&r=g","contentUrl":"https:\/\/secure.gravatar.com\/avatar\/a7acbdffcfbbae7240e59f47fe511ec5f5d8c252c779f0b8d9ab02a9e1d8c5ed?s=96&d=mm&r=g","caption":"assessoriadefamosos"},"url":"https:\/\/portaldoestado.com.br\/index.php\/author\/assessoriadefamosos\/"}]}},"jetpack_featured_media_url":"https:\/\/portaldoestado.com.br\/wp-content\/uploads\/2026\/01\/bb78e491-396c-4120-baf1-afe672a77218.jpg","_links":{"self":[{"href":"https:\/\/portaldoestado.com.br\/index.php\/wp-json\/wp\/v2\/posts\/5524","targetHints":{"allow":["GET"]}}],"collection":[{"href":"https:\/\/portaldoestado.com.br\/index.php\/wp-json\/wp\/v2\/posts"}],"about":[{"href":"https:\/\/portaldoestado.com.br\/index.php\/wp-json\/wp\/v2\/types\/post"}],"author":[{"embeddable":true,"href":"https:\/\/portaldoestado.com.br\/index.php\/wp-json\/wp\/v2\/users\/2"}],"replies":[{"embeddable":true,"href":"https:\/\/portaldoestado.com.br\/index.php\/wp-json\/wp\/v2\/comments?post=5524"}],"version-history":[{"count":1,"href":"https:\/\/portaldoestado.com.br\/index.php\/wp-json\/wp\/v2\/posts\/5524\/revisions"}],"predecessor-version":[{"id":5525,"href":"https:\/\/portaldoestado.com.br\/index.php\/wp-json\/wp\/v2\/posts\/5524\/revisions\/5525"}],"wp:featuredmedia":[{"embeddable":true,"href":"https:\/\/portaldoestado.com.br\/index.php\/wp-json\/wp\/v2\/media\/5523"}],"wp:attachment":[{"href":"https:\/\/portaldoestado.com.br\/index.php\/wp-json\/wp\/v2\/media?parent=5524"}],"wp:term":[{"taxonomy":"category","embeddable":true,"href":"https:\/\/portaldoestado.com.br\/index.php\/wp-json\/wp\/v2\/categories?post=5524"},{"taxonomy":"post_tag","embeddable":true,"href":"https:\/\/portaldoestado.com.br\/index.php\/wp-json\/wp\/v2\/tags?post=5524"}],"curies":[{"name":"wp","href":"https:\/\/api.w.org\/{rel}","templated":true}]}}