{"id":5518,"date":"2026-01-09T15:19:32","date_gmt":"2026-01-09T15:19:32","guid":{"rendered":"https:\/\/portaldoestado.com.br\/?p=5518"},"modified":"2026-01-09T15:19:32","modified_gmt":"2026-01-09T15:19:32","slug":"ana-maria-braga-celebra-reconhecimento-digital-e-agradece-apoio-do-publico","status":"publish","type":"post","link":"https:\/\/portaldoestado.com.br\/index.php\/2026\/01\/09\/ana-maria-braga-celebra-reconhecimento-digital-e-agradece-apoio-do-publico\/","title":{"rendered":"Ana Maria Braga celebra reconhecimento digital e agradece apoio do p\u00fablico"},"content":{"rendered":"\n<p>Ana Maria Braga iniciou 2026 comemorando um importante reconhecimento fora da televis\u00e3o. A apresentadora foi destaque em um ranking da Zeeng que aponta os comunicadores de TV com maior engajamento acumulado no Instagram ao longo de 2025, conquistando a terceira coloca\u00e7\u00e3o na lista.<\/p>\n\n\n\n<p>Animada com o resultado, Ana Maria fez quest\u00e3o de agradecer aos seguidores e destacou que a conquista \u00e9 fruto da rela\u00e7\u00e3o constru\u00edda com o p\u00fablico ao longo dos anos. \u201cEsse resultado s\u00f3 \u00e9 poss\u00edvel gra\u00e7as aos nossos espectadores, que nos acompanham nos diferentes meios de comunica\u00e7\u00e3o. Um reconhecimento que coroa a nossa semana. Obrigada\u201d, escreveu a apresentadora ao comentar a divulga\u00e7\u00e3o do ranking nas redes sociais.<\/p>\n\n\n\n<p>De acordo com o levantamento, Ana Maria somou 34,6 milh\u00f5es de intera\u00e7\u00f5es em seu perfil no Instagram, considerando curtidas e coment\u00e1rios no feed. O topo do ranking ficou com Luciano Huck, que ultrapassou 51,5 milh\u00f5es de intera\u00e7\u00f5es, enquanto Tat\u00e1 Werneck garantiu o segundo lugar, com cerca de 41 milh\u00f5es.<\/p>\n\n\n\n<p>O estudo reuniu 20 nomes consagrados da televis\u00e3o brasileira, entre eles C\u00e9sar Tralli, Marcos Mion, Eliana, Rodrigo Faro, Patr\u00edcia Abravanel, Ratinho, Sabrina Sato, Ana Hickmann, Galv\u00e3o Bueno, F\u00e1tima Bernardes, Danilo Gentili, Adriane Galisteu, Celso Portiolli, Tadeu Schmidt, Patr\u00edcia Poeta, Luciana Gimenez e William Bonner.<\/p>\n\n\n\n<p>Segundo a Zeeng, a an\u00e1lise levou em conta o per\u00edodo de 1\u00ba de janeiro a 31 de dezembro de 2025 e considerou exclusivamente profissionais cuja principal atua\u00e7\u00e3o \u00e9 como apresentadores de televis\u00e3o, deixando de fora influenciadores digitais, artistas e atletas.<\/p>\n\n\n\n<p>Com uma carreira consolidada na TV e forte presen\u00e7a nas redes sociais, Ana Maria Braga segue mostrando sua capacidade de se reinventar e manter um di\u00e1logo pr\u00f3ximo com o p\u00fablico tamb\u00e9m no ambiente digital.<\/p>\n","protected":false},"excerpt":{"rendered":"<p>Ana Maria Braga iniciou 2026 comemorando um importante reconhecimento fora da televis\u00e3o. A apresentadora foi destaque em um ranking da Zeeng que aponta os comunicadores de TV com maior engajamento acumulado no Instagram ao longo de 2025, conquistando a terceira coloca\u00e7\u00e3o na lista. Animada com o resultado, Ana Maria fez quest\u00e3o de agradecer aos seguidores \u2026<\/p>\n","protected":false},"author":2,"featured_media":5517,"comment_status":"closed","ping_status":"open","sticky":false,"template":"","format":"standard","meta":{"footnotes":""},"categories":[3],"tags":[],"class_list":["post-5518","post","type-post","status-publish","format-standard","has-post-thumbnail","hentry","category-famosos"],"yoast_head":"<!-- This site is optimized with the Yoast SEO plugin v25.5 - https:\/\/yoast.com\/wordpress\/plugins\/seo\/ -->\n<title>Ana Maria Braga celebra reconhecimento digital e agradece apoio do p\u00fablico - Portal do Estado<\/title>\n<meta name=\"robots\" content=\"index, follow, max-snippet:-1, max-image-preview:large, max-video-preview:-1\" \/>\n<link rel=\"canonical\" href=\"https:\/\/portaldoestado.com.br\/index.php\/2026\/01\/09\/ana-maria-braga-celebra-reconhecimento-digital-e-agradece-apoio-do-publico\/\" \/>\n<meta property=\"og:locale\" content=\"pt_BR\" \/>\n<meta property=\"og:type\" content=\"article\" \/>\n<meta property=\"og:title\" content=\"Ana Maria Braga celebra reconhecimento digital e agradece apoio do p\u00fablico - Portal do Estado\" \/>\n<meta property=\"og:description\" content=\"Ana Maria Braga iniciou 2026 comemorando um importante reconhecimento fora da televis\u00e3o. A apresentadora foi destaque em um ranking da Zeeng que aponta os comunicadores de TV com maior engajamento acumulado no Instagram ao longo de 2025, conquistando a terceira coloca\u00e7\u00e3o na lista. Animada com o resultado, Ana Maria fez quest\u00e3o de agradecer aos seguidores \u2026\" \/>\n<meta property=\"og:url\" content=\"https:\/\/portaldoestado.com.br\/index.php\/2026\/01\/09\/ana-maria-braga-celebra-reconhecimento-digital-e-agradece-apoio-do-publico\/\" \/>\n<meta property=\"og:site_name\" content=\"Portal do Estado\" \/>\n<meta property=\"article:published_time\" content=\"2026-01-09T15:19:32+00:00\" \/>\n<meta property=\"og:image\" content=\"https:\/\/portaldoestado.com.br\/wp-content\/uploads\/2026\/01\/pvRURQSU-Padrao-para-Portal-LeoDias.jpg\" \/>\n\t<meta property=\"og:image:width\" content=\"1200\" \/>\n\t<meta property=\"og:image:height\" content=\"900\" \/>\n\t<meta property=\"og:image:type\" content=\"image\/jpeg\" \/>\n<meta name=\"author\" content=\"assessoriadefamosos\" \/>\n<meta name=\"twitter:card\" content=\"summary_large_image\" \/>\n<meta name=\"twitter:label1\" content=\"Escrito por\" \/>\n\t<meta name=\"twitter:data1\" content=\"assessoriadefamosos\" \/>\n\t<meta name=\"twitter:label2\" content=\"Est. tempo de leitura\" \/>\n\t<meta name=\"twitter:data2\" content=\"1 minuto\" \/>\n<script type=\"application\/ld+json\" class=\"yoast-schema-graph\">{\"@context\":\"https:\/\/schema.org\",\"@graph\":[{\"@type\":\"Article\",\"@id\":\"https:\/\/portaldoestado.com.br\/index.php\/2026\/01\/09\/ana-maria-braga-celebra-reconhecimento-digital-e-agradece-apoio-do-publico\/#article\",\"isPartOf\":{\"@id\":\"https:\/\/portaldoestado.com.br\/index.php\/2026\/01\/09\/ana-maria-braga-celebra-reconhecimento-digital-e-agradece-apoio-do-publico\/\"},\"author\":{\"name\":\"assessoriadefamosos\",\"@id\":\"https:\/\/portaldoestado.com.br\/#\/schema\/person\/5ca0174f3c8c84b59da62ea14b698cb9\"},\"headline\":\"Ana Maria Braga celebra reconhecimento digital e agradece apoio do p\u00fablico\",\"datePublished\":\"2026-01-09T15:19:32+00:00\",\"mainEntityOfPage\":{\"@id\":\"https:\/\/portaldoestado.com.br\/index.php\/2026\/01\/09\/ana-maria-braga-celebra-reconhecimento-digital-e-agradece-apoio-do-publico\/\"},\"wordCount\":307,\"publisher\":{\"@id\":\"https:\/\/portaldoestado.com.br\/#organization\"},\"image\":{\"@id\":\"https:\/\/portaldoestado.com.br\/index.php\/2026\/01\/09\/ana-maria-braga-celebra-reconhecimento-digital-e-agradece-apoio-do-publico\/#primaryimage\"},\"thumbnailUrl\":\"https:\/\/portaldoestado.com.br\/wp-content\/uploads\/2026\/01\/pvRURQSU-Padrao-para-Portal-LeoDias.jpg\",\"articleSection\":[\"Famosos\"],\"inLanguage\":\"pt-BR\"},{\"@type\":\"WebPage\",\"@id\":\"https:\/\/portaldoestado.com.br\/index.php\/2026\/01\/09\/ana-maria-braga-celebra-reconhecimento-digital-e-agradece-apoio-do-publico\/\",\"url\":\"https:\/\/portaldoestado.com.br\/index.php\/2026\/01\/09\/ana-maria-braga-celebra-reconhecimento-digital-e-agradece-apoio-do-publico\/\",\"name\":\"Ana Maria Braga celebra reconhecimento digital e agradece apoio do p\u00fablico - Portal do Estado\",\"isPartOf\":{\"@id\":\"https:\/\/portaldoestado.com.br\/#website\"},\"primaryImageOfPage\":{\"@id\":\"https:\/\/portaldoestado.com.br\/index.php\/2026\/01\/09\/ana-maria-braga-celebra-reconhecimento-digital-e-agradece-apoio-do-publico\/#primaryimage\"},\"image\":{\"@id\":\"https:\/\/portaldoestado.com.br\/index.php\/2026\/01\/09\/ana-maria-braga-celebra-reconhecimento-digital-e-agradece-apoio-do-publico\/#primaryimage\"},\"thumbnailUrl\":\"https:\/\/portaldoestado.com.br\/wp-content\/uploads\/2026\/01\/pvRURQSU-Padrao-para-Portal-LeoDias.jpg\",\"datePublished\":\"2026-01-09T15:19:32+00:00\",\"breadcrumb\":{\"@id\":\"https:\/\/portaldoestado.com.br\/index.php\/2026\/01\/09\/ana-maria-braga-celebra-reconhecimento-digital-e-agradece-apoio-do-publico\/#breadcrumb\"},\"inLanguage\":\"pt-BR\",\"potentialAction\":[{\"@type\":\"ReadAction\",\"target\":[\"https:\/\/portaldoestado.com.br\/index.php\/2026\/01\/09\/ana-maria-braga-celebra-reconhecimento-digital-e-agradece-apoio-do-publico\/\"]}]},{\"@type\":\"ImageObject\",\"inLanguage\":\"pt-BR\",\"@id\":\"https:\/\/portaldoestado.com.br\/index.php\/2026\/01\/09\/ana-maria-braga-celebra-reconhecimento-digital-e-agradece-apoio-do-publico\/#primaryimage\",\"url\":\"https:\/\/portaldoestado.com.br\/wp-content\/uploads\/2026\/01\/pvRURQSU-Padrao-para-Portal-LeoDias.jpg\",\"contentUrl\":\"https:\/\/portaldoestado.com.br\/wp-content\/uploads\/2026\/01\/pvRURQSU-Padrao-para-Portal-LeoDias.jpg\",\"width\":1200,\"height\":900},{\"@type\":\"BreadcrumbList\",\"@id\":\"https:\/\/portaldoestado.com.br\/index.php\/2026\/01\/09\/ana-maria-braga-celebra-reconhecimento-digital-e-agradece-apoio-do-publico\/#breadcrumb\",\"itemListElement\":[{\"@type\":\"ListItem\",\"position\":1,\"name\":\"In\u00edcio\",\"item\":\"https:\/\/portaldoestado.com.br\/\"},{\"@type\":\"ListItem\",\"position\":2,\"name\":\"Ana Maria Braga celebra reconhecimento digital e agradece apoio do p\u00fablico\"}]},{\"@type\":\"WebSite\",\"@id\":\"https:\/\/portaldoestado.com.br\/#website\",\"url\":\"https:\/\/portaldoestado.com.br\/\",\"name\":\"Portal do Estado\",\"description\":\"\",\"publisher\":{\"@id\":\"https:\/\/portaldoestado.com.br\/#organization\"},\"potentialAction\":[{\"@type\":\"SearchAction\",\"target\":{\"@type\":\"EntryPoint\",\"urlTemplate\":\"https:\/\/portaldoestado.com.br\/?s={search_term_string}\"},\"query-input\":{\"@type\":\"PropertyValueSpecification\",\"valueRequired\":true,\"valueName\":\"search_term_string\"}}],\"inLanguage\":\"pt-BR\"},{\"@type\":\"Organization\",\"@id\":\"https:\/\/portaldoestado.com.br\/#organization\",\"name\":\"Portal do Estado\",\"url\":\"https:\/\/portaldoestado.com.br\/\",\"logo\":{\"@type\":\"ImageObject\",\"inLanguage\":\"pt-BR\",\"@id\":\"https:\/\/portaldoestado.com.br\/#\/schema\/logo\/image\/\",\"url\":\"https:\/\/portaldoestado.com.br\/wp-content\/uploads\/2025\/04\/cropped-6f69b19a-6472-43bf-b1b3-e1910bbbd4e8.png\",\"contentUrl\":\"https:\/\/portaldoestado.com.br\/wp-content\/uploads\/2025\/04\/cropped-6f69b19a-6472-43bf-b1b3-e1910bbbd4e8.png\",\"width\":1024,\"height\":350,\"caption\":\"Portal do Estado\"},\"image\":{\"@id\":\"https:\/\/portaldoestado.com.br\/#\/schema\/logo\/image\/\"}},{\"@type\":\"Person\",\"@id\":\"https:\/\/portaldoestado.com.br\/#\/schema\/person\/5ca0174f3c8c84b59da62ea14b698cb9\",\"name\":\"assessoriadefamosos\",\"image\":{\"@type\":\"ImageObject\",\"inLanguage\":\"pt-BR\",\"@id\":\"https:\/\/portaldoestado.com.br\/#\/schema\/person\/image\/\",\"url\":\"https:\/\/secure.gravatar.com\/avatar\/a7acbdffcfbbae7240e59f47fe511ec5f5d8c252c779f0b8d9ab02a9e1d8c5ed?s=96&d=mm&r=g\",\"contentUrl\":\"https:\/\/secure.gravatar.com\/avatar\/a7acbdffcfbbae7240e59f47fe511ec5f5d8c252c779f0b8d9ab02a9e1d8c5ed?s=96&d=mm&r=g\",\"caption\":\"assessoriadefamosos\"},\"url\":\"https:\/\/portaldoestado.com.br\/index.php\/author\/assessoriadefamosos\/\"}]}<\/script>\n<!-- \/ Yoast SEO plugin. -->","yoast_head_json":{"title":"Ana Maria Braga celebra reconhecimento digital e agradece apoio do p\u00fablico - Portal do Estado","robots":{"index":"index","follow":"follow","max-snippet":"max-snippet:-1","max-image-preview":"max-image-preview:large","max-video-preview":"max-video-preview:-1"},"canonical":"https:\/\/portaldoestado.com.br\/index.php\/2026\/01\/09\/ana-maria-braga-celebra-reconhecimento-digital-e-agradece-apoio-do-publico\/","og_locale":"pt_BR","og_type":"article","og_title":"Ana Maria Braga celebra reconhecimento digital e agradece apoio do p\u00fablico - Portal do Estado","og_description":"Ana Maria Braga iniciou 2026 comemorando um importante reconhecimento fora da televis\u00e3o. A apresentadora foi destaque em um ranking da Zeeng que aponta os comunicadores de TV com maior engajamento acumulado no Instagram ao longo de 2025, conquistando a terceira coloca\u00e7\u00e3o na lista. Animada com o resultado, Ana Maria fez quest\u00e3o de agradecer aos seguidores \u2026","og_url":"https:\/\/portaldoestado.com.br\/index.php\/2026\/01\/09\/ana-maria-braga-celebra-reconhecimento-digital-e-agradece-apoio-do-publico\/","og_site_name":"Portal do Estado","article_published_time":"2026-01-09T15:19:32+00:00","og_image":[{"width":1200,"height":900,"url":"https:\/\/portaldoestado.com.br\/wp-content\/uploads\/2026\/01\/pvRURQSU-Padrao-para-Portal-LeoDias.jpg","type":"image\/jpeg"}],"author":"assessoriadefamosos","twitter_card":"summary_large_image","twitter_misc":{"Escrito por":"assessoriadefamosos","Est. tempo de leitura":"1 minuto"},"schema":{"@context":"https:\/\/schema.org","@graph":[{"@type":"Article","@id":"https:\/\/portaldoestado.com.br\/index.php\/2026\/01\/09\/ana-maria-braga-celebra-reconhecimento-digital-e-agradece-apoio-do-publico\/#article","isPartOf":{"@id":"https:\/\/portaldoestado.com.br\/index.php\/2026\/01\/09\/ana-maria-braga-celebra-reconhecimento-digital-e-agradece-apoio-do-publico\/"},"author":{"name":"assessoriadefamosos","@id":"https:\/\/portaldoestado.com.br\/#\/schema\/person\/5ca0174f3c8c84b59da62ea14b698cb9"},"headline":"Ana Maria Braga celebra reconhecimento digital e agradece apoio do p\u00fablico","datePublished":"2026-01-09T15:19:32+00:00","mainEntityOfPage":{"@id":"https:\/\/portaldoestado.com.br\/index.php\/2026\/01\/09\/ana-maria-braga-celebra-reconhecimento-digital-e-agradece-apoio-do-publico\/"},"wordCount":307,"publisher":{"@id":"https:\/\/portaldoestado.com.br\/#organization"},"image":{"@id":"https:\/\/portaldoestado.com.br\/index.php\/2026\/01\/09\/ana-maria-braga-celebra-reconhecimento-digital-e-agradece-apoio-do-publico\/#primaryimage"},"thumbnailUrl":"https:\/\/portaldoestado.com.br\/wp-content\/uploads\/2026\/01\/pvRURQSU-Padrao-para-Portal-LeoDias.jpg","articleSection":["Famosos"],"inLanguage":"pt-BR"},{"@type":"WebPage","@id":"https:\/\/portaldoestado.com.br\/index.php\/2026\/01\/09\/ana-maria-braga-celebra-reconhecimento-digital-e-agradece-apoio-do-publico\/","url":"https:\/\/portaldoestado.com.br\/index.php\/2026\/01\/09\/ana-maria-braga-celebra-reconhecimento-digital-e-agradece-apoio-do-publico\/","name":"Ana Maria Braga celebra reconhecimento digital e agradece apoio do p\u00fablico - Portal do Estado","isPartOf":{"@id":"https:\/\/portaldoestado.com.br\/#website"},"primaryImageOfPage":{"@id":"https:\/\/portaldoestado.com.br\/index.php\/2026\/01\/09\/ana-maria-braga-celebra-reconhecimento-digital-e-agradece-apoio-do-publico\/#primaryimage"},"image":{"@id":"https:\/\/portaldoestado.com.br\/index.php\/2026\/01\/09\/ana-maria-braga-celebra-reconhecimento-digital-e-agradece-apoio-do-publico\/#primaryimage"},"thumbnailUrl":"https:\/\/portaldoestado.com.br\/wp-content\/uploads\/2026\/01\/pvRURQSU-Padrao-para-Portal-LeoDias.jpg","datePublished":"2026-01-09T15:19:32+00:00","breadcrumb":{"@id":"https:\/\/portaldoestado.com.br\/index.php\/2026\/01\/09\/ana-maria-braga-celebra-reconhecimento-digital-e-agradece-apoio-do-publico\/#breadcrumb"},"inLanguage":"pt-BR","potentialAction":[{"@type":"ReadAction","target":["https:\/\/portaldoestado.com.br\/index.php\/2026\/01\/09\/ana-maria-braga-celebra-reconhecimento-digital-e-agradece-apoio-do-publico\/"]}]},{"@type":"ImageObject","inLanguage":"pt-BR","@id":"https:\/\/portaldoestado.com.br\/index.php\/2026\/01\/09\/ana-maria-braga-celebra-reconhecimento-digital-e-agradece-apoio-do-publico\/#primaryimage","url":"https:\/\/portaldoestado.com.br\/wp-content\/uploads\/2026\/01\/pvRURQSU-Padrao-para-Portal-LeoDias.jpg","contentUrl":"https:\/\/portaldoestado.com.br\/wp-content\/uploads\/2026\/01\/pvRURQSU-Padrao-para-Portal-LeoDias.jpg","width":1200,"height":900},{"@type":"BreadcrumbList","@id":"https:\/\/portaldoestado.com.br\/index.php\/2026\/01\/09\/ana-maria-braga-celebra-reconhecimento-digital-e-agradece-apoio-do-publico\/#breadcrumb","itemListElement":[{"@type":"ListItem","position":1,"name":"In\u00edcio","item":"https:\/\/portaldoestado.com.br\/"},{"@type":"ListItem","position":2,"name":"Ana Maria Braga celebra reconhecimento digital e agradece apoio do p\u00fablico"}]},{"@type":"WebSite","@id":"https:\/\/portaldoestado.com.br\/#website","url":"https:\/\/portaldoestado.com.br\/","name":"Portal do Estado","description":"","publisher":{"@id":"https:\/\/portaldoestado.com.br\/#organization"},"potentialAction":[{"@type":"SearchAction","target":{"@type":"EntryPoint","urlTemplate":"https:\/\/portaldoestado.com.br\/?s={search_term_string}"},"query-input":{"@type":"PropertyValueSpecification","valueRequired":true,"valueName":"search_term_string"}}],"inLanguage":"pt-BR"},{"@type":"Organization","@id":"https:\/\/portaldoestado.com.br\/#organization","name":"Portal do Estado","url":"https:\/\/portaldoestado.com.br\/","logo":{"@type":"ImageObject","inLanguage":"pt-BR","@id":"https:\/\/portaldoestado.com.br\/#\/schema\/logo\/image\/","url":"https:\/\/portaldoestado.com.br\/wp-content\/uploads\/2025\/04\/cropped-6f69b19a-6472-43bf-b1b3-e1910bbbd4e8.png","contentUrl":"https:\/\/portaldoestado.com.br\/wp-content\/uploads\/2025\/04\/cropped-6f69b19a-6472-43bf-b1b3-e1910bbbd4e8.png","width":1024,"height":350,"caption":"Portal do Estado"},"image":{"@id":"https:\/\/portaldoestado.com.br\/#\/schema\/logo\/image\/"}},{"@type":"Person","@id":"https:\/\/portaldoestado.com.br\/#\/schema\/person\/5ca0174f3c8c84b59da62ea14b698cb9","name":"assessoriadefamosos","image":{"@type":"ImageObject","inLanguage":"pt-BR","@id":"https:\/\/portaldoestado.com.br\/#\/schema\/person\/image\/","url":"https:\/\/secure.gravatar.com\/avatar\/a7acbdffcfbbae7240e59f47fe511ec5f5d8c252c779f0b8d9ab02a9e1d8c5ed?s=96&d=mm&r=g","contentUrl":"https:\/\/secure.gravatar.com\/avatar\/a7acbdffcfbbae7240e59f47fe511ec5f5d8c252c779f0b8d9ab02a9e1d8c5ed?s=96&d=mm&r=g","caption":"assessoriadefamosos"},"url":"https:\/\/portaldoestado.com.br\/index.php\/author\/assessoriadefamosos\/"}]}},"jetpack_featured_media_url":"https:\/\/portaldoestado.com.br\/wp-content\/uploads\/2026\/01\/pvRURQSU-Padrao-para-Portal-LeoDias.jpg","_links":{"self":[{"href":"https:\/\/portaldoestado.com.br\/index.php\/wp-json\/wp\/v2\/posts\/5518","targetHints":{"allow":["GET"]}}],"collection":[{"href":"https:\/\/portaldoestado.com.br\/index.php\/wp-json\/wp\/v2\/posts"}],"about":[{"href":"https:\/\/portaldoestado.com.br\/index.php\/wp-json\/wp\/v2\/types\/post"}],"author":[{"embeddable":true,"href":"https:\/\/portaldoestado.com.br\/index.php\/wp-json\/wp\/v2\/users\/2"}],"replies":[{"embeddable":true,"href":"https:\/\/portaldoestado.com.br\/index.php\/wp-json\/wp\/v2\/comments?post=5518"}],"version-history":[{"count":1,"href":"https:\/\/portaldoestado.com.br\/index.php\/wp-json\/wp\/v2\/posts\/5518\/revisions"}],"predecessor-version":[{"id":5519,"href":"https:\/\/portaldoestado.com.br\/index.php\/wp-json\/wp\/v2\/posts\/5518\/revisions\/5519"}],"wp:featuredmedia":[{"embeddable":true,"href":"https:\/\/portaldoestado.com.br\/index.php\/wp-json\/wp\/v2\/media\/5517"}],"wp:attachment":[{"href":"https:\/\/portaldoestado.com.br\/index.php\/wp-json\/wp\/v2\/media?parent=5518"}],"wp:term":[{"taxonomy":"category","embeddable":true,"href":"https:\/\/portaldoestado.com.br\/index.php\/wp-json\/wp\/v2\/categories?post=5518"},{"taxonomy":"post_tag","embeddable":true,"href":"https:\/\/portaldoestado.com.br\/index.php\/wp-json\/wp\/v2\/tags?post=5518"}],"curies":[{"name":"wp","href":"https:\/\/api.w.org\/{rel}","templated":true}]}}