{"id":5509,"date":"2026-01-09T15:01:20","date_gmt":"2026-01-09T15:01:20","guid":{"rendered":"https:\/\/portaldoestado.com.br\/?p=5509"},"modified":"2026-01-09T15:01:20","modified_gmt":"2026-01-09T15:01:20","slug":"apaixonados-lazaro-ramos-abre-2026-com-momento-romantico-ao-lado-de-tais-araujo","status":"publish","type":"post","link":"https:\/\/portaldoestado.com.br\/index.php\/2026\/01\/09\/apaixonados-lazaro-ramos-abre-2026-com-momento-romantico-ao-lado-de-tais-araujo\/","title":{"rendered":"Apaixonados! L\u00e1zaro Ramos abre 2026 com momento rom\u00e2ntico ao lado de Ta\u00eds Araujo"},"content":{"rendered":"\n<p>L\u00e1zaro Ramos e Ta\u00eds Araujo come\u00e7aram 2026 esbanjando sintonia e carinho. Nesta quinta-feira (8\/1), o ator usou as redes sociais para compartilhar um v\u00eddeo em clima de romance ao lado da esposa, com quem mant\u00e9m um relacionamento s\u00f3lido h\u00e1 mais de 20 anos.<\/p>\n\n\n\n<p>No registro, o casal aparece trocando abra\u00e7os e carinhos ao som de \u201cMala e Cuia\u201d, can\u00e7\u00e3o de Jo\u00e3o Gomes, Jota.P\u00ea e Mestrinho, refor\u00e7ando o clima de cumplicidade que sempre marca a rela\u00e7\u00e3o dos dois. Na legenda, L\u00e1zaro entrou na brincadeira e convidou os seguidores a participarem: \u201cQuem \u00e9 seu amor de mala e cuia? Queremos ver o v\u00eddeo de voc\u00eas com seus mozinhos\u201d.<\/p>\n\n\n\n<p>Em setembro do ano passado, os artistas celebraram 21 anos de casamento, uma trajet\u00f3ria marcada por crescimento conjunto, parceria e muito afeto. Da uni\u00e3o nasceram Jo\u00e3o Vicente, de 14 anos, e Maria Ant\u00f4nia, de 10, que completam a fam\u00edlia admirada pelo p\u00fablico.<\/p>\n\n\n\n<p>Na ocasi\u00e3o das bodas, L\u00e1zaro fez uma reflex\u00e3o sobre o tempo e as transforma\u00e7\u00f5es do amor. Ele destacou que, ao longo dos anos, o sentimento amadureceu e se fortaleceu com o respeito, a admira\u00e7\u00e3o e as experi\u00eancias compartilhadas. Para o ator, chegar a mais de duas d\u00e9cadas juntos \u00e9 uma conquista que merece ser celebrada.<\/p>\n\n\n\n<p>Ta\u00eds Araujo tamb\u00e9m se declarou de forma emocionante. Em um texto carinhoso, ela contou que L\u00e1zaro continua sendo seu primeiro pensamento ao planejar viagens, descobrir novos sabores ou compartilhar momentos simples do dia a dia. Entre elogios e bom humor, a atriz ressaltou a alegria de dividir a vida com o companheiro, inclusive nos h\u00e1bitos mais curiosos, como a maratona de filmes que ela nem sempre consegue terminar acordada.<\/p>\n\n\n\n<p>Discretos, mas sempre afetuosos, Ta\u00eds e L\u00e1zaro seguem conquistando f\u00e3s ao mostrar que o amor pode crescer, se reinventar e permanecer forte com o passar do tempo.<\/p>\n","protected":false},"excerpt":{"rendered":"<p>L\u00e1zaro Ramos e Ta\u00eds Araujo come\u00e7aram 2026 esbanjando sintonia e carinho. Nesta quinta-feira (8\/1), o ator usou as redes sociais para compartilhar um v\u00eddeo em clima de romance ao lado da esposa, com quem mant\u00e9m um relacionamento s\u00f3lido h\u00e1 mais de 20 anos. No registro, o casal aparece trocando abra\u00e7os e carinhos ao som de \u2026<\/p>\n","protected":false},"author":2,"featured_media":5508,"comment_status":"closed","ping_status":"open","sticky":false,"template":"","format":"standard","meta":{"footnotes":""},"categories":[3],"tags":[],"class_list":["post-5509","post","type-post","status-publish","format-standard","has-post-thumbnail","hentry","category-famosos"],"yoast_head":"<!-- This site is optimized with the Yoast SEO plugin v25.5 - https:\/\/yoast.com\/wordpress\/plugins\/seo\/ -->\n<title>Apaixonados! L\u00e1zaro Ramos abre 2026 com momento rom\u00e2ntico ao lado de Ta\u00eds Araujo - Portal do Estado<\/title>\n<meta name=\"robots\" content=\"index, follow, max-snippet:-1, max-image-preview:large, max-video-preview:-1\" \/>\n<link rel=\"canonical\" href=\"https:\/\/portaldoestado.com.br\/index.php\/2026\/01\/09\/apaixonados-lazaro-ramos-abre-2026-com-momento-romantico-ao-lado-de-tais-araujo\/\" \/>\n<meta property=\"og:locale\" content=\"pt_BR\" \/>\n<meta property=\"og:type\" content=\"article\" \/>\n<meta property=\"og:title\" content=\"Apaixonados! L\u00e1zaro Ramos abre 2026 com momento rom\u00e2ntico ao lado de Ta\u00eds Araujo - Portal do Estado\" \/>\n<meta property=\"og:description\" content=\"L\u00e1zaro Ramos e Ta\u00eds Araujo come\u00e7aram 2026 esbanjando sintonia e carinho. Nesta quinta-feira (8\/1), o ator usou as redes sociais para compartilhar um v\u00eddeo em clima de romance ao lado da esposa, com quem mant\u00e9m um relacionamento s\u00f3lido h\u00e1 mais de 20 anos. No registro, o casal aparece trocando abra\u00e7os e carinhos ao som de \u2026\" \/>\n<meta property=\"og:url\" content=\"https:\/\/portaldoestado.com.br\/index.php\/2026\/01\/09\/apaixonados-lazaro-ramos-abre-2026-com-momento-romantico-ao-lado-de-tais-araujo\/\" \/>\n<meta property=\"og:site_name\" content=\"Portal do Estado\" \/>\n<meta property=\"article:published_time\" content=\"2026-01-09T15:01:20+00:00\" \/>\n<meta property=\"og:image\" content=\"https:\/\/portaldoestado.com.br\/wp-content\/uploads\/2026\/01\/Lazaro-Ramos-e-Tais-Araujo.jpg\" \/>\n\t<meta property=\"og:image:width\" content=\"1200\" \/>\n\t<meta property=\"og:image:height\" content=\"900\" \/>\n\t<meta property=\"og:image:type\" content=\"image\/jpeg\" \/>\n<meta name=\"author\" content=\"assessoriadefamosos\" \/>\n<meta name=\"twitter:card\" content=\"summary_large_image\" \/>\n<meta name=\"twitter:label1\" content=\"Escrito por\" \/>\n\t<meta name=\"twitter:data1\" content=\"assessoriadefamosos\" \/>\n\t<meta name=\"twitter:label2\" content=\"Est. tempo de leitura\" \/>\n\t<meta name=\"twitter:data2\" content=\"2 minutos\" \/>\n<script type=\"application\/ld+json\" class=\"yoast-schema-graph\">{\"@context\":\"https:\/\/schema.org\",\"@graph\":[{\"@type\":\"Article\",\"@id\":\"https:\/\/portaldoestado.com.br\/index.php\/2026\/01\/09\/apaixonados-lazaro-ramos-abre-2026-com-momento-romantico-ao-lado-de-tais-araujo\/#article\",\"isPartOf\":{\"@id\":\"https:\/\/portaldoestado.com.br\/index.php\/2026\/01\/09\/apaixonados-lazaro-ramos-abre-2026-com-momento-romantico-ao-lado-de-tais-araujo\/\"},\"author\":{\"name\":\"assessoriadefamosos\",\"@id\":\"https:\/\/portaldoestado.com.br\/#\/schema\/person\/5ca0174f3c8c84b59da62ea14b698cb9\"},\"headline\":\"Apaixonados! L\u00e1zaro Ramos abre 2026 com momento rom\u00e2ntico ao lado de Ta\u00eds Araujo\",\"datePublished\":\"2026-01-09T15:01:20+00:00\",\"mainEntityOfPage\":{\"@id\":\"https:\/\/portaldoestado.com.br\/index.php\/2026\/01\/09\/apaixonados-lazaro-ramos-abre-2026-com-momento-romantico-ao-lado-de-tais-araujo\/\"},\"wordCount\":341,\"publisher\":{\"@id\":\"https:\/\/portaldoestado.com.br\/#organization\"},\"image\":{\"@id\":\"https:\/\/portaldoestado.com.br\/index.php\/2026\/01\/09\/apaixonados-lazaro-ramos-abre-2026-com-momento-romantico-ao-lado-de-tais-araujo\/#primaryimage\"},\"thumbnailUrl\":\"https:\/\/portaldoestado.com.br\/wp-content\/uploads\/2026\/01\/Lazaro-Ramos-e-Tais-Araujo.jpg\",\"articleSection\":[\"Famosos\"],\"inLanguage\":\"pt-BR\"},{\"@type\":\"WebPage\",\"@id\":\"https:\/\/portaldoestado.com.br\/index.php\/2026\/01\/09\/apaixonados-lazaro-ramos-abre-2026-com-momento-romantico-ao-lado-de-tais-araujo\/\",\"url\":\"https:\/\/portaldoestado.com.br\/index.php\/2026\/01\/09\/apaixonados-lazaro-ramos-abre-2026-com-momento-romantico-ao-lado-de-tais-araujo\/\",\"name\":\"Apaixonados! L\u00e1zaro Ramos abre 2026 com momento rom\u00e2ntico ao lado de Ta\u00eds Araujo - Portal do Estado\",\"isPartOf\":{\"@id\":\"https:\/\/portaldoestado.com.br\/#website\"},\"primaryImageOfPage\":{\"@id\":\"https:\/\/portaldoestado.com.br\/index.php\/2026\/01\/09\/apaixonados-lazaro-ramos-abre-2026-com-momento-romantico-ao-lado-de-tais-araujo\/#primaryimage\"},\"image\":{\"@id\":\"https:\/\/portaldoestado.com.br\/index.php\/2026\/01\/09\/apaixonados-lazaro-ramos-abre-2026-com-momento-romantico-ao-lado-de-tais-araujo\/#primaryimage\"},\"thumbnailUrl\":\"https:\/\/portaldoestado.com.br\/wp-content\/uploads\/2026\/01\/Lazaro-Ramos-e-Tais-Araujo.jpg\",\"datePublished\":\"2026-01-09T15:01:20+00:00\",\"breadcrumb\":{\"@id\":\"https:\/\/portaldoestado.com.br\/index.php\/2026\/01\/09\/apaixonados-lazaro-ramos-abre-2026-com-momento-romantico-ao-lado-de-tais-araujo\/#breadcrumb\"},\"inLanguage\":\"pt-BR\",\"potentialAction\":[{\"@type\":\"ReadAction\",\"target\":[\"https:\/\/portaldoestado.com.br\/index.php\/2026\/01\/09\/apaixonados-lazaro-ramos-abre-2026-com-momento-romantico-ao-lado-de-tais-araujo\/\"]}]},{\"@type\":\"ImageObject\",\"inLanguage\":\"pt-BR\",\"@id\":\"https:\/\/portaldoestado.com.br\/index.php\/2026\/01\/09\/apaixonados-lazaro-ramos-abre-2026-com-momento-romantico-ao-lado-de-tais-araujo\/#primaryimage\",\"url\":\"https:\/\/portaldoestado.com.br\/wp-content\/uploads\/2026\/01\/Lazaro-Ramos-e-Tais-Araujo.jpg\",\"contentUrl\":\"https:\/\/portaldoestado.com.br\/wp-content\/uploads\/2026\/01\/Lazaro-Ramos-e-Tais-Araujo.jpg\",\"width\":1200,\"height\":900},{\"@type\":\"BreadcrumbList\",\"@id\":\"https:\/\/portaldoestado.com.br\/index.php\/2026\/01\/09\/apaixonados-lazaro-ramos-abre-2026-com-momento-romantico-ao-lado-de-tais-araujo\/#breadcrumb\",\"itemListElement\":[{\"@type\":\"ListItem\",\"position\":1,\"name\":\"In\u00edcio\",\"item\":\"https:\/\/portaldoestado.com.br\/\"},{\"@type\":\"ListItem\",\"position\":2,\"name\":\"Apaixonados! L\u00e1zaro Ramos abre 2026 com momento rom\u00e2ntico ao lado de Ta\u00eds Araujo\"}]},{\"@type\":\"WebSite\",\"@id\":\"https:\/\/portaldoestado.com.br\/#website\",\"url\":\"https:\/\/portaldoestado.com.br\/\",\"name\":\"Portal do Estado\",\"description\":\"\",\"publisher\":{\"@id\":\"https:\/\/portaldoestado.com.br\/#organization\"},\"potentialAction\":[{\"@type\":\"SearchAction\",\"target\":{\"@type\":\"EntryPoint\",\"urlTemplate\":\"https:\/\/portaldoestado.com.br\/?s={search_term_string}\"},\"query-input\":{\"@type\":\"PropertyValueSpecification\",\"valueRequired\":true,\"valueName\":\"search_term_string\"}}],\"inLanguage\":\"pt-BR\"},{\"@type\":\"Organization\",\"@id\":\"https:\/\/portaldoestado.com.br\/#organization\",\"name\":\"Portal do Estado\",\"url\":\"https:\/\/portaldoestado.com.br\/\",\"logo\":{\"@type\":\"ImageObject\",\"inLanguage\":\"pt-BR\",\"@id\":\"https:\/\/portaldoestado.com.br\/#\/schema\/logo\/image\/\",\"url\":\"https:\/\/portaldoestado.com.br\/wp-content\/uploads\/2025\/04\/cropped-6f69b19a-6472-43bf-b1b3-e1910bbbd4e8.png\",\"contentUrl\":\"https:\/\/portaldoestado.com.br\/wp-content\/uploads\/2025\/04\/cropped-6f69b19a-6472-43bf-b1b3-e1910bbbd4e8.png\",\"width\":1024,\"height\":350,\"caption\":\"Portal do Estado\"},\"image\":{\"@id\":\"https:\/\/portaldoestado.com.br\/#\/schema\/logo\/image\/\"}},{\"@type\":\"Person\",\"@id\":\"https:\/\/portaldoestado.com.br\/#\/schema\/person\/5ca0174f3c8c84b59da62ea14b698cb9\",\"name\":\"assessoriadefamosos\",\"image\":{\"@type\":\"ImageObject\",\"inLanguage\":\"pt-BR\",\"@id\":\"https:\/\/portaldoestado.com.br\/#\/schema\/person\/image\/\",\"url\":\"https:\/\/secure.gravatar.com\/avatar\/a7acbdffcfbbae7240e59f47fe511ec5f5d8c252c779f0b8d9ab02a9e1d8c5ed?s=96&d=mm&r=g\",\"contentUrl\":\"https:\/\/secure.gravatar.com\/avatar\/a7acbdffcfbbae7240e59f47fe511ec5f5d8c252c779f0b8d9ab02a9e1d8c5ed?s=96&d=mm&r=g\",\"caption\":\"assessoriadefamosos\"},\"url\":\"https:\/\/portaldoestado.com.br\/index.php\/author\/assessoriadefamosos\/\"}]}<\/script>\n<!-- \/ Yoast SEO plugin. -->","yoast_head_json":{"title":"Apaixonados! L\u00e1zaro Ramos abre 2026 com momento rom\u00e2ntico ao lado de Ta\u00eds Araujo - Portal do Estado","robots":{"index":"index","follow":"follow","max-snippet":"max-snippet:-1","max-image-preview":"max-image-preview:large","max-video-preview":"max-video-preview:-1"},"canonical":"https:\/\/portaldoestado.com.br\/index.php\/2026\/01\/09\/apaixonados-lazaro-ramos-abre-2026-com-momento-romantico-ao-lado-de-tais-araujo\/","og_locale":"pt_BR","og_type":"article","og_title":"Apaixonados! L\u00e1zaro Ramos abre 2026 com momento rom\u00e2ntico ao lado de Ta\u00eds Araujo - Portal do Estado","og_description":"L\u00e1zaro Ramos e Ta\u00eds Araujo come\u00e7aram 2026 esbanjando sintonia e carinho. Nesta quinta-feira (8\/1), o ator usou as redes sociais para compartilhar um v\u00eddeo em clima de romance ao lado da esposa, com quem mant\u00e9m um relacionamento s\u00f3lido h\u00e1 mais de 20 anos. No registro, o casal aparece trocando abra\u00e7os e carinhos ao som de \u2026","og_url":"https:\/\/portaldoestado.com.br\/index.php\/2026\/01\/09\/apaixonados-lazaro-ramos-abre-2026-com-momento-romantico-ao-lado-de-tais-araujo\/","og_site_name":"Portal do Estado","article_published_time":"2026-01-09T15:01:20+00:00","og_image":[{"width":1200,"height":900,"url":"https:\/\/portaldoestado.com.br\/wp-content\/uploads\/2026\/01\/Lazaro-Ramos-e-Tais-Araujo.jpg","type":"image\/jpeg"}],"author":"assessoriadefamosos","twitter_card":"summary_large_image","twitter_misc":{"Escrito por":"assessoriadefamosos","Est. tempo de leitura":"2 minutos"},"schema":{"@context":"https:\/\/schema.org","@graph":[{"@type":"Article","@id":"https:\/\/portaldoestado.com.br\/index.php\/2026\/01\/09\/apaixonados-lazaro-ramos-abre-2026-com-momento-romantico-ao-lado-de-tais-araujo\/#article","isPartOf":{"@id":"https:\/\/portaldoestado.com.br\/index.php\/2026\/01\/09\/apaixonados-lazaro-ramos-abre-2026-com-momento-romantico-ao-lado-de-tais-araujo\/"},"author":{"name":"assessoriadefamosos","@id":"https:\/\/portaldoestado.com.br\/#\/schema\/person\/5ca0174f3c8c84b59da62ea14b698cb9"},"headline":"Apaixonados! L\u00e1zaro Ramos abre 2026 com momento rom\u00e2ntico ao lado de Ta\u00eds Araujo","datePublished":"2026-01-09T15:01:20+00:00","mainEntityOfPage":{"@id":"https:\/\/portaldoestado.com.br\/index.php\/2026\/01\/09\/apaixonados-lazaro-ramos-abre-2026-com-momento-romantico-ao-lado-de-tais-araujo\/"},"wordCount":341,"publisher":{"@id":"https:\/\/portaldoestado.com.br\/#organization"},"image":{"@id":"https:\/\/portaldoestado.com.br\/index.php\/2026\/01\/09\/apaixonados-lazaro-ramos-abre-2026-com-momento-romantico-ao-lado-de-tais-araujo\/#primaryimage"},"thumbnailUrl":"https:\/\/portaldoestado.com.br\/wp-content\/uploads\/2026\/01\/Lazaro-Ramos-e-Tais-Araujo.jpg","articleSection":["Famosos"],"inLanguage":"pt-BR"},{"@type":"WebPage","@id":"https:\/\/portaldoestado.com.br\/index.php\/2026\/01\/09\/apaixonados-lazaro-ramos-abre-2026-com-momento-romantico-ao-lado-de-tais-araujo\/","url":"https:\/\/portaldoestado.com.br\/index.php\/2026\/01\/09\/apaixonados-lazaro-ramos-abre-2026-com-momento-romantico-ao-lado-de-tais-araujo\/","name":"Apaixonados! L\u00e1zaro Ramos abre 2026 com momento rom\u00e2ntico ao lado de Ta\u00eds Araujo - Portal do Estado","isPartOf":{"@id":"https:\/\/portaldoestado.com.br\/#website"},"primaryImageOfPage":{"@id":"https:\/\/portaldoestado.com.br\/index.php\/2026\/01\/09\/apaixonados-lazaro-ramos-abre-2026-com-momento-romantico-ao-lado-de-tais-araujo\/#primaryimage"},"image":{"@id":"https:\/\/portaldoestado.com.br\/index.php\/2026\/01\/09\/apaixonados-lazaro-ramos-abre-2026-com-momento-romantico-ao-lado-de-tais-araujo\/#primaryimage"},"thumbnailUrl":"https:\/\/portaldoestado.com.br\/wp-content\/uploads\/2026\/01\/Lazaro-Ramos-e-Tais-Araujo.jpg","datePublished":"2026-01-09T15:01:20+00:00","breadcrumb":{"@id":"https:\/\/portaldoestado.com.br\/index.php\/2026\/01\/09\/apaixonados-lazaro-ramos-abre-2026-com-momento-romantico-ao-lado-de-tais-araujo\/#breadcrumb"},"inLanguage":"pt-BR","potentialAction":[{"@type":"ReadAction","target":["https:\/\/portaldoestado.com.br\/index.php\/2026\/01\/09\/apaixonados-lazaro-ramos-abre-2026-com-momento-romantico-ao-lado-de-tais-araujo\/"]}]},{"@type":"ImageObject","inLanguage":"pt-BR","@id":"https:\/\/portaldoestado.com.br\/index.php\/2026\/01\/09\/apaixonados-lazaro-ramos-abre-2026-com-momento-romantico-ao-lado-de-tais-araujo\/#primaryimage","url":"https:\/\/portaldoestado.com.br\/wp-content\/uploads\/2026\/01\/Lazaro-Ramos-e-Tais-Araujo.jpg","contentUrl":"https:\/\/portaldoestado.com.br\/wp-content\/uploads\/2026\/01\/Lazaro-Ramos-e-Tais-Araujo.jpg","width":1200,"height":900},{"@type":"BreadcrumbList","@id":"https:\/\/portaldoestado.com.br\/index.php\/2026\/01\/09\/apaixonados-lazaro-ramos-abre-2026-com-momento-romantico-ao-lado-de-tais-araujo\/#breadcrumb","itemListElement":[{"@type":"ListItem","position":1,"name":"In\u00edcio","item":"https:\/\/portaldoestado.com.br\/"},{"@type":"ListItem","position":2,"name":"Apaixonados! L\u00e1zaro Ramos abre 2026 com momento rom\u00e2ntico ao lado de Ta\u00eds Araujo"}]},{"@type":"WebSite","@id":"https:\/\/portaldoestado.com.br\/#website","url":"https:\/\/portaldoestado.com.br\/","name":"Portal do Estado","description":"","publisher":{"@id":"https:\/\/portaldoestado.com.br\/#organization"},"potentialAction":[{"@type":"SearchAction","target":{"@type":"EntryPoint","urlTemplate":"https:\/\/portaldoestado.com.br\/?s={search_term_string}"},"query-input":{"@type":"PropertyValueSpecification","valueRequired":true,"valueName":"search_term_string"}}],"inLanguage":"pt-BR"},{"@type":"Organization","@id":"https:\/\/portaldoestado.com.br\/#organization","name":"Portal do Estado","url":"https:\/\/portaldoestado.com.br\/","logo":{"@type":"ImageObject","inLanguage":"pt-BR","@id":"https:\/\/portaldoestado.com.br\/#\/schema\/logo\/image\/","url":"https:\/\/portaldoestado.com.br\/wp-content\/uploads\/2025\/04\/cropped-6f69b19a-6472-43bf-b1b3-e1910bbbd4e8.png","contentUrl":"https:\/\/portaldoestado.com.br\/wp-content\/uploads\/2025\/04\/cropped-6f69b19a-6472-43bf-b1b3-e1910bbbd4e8.png","width":1024,"height":350,"caption":"Portal do Estado"},"image":{"@id":"https:\/\/portaldoestado.com.br\/#\/schema\/logo\/image\/"}},{"@type":"Person","@id":"https:\/\/portaldoestado.com.br\/#\/schema\/person\/5ca0174f3c8c84b59da62ea14b698cb9","name":"assessoriadefamosos","image":{"@type":"ImageObject","inLanguage":"pt-BR","@id":"https:\/\/portaldoestado.com.br\/#\/schema\/person\/image\/","url":"https:\/\/secure.gravatar.com\/avatar\/a7acbdffcfbbae7240e59f47fe511ec5f5d8c252c779f0b8d9ab02a9e1d8c5ed?s=96&d=mm&r=g","contentUrl":"https:\/\/secure.gravatar.com\/avatar\/a7acbdffcfbbae7240e59f47fe511ec5f5d8c252c779f0b8d9ab02a9e1d8c5ed?s=96&d=mm&r=g","caption":"assessoriadefamosos"},"url":"https:\/\/portaldoestado.com.br\/index.php\/author\/assessoriadefamosos\/"}]}},"jetpack_featured_media_url":"https:\/\/portaldoestado.com.br\/wp-content\/uploads\/2026\/01\/Lazaro-Ramos-e-Tais-Araujo.jpg","_links":{"self":[{"href":"https:\/\/portaldoestado.com.br\/index.php\/wp-json\/wp\/v2\/posts\/5509","targetHints":{"allow":["GET"]}}],"collection":[{"href":"https:\/\/portaldoestado.com.br\/index.php\/wp-json\/wp\/v2\/posts"}],"about":[{"href":"https:\/\/portaldoestado.com.br\/index.php\/wp-json\/wp\/v2\/types\/post"}],"author":[{"embeddable":true,"href":"https:\/\/portaldoestado.com.br\/index.php\/wp-json\/wp\/v2\/users\/2"}],"replies":[{"embeddable":true,"href":"https:\/\/portaldoestado.com.br\/index.php\/wp-json\/wp\/v2\/comments?post=5509"}],"version-history":[{"count":1,"href":"https:\/\/portaldoestado.com.br\/index.php\/wp-json\/wp\/v2\/posts\/5509\/revisions"}],"predecessor-version":[{"id":5510,"href":"https:\/\/portaldoestado.com.br\/index.php\/wp-json\/wp\/v2\/posts\/5509\/revisions\/5510"}],"wp:featuredmedia":[{"embeddable":true,"href":"https:\/\/portaldoestado.com.br\/index.php\/wp-json\/wp\/v2\/media\/5508"}],"wp:attachment":[{"href":"https:\/\/portaldoestado.com.br\/index.php\/wp-json\/wp\/v2\/media?parent=5509"}],"wp:term":[{"taxonomy":"category","embeddable":true,"href":"https:\/\/portaldoestado.com.br\/index.php\/wp-json\/wp\/v2\/categories?post=5509"},{"taxonomy":"post_tag","embeddable":true,"href":"https:\/\/portaldoestado.com.br\/index.php\/wp-json\/wp\/v2\/tags?post=5509"}],"curies":[{"name":"wp","href":"https:\/\/api.w.org\/{rel}","templated":true}]}}