{"id":5506,"date":"2026-01-09T14:57:49","date_gmt":"2026-01-09T14:57:49","guid":{"rendered":"https:\/\/portaldoestado.com.br\/?p=5506"},"modified":"2026-01-09T14:57:49","modified_gmt":"2026-01-09T14:57:49","slug":"familia-de-joao-guilherme-improvisa-apos-detalhe-inusitado-em-festa-com-presenca-de-bruna-marquezine","status":"publish","type":"post","link":"https:\/\/portaldoestado.com.br\/index.php\/2026\/01\/09\/familia-de-joao-guilherme-improvisa-apos-detalhe-inusitado-em-festa-com-presenca-de-bruna-marquezine\/","title":{"rendered":"Fam\u00edlia de Jo\u00e3o Guilherme improvisa ap\u00f3s detalhe inusitado em festa com presen\u00e7a de Bruna Marquezine"},"content":{"rendered":"\n<p>Um epis\u00f3dio curioso dos bastidores do anivers\u00e1rio de Jo\u00e3o Guilherme, celebrado em 2025 na Fazenda Talism\u00e3, em Goi\u00e1s, veio \u00e0 tona e arrancou risadas dos f\u00e3s. Matheus Vargas e J\u00e9ssica Beatriz Costa, irm\u00e3os do ator, revelaram que precisaram agir r\u00e1pido ao perceber um elemento da decora\u00e7\u00e3o que poderia gerar um clima desconfort\u00e1vel durante a comemora\u00e7\u00e3o.<\/p>\n\n\n\n<p>Tudo por causa de um totem com a imagem de Neymar, que acabou sendo \u201cescondido\u201d antes que a situa\u00e7\u00e3o chamasse ainda mais aten\u00e7\u00e3o. Na \u00e9poca, Jo\u00e3o Guilherme namorava Bruna Marquezine, que esteve presente na festa. Como o jogador \u00e9 ex-namorado da atriz, os irm\u00e3os decidiram evitar qualquer tipo de constrangimento.<\/p>\n\n\n\n<p>O detalhe \u00e9 que o totem n\u00e3o havia sido feito para o anivers\u00e1rio do ator. Ele fazia parte da decora\u00e7\u00e3o da festa de Noah, filho de J\u00e9ssica Beatriz, que seria comemorada no dia seguinte. Como o tema envolvia futebol, o objeto acabou aparecendo no espa\u00e7o da celebra\u00e7\u00e3o de Jo\u00e3o \u2014 at\u00e9 que algu\u00e9m percebeu a coincid\u00eancia.<\/p>\n\n\n\n<p>Matheus contou que, a princ\u00edpio, tudo parecia apenas uma brincadeira, mas logo ficou claro que a situa\u00e7\u00e3o poderia render coment\u00e1rios indesejados. \u201cQuando me dei conta, pensei que n\u00e3o fazia sentido ter a imagem do Neymar ali naquele momento\u201d, relatou, em tom bem-humorado. A solu\u00e7\u00e3o foi imediata: cobrir o totem com um pano escuro.<\/p>\n\n\n\n<p>Segundo J\u00e9ssica, o item n\u00e3o foi descartado. \u201cDepois a gente adaptou e colocou o uniforme de um jogador que o aniversariante admira\u201d, explicou. Para Matheus, o epis\u00f3dio traduz bem o esp\u00edrito das reuni\u00f5es familiares. \u201cEsses anivers\u00e1rios s\u00e3o sempre cheios de improviso\u201d, brincou.<\/p>\n\n\n\n<p>Pouco tempo ap\u00f3s a festa, Jo\u00e3o Guilherme e Bruna Marquezine colocaram um ponto final no relacionamento. Desde ent\u00e3o, a atriz passou a ser vista ao lado do cantor Shawn Mendes, com quem tem sido apontada como vivendo um romance ap\u00f3s apari\u00e7\u00f5es no Brasil e fora do pa\u00eds.<\/p>\n\n\n\n<p>J\u00e1 Jo\u00e3o Guilherme vem sendo ligado \u00e0 modelo internacional Luiza Perote. Os rumores ganharam for\u00e7a ap\u00f3s uma viagem dos dois ao Jap\u00e3o e novas apari\u00e7\u00f5es juntos no fim do ano, al\u00e9m de coment\u00e1rios sugestivos feitos por pessoas pr\u00f3ximas ao ator nas redes sociais.<\/p>\n","protected":false},"excerpt":{"rendered":"<p>Um epis\u00f3dio curioso dos bastidores do anivers\u00e1rio de Jo\u00e3o Guilherme, celebrado em 2025 na Fazenda Talism\u00e3, em Goi\u00e1s, veio \u00e0 tona e arrancou risadas dos f\u00e3s. Matheus Vargas e J\u00e9ssica Beatriz Costa, irm\u00e3os do ator, revelaram que precisaram agir r\u00e1pido ao perceber um elemento da decora\u00e7\u00e3o que poderia gerar um clima desconfort\u00e1vel durante a comemora\u00e7\u00e3o. \u2026<\/p>\n","protected":false},"author":2,"featured_media":5505,"comment_status":"closed","ping_status":"open","sticky":false,"template":"","format":"standard","meta":{"footnotes":""},"categories":[3],"tags":[],"class_list":["post-5506","post","type-post","status-publish","format-standard","has-post-thumbnail","hentry","category-famosos"],"yoast_head":"<!-- This site is optimized with the Yoast SEO plugin v25.5 - https:\/\/yoast.com\/wordpress\/plugins\/seo\/ -->\n<title>Fam\u00edlia de Jo\u00e3o Guilherme improvisa ap\u00f3s detalhe inusitado em festa com presen\u00e7a de Bruna Marquezine - Portal do Estado<\/title>\n<meta name=\"robots\" content=\"index, follow, max-snippet:-1, max-image-preview:large, max-video-preview:-1\" \/>\n<link rel=\"canonical\" href=\"https:\/\/portaldoestado.com.br\/index.php\/2026\/01\/09\/familia-de-joao-guilherme-improvisa-apos-detalhe-inusitado-em-festa-com-presenca-de-bruna-marquezine\/\" \/>\n<meta property=\"og:locale\" content=\"pt_BR\" \/>\n<meta property=\"og:type\" content=\"article\" \/>\n<meta property=\"og:title\" content=\"Fam\u00edlia de Jo\u00e3o Guilherme improvisa ap\u00f3s detalhe inusitado em festa com presen\u00e7a de Bruna Marquezine - Portal do Estado\" \/>\n<meta property=\"og:description\" content=\"Um epis\u00f3dio curioso dos bastidores do anivers\u00e1rio de Jo\u00e3o Guilherme, celebrado em 2025 na Fazenda Talism\u00e3, em Goi\u00e1s, veio \u00e0 tona e arrancou risadas dos f\u00e3s. Matheus Vargas e J\u00e9ssica Beatriz Costa, irm\u00e3os do ator, revelaram que precisaram agir r\u00e1pido ao perceber um elemento da decora\u00e7\u00e3o que poderia gerar um clima desconfort\u00e1vel durante a comemora\u00e7\u00e3o. \u2026\" \/>\n<meta property=\"og:url\" content=\"https:\/\/portaldoestado.com.br\/index.php\/2026\/01\/09\/familia-de-joao-guilherme-improvisa-apos-detalhe-inusitado-em-festa-com-presenca-de-bruna-marquezine\/\" \/>\n<meta property=\"og:site_name\" content=\"Portal do Estado\" \/>\n<meta property=\"article:published_time\" content=\"2026-01-09T14:57:49+00:00\" \/>\n<meta property=\"og:image\" content=\"https:\/\/portaldoestado.com.br\/wp-content\/uploads\/2026\/01\/ZC6heF6i-Design-sem-nome-18.jpg\" \/>\n\t<meta property=\"og:image:width\" content=\"1200\" \/>\n\t<meta property=\"og:image:height\" content=\"900\" \/>\n\t<meta property=\"og:image:type\" content=\"image\/jpeg\" \/>\n<meta name=\"author\" content=\"assessoriadefamosos\" \/>\n<meta name=\"twitter:card\" content=\"summary_large_image\" \/>\n<meta name=\"twitter:label1\" content=\"Escrito por\" \/>\n\t<meta name=\"twitter:data1\" content=\"assessoriadefamosos\" \/>\n\t<meta name=\"twitter:label2\" content=\"Est. tempo de leitura\" \/>\n\t<meta name=\"twitter:data2\" content=\"2 minutos\" \/>\n<script type=\"application\/ld+json\" class=\"yoast-schema-graph\">{\"@context\":\"https:\/\/schema.org\",\"@graph\":[{\"@type\":\"Article\",\"@id\":\"https:\/\/portaldoestado.com.br\/index.php\/2026\/01\/09\/familia-de-joao-guilherme-improvisa-apos-detalhe-inusitado-em-festa-com-presenca-de-bruna-marquezine\/#article\",\"isPartOf\":{\"@id\":\"https:\/\/portaldoestado.com.br\/index.php\/2026\/01\/09\/familia-de-joao-guilherme-improvisa-apos-detalhe-inusitado-em-festa-com-presenca-de-bruna-marquezine\/\"},\"author\":{\"name\":\"assessoriadefamosos\",\"@id\":\"https:\/\/portaldoestado.com.br\/#\/schema\/person\/5ca0174f3c8c84b59da62ea14b698cb9\"},\"headline\":\"Fam\u00edlia de Jo\u00e3o Guilherme improvisa ap\u00f3s detalhe inusitado em festa com presen\u00e7a de Bruna Marquezine\",\"datePublished\":\"2026-01-09T14:57:49+00:00\",\"mainEntityOfPage\":{\"@id\":\"https:\/\/portaldoestado.com.br\/index.php\/2026\/01\/09\/familia-de-joao-guilherme-improvisa-apos-detalhe-inusitado-em-festa-com-presenca-de-bruna-marquezine\/\"},\"wordCount\":409,\"publisher\":{\"@id\":\"https:\/\/portaldoestado.com.br\/#organization\"},\"image\":{\"@id\":\"https:\/\/portaldoestado.com.br\/index.php\/2026\/01\/09\/familia-de-joao-guilherme-improvisa-apos-detalhe-inusitado-em-festa-com-presenca-de-bruna-marquezine\/#primaryimage\"},\"thumbnailUrl\":\"https:\/\/portaldoestado.com.br\/wp-content\/uploads\/2026\/01\/ZC6heF6i-Design-sem-nome-18.jpg\",\"articleSection\":[\"Famosos\"],\"inLanguage\":\"pt-BR\"},{\"@type\":\"WebPage\",\"@id\":\"https:\/\/portaldoestado.com.br\/index.php\/2026\/01\/09\/familia-de-joao-guilherme-improvisa-apos-detalhe-inusitado-em-festa-com-presenca-de-bruna-marquezine\/\",\"url\":\"https:\/\/portaldoestado.com.br\/index.php\/2026\/01\/09\/familia-de-joao-guilherme-improvisa-apos-detalhe-inusitado-em-festa-com-presenca-de-bruna-marquezine\/\",\"name\":\"Fam\u00edlia de Jo\u00e3o Guilherme improvisa ap\u00f3s detalhe inusitado em festa com presen\u00e7a de Bruna Marquezine - Portal do Estado\",\"isPartOf\":{\"@id\":\"https:\/\/portaldoestado.com.br\/#website\"},\"primaryImageOfPage\":{\"@id\":\"https:\/\/portaldoestado.com.br\/index.php\/2026\/01\/09\/familia-de-joao-guilherme-improvisa-apos-detalhe-inusitado-em-festa-com-presenca-de-bruna-marquezine\/#primaryimage\"},\"image\":{\"@id\":\"https:\/\/portaldoestado.com.br\/index.php\/2026\/01\/09\/familia-de-joao-guilherme-improvisa-apos-detalhe-inusitado-em-festa-com-presenca-de-bruna-marquezine\/#primaryimage\"},\"thumbnailUrl\":\"https:\/\/portaldoestado.com.br\/wp-content\/uploads\/2026\/01\/ZC6heF6i-Design-sem-nome-18.jpg\",\"datePublished\":\"2026-01-09T14:57:49+00:00\",\"breadcrumb\":{\"@id\":\"https:\/\/portaldoestado.com.br\/index.php\/2026\/01\/09\/familia-de-joao-guilherme-improvisa-apos-detalhe-inusitado-em-festa-com-presenca-de-bruna-marquezine\/#breadcrumb\"},\"inLanguage\":\"pt-BR\",\"potentialAction\":[{\"@type\":\"ReadAction\",\"target\":[\"https:\/\/portaldoestado.com.br\/index.php\/2026\/01\/09\/familia-de-joao-guilherme-improvisa-apos-detalhe-inusitado-em-festa-com-presenca-de-bruna-marquezine\/\"]}]},{\"@type\":\"ImageObject\",\"inLanguage\":\"pt-BR\",\"@id\":\"https:\/\/portaldoestado.com.br\/index.php\/2026\/01\/09\/familia-de-joao-guilherme-improvisa-apos-detalhe-inusitado-em-festa-com-presenca-de-bruna-marquezine\/#primaryimage\",\"url\":\"https:\/\/portaldoestado.com.br\/wp-content\/uploads\/2026\/01\/ZC6heF6i-Design-sem-nome-18.jpg\",\"contentUrl\":\"https:\/\/portaldoestado.com.br\/wp-content\/uploads\/2026\/01\/ZC6heF6i-Design-sem-nome-18.jpg\",\"width\":1200,\"height\":900},{\"@type\":\"BreadcrumbList\",\"@id\":\"https:\/\/portaldoestado.com.br\/index.php\/2026\/01\/09\/familia-de-joao-guilherme-improvisa-apos-detalhe-inusitado-em-festa-com-presenca-de-bruna-marquezine\/#breadcrumb\",\"itemListElement\":[{\"@type\":\"ListItem\",\"position\":1,\"name\":\"In\u00edcio\",\"item\":\"https:\/\/portaldoestado.com.br\/\"},{\"@type\":\"ListItem\",\"position\":2,\"name\":\"Fam\u00edlia de Jo\u00e3o Guilherme improvisa ap\u00f3s detalhe inusitado em festa com presen\u00e7a de Bruna Marquezine\"}]},{\"@type\":\"WebSite\",\"@id\":\"https:\/\/portaldoestado.com.br\/#website\",\"url\":\"https:\/\/portaldoestado.com.br\/\",\"name\":\"Portal do Estado\",\"description\":\"\",\"publisher\":{\"@id\":\"https:\/\/portaldoestado.com.br\/#organization\"},\"potentialAction\":[{\"@type\":\"SearchAction\",\"target\":{\"@type\":\"EntryPoint\",\"urlTemplate\":\"https:\/\/portaldoestado.com.br\/?s={search_term_string}\"},\"query-input\":{\"@type\":\"PropertyValueSpecification\",\"valueRequired\":true,\"valueName\":\"search_term_string\"}}],\"inLanguage\":\"pt-BR\"},{\"@type\":\"Organization\",\"@id\":\"https:\/\/portaldoestado.com.br\/#organization\",\"name\":\"Portal do Estado\",\"url\":\"https:\/\/portaldoestado.com.br\/\",\"logo\":{\"@type\":\"ImageObject\",\"inLanguage\":\"pt-BR\",\"@id\":\"https:\/\/portaldoestado.com.br\/#\/schema\/logo\/image\/\",\"url\":\"https:\/\/portaldoestado.com.br\/wp-content\/uploads\/2025\/04\/cropped-6f69b19a-6472-43bf-b1b3-e1910bbbd4e8.png\",\"contentUrl\":\"https:\/\/portaldoestado.com.br\/wp-content\/uploads\/2025\/04\/cropped-6f69b19a-6472-43bf-b1b3-e1910bbbd4e8.png\",\"width\":1024,\"height\":350,\"caption\":\"Portal do Estado\"},\"image\":{\"@id\":\"https:\/\/portaldoestado.com.br\/#\/schema\/logo\/image\/\"}},{\"@type\":\"Person\",\"@id\":\"https:\/\/portaldoestado.com.br\/#\/schema\/person\/5ca0174f3c8c84b59da62ea14b698cb9\",\"name\":\"assessoriadefamosos\",\"image\":{\"@type\":\"ImageObject\",\"inLanguage\":\"pt-BR\",\"@id\":\"https:\/\/portaldoestado.com.br\/#\/schema\/person\/image\/\",\"url\":\"https:\/\/secure.gravatar.com\/avatar\/a7acbdffcfbbae7240e59f47fe511ec5f5d8c252c779f0b8d9ab02a9e1d8c5ed?s=96&d=mm&r=g\",\"contentUrl\":\"https:\/\/secure.gravatar.com\/avatar\/a7acbdffcfbbae7240e59f47fe511ec5f5d8c252c779f0b8d9ab02a9e1d8c5ed?s=96&d=mm&r=g\",\"caption\":\"assessoriadefamosos\"},\"url\":\"https:\/\/portaldoestado.com.br\/index.php\/author\/assessoriadefamosos\/\"}]}<\/script>\n<!-- \/ Yoast SEO plugin. -->","yoast_head_json":{"title":"Fam\u00edlia de Jo\u00e3o Guilherme improvisa ap\u00f3s detalhe inusitado em festa com presen\u00e7a de Bruna Marquezine - Portal do Estado","robots":{"index":"index","follow":"follow","max-snippet":"max-snippet:-1","max-image-preview":"max-image-preview:large","max-video-preview":"max-video-preview:-1"},"canonical":"https:\/\/portaldoestado.com.br\/index.php\/2026\/01\/09\/familia-de-joao-guilherme-improvisa-apos-detalhe-inusitado-em-festa-com-presenca-de-bruna-marquezine\/","og_locale":"pt_BR","og_type":"article","og_title":"Fam\u00edlia de Jo\u00e3o Guilherme improvisa ap\u00f3s detalhe inusitado em festa com presen\u00e7a de Bruna Marquezine - Portal do Estado","og_description":"Um epis\u00f3dio curioso dos bastidores do anivers\u00e1rio de Jo\u00e3o Guilherme, celebrado em 2025 na Fazenda Talism\u00e3, em Goi\u00e1s, veio \u00e0 tona e arrancou risadas dos f\u00e3s. Matheus Vargas e J\u00e9ssica Beatriz Costa, irm\u00e3os do ator, revelaram que precisaram agir r\u00e1pido ao perceber um elemento da decora\u00e7\u00e3o que poderia gerar um clima desconfort\u00e1vel durante a comemora\u00e7\u00e3o. \u2026","og_url":"https:\/\/portaldoestado.com.br\/index.php\/2026\/01\/09\/familia-de-joao-guilherme-improvisa-apos-detalhe-inusitado-em-festa-com-presenca-de-bruna-marquezine\/","og_site_name":"Portal do Estado","article_published_time":"2026-01-09T14:57:49+00:00","og_image":[{"width":1200,"height":900,"url":"https:\/\/portaldoestado.com.br\/wp-content\/uploads\/2026\/01\/ZC6heF6i-Design-sem-nome-18.jpg","type":"image\/jpeg"}],"author":"assessoriadefamosos","twitter_card":"summary_large_image","twitter_misc":{"Escrito por":"assessoriadefamosos","Est. tempo de leitura":"2 minutos"},"schema":{"@context":"https:\/\/schema.org","@graph":[{"@type":"Article","@id":"https:\/\/portaldoestado.com.br\/index.php\/2026\/01\/09\/familia-de-joao-guilherme-improvisa-apos-detalhe-inusitado-em-festa-com-presenca-de-bruna-marquezine\/#article","isPartOf":{"@id":"https:\/\/portaldoestado.com.br\/index.php\/2026\/01\/09\/familia-de-joao-guilherme-improvisa-apos-detalhe-inusitado-em-festa-com-presenca-de-bruna-marquezine\/"},"author":{"name":"assessoriadefamosos","@id":"https:\/\/portaldoestado.com.br\/#\/schema\/person\/5ca0174f3c8c84b59da62ea14b698cb9"},"headline":"Fam\u00edlia de Jo\u00e3o Guilherme improvisa ap\u00f3s detalhe inusitado em festa com presen\u00e7a de Bruna Marquezine","datePublished":"2026-01-09T14:57:49+00:00","mainEntityOfPage":{"@id":"https:\/\/portaldoestado.com.br\/index.php\/2026\/01\/09\/familia-de-joao-guilherme-improvisa-apos-detalhe-inusitado-em-festa-com-presenca-de-bruna-marquezine\/"},"wordCount":409,"publisher":{"@id":"https:\/\/portaldoestado.com.br\/#organization"},"image":{"@id":"https:\/\/portaldoestado.com.br\/index.php\/2026\/01\/09\/familia-de-joao-guilherme-improvisa-apos-detalhe-inusitado-em-festa-com-presenca-de-bruna-marquezine\/#primaryimage"},"thumbnailUrl":"https:\/\/portaldoestado.com.br\/wp-content\/uploads\/2026\/01\/ZC6heF6i-Design-sem-nome-18.jpg","articleSection":["Famosos"],"inLanguage":"pt-BR"},{"@type":"WebPage","@id":"https:\/\/portaldoestado.com.br\/index.php\/2026\/01\/09\/familia-de-joao-guilherme-improvisa-apos-detalhe-inusitado-em-festa-com-presenca-de-bruna-marquezine\/","url":"https:\/\/portaldoestado.com.br\/index.php\/2026\/01\/09\/familia-de-joao-guilherme-improvisa-apos-detalhe-inusitado-em-festa-com-presenca-de-bruna-marquezine\/","name":"Fam\u00edlia de Jo\u00e3o Guilherme improvisa ap\u00f3s detalhe inusitado em festa com presen\u00e7a de Bruna Marquezine - Portal do Estado","isPartOf":{"@id":"https:\/\/portaldoestado.com.br\/#website"},"primaryImageOfPage":{"@id":"https:\/\/portaldoestado.com.br\/index.php\/2026\/01\/09\/familia-de-joao-guilherme-improvisa-apos-detalhe-inusitado-em-festa-com-presenca-de-bruna-marquezine\/#primaryimage"},"image":{"@id":"https:\/\/portaldoestado.com.br\/index.php\/2026\/01\/09\/familia-de-joao-guilherme-improvisa-apos-detalhe-inusitado-em-festa-com-presenca-de-bruna-marquezine\/#primaryimage"},"thumbnailUrl":"https:\/\/portaldoestado.com.br\/wp-content\/uploads\/2026\/01\/ZC6heF6i-Design-sem-nome-18.jpg","datePublished":"2026-01-09T14:57:49+00:00","breadcrumb":{"@id":"https:\/\/portaldoestado.com.br\/index.php\/2026\/01\/09\/familia-de-joao-guilherme-improvisa-apos-detalhe-inusitado-em-festa-com-presenca-de-bruna-marquezine\/#breadcrumb"},"inLanguage":"pt-BR","potentialAction":[{"@type":"ReadAction","target":["https:\/\/portaldoestado.com.br\/index.php\/2026\/01\/09\/familia-de-joao-guilherme-improvisa-apos-detalhe-inusitado-em-festa-com-presenca-de-bruna-marquezine\/"]}]},{"@type":"ImageObject","inLanguage":"pt-BR","@id":"https:\/\/portaldoestado.com.br\/index.php\/2026\/01\/09\/familia-de-joao-guilherme-improvisa-apos-detalhe-inusitado-em-festa-com-presenca-de-bruna-marquezine\/#primaryimage","url":"https:\/\/portaldoestado.com.br\/wp-content\/uploads\/2026\/01\/ZC6heF6i-Design-sem-nome-18.jpg","contentUrl":"https:\/\/portaldoestado.com.br\/wp-content\/uploads\/2026\/01\/ZC6heF6i-Design-sem-nome-18.jpg","width":1200,"height":900},{"@type":"BreadcrumbList","@id":"https:\/\/portaldoestado.com.br\/index.php\/2026\/01\/09\/familia-de-joao-guilherme-improvisa-apos-detalhe-inusitado-em-festa-com-presenca-de-bruna-marquezine\/#breadcrumb","itemListElement":[{"@type":"ListItem","position":1,"name":"In\u00edcio","item":"https:\/\/portaldoestado.com.br\/"},{"@type":"ListItem","position":2,"name":"Fam\u00edlia de Jo\u00e3o Guilherme improvisa ap\u00f3s detalhe inusitado em festa com presen\u00e7a de Bruna Marquezine"}]},{"@type":"WebSite","@id":"https:\/\/portaldoestado.com.br\/#website","url":"https:\/\/portaldoestado.com.br\/","name":"Portal do Estado","description":"","publisher":{"@id":"https:\/\/portaldoestado.com.br\/#organization"},"potentialAction":[{"@type":"SearchAction","target":{"@type":"EntryPoint","urlTemplate":"https:\/\/portaldoestado.com.br\/?s={search_term_string}"},"query-input":{"@type":"PropertyValueSpecification","valueRequired":true,"valueName":"search_term_string"}}],"inLanguage":"pt-BR"},{"@type":"Organization","@id":"https:\/\/portaldoestado.com.br\/#organization","name":"Portal do Estado","url":"https:\/\/portaldoestado.com.br\/","logo":{"@type":"ImageObject","inLanguage":"pt-BR","@id":"https:\/\/portaldoestado.com.br\/#\/schema\/logo\/image\/","url":"https:\/\/portaldoestado.com.br\/wp-content\/uploads\/2025\/04\/cropped-6f69b19a-6472-43bf-b1b3-e1910bbbd4e8.png","contentUrl":"https:\/\/portaldoestado.com.br\/wp-content\/uploads\/2025\/04\/cropped-6f69b19a-6472-43bf-b1b3-e1910bbbd4e8.png","width":1024,"height":350,"caption":"Portal do Estado"},"image":{"@id":"https:\/\/portaldoestado.com.br\/#\/schema\/logo\/image\/"}},{"@type":"Person","@id":"https:\/\/portaldoestado.com.br\/#\/schema\/person\/5ca0174f3c8c84b59da62ea14b698cb9","name":"assessoriadefamosos","image":{"@type":"ImageObject","inLanguage":"pt-BR","@id":"https:\/\/portaldoestado.com.br\/#\/schema\/person\/image\/","url":"https:\/\/secure.gravatar.com\/avatar\/a7acbdffcfbbae7240e59f47fe511ec5f5d8c252c779f0b8d9ab02a9e1d8c5ed?s=96&d=mm&r=g","contentUrl":"https:\/\/secure.gravatar.com\/avatar\/a7acbdffcfbbae7240e59f47fe511ec5f5d8c252c779f0b8d9ab02a9e1d8c5ed?s=96&d=mm&r=g","caption":"assessoriadefamosos"},"url":"https:\/\/portaldoestado.com.br\/index.php\/author\/assessoriadefamosos\/"}]}},"jetpack_featured_media_url":"https:\/\/portaldoestado.com.br\/wp-content\/uploads\/2026\/01\/ZC6heF6i-Design-sem-nome-18.jpg","_links":{"self":[{"href":"https:\/\/portaldoestado.com.br\/index.php\/wp-json\/wp\/v2\/posts\/5506","targetHints":{"allow":["GET"]}}],"collection":[{"href":"https:\/\/portaldoestado.com.br\/index.php\/wp-json\/wp\/v2\/posts"}],"about":[{"href":"https:\/\/portaldoestado.com.br\/index.php\/wp-json\/wp\/v2\/types\/post"}],"author":[{"embeddable":true,"href":"https:\/\/portaldoestado.com.br\/index.php\/wp-json\/wp\/v2\/users\/2"}],"replies":[{"embeddable":true,"href":"https:\/\/portaldoestado.com.br\/index.php\/wp-json\/wp\/v2\/comments?post=5506"}],"version-history":[{"count":1,"href":"https:\/\/portaldoestado.com.br\/index.php\/wp-json\/wp\/v2\/posts\/5506\/revisions"}],"predecessor-version":[{"id":5507,"href":"https:\/\/portaldoestado.com.br\/index.php\/wp-json\/wp\/v2\/posts\/5506\/revisions\/5507"}],"wp:featuredmedia":[{"embeddable":true,"href":"https:\/\/portaldoestado.com.br\/index.php\/wp-json\/wp\/v2\/media\/5505"}],"wp:attachment":[{"href":"https:\/\/portaldoestado.com.br\/index.php\/wp-json\/wp\/v2\/media?parent=5506"}],"wp:term":[{"taxonomy":"category","embeddable":true,"href":"https:\/\/portaldoestado.com.br\/index.php\/wp-json\/wp\/v2\/categories?post=5506"},{"taxonomy":"post_tag","embeddable":true,"href":"https:\/\/portaldoestado.com.br\/index.php\/wp-json\/wp\/v2\/tags?post=5506"}],"curies":[{"name":"wp","href":"https:\/\/api.w.org\/{rel}","templated":true}]}}