{"id":5503,"date":"2026-01-09T14:52:43","date_gmt":"2026-01-09T14:52:43","guid":{"rendered":"https:\/\/portaldoestado.com.br\/?p=5503"},"modified":"2026-01-09T14:52:43","modified_gmt":"2026-01-09T14:52:43","slug":"britney-spears-sinaliza-retorno-a-musica-e-revela-que-nao-pretende-mais-cantar-nos-eua","status":"publish","type":"post","link":"https:\/\/portaldoestado.com.br\/index.php\/2026\/01\/09\/britney-spears-sinaliza-retorno-a-musica-e-revela-que-nao-pretende-mais-cantar-nos-eua\/","title":{"rendered":"Britney Spears sinaliza retorno \u00e0 m\u00fasica e revela que n\u00e3o pretende mais cantar nos EUA"},"content":{"rendered":"\n<p>Longe dos palcos h\u00e1 mais de seis anos, Britney Spears voltou a surpreender o p\u00fablico ao comentar sobre a possibilidade de retomar apresenta\u00e7\u00f5es ao vivo \u2014 mas com uma decis\u00e3o que pegou f\u00e3s de surpresa. Em publica\u00e7\u00e3o feita no Instagram nesta sexta-feira (9\/1), a artista afirmou que n\u00e3o tem inten\u00e7\u00e3o de voltar a se apresentar nos Estados Unidos.<\/p>\n\n\n\n<p>A reflex\u00e3o surgiu ap\u00f3s a cantora relembrar uma performance ic\u00f4nica do in\u00edcio dos anos 2000, quando cantou acompanhada de um piano branco em uma grande premia\u00e7\u00e3o internacional. Ao falar sobre o instrumento, Britney revelou que pretende presente\u00e1-lo a um de seus filhos ainda este ano, conectando m\u00fasica, mem\u00f3ria e fam\u00edlia em um mesmo relato.<\/p>\n\n\n\n<p>No texto, a estrela pop deixou claro que sua rela\u00e7\u00e3o com a arte mudou ao longo dos \u00faltimos anos. Ela explicou que as dan\u00e7as que publica nas redes sociais fazem parte de um processo pessoal de cura, ap\u00f3s per\u00edodos dif\u00edceis vividos longe dos holofotes. Apesar das cr\u00edticas que recebe, Britney afirmou que essas express\u00f5es s\u00e3o essenciais para seu bem-estar f\u00edsico e emocional.<\/p>\n\n\n\n<p>Mesmo descartando shows em territ\u00f3rio norte-americano, a cantora n\u00e3o fechou as portas para apresenta\u00e7\u00f5es internacionais. Britney mencionou que se imagina cantando novamente em formatos mais simples e intimistas, citando o Reino Unido e a Austr\u00e1lia como poss\u00edveis cen\u00e1rios para esse retorno. A artista ainda emocionou seguidores ao dizer que sonha em dividir o palco com um de seus filhos, a quem descreveu como extremamente talentoso.<\/p>\n\n\n\n<p>M\u00e3e de Sean, de 20 anos, e Jayden, de 19, Britney mant\u00e9m uma rela\u00e7\u00e3o discreta com os herdeiros, mas frequentemente demonstra orgulho ao falar deles. Desde sua \u00faltima turn\u00ea, em 2018, a cantora tem adotado uma postura mais reservada em rela\u00e7\u00e3o \u00e0 carreira, priorizando sa\u00fade mental, liberdade criativa e decis\u00f5es pessoais.<\/p>\n\n\n\n<p>A declara\u00e7\u00e3o reacendeu a esperan\u00e7a dos f\u00e3s por uma nova fase art\u00edstica, ainda que distante dos grandes palcos e com escolhas bem diferentes do que marcou o auge da carreira da Princesa do Pop.<\/p>\n","protected":false},"excerpt":{"rendered":"<p>Longe dos palcos h\u00e1 mais de seis anos, Britney Spears voltou a surpreender o p\u00fablico ao comentar sobre a possibilidade de retomar apresenta\u00e7\u00f5es ao vivo \u2014 mas com uma decis\u00e3o que pegou f\u00e3s de surpresa. Em publica\u00e7\u00e3o feita no Instagram nesta sexta-feira (9\/1), a artista afirmou que n\u00e3o tem inten\u00e7\u00e3o de voltar a se apresentar \u2026<\/p>\n","protected":false},"author":2,"featured_media":5502,"comment_status":"closed","ping_status":"open","sticky":false,"template":"","format":"standard","meta":{"footnotes":""},"categories":[3],"tags":[],"class_list":["post-5503","post","type-post","status-publish","format-standard","has-post-thumbnail","hentry","category-famosos"],"yoast_head":"<!-- This site is optimized with the Yoast SEO plugin v25.5 - https:\/\/yoast.com\/wordpress\/plugins\/seo\/ -->\n<title>Britney Spears sinaliza retorno \u00e0 m\u00fasica e revela que n\u00e3o pretende mais cantar nos EUA - Portal do Estado<\/title>\n<meta name=\"robots\" content=\"index, follow, max-snippet:-1, max-image-preview:large, max-video-preview:-1\" \/>\n<link rel=\"canonical\" href=\"https:\/\/portaldoestado.com.br\/index.php\/2026\/01\/09\/britney-spears-sinaliza-retorno-a-musica-e-revela-que-nao-pretende-mais-cantar-nos-eua\/\" \/>\n<meta property=\"og:locale\" content=\"pt_BR\" \/>\n<meta property=\"og:type\" content=\"article\" \/>\n<meta property=\"og:title\" content=\"Britney Spears sinaliza retorno \u00e0 m\u00fasica e revela que n\u00e3o pretende mais cantar nos EUA - Portal do Estado\" \/>\n<meta property=\"og:description\" content=\"Longe dos palcos h\u00e1 mais de seis anos, Britney Spears voltou a surpreender o p\u00fablico ao comentar sobre a possibilidade de retomar apresenta\u00e7\u00f5es ao vivo \u2014 mas com uma decis\u00e3o que pegou f\u00e3s de surpresa. Em publica\u00e7\u00e3o feita no Instagram nesta sexta-feira (9\/1), a artista afirmou que n\u00e3o tem inten\u00e7\u00e3o de voltar a se apresentar \u2026\" \/>\n<meta property=\"og:url\" content=\"https:\/\/portaldoestado.com.br\/index.php\/2026\/01\/09\/britney-spears-sinaliza-retorno-a-musica-e-revela-que-nao-pretende-mais-cantar-nos-eua\/\" \/>\n<meta property=\"og:site_name\" content=\"Portal do Estado\" \/>\n<meta property=\"article:published_time\" content=\"2026-01-09T14:52:43+00:00\" \/>\n<meta property=\"og:image\" content=\"https:\/\/portaldoestado.com.br\/wp-content\/uploads\/2026\/01\/baENU5m4-Design-sem-nome-21.jpg\" \/>\n\t<meta property=\"og:image:width\" content=\"1200\" \/>\n\t<meta property=\"og:image:height\" content=\"900\" \/>\n\t<meta property=\"og:image:type\" content=\"image\/jpeg\" \/>\n<meta name=\"author\" content=\"assessoriadefamosos\" \/>\n<meta name=\"twitter:card\" content=\"summary_large_image\" \/>\n<meta name=\"twitter:label1\" content=\"Escrito por\" \/>\n\t<meta name=\"twitter:data1\" content=\"assessoriadefamosos\" \/>\n\t<meta name=\"twitter:label2\" content=\"Est. tempo de leitura\" \/>\n\t<meta name=\"twitter:data2\" content=\"2 minutos\" \/>\n<script type=\"application\/ld+json\" class=\"yoast-schema-graph\">{\"@context\":\"https:\/\/schema.org\",\"@graph\":[{\"@type\":\"Article\",\"@id\":\"https:\/\/portaldoestado.com.br\/index.php\/2026\/01\/09\/britney-spears-sinaliza-retorno-a-musica-e-revela-que-nao-pretende-mais-cantar-nos-eua\/#article\",\"isPartOf\":{\"@id\":\"https:\/\/portaldoestado.com.br\/index.php\/2026\/01\/09\/britney-spears-sinaliza-retorno-a-musica-e-revela-que-nao-pretende-mais-cantar-nos-eua\/\"},\"author\":{\"name\":\"assessoriadefamosos\",\"@id\":\"https:\/\/portaldoestado.com.br\/#\/schema\/person\/5ca0174f3c8c84b59da62ea14b698cb9\"},\"headline\":\"Britney Spears sinaliza retorno \u00e0 m\u00fasica e revela que n\u00e3o pretende mais cantar nos EUA\",\"datePublished\":\"2026-01-09T14:52:43+00:00\",\"mainEntityOfPage\":{\"@id\":\"https:\/\/portaldoestado.com.br\/index.php\/2026\/01\/09\/britney-spears-sinaliza-retorno-a-musica-e-revela-que-nao-pretende-mais-cantar-nos-eua\/\"},\"wordCount\":374,\"publisher\":{\"@id\":\"https:\/\/portaldoestado.com.br\/#organization\"},\"image\":{\"@id\":\"https:\/\/portaldoestado.com.br\/index.php\/2026\/01\/09\/britney-spears-sinaliza-retorno-a-musica-e-revela-que-nao-pretende-mais-cantar-nos-eua\/#primaryimage\"},\"thumbnailUrl\":\"https:\/\/portaldoestado.com.br\/wp-content\/uploads\/2026\/01\/baENU5m4-Design-sem-nome-21.jpg\",\"articleSection\":[\"Famosos\"],\"inLanguage\":\"pt-BR\"},{\"@type\":\"WebPage\",\"@id\":\"https:\/\/portaldoestado.com.br\/index.php\/2026\/01\/09\/britney-spears-sinaliza-retorno-a-musica-e-revela-que-nao-pretende-mais-cantar-nos-eua\/\",\"url\":\"https:\/\/portaldoestado.com.br\/index.php\/2026\/01\/09\/britney-spears-sinaliza-retorno-a-musica-e-revela-que-nao-pretende-mais-cantar-nos-eua\/\",\"name\":\"Britney Spears sinaliza retorno \u00e0 m\u00fasica e revela que n\u00e3o pretende mais cantar nos EUA - Portal do Estado\",\"isPartOf\":{\"@id\":\"https:\/\/portaldoestado.com.br\/#website\"},\"primaryImageOfPage\":{\"@id\":\"https:\/\/portaldoestado.com.br\/index.php\/2026\/01\/09\/britney-spears-sinaliza-retorno-a-musica-e-revela-que-nao-pretende-mais-cantar-nos-eua\/#primaryimage\"},\"image\":{\"@id\":\"https:\/\/portaldoestado.com.br\/index.php\/2026\/01\/09\/britney-spears-sinaliza-retorno-a-musica-e-revela-que-nao-pretende-mais-cantar-nos-eua\/#primaryimage\"},\"thumbnailUrl\":\"https:\/\/portaldoestado.com.br\/wp-content\/uploads\/2026\/01\/baENU5m4-Design-sem-nome-21.jpg\",\"datePublished\":\"2026-01-09T14:52:43+00:00\",\"breadcrumb\":{\"@id\":\"https:\/\/portaldoestado.com.br\/index.php\/2026\/01\/09\/britney-spears-sinaliza-retorno-a-musica-e-revela-que-nao-pretende-mais-cantar-nos-eua\/#breadcrumb\"},\"inLanguage\":\"pt-BR\",\"potentialAction\":[{\"@type\":\"ReadAction\",\"target\":[\"https:\/\/portaldoestado.com.br\/index.php\/2026\/01\/09\/britney-spears-sinaliza-retorno-a-musica-e-revela-que-nao-pretende-mais-cantar-nos-eua\/\"]}]},{\"@type\":\"ImageObject\",\"inLanguage\":\"pt-BR\",\"@id\":\"https:\/\/portaldoestado.com.br\/index.php\/2026\/01\/09\/britney-spears-sinaliza-retorno-a-musica-e-revela-que-nao-pretende-mais-cantar-nos-eua\/#primaryimage\",\"url\":\"https:\/\/portaldoestado.com.br\/wp-content\/uploads\/2026\/01\/baENU5m4-Design-sem-nome-21.jpg\",\"contentUrl\":\"https:\/\/portaldoestado.com.br\/wp-content\/uploads\/2026\/01\/baENU5m4-Design-sem-nome-21.jpg\",\"width\":1200,\"height\":900},{\"@type\":\"BreadcrumbList\",\"@id\":\"https:\/\/portaldoestado.com.br\/index.php\/2026\/01\/09\/britney-spears-sinaliza-retorno-a-musica-e-revela-que-nao-pretende-mais-cantar-nos-eua\/#breadcrumb\",\"itemListElement\":[{\"@type\":\"ListItem\",\"position\":1,\"name\":\"In\u00edcio\",\"item\":\"https:\/\/portaldoestado.com.br\/\"},{\"@type\":\"ListItem\",\"position\":2,\"name\":\"Britney Spears sinaliza retorno \u00e0 m\u00fasica e revela que n\u00e3o pretende mais cantar nos EUA\"}]},{\"@type\":\"WebSite\",\"@id\":\"https:\/\/portaldoestado.com.br\/#website\",\"url\":\"https:\/\/portaldoestado.com.br\/\",\"name\":\"Portal do Estado\",\"description\":\"\",\"publisher\":{\"@id\":\"https:\/\/portaldoestado.com.br\/#organization\"},\"potentialAction\":[{\"@type\":\"SearchAction\",\"target\":{\"@type\":\"EntryPoint\",\"urlTemplate\":\"https:\/\/portaldoestado.com.br\/?s={search_term_string}\"},\"query-input\":{\"@type\":\"PropertyValueSpecification\",\"valueRequired\":true,\"valueName\":\"search_term_string\"}}],\"inLanguage\":\"pt-BR\"},{\"@type\":\"Organization\",\"@id\":\"https:\/\/portaldoestado.com.br\/#organization\",\"name\":\"Portal do Estado\",\"url\":\"https:\/\/portaldoestado.com.br\/\",\"logo\":{\"@type\":\"ImageObject\",\"inLanguage\":\"pt-BR\",\"@id\":\"https:\/\/portaldoestado.com.br\/#\/schema\/logo\/image\/\",\"url\":\"https:\/\/portaldoestado.com.br\/wp-content\/uploads\/2025\/04\/cropped-6f69b19a-6472-43bf-b1b3-e1910bbbd4e8.png\",\"contentUrl\":\"https:\/\/portaldoestado.com.br\/wp-content\/uploads\/2025\/04\/cropped-6f69b19a-6472-43bf-b1b3-e1910bbbd4e8.png\",\"width\":1024,\"height\":350,\"caption\":\"Portal do Estado\"},\"image\":{\"@id\":\"https:\/\/portaldoestado.com.br\/#\/schema\/logo\/image\/\"}},{\"@type\":\"Person\",\"@id\":\"https:\/\/portaldoestado.com.br\/#\/schema\/person\/5ca0174f3c8c84b59da62ea14b698cb9\",\"name\":\"assessoriadefamosos\",\"image\":{\"@type\":\"ImageObject\",\"inLanguage\":\"pt-BR\",\"@id\":\"https:\/\/portaldoestado.com.br\/#\/schema\/person\/image\/\",\"url\":\"https:\/\/secure.gravatar.com\/avatar\/a7acbdffcfbbae7240e59f47fe511ec5f5d8c252c779f0b8d9ab02a9e1d8c5ed?s=96&d=mm&r=g\",\"contentUrl\":\"https:\/\/secure.gravatar.com\/avatar\/a7acbdffcfbbae7240e59f47fe511ec5f5d8c252c779f0b8d9ab02a9e1d8c5ed?s=96&d=mm&r=g\",\"caption\":\"assessoriadefamosos\"},\"url\":\"https:\/\/portaldoestado.com.br\/index.php\/author\/assessoriadefamosos\/\"}]}<\/script>\n<!-- \/ Yoast SEO plugin. -->","yoast_head_json":{"title":"Britney Spears sinaliza retorno \u00e0 m\u00fasica e revela que n\u00e3o pretende mais cantar nos EUA - Portal do Estado","robots":{"index":"index","follow":"follow","max-snippet":"max-snippet:-1","max-image-preview":"max-image-preview:large","max-video-preview":"max-video-preview:-1"},"canonical":"https:\/\/portaldoestado.com.br\/index.php\/2026\/01\/09\/britney-spears-sinaliza-retorno-a-musica-e-revela-que-nao-pretende-mais-cantar-nos-eua\/","og_locale":"pt_BR","og_type":"article","og_title":"Britney Spears sinaliza retorno \u00e0 m\u00fasica e revela que n\u00e3o pretende mais cantar nos EUA - Portal do Estado","og_description":"Longe dos palcos h\u00e1 mais de seis anos, Britney Spears voltou a surpreender o p\u00fablico ao comentar sobre a possibilidade de retomar apresenta\u00e7\u00f5es ao vivo \u2014 mas com uma decis\u00e3o que pegou f\u00e3s de surpresa. Em publica\u00e7\u00e3o feita no Instagram nesta sexta-feira (9\/1), a artista afirmou que n\u00e3o tem inten\u00e7\u00e3o de voltar a se apresentar \u2026","og_url":"https:\/\/portaldoestado.com.br\/index.php\/2026\/01\/09\/britney-spears-sinaliza-retorno-a-musica-e-revela-que-nao-pretende-mais-cantar-nos-eua\/","og_site_name":"Portal do Estado","article_published_time":"2026-01-09T14:52:43+00:00","og_image":[{"width":1200,"height":900,"url":"https:\/\/portaldoestado.com.br\/wp-content\/uploads\/2026\/01\/baENU5m4-Design-sem-nome-21.jpg","type":"image\/jpeg"}],"author":"assessoriadefamosos","twitter_card":"summary_large_image","twitter_misc":{"Escrito por":"assessoriadefamosos","Est. tempo de leitura":"2 minutos"},"schema":{"@context":"https:\/\/schema.org","@graph":[{"@type":"Article","@id":"https:\/\/portaldoestado.com.br\/index.php\/2026\/01\/09\/britney-spears-sinaliza-retorno-a-musica-e-revela-que-nao-pretende-mais-cantar-nos-eua\/#article","isPartOf":{"@id":"https:\/\/portaldoestado.com.br\/index.php\/2026\/01\/09\/britney-spears-sinaliza-retorno-a-musica-e-revela-que-nao-pretende-mais-cantar-nos-eua\/"},"author":{"name":"assessoriadefamosos","@id":"https:\/\/portaldoestado.com.br\/#\/schema\/person\/5ca0174f3c8c84b59da62ea14b698cb9"},"headline":"Britney Spears sinaliza retorno \u00e0 m\u00fasica e revela que n\u00e3o pretende mais cantar nos EUA","datePublished":"2026-01-09T14:52:43+00:00","mainEntityOfPage":{"@id":"https:\/\/portaldoestado.com.br\/index.php\/2026\/01\/09\/britney-spears-sinaliza-retorno-a-musica-e-revela-que-nao-pretende-mais-cantar-nos-eua\/"},"wordCount":374,"publisher":{"@id":"https:\/\/portaldoestado.com.br\/#organization"},"image":{"@id":"https:\/\/portaldoestado.com.br\/index.php\/2026\/01\/09\/britney-spears-sinaliza-retorno-a-musica-e-revela-que-nao-pretende-mais-cantar-nos-eua\/#primaryimage"},"thumbnailUrl":"https:\/\/portaldoestado.com.br\/wp-content\/uploads\/2026\/01\/baENU5m4-Design-sem-nome-21.jpg","articleSection":["Famosos"],"inLanguage":"pt-BR"},{"@type":"WebPage","@id":"https:\/\/portaldoestado.com.br\/index.php\/2026\/01\/09\/britney-spears-sinaliza-retorno-a-musica-e-revela-que-nao-pretende-mais-cantar-nos-eua\/","url":"https:\/\/portaldoestado.com.br\/index.php\/2026\/01\/09\/britney-spears-sinaliza-retorno-a-musica-e-revela-que-nao-pretende-mais-cantar-nos-eua\/","name":"Britney Spears sinaliza retorno \u00e0 m\u00fasica e revela que n\u00e3o pretende mais cantar nos EUA - Portal do Estado","isPartOf":{"@id":"https:\/\/portaldoestado.com.br\/#website"},"primaryImageOfPage":{"@id":"https:\/\/portaldoestado.com.br\/index.php\/2026\/01\/09\/britney-spears-sinaliza-retorno-a-musica-e-revela-que-nao-pretende-mais-cantar-nos-eua\/#primaryimage"},"image":{"@id":"https:\/\/portaldoestado.com.br\/index.php\/2026\/01\/09\/britney-spears-sinaliza-retorno-a-musica-e-revela-que-nao-pretende-mais-cantar-nos-eua\/#primaryimage"},"thumbnailUrl":"https:\/\/portaldoestado.com.br\/wp-content\/uploads\/2026\/01\/baENU5m4-Design-sem-nome-21.jpg","datePublished":"2026-01-09T14:52:43+00:00","breadcrumb":{"@id":"https:\/\/portaldoestado.com.br\/index.php\/2026\/01\/09\/britney-spears-sinaliza-retorno-a-musica-e-revela-que-nao-pretende-mais-cantar-nos-eua\/#breadcrumb"},"inLanguage":"pt-BR","potentialAction":[{"@type":"ReadAction","target":["https:\/\/portaldoestado.com.br\/index.php\/2026\/01\/09\/britney-spears-sinaliza-retorno-a-musica-e-revela-que-nao-pretende-mais-cantar-nos-eua\/"]}]},{"@type":"ImageObject","inLanguage":"pt-BR","@id":"https:\/\/portaldoestado.com.br\/index.php\/2026\/01\/09\/britney-spears-sinaliza-retorno-a-musica-e-revela-que-nao-pretende-mais-cantar-nos-eua\/#primaryimage","url":"https:\/\/portaldoestado.com.br\/wp-content\/uploads\/2026\/01\/baENU5m4-Design-sem-nome-21.jpg","contentUrl":"https:\/\/portaldoestado.com.br\/wp-content\/uploads\/2026\/01\/baENU5m4-Design-sem-nome-21.jpg","width":1200,"height":900},{"@type":"BreadcrumbList","@id":"https:\/\/portaldoestado.com.br\/index.php\/2026\/01\/09\/britney-spears-sinaliza-retorno-a-musica-e-revela-que-nao-pretende-mais-cantar-nos-eua\/#breadcrumb","itemListElement":[{"@type":"ListItem","position":1,"name":"In\u00edcio","item":"https:\/\/portaldoestado.com.br\/"},{"@type":"ListItem","position":2,"name":"Britney Spears sinaliza retorno \u00e0 m\u00fasica e revela que n\u00e3o pretende mais cantar nos EUA"}]},{"@type":"WebSite","@id":"https:\/\/portaldoestado.com.br\/#website","url":"https:\/\/portaldoestado.com.br\/","name":"Portal do Estado","description":"","publisher":{"@id":"https:\/\/portaldoestado.com.br\/#organization"},"potentialAction":[{"@type":"SearchAction","target":{"@type":"EntryPoint","urlTemplate":"https:\/\/portaldoestado.com.br\/?s={search_term_string}"},"query-input":{"@type":"PropertyValueSpecification","valueRequired":true,"valueName":"search_term_string"}}],"inLanguage":"pt-BR"},{"@type":"Organization","@id":"https:\/\/portaldoestado.com.br\/#organization","name":"Portal do Estado","url":"https:\/\/portaldoestado.com.br\/","logo":{"@type":"ImageObject","inLanguage":"pt-BR","@id":"https:\/\/portaldoestado.com.br\/#\/schema\/logo\/image\/","url":"https:\/\/portaldoestado.com.br\/wp-content\/uploads\/2025\/04\/cropped-6f69b19a-6472-43bf-b1b3-e1910bbbd4e8.png","contentUrl":"https:\/\/portaldoestado.com.br\/wp-content\/uploads\/2025\/04\/cropped-6f69b19a-6472-43bf-b1b3-e1910bbbd4e8.png","width":1024,"height":350,"caption":"Portal do Estado"},"image":{"@id":"https:\/\/portaldoestado.com.br\/#\/schema\/logo\/image\/"}},{"@type":"Person","@id":"https:\/\/portaldoestado.com.br\/#\/schema\/person\/5ca0174f3c8c84b59da62ea14b698cb9","name":"assessoriadefamosos","image":{"@type":"ImageObject","inLanguage":"pt-BR","@id":"https:\/\/portaldoestado.com.br\/#\/schema\/person\/image\/","url":"https:\/\/secure.gravatar.com\/avatar\/a7acbdffcfbbae7240e59f47fe511ec5f5d8c252c779f0b8d9ab02a9e1d8c5ed?s=96&d=mm&r=g","contentUrl":"https:\/\/secure.gravatar.com\/avatar\/a7acbdffcfbbae7240e59f47fe511ec5f5d8c252c779f0b8d9ab02a9e1d8c5ed?s=96&d=mm&r=g","caption":"assessoriadefamosos"},"url":"https:\/\/portaldoestado.com.br\/index.php\/author\/assessoriadefamosos\/"}]}},"jetpack_featured_media_url":"https:\/\/portaldoestado.com.br\/wp-content\/uploads\/2026\/01\/baENU5m4-Design-sem-nome-21.jpg","_links":{"self":[{"href":"https:\/\/portaldoestado.com.br\/index.php\/wp-json\/wp\/v2\/posts\/5503","targetHints":{"allow":["GET"]}}],"collection":[{"href":"https:\/\/portaldoestado.com.br\/index.php\/wp-json\/wp\/v2\/posts"}],"about":[{"href":"https:\/\/portaldoestado.com.br\/index.php\/wp-json\/wp\/v2\/types\/post"}],"author":[{"embeddable":true,"href":"https:\/\/portaldoestado.com.br\/index.php\/wp-json\/wp\/v2\/users\/2"}],"replies":[{"embeddable":true,"href":"https:\/\/portaldoestado.com.br\/index.php\/wp-json\/wp\/v2\/comments?post=5503"}],"version-history":[{"count":1,"href":"https:\/\/portaldoestado.com.br\/index.php\/wp-json\/wp\/v2\/posts\/5503\/revisions"}],"predecessor-version":[{"id":5504,"href":"https:\/\/portaldoestado.com.br\/index.php\/wp-json\/wp\/v2\/posts\/5503\/revisions\/5504"}],"wp:featuredmedia":[{"embeddable":true,"href":"https:\/\/portaldoestado.com.br\/index.php\/wp-json\/wp\/v2\/media\/5502"}],"wp:attachment":[{"href":"https:\/\/portaldoestado.com.br\/index.php\/wp-json\/wp\/v2\/media?parent=5503"}],"wp:term":[{"taxonomy":"category","embeddable":true,"href":"https:\/\/portaldoestado.com.br\/index.php\/wp-json\/wp\/v2\/categories?post=5503"},{"taxonomy":"post_tag","embeddable":true,"href":"https:\/\/portaldoestado.com.br\/index.php\/wp-json\/wp\/v2\/tags?post=5503"}],"curies":[{"name":"wp","href":"https:\/\/api.w.org\/{rel}","templated":true}]}}