{"id":5497,"date":"2026-01-09T14:43:03","date_gmt":"2026-01-09T14:43:03","guid":{"rendered":"https:\/\/portaldoestado.com.br\/?p=5497"},"modified":"2026-01-09T14:43:03","modified_gmt":"2026-01-09T14:43:03","slug":"larissa-santos-nega-qualquer-clima-com-gustavo-mioto-e-afirma-que-assunto-esta-encerrado","status":"publish","type":"post","link":"https:\/\/portaldoestado.com.br\/index.php\/2026\/01\/09\/larissa-santos-nega-qualquer-clima-com-gustavo-mioto-e-afirma-que-assunto-esta-encerrado\/","title":{"rendered":"Larissa Santos nega qualquer clima com Gustavo Mioto e afirma que assunto est\u00e1 encerrado"},"content":{"rendered":"\n<p>Larissa Santos resolveu colocar um ponto final nas especula\u00e7\u00f5es que voltaram a circular sobre sua vida amorosa. A influenciadora e ex-BBB afirmou nesta quinta-feira (8\/01) que o envolvimento que teve com Gustavo Mioto n\u00e3o passou de um momento casual e garantiu que, hoje, n\u00e3o existe nada al\u00e9m de amizade entre eles.<\/p>\n\n\n\n<p>A ex-sister se manifestou ap\u00f3s coment\u00e1rios sugerirem que ela teria ficado incomodada com o fato de o cantor nunca ter assumido publicamente o affair. De forma objetiva, Larissa negou qualquer ressentimento e criticou a narrativa criada em torno da situa\u00e7\u00e3o. Segundo ela, nunca houve expectativa de namoro ou cobran\u00e7as emocionais.<\/p>\n\n\n\n<p>\u201cFoi algo leve, que aconteceu em outro momento da vida. N\u00e3o existe m\u00e1goa, nem frustra\u00e7\u00e3o\u201d, pontuou, refor\u00e7ando que o contato atual entre os dois \u00e9 respeitoso e tranquilo. Para Larissa, o assunto j\u00e1 est\u00e1 completamente resolvido.<\/p>\n\n\n\n<p>A influenciadora tamb\u00e9m comentou que continuar\u00e1 aparecendo em eventos ou encontros ao lado de Mioto, j\u00e1 que ambos fazem parte do mesmo grupo social. \u201cTemos amigos em comum, ent\u00e3o isso \u00e9 natural. N\u00e3o significa nada al\u00e9m de conviv\u00eancia\u201d, explicou.<\/p>\n\n\n\n<p>Os rumores ganharam for\u00e7a em novembro de 2025, quando Larissa e o sertanejo foram vistos juntos durante uma viagem a Campos do Jord\u00e3o, em S\u00e3o Paulo. Na ocasi\u00e3o, o flagra repercutiu como um poss\u00edvel romance, especialmente por marcar uma das primeiras apari\u00e7\u00f5es p\u00fablicas de Mioto ap\u00f3s o fim do relacionamento com Ana Castela.<\/p>\n\n\n\n<p>Desde ent\u00e3o, especula\u00e7\u00f5es sobre ci\u00fames, desentendimentos e expectativas n\u00e3o correspondidas passaram a circular nas redes sociais. Larissa, no entanto, foi direta ao afirmar que nada disso \u00e9 verdadeiro. Segundo ela, o envolvimento ficou no passado e ambos seguem focados em suas rotinas pessoais e profissionais, sem qualquer pend\u00eancia emocional.<\/p>\n","protected":false},"excerpt":{"rendered":"<p>Larissa Santos resolveu colocar um ponto final nas especula\u00e7\u00f5es que voltaram a circular sobre sua vida amorosa. A influenciadora e ex-BBB afirmou nesta quinta-feira (8\/01) que o envolvimento que teve com Gustavo Mioto n\u00e3o passou de um momento casual e garantiu que, hoje, n\u00e3o existe nada al\u00e9m de amizade entre eles. A ex-sister se manifestou \u2026<\/p>\n","protected":false},"author":2,"featured_media":5496,"comment_status":"closed","ping_status":"open","sticky":false,"template":"","format":"standard","meta":{"footnotes":""},"categories":[3],"tags":[],"class_list":["post-5497","post","type-post","status-publish","format-standard","has-post-thumbnail","hentry","category-famosos"],"yoast_head":"<!-- This site is optimized with the Yoast SEO plugin v25.5 - https:\/\/yoast.com\/wordpress\/plugins\/seo\/ -->\n<title>Larissa Santos nega qualquer clima com Gustavo Mioto e afirma que assunto est\u00e1 encerrado - Portal do Estado<\/title>\n<meta name=\"robots\" content=\"index, follow, max-snippet:-1, max-image-preview:large, max-video-preview:-1\" \/>\n<link rel=\"canonical\" href=\"https:\/\/portaldoestado.com.br\/index.php\/2026\/01\/09\/larissa-santos-nega-qualquer-clima-com-gustavo-mioto-e-afirma-que-assunto-esta-encerrado\/\" \/>\n<meta property=\"og:locale\" content=\"pt_BR\" \/>\n<meta property=\"og:type\" content=\"article\" \/>\n<meta property=\"og:title\" content=\"Larissa Santos nega qualquer clima com Gustavo Mioto e afirma que assunto est\u00e1 encerrado - Portal do Estado\" \/>\n<meta property=\"og:description\" content=\"Larissa Santos resolveu colocar um ponto final nas especula\u00e7\u00f5es que voltaram a circular sobre sua vida amorosa. A influenciadora e ex-BBB afirmou nesta quinta-feira (8\/01) que o envolvimento que teve com Gustavo Mioto n\u00e3o passou de um momento casual e garantiu que, hoje, n\u00e3o existe nada al\u00e9m de amizade entre eles. A ex-sister se manifestou \u2026\" \/>\n<meta property=\"og:url\" content=\"https:\/\/portaldoestado.com.br\/index.php\/2026\/01\/09\/larissa-santos-nega-qualquer-clima-com-gustavo-mioto-e-afirma-que-assunto-esta-encerrado\/\" \/>\n<meta property=\"og:site_name\" content=\"Portal do Estado\" \/>\n<meta property=\"article:published_time\" content=\"2026-01-09T14:43:03+00:00\" \/>\n<meta property=\"og:image\" content=\"https:\/\/portaldoestado.com.br\/wp-content\/uploads\/2026\/01\/urrntmle-Tamanho-portal-10.jpg\" \/>\n\t<meta property=\"og:image:width\" content=\"1200\" \/>\n\t<meta property=\"og:image:height\" content=\"900\" \/>\n\t<meta property=\"og:image:type\" content=\"image\/jpeg\" \/>\n<meta name=\"author\" content=\"assessoriadefamosos\" \/>\n<meta name=\"twitter:card\" content=\"summary_large_image\" \/>\n<meta name=\"twitter:label1\" content=\"Escrito por\" \/>\n\t<meta name=\"twitter:data1\" content=\"assessoriadefamosos\" \/>\n\t<meta name=\"twitter:label2\" content=\"Est. tempo de leitura\" \/>\n\t<meta name=\"twitter:data2\" content=\"2 minutos\" \/>\n<script type=\"application\/ld+json\" class=\"yoast-schema-graph\">{\"@context\":\"https:\/\/schema.org\",\"@graph\":[{\"@type\":\"Article\",\"@id\":\"https:\/\/portaldoestado.com.br\/index.php\/2026\/01\/09\/larissa-santos-nega-qualquer-clima-com-gustavo-mioto-e-afirma-que-assunto-esta-encerrado\/#article\",\"isPartOf\":{\"@id\":\"https:\/\/portaldoestado.com.br\/index.php\/2026\/01\/09\/larissa-santos-nega-qualquer-clima-com-gustavo-mioto-e-afirma-que-assunto-esta-encerrado\/\"},\"author\":{\"name\":\"assessoriadefamosos\",\"@id\":\"https:\/\/portaldoestado.com.br\/#\/schema\/person\/5ca0174f3c8c84b59da62ea14b698cb9\"},\"headline\":\"Larissa Santos nega qualquer clima com Gustavo Mioto e afirma que assunto est\u00e1 encerrado\",\"datePublished\":\"2026-01-09T14:43:03+00:00\",\"mainEntityOfPage\":{\"@id\":\"https:\/\/portaldoestado.com.br\/index.php\/2026\/01\/09\/larissa-santos-nega-qualquer-clima-com-gustavo-mioto-e-afirma-que-assunto-esta-encerrado\/\"},\"wordCount\":317,\"publisher\":{\"@id\":\"https:\/\/portaldoestado.com.br\/#organization\"},\"image\":{\"@id\":\"https:\/\/portaldoestado.com.br\/index.php\/2026\/01\/09\/larissa-santos-nega-qualquer-clima-com-gustavo-mioto-e-afirma-que-assunto-esta-encerrado\/#primaryimage\"},\"thumbnailUrl\":\"https:\/\/portaldoestado.com.br\/wp-content\/uploads\/2026\/01\/urrntmle-Tamanho-portal-10.jpg\",\"articleSection\":[\"Famosos\"],\"inLanguage\":\"pt-BR\"},{\"@type\":\"WebPage\",\"@id\":\"https:\/\/portaldoestado.com.br\/index.php\/2026\/01\/09\/larissa-santos-nega-qualquer-clima-com-gustavo-mioto-e-afirma-que-assunto-esta-encerrado\/\",\"url\":\"https:\/\/portaldoestado.com.br\/index.php\/2026\/01\/09\/larissa-santos-nega-qualquer-clima-com-gustavo-mioto-e-afirma-que-assunto-esta-encerrado\/\",\"name\":\"Larissa Santos nega qualquer clima com Gustavo Mioto e afirma que assunto est\u00e1 encerrado - Portal do Estado\",\"isPartOf\":{\"@id\":\"https:\/\/portaldoestado.com.br\/#website\"},\"primaryImageOfPage\":{\"@id\":\"https:\/\/portaldoestado.com.br\/index.php\/2026\/01\/09\/larissa-santos-nega-qualquer-clima-com-gustavo-mioto-e-afirma-que-assunto-esta-encerrado\/#primaryimage\"},\"image\":{\"@id\":\"https:\/\/portaldoestado.com.br\/index.php\/2026\/01\/09\/larissa-santos-nega-qualquer-clima-com-gustavo-mioto-e-afirma-que-assunto-esta-encerrado\/#primaryimage\"},\"thumbnailUrl\":\"https:\/\/portaldoestado.com.br\/wp-content\/uploads\/2026\/01\/urrntmle-Tamanho-portal-10.jpg\",\"datePublished\":\"2026-01-09T14:43:03+00:00\",\"breadcrumb\":{\"@id\":\"https:\/\/portaldoestado.com.br\/index.php\/2026\/01\/09\/larissa-santos-nega-qualquer-clima-com-gustavo-mioto-e-afirma-que-assunto-esta-encerrado\/#breadcrumb\"},\"inLanguage\":\"pt-BR\",\"potentialAction\":[{\"@type\":\"ReadAction\",\"target\":[\"https:\/\/portaldoestado.com.br\/index.php\/2026\/01\/09\/larissa-santos-nega-qualquer-clima-com-gustavo-mioto-e-afirma-que-assunto-esta-encerrado\/\"]}]},{\"@type\":\"ImageObject\",\"inLanguage\":\"pt-BR\",\"@id\":\"https:\/\/portaldoestado.com.br\/index.php\/2026\/01\/09\/larissa-santos-nega-qualquer-clima-com-gustavo-mioto-e-afirma-que-assunto-esta-encerrado\/#primaryimage\",\"url\":\"https:\/\/portaldoestado.com.br\/wp-content\/uploads\/2026\/01\/urrntmle-Tamanho-portal-10.jpg\",\"contentUrl\":\"https:\/\/portaldoestado.com.br\/wp-content\/uploads\/2026\/01\/urrntmle-Tamanho-portal-10.jpg\",\"width\":1200,\"height\":900},{\"@type\":\"BreadcrumbList\",\"@id\":\"https:\/\/portaldoestado.com.br\/index.php\/2026\/01\/09\/larissa-santos-nega-qualquer-clima-com-gustavo-mioto-e-afirma-que-assunto-esta-encerrado\/#breadcrumb\",\"itemListElement\":[{\"@type\":\"ListItem\",\"position\":1,\"name\":\"In\u00edcio\",\"item\":\"https:\/\/portaldoestado.com.br\/\"},{\"@type\":\"ListItem\",\"position\":2,\"name\":\"Larissa Santos nega qualquer clima com Gustavo Mioto e afirma que assunto est\u00e1 encerrado\"}]},{\"@type\":\"WebSite\",\"@id\":\"https:\/\/portaldoestado.com.br\/#website\",\"url\":\"https:\/\/portaldoestado.com.br\/\",\"name\":\"Portal do Estado\",\"description\":\"\",\"publisher\":{\"@id\":\"https:\/\/portaldoestado.com.br\/#organization\"},\"potentialAction\":[{\"@type\":\"SearchAction\",\"target\":{\"@type\":\"EntryPoint\",\"urlTemplate\":\"https:\/\/portaldoestado.com.br\/?s={search_term_string}\"},\"query-input\":{\"@type\":\"PropertyValueSpecification\",\"valueRequired\":true,\"valueName\":\"search_term_string\"}}],\"inLanguage\":\"pt-BR\"},{\"@type\":\"Organization\",\"@id\":\"https:\/\/portaldoestado.com.br\/#organization\",\"name\":\"Portal do Estado\",\"url\":\"https:\/\/portaldoestado.com.br\/\",\"logo\":{\"@type\":\"ImageObject\",\"inLanguage\":\"pt-BR\",\"@id\":\"https:\/\/portaldoestado.com.br\/#\/schema\/logo\/image\/\",\"url\":\"https:\/\/portaldoestado.com.br\/wp-content\/uploads\/2025\/04\/cropped-6f69b19a-6472-43bf-b1b3-e1910bbbd4e8.png\",\"contentUrl\":\"https:\/\/portaldoestado.com.br\/wp-content\/uploads\/2025\/04\/cropped-6f69b19a-6472-43bf-b1b3-e1910bbbd4e8.png\",\"width\":1024,\"height\":350,\"caption\":\"Portal do Estado\"},\"image\":{\"@id\":\"https:\/\/portaldoestado.com.br\/#\/schema\/logo\/image\/\"}},{\"@type\":\"Person\",\"@id\":\"https:\/\/portaldoestado.com.br\/#\/schema\/person\/5ca0174f3c8c84b59da62ea14b698cb9\",\"name\":\"assessoriadefamosos\",\"image\":{\"@type\":\"ImageObject\",\"inLanguage\":\"pt-BR\",\"@id\":\"https:\/\/portaldoestado.com.br\/#\/schema\/person\/image\/\",\"url\":\"https:\/\/secure.gravatar.com\/avatar\/a7acbdffcfbbae7240e59f47fe511ec5f5d8c252c779f0b8d9ab02a9e1d8c5ed?s=96&d=mm&r=g\",\"contentUrl\":\"https:\/\/secure.gravatar.com\/avatar\/a7acbdffcfbbae7240e59f47fe511ec5f5d8c252c779f0b8d9ab02a9e1d8c5ed?s=96&d=mm&r=g\",\"caption\":\"assessoriadefamosos\"},\"url\":\"https:\/\/portaldoestado.com.br\/index.php\/author\/assessoriadefamosos\/\"}]}<\/script>\n<!-- \/ Yoast SEO plugin. -->","yoast_head_json":{"title":"Larissa Santos nega qualquer clima com Gustavo Mioto e afirma que assunto est\u00e1 encerrado - Portal do Estado","robots":{"index":"index","follow":"follow","max-snippet":"max-snippet:-1","max-image-preview":"max-image-preview:large","max-video-preview":"max-video-preview:-1"},"canonical":"https:\/\/portaldoestado.com.br\/index.php\/2026\/01\/09\/larissa-santos-nega-qualquer-clima-com-gustavo-mioto-e-afirma-que-assunto-esta-encerrado\/","og_locale":"pt_BR","og_type":"article","og_title":"Larissa Santos nega qualquer clima com Gustavo Mioto e afirma que assunto est\u00e1 encerrado - Portal do Estado","og_description":"Larissa Santos resolveu colocar um ponto final nas especula\u00e7\u00f5es que voltaram a circular sobre sua vida amorosa. A influenciadora e ex-BBB afirmou nesta quinta-feira (8\/01) que o envolvimento que teve com Gustavo Mioto n\u00e3o passou de um momento casual e garantiu que, hoje, n\u00e3o existe nada al\u00e9m de amizade entre eles. A ex-sister se manifestou \u2026","og_url":"https:\/\/portaldoestado.com.br\/index.php\/2026\/01\/09\/larissa-santos-nega-qualquer-clima-com-gustavo-mioto-e-afirma-que-assunto-esta-encerrado\/","og_site_name":"Portal do Estado","article_published_time":"2026-01-09T14:43:03+00:00","og_image":[{"width":1200,"height":900,"url":"https:\/\/portaldoestado.com.br\/wp-content\/uploads\/2026\/01\/urrntmle-Tamanho-portal-10.jpg","type":"image\/jpeg"}],"author":"assessoriadefamosos","twitter_card":"summary_large_image","twitter_misc":{"Escrito por":"assessoriadefamosos","Est. tempo de leitura":"2 minutos"},"schema":{"@context":"https:\/\/schema.org","@graph":[{"@type":"Article","@id":"https:\/\/portaldoestado.com.br\/index.php\/2026\/01\/09\/larissa-santos-nega-qualquer-clima-com-gustavo-mioto-e-afirma-que-assunto-esta-encerrado\/#article","isPartOf":{"@id":"https:\/\/portaldoestado.com.br\/index.php\/2026\/01\/09\/larissa-santos-nega-qualquer-clima-com-gustavo-mioto-e-afirma-que-assunto-esta-encerrado\/"},"author":{"name":"assessoriadefamosos","@id":"https:\/\/portaldoestado.com.br\/#\/schema\/person\/5ca0174f3c8c84b59da62ea14b698cb9"},"headline":"Larissa Santos nega qualquer clima com Gustavo Mioto e afirma que assunto est\u00e1 encerrado","datePublished":"2026-01-09T14:43:03+00:00","mainEntityOfPage":{"@id":"https:\/\/portaldoestado.com.br\/index.php\/2026\/01\/09\/larissa-santos-nega-qualquer-clima-com-gustavo-mioto-e-afirma-que-assunto-esta-encerrado\/"},"wordCount":317,"publisher":{"@id":"https:\/\/portaldoestado.com.br\/#organization"},"image":{"@id":"https:\/\/portaldoestado.com.br\/index.php\/2026\/01\/09\/larissa-santos-nega-qualquer-clima-com-gustavo-mioto-e-afirma-que-assunto-esta-encerrado\/#primaryimage"},"thumbnailUrl":"https:\/\/portaldoestado.com.br\/wp-content\/uploads\/2026\/01\/urrntmle-Tamanho-portal-10.jpg","articleSection":["Famosos"],"inLanguage":"pt-BR"},{"@type":"WebPage","@id":"https:\/\/portaldoestado.com.br\/index.php\/2026\/01\/09\/larissa-santos-nega-qualquer-clima-com-gustavo-mioto-e-afirma-que-assunto-esta-encerrado\/","url":"https:\/\/portaldoestado.com.br\/index.php\/2026\/01\/09\/larissa-santos-nega-qualquer-clima-com-gustavo-mioto-e-afirma-que-assunto-esta-encerrado\/","name":"Larissa Santos nega qualquer clima com Gustavo Mioto e afirma que assunto est\u00e1 encerrado - Portal do Estado","isPartOf":{"@id":"https:\/\/portaldoestado.com.br\/#website"},"primaryImageOfPage":{"@id":"https:\/\/portaldoestado.com.br\/index.php\/2026\/01\/09\/larissa-santos-nega-qualquer-clima-com-gustavo-mioto-e-afirma-que-assunto-esta-encerrado\/#primaryimage"},"image":{"@id":"https:\/\/portaldoestado.com.br\/index.php\/2026\/01\/09\/larissa-santos-nega-qualquer-clima-com-gustavo-mioto-e-afirma-que-assunto-esta-encerrado\/#primaryimage"},"thumbnailUrl":"https:\/\/portaldoestado.com.br\/wp-content\/uploads\/2026\/01\/urrntmle-Tamanho-portal-10.jpg","datePublished":"2026-01-09T14:43:03+00:00","breadcrumb":{"@id":"https:\/\/portaldoestado.com.br\/index.php\/2026\/01\/09\/larissa-santos-nega-qualquer-clima-com-gustavo-mioto-e-afirma-que-assunto-esta-encerrado\/#breadcrumb"},"inLanguage":"pt-BR","potentialAction":[{"@type":"ReadAction","target":["https:\/\/portaldoestado.com.br\/index.php\/2026\/01\/09\/larissa-santos-nega-qualquer-clima-com-gustavo-mioto-e-afirma-que-assunto-esta-encerrado\/"]}]},{"@type":"ImageObject","inLanguage":"pt-BR","@id":"https:\/\/portaldoestado.com.br\/index.php\/2026\/01\/09\/larissa-santos-nega-qualquer-clima-com-gustavo-mioto-e-afirma-que-assunto-esta-encerrado\/#primaryimage","url":"https:\/\/portaldoestado.com.br\/wp-content\/uploads\/2026\/01\/urrntmle-Tamanho-portal-10.jpg","contentUrl":"https:\/\/portaldoestado.com.br\/wp-content\/uploads\/2026\/01\/urrntmle-Tamanho-portal-10.jpg","width":1200,"height":900},{"@type":"BreadcrumbList","@id":"https:\/\/portaldoestado.com.br\/index.php\/2026\/01\/09\/larissa-santos-nega-qualquer-clima-com-gustavo-mioto-e-afirma-que-assunto-esta-encerrado\/#breadcrumb","itemListElement":[{"@type":"ListItem","position":1,"name":"In\u00edcio","item":"https:\/\/portaldoestado.com.br\/"},{"@type":"ListItem","position":2,"name":"Larissa Santos nega qualquer clima com Gustavo Mioto e afirma que assunto est\u00e1 encerrado"}]},{"@type":"WebSite","@id":"https:\/\/portaldoestado.com.br\/#website","url":"https:\/\/portaldoestado.com.br\/","name":"Portal do Estado","description":"","publisher":{"@id":"https:\/\/portaldoestado.com.br\/#organization"},"potentialAction":[{"@type":"SearchAction","target":{"@type":"EntryPoint","urlTemplate":"https:\/\/portaldoestado.com.br\/?s={search_term_string}"},"query-input":{"@type":"PropertyValueSpecification","valueRequired":true,"valueName":"search_term_string"}}],"inLanguage":"pt-BR"},{"@type":"Organization","@id":"https:\/\/portaldoestado.com.br\/#organization","name":"Portal do Estado","url":"https:\/\/portaldoestado.com.br\/","logo":{"@type":"ImageObject","inLanguage":"pt-BR","@id":"https:\/\/portaldoestado.com.br\/#\/schema\/logo\/image\/","url":"https:\/\/portaldoestado.com.br\/wp-content\/uploads\/2025\/04\/cropped-6f69b19a-6472-43bf-b1b3-e1910bbbd4e8.png","contentUrl":"https:\/\/portaldoestado.com.br\/wp-content\/uploads\/2025\/04\/cropped-6f69b19a-6472-43bf-b1b3-e1910bbbd4e8.png","width":1024,"height":350,"caption":"Portal do Estado"},"image":{"@id":"https:\/\/portaldoestado.com.br\/#\/schema\/logo\/image\/"}},{"@type":"Person","@id":"https:\/\/portaldoestado.com.br\/#\/schema\/person\/5ca0174f3c8c84b59da62ea14b698cb9","name":"assessoriadefamosos","image":{"@type":"ImageObject","inLanguage":"pt-BR","@id":"https:\/\/portaldoestado.com.br\/#\/schema\/person\/image\/","url":"https:\/\/secure.gravatar.com\/avatar\/a7acbdffcfbbae7240e59f47fe511ec5f5d8c252c779f0b8d9ab02a9e1d8c5ed?s=96&d=mm&r=g","contentUrl":"https:\/\/secure.gravatar.com\/avatar\/a7acbdffcfbbae7240e59f47fe511ec5f5d8c252c779f0b8d9ab02a9e1d8c5ed?s=96&d=mm&r=g","caption":"assessoriadefamosos"},"url":"https:\/\/portaldoestado.com.br\/index.php\/author\/assessoriadefamosos\/"}]}},"jetpack_featured_media_url":"https:\/\/portaldoestado.com.br\/wp-content\/uploads\/2026\/01\/urrntmle-Tamanho-portal-10.jpg","_links":{"self":[{"href":"https:\/\/portaldoestado.com.br\/index.php\/wp-json\/wp\/v2\/posts\/5497","targetHints":{"allow":["GET"]}}],"collection":[{"href":"https:\/\/portaldoestado.com.br\/index.php\/wp-json\/wp\/v2\/posts"}],"about":[{"href":"https:\/\/portaldoestado.com.br\/index.php\/wp-json\/wp\/v2\/types\/post"}],"author":[{"embeddable":true,"href":"https:\/\/portaldoestado.com.br\/index.php\/wp-json\/wp\/v2\/users\/2"}],"replies":[{"embeddable":true,"href":"https:\/\/portaldoestado.com.br\/index.php\/wp-json\/wp\/v2\/comments?post=5497"}],"version-history":[{"count":1,"href":"https:\/\/portaldoestado.com.br\/index.php\/wp-json\/wp\/v2\/posts\/5497\/revisions"}],"predecessor-version":[{"id":5498,"href":"https:\/\/portaldoestado.com.br\/index.php\/wp-json\/wp\/v2\/posts\/5497\/revisions\/5498"}],"wp:featuredmedia":[{"embeddable":true,"href":"https:\/\/portaldoestado.com.br\/index.php\/wp-json\/wp\/v2\/media\/5496"}],"wp:attachment":[{"href":"https:\/\/portaldoestado.com.br\/index.php\/wp-json\/wp\/v2\/media?parent=5497"}],"wp:term":[{"taxonomy":"category","embeddable":true,"href":"https:\/\/portaldoestado.com.br\/index.php\/wp-json\/wp\/v2\/categories?post=5497"},{"taxonomy":"post_tag","embeddable":true,"href":"https:\/\/portaldoestado.com.br\/index.php\/wp-json\/wp\/v2\/tags?post=5497"}],"curies":[{"name":"wp","href":"https:\/\/api.w.org\/{rel}","templated":true}]}}