{"id":5488,"date":"2026-01-08T19:03:06","date_gmt":"2026-01-08T19:03:06","guid":{"rendered":"https:\/\/portaldoestado.com.br\/?p=5488"},"modified":"2026-01-08T19:03:06","modified_gmt":"2026-01-08T19:03:06","slug":"zona-norte-de-sao-paulo-celebra-20-anos-do-legado-cultural-de-maria-quiteria-e-exu-veludo-em-noite-historica","status":"publish","type":"post","link":"https:\/\/portaldoestado.com.br\/index.php\/2026\/01\/08\/zona-norte-de-sao-paulo-celebra-20-anos-do-legado-cultural-de-maria-quiteria-e-exu-veludo-em-noite-historica\/","title":{"rendered":"Zona Norte de S\u00e3o Paulo celebra 20 anos do legado cultural de Maria Quit\u00e9ria e Exu Veludo em noite hist\u00f3rica"},"content":{"rendered":"\n<p>A Zona Norte de S\u00e3o Paulo viveu uma noite especial ao celebrar os 20 anos de hist\u00f3ria de Maria Quit\u00e9ria e Exu Veludo. A comemora\u00e7\u00e3o reuniu convidados, lideran\u00e7as e personalidades em um evento marcado pela emo\u00e7\u00e3o, pelo reconhecimento e pela valoriza\u00e7\u00e3o da cultura, consolidando-se como um dos encontros mais significativos da regi\u00e3o.<\/p>\n\n\n\n<p>Conhecida como Festa dos Comendadores, a celebra\u00e7\u00e3o destacou a trajet\u00f3ria constru\u00edda ao longo de duas d\u00e9cadas com dedica\u00e7\u00e3o, resist\u00eancia e amor \u00e0 cultura. O evento proporcionou momentos de confraterniza\u00e7\u00e3o e homenagens, refor\u00e7ando a import\u00e2ncia social e cultural de Maria Quit\u00e9ria e Exu Veludo para a comunidade.<\/p>\n\n\n\n<p>A presen\u00e7a expressiva do p\u00fablico evidenciou a for\u00e7a do legado deixado ao longo dos anos, resultado de um trabalho coletivo que uniu diferentes segmentos da sociedade. A atmosfera de uni\u00e3o e respeito marcou cada detalhe da noite, celebrando n\u00e3o apenas uma hist\u00f3ria, mas tamb\u00e9m as pessoas que ajudaram a constru\u00ed-la.<\/p>\n\n\n\n<p>Mais do que uma comemora\u00e7\u00e3o, o evento reafirmou a Zona Norte de S\u00e3o Paulo como um espa\u00e7o de valoriza\u00e7\u00e3o da tradi\u00e7\u00e3o, da mem\u00f3ria e da cultura, fortalecendo v\u00ednculos e mantendo viva uma trajet\u00f3ria que segue inspirando novas gera\u00e7\u00f5es.<\/p>\n","protected":false},"excerpt":{"rendered":"<p>A Zona Norte de S\u00e3o Paulo viveu uma noite especial ao celebrar os 20 anos de hist\u00f3ria de Maria Quit\u00e9ria e Exu Veludo. A comemora\u00e7\u00e3o reuniu convidados, lideran\u00e7as e personalidades em um evento marcado pela emo\u00e7\u00e3o, pelo reconhecimento e pela valoriza\u00e7\u00e3o da cultura, consolidando-se como um dos encontros mais significativos da regi\u00e3o. Conhecida como Festa \u2026<\/p>\n","protected":false},"author":2,"featured_media":5487,"comment_status":"closed","ping_status":"open","sticky":false,"template":"","format":"standard","meta":{"footnotes":""},"categories":[4],"tags":[],"class_list":["post-5488","post","type-post","status-publish","format-standard","has-post-thumbnail","hentry","category-geral"],"yoast_head":"<!-- This site is optimized with the Yoast SEO plugin v25.5 - https:\/\/yoast.com\/wordpress\/plugins\/seo\/ -->\n<title>Zona Norte de S\u00e3o Paulo celebra 20 anos do legado cultural de Maria Quit\u00e9ria e Exu Veludo em noite hist\u00f3rica - Portal do Estado<\/title>\n<meta name=\"robots\" content=\"index, follow, max-snippet:-1, max-image-preview:large, max-video-preview:-1\" \/>\n<link rel=\"canonical\" href=\"https:\/\/portaldoestado.com.br\/index.php\/2026\/01\/08\/zona-norte-de-sao-paulo-celebra-20-anos-do-legado-cultural-de-maria-quiteria-e-exu-veludo-em-noite-historica\/\" \/>\n<meta property=\"og:locale\" content=\"pt_BR\" \/>\n<meta property=\"og:type\" content=\"article\" \/>\n<meta property=\"og:title\" content=\"Zona Norte de S\u00e3o Paulo celebra 20 anos do legado cultural de Maria Quit\u00e9ria e Exu Veludo em noite hist\u00f3rica - Portal do Estado\" \/>\n<meta property=\"og:description\" content=\"A Zona Norte de S\u00e3o Paulo viveu uma noite especial ao celebrar os 20 anos de hist\u00f3ria de Maria Quit\u00e9ria e Exu Veludo. A comemora\u00e7\u00e3o reuniu convidados, lideran\u00e7as e personalidades em um evento marcado pela emo\u00e7\u00e3o, pelo reconhecimento e pela valoriza\u00e7\u00e3o da cultura, consolidando-se como um dos encontros mais significativos da regi\u00e3o. Conhecida como Festa \u2026\" \/>\n<meta property=\"og:url\" content=\"https:\/\/portaldoestado.com.br\/index.php\/2026\/01\/08\/zona-norte-de-sao-paulo-celebra-20-anos-do-legado-cultural-de-maria-quiteria-e-exu-veludo-em-noite-historica\/\" \/>\n<meta property=\"og:site_name\" content=\"Portal do Estado\" \/>\n<meta property=\"article:published_time\" content=\"2026-01-08T19:03:06+00:00\" \/>\n<meta property=\"og:image\" content=\"https:\/\/portaldoestado.com.br\/wp-content\/uploads\/2026\/01\/c81868c2-bb22-4311-9fc1-39c4377782a3.jpg\" \/>\n\t<meta property=\"og:image:width\" content=\"1600\" \/>\n\t<meta property=\"og:image:height\" content=\"1066\" \/>\n\t<meta property=\"og:image:type\" content=\"image\/jpeg\" \/>\n<meta name=\"author\" content=\"assessoriadefamosos\" \/>\n<meta name=\"twitter:card\" content=\"summary_large_image\" \/>\n<meta name=\"twitter:label1\" content=\"Escrito por\" \/>\n\t<meta name=\"twitter:data1\" content=\"assessoriadefamosos\" \/>\n\t<meta name=\"twitter:label2\" content=\"Est. tempo de leitura\" \/>\n\t<meta name=\"twitter:data2\" content=\"1 minuto\" \/>\n<script type=\"application\/ld+json\" class=\"yoast-schema-graph\">{\"@context\":\"https:\/\/schema.org\",\"@graph\":[{\"@type\":\"Article\",\"@id\":\"https:\/\/portaldoestado.com.br\/index.php\/2026\/01\/08\/zona-norte-de-sao-paulo-celebra-20-anos-do-legado-cultural-de-maria-quiteria-e-exu-veludo-em-noite-historica\/#article\",\"isPartOf\":{\"@id\":\"https:\/\/portaldoestado.com.br\/index.php\/2026\/01\/08\/zona-norte-de-sao-paulo-celebra-20-anos-do-legado-cultural-de-maria-quiteria-e-exu-veludo-em-noite-historica\/\"},\"author\":{\"name\":\"assessoriadefamosos\",\"@id\":\"https:\/\/portaldoestado.com.br\/#\/schema\/person\/5ca0174f3c8c84b59da62ea14b698cb9\"},\"headline\":\"Zona Norte de S\u00e3o Paulo celebra 20 anos do legado cultural de Maria Quit\u00e9ria e Exu Veludo em noite hist\u00f3rica\",\"datePublished\":\"2026-01-08T19:03:06+00:00\",\"mainEntityOfPage\":{\"@id\":\"https:\/\/portaldoestado.com.br\/index.php\/2026\/01\/08\/zona-norte-de-sao-paulo-celebra-20-anos-do-legado-cultural-de-maria-quiteria-e-exu-veludo-em-noite-historica\/\"},\"wordCount\":241,\"publisher\":{\"@id\":\"https:\/\/portaldoestado.com.br\/#organization\"},\"image\":{\"@id\":\"https:\/\/portaldoestado.com.br\/index.php\/2026\/01\/08\/zona-norte-de-sao-paulo-celebra-20-anos-do-legado-cultural-de-maria-quiteria-e-exu-veludo-em-noite-historica\/#primaryimage\"},\"thumbnailUrl\":\"https:\/\/portaldoestado.com.br\/wp-content\/uploads\/2026\/01\/c81868c2-bb22-4311-9fc1-39c4377782a3.jpg\",\"articleSection\":[\"Geral\"],\"inLanguage\":\"pt-BR\"},{\"@type\":\"WebPage\",\"@id\":\"https:\/\/portaldoestado.com.br\/index.php\/2026\/01\/08\/zona-norte-de-sao-paulo-celebra-20-anos-do-legado-cultural-de-maria-quiteria-e-exu-veludo-em-noite-historica\/\",\"url\":\"https:\/\/portaldoestado.com.br\/index.php\/2026\/01\/08\/zona-norte-de-sao-paulo-celebra-20-anos-do-legado-cultural-de-maria-quiteria-e-exu-veludo-em-noite-historica\/\",\"name\":\"Zona Norte de S\u00e3o Paulo celebra 20 anos do legado cultural de Maria Quit\u00e9ria e Exu Veludo em noite hist\u00f3rica - Portal do Estado\",\"isPartOf\":{\"@id\":\"https:\/\/portaldoestado.com.br\/#website\"},\"primaryImageOfPage\":{\"@id\":\"https:\/\/portaldoestado.com.br\/index.php\/2026\/01\/08\/zona-norte-de-sao-paulo-celebra-20-anos-do-legado-cultural-de-maria-quiteria-e-exu-veludo-em-noite-historica\/#primaryimage\"},\"image\":{\"@id\":\"https:\/\/portaldoestado.com.br\/index.php\/2026\/01\/08\/zona-norte-de-sao-paulo-celebra-20-anos-do-legado-cultural-de-maria-quiteria-e-exu-veludo-em-noite-historica\/#primaryimage\"},\"thumbnailUrl\":\"https:\/\/portaldoestado.com.br\/wp-content\/uploads\/2026\/01\/c81868c2-bb22-4311-9fc1-39c4377782a3.jpg\",\"datePublished\":\"2026-01-08T19:03:06+00:00\",\"breadcrumb\":{\"@id\":\"https:\/\/portaldoestado.com.br\/index.php\/2026\/01\/08\/zona-norte-de-sao-paulo-celebra-20-anos-do-legado-cultural-de-maria-quiteria-e-exu-veludo-em-noite-historica\/#breadcrumb\"},\"inLanguage\":\"pt-BR\",\"potentialAction\":[{\"@type\":\"ReadAction\",\"target\":[\"https:\/\/portaldoestado.com.br\/index.php\/2026\/01\/08\/zona-norte-de-sao-paulo-celebra-20-anos-do-legado-cultural-de-maria-quiteria-e-exu-veludo-em-noite-historica\/\"]}]},{\"@type\":\"ImageObject\",\"inLanguage\":\"pt-BR\",\"@id\":\"https:\/\/portaldoestado.com.br\/index.php\/2026\/01\/08\/zona-norte-de-sao-paulo-celebra-20-anos-do-legado-cultural-de-maria-quiteria-e-exu-veludo-em-noite-historica\/#primaryimage\",\"url\":\"https:\/\/portaldoestado.com.br\/wp-content\/uploads\/2026\/01\/c81868c2-bb22-4311-9fc1-39c4377782a3.jpg\",\"contentUrl\":\"https:\/\/portaldoestado.com.br\/wp-content\/uploads\/2026\/01\/c81868c2-bb22-4311-9fc1-39c4377782a3.jpg\",\"width\":1600,\"height\":1066},{\"@type\":\"BreadcrumbList\",\"@id\":\"https:\/\/portaldoestado.com.br\/index.php\/2026\/01\/08\/zona-norte-de-sao-paulo-celebra-20-anos-do-legado-cultural-de-maria-quiteria-e-exu-veludo-em-noite-historica\/#breadcrumb\",\"itemListElement\":[{\"@type\":\"ListItem\",\"position\":1,\"name\":\"In\u00edcio\",\"item\":\"https:\/\/portaldoestado.com.br\/\"},{\"@type\":\"ListItem\",\"position\":2,\"name\":\"Zona Norte de S\u00e3o Paulo celebra 20 anos do legado cultural de Maria Quit\u00e9ria e Exu Veludo em noite hist\u00f3rica\"}]},{\"@type\":\"WebSite\",\"@id\":\"https:\/\/portaldoestado.com.br\/#website\",\"url\":\"https:\/\/portaldoestado.com.br\/\",\"name\":\"Portal do Estado\",\"description\":\"\",\"publisher\":{\"@id\":\"https:\/\/portaldoestado.com.br\/#organization\"},\"potentialAction\":[{\"@type\":\"SearchAction\",\"target\":{\"@type\":\"EntryPoint\",\"urlTemplate\":\"https:\/\/portaldoestado.com.br\/?s={search_term_string}\"},\"query-input\":{\"@type\":\"PropertyValueSpecification\",\"valueRequired\":true,\"valueName\":\"search_term_string\"}}],\"inLanguage\":\"pt-BR\"},{\"@type\":\"Organization\",\"@id\":\"https:\/\/portaldoestado.com.br\/#organization\",\"name\":\"Portal do Estado\",\"url\":\"https:\/\/portaldoestado.com.br\/\",\"logo\":{\"@type\":\"ImageObject\",\"inLanguage\":\"pt-BR\",\"@id\":\"https:\/\/portaldoestado.com.br\/#\/schema\/logo\/image\/\",\"url\":\"https:\/\/portaldoestado.com.br\/wp-content\/uploads\/2025\/04\/cropped-6f69b19a-6472-43bf-b1b3-e1910bbbd4e8.png\",\"contentUrl\":\"https:\/\/portaldoestado.com.br\/wp-content\/uploads\/2025\/04\/cropped-6f69b19a-6472-43bf-b1b3-e1910bbbd4e8.png\",\"width\":1024,\"height\":350,\"caption\":\"Portal do Estado\"},\"image\":{\"@id\":\"https:\/\/portaldoestado.com.br\/#\/schema\/logo\/image\/\"}},{\"@type\":\"Person\",\"@id\":\"https:\/\/portaldoestado.com.br\/#\/schema\/person\/5ca0174f3c8c84b59da62ea14b698cb9\",\"name\":\"assessoriadefamosos\",\"image\":{\"@type\":\"ImageObject\",\"inLanguage\":\"pt-BR\",\"@id\":\"https:\/\/portaldoestado.com.br\/#\/schema\/person\/image\/\",\"url\":\"https:\/\/secure.gravatar.com\/avatar\/a7acbdffcfbbae7240e59f47fe511ec5f5d8c252c779f0b8d9ab02a9e1d8c5ed?s=96&d=mm&r=g\",\"contentUrl\":\"https:\/\/secure.gravatar.com\/avatar\/a7acbdffcfbbae7240e59f47fe511ec5f5d8c252c779f0b8d9ab02a9e1d8c5ed?s=96&d=mm&r=g\",\"caption\":\"assessoriadefamosos\"},\"url\":\"https:\/\/portaldoestado.com.br\/index.php\/author\/assessoriadefamosos\/\"}]}<\/script>\n<!-- \/ Yoast SEO plugin. -->","yoast_head_json":{"title":"Zona Norte de S\u00e3o Paulo celebra 20 anos do legado cultural de Maria Quit\u00e9ria e Exu Veludo em noite hist\u00f3rica - Portal do Estado","robots":{"index":"index","follow":"follow","max-snippet":"max-snippet:-1","max-image-preview":"max-image-preview:large","max-video-preview":"max-video-preview:-1"},"canonical":"https:\/\/portaldoestado.com.br\/index.php\/2026\/01\/08\/zona-norte-de-sao-paulo-celebra-20-anos-do-legado-cultural-de-maria-quiteria-e-exu-veludo-em-noite-historica\/","og_locale":"pt_BR","og_type":"article","og_title":"Zona Norte de S\u00e3o Paulo celebra 20 anos do legado cultural de Maria Quit\u00e9ria e Exu Veludo em noite hist\u00f3rica - Portal do Estado","og_description":"A Zona Norte de S\u00e3o Paulo viveu uma noite especial ao celebrar os 20 anos de hist\u00f3ria de Maria Quit\u00e9ria e Exu Veludo. A comemora\u00e7\u00e3o reuniu convidados, lideran\u00e7as e personalidades em um evento marcado pela emo\u00e7\u00e3o, pelo reconhecimento e pela valoriza\u00e7\u00e3o da cultura, consolidando-se como um dos encontros mais significativos da regi\u00e3o. Conhecida como Festa \u2026","og_url":"https:\/\/portaldoestado.com.br\/index.php\/2026\/01\/08\/zona-norte-de-sao-paulo-celebra-20-anos-do-legado-cultural-de-maria-quiteria-e-exu-veludo-em-noite-historica\/","og_site_name":"Portal do Estado","article_published_time":"2026-01-08T19:03:06+00:00","og_image":[{"width":1600,"height":1066,"url":"https:\/\/portaldoestado.com.br\/wp-content\/uploads\/2026\/01\/c81868c2-bb22-4311-9fc1-39c4377782a3.jpg","type":"image\/jpeg"}],"author":"assessoriadefamosos","twitter_card":"summary_large_image","twitter_misc":{"Escrito por":"assessoriadefamosos","Est. tempo de leitura":"1 minuto"},"schema":{"@context":"https:\/\/schema.org","@graph":[{"@type":"Article","@id":"https:\/\/portaldoestado.com.br\/index.php\/2026\/01\/08\/zona-norte-de-sao-paulo-celebra-20-anos-do-legado-cultural-de-maria-quiteria-e-exu-veludo-em-noite-historica\/#article","isPartOf":{"@id":"https:\/\/portaldoestado.com.br\/index.php\/2026\/01\/08\/zona-norte-de-sao-paulo-celebra-20-anos-do-legado-cultural-de-maria-quiteria-e-exu-veludo-em-noite-historica\/"},"author":{"name":"assessoriadefamosos","@id":"https:\/\/portaldoestado.com.br\/#\/schema\/person\/5ca0174f3c8c84b59da62ea14b698cb9"},"headline":"Zona Norte de S\u00e3o Paulo celebra 20 anos do legado cultural de Maria Quit\u00e9ria e Exu Veludo em noite hist\u00f3rica","datePublished":"2026-01-08T19:03:06+00:00","mainEntityOfPage":{"@id":"https:\/\/portaldoestado.com.br\/index.php\/2026\/01\/08\/zona-norte-de-sao-paulo-celebra-20-anos-do-legado-cultural-de-maria-quiteria-e-exu-veludo-em-noite-historica\/"},"wordCount":241,"publisher":{"@id":"https:\/\/portaldoestado.com.br\/#organization"},"image":{"@id":"https:\/\/portaldoestado.com.br\/index.php\/2026\/01\/08\/zona-norte-de-sao-paulo-celebra-20-anos-do-legado-cultural-de-maria-quiteria-e-exu-veludo-em-noite-historica\/#primaryimage"},"thumbnailUrl":"https:\/\/portaldoestado.com.br\/wp-content\/uploads\/2026\/01\/c81868c2-bb22-4311-9fc1-39c4377782a3.jpg","articleSection":["Geral"],"inLanguage":"pt-BR"},{"@type":"WebPage","@id":"https:\/\/portaldoestado.com.br\/index.php\/2026\/01\/08\/zona-norte-de-sao-paulo-celebra-20-anos-do-legado-cultural-de-maria-quiteria-e-exu-veludo-em-noite-historica\/","url":"https:\/\/portaldoestado.com.br\/index.php\/2026\/01\/08\/zona-norte-de-sao-paulo-celebra-20-anos-do-legado-cultural-de-maria-quiteria-e-exu-veludo-em-noite-historica\/","name":"Zona Norte de S\u00e3o Paulo celebra 20 anos do legado cultural de Maria Quit\u00e9ria e Exu Veludo em noite hist\u00f3rica - Portal do Estado","isPartOf":{"@id":"https:\/\/portaldoestado.com.br\/#website"},"primaryImageOfPage":{"@id":"https:\/\/portaldoestado.com.br\/index.php\/2026\/01\/08\/zona-norte-de-sao-paulo-celebra-20-anos-do-legado-cultural-de-maria-quiteria-e-exu-veludo-em-noite-historica\/#primaryimage"},"image":{"@id":"https:\/\/portaldoestado.com.br\/index.php\/2026\/01\/08\/zona-norte-de-sao-paulo-celebra-20-anos-do-legado-cultural-de-maria-quiteria-e-exu-veludo-em-noite-historica\/#primaryimage"},"thumbnailUrl":"https:\/\/portaldoestado.com.br\/wp-content\/uploads\/2026\/01\/c81868c2-bb22-4311-9fc1-39c4377782a3.jpg","datePublished":"2026-01-08T19:03:06+00:00","breadcrumb":{"@id":"https:\/\/portaldoestado.com.br\/index.php\/2026\/01\/08\/zona-norte-de-sao-paulo-celebra-20-anos-do-legado-cultural-de-maria-quiteria-e-exu-veludo-em-noite-historica\/#breadcrumb"},"inLanguage":"pt-BR","potentialAction":[{"@type":"ReadAction","target":["https:\/\/portaldoestado.com.br\/index.php\/2026\/01\/08\/zona-norte-de-sao-paulo-celebra-20-anos-do-legado-cultural-de-maria-quiteria-e-exu-veludo-em-noite-historica\/"]}]},{"@type":"ImageObject","inLanguage":"pt-BR","@id":"https:\/\/portaldoestado.com.br\/index.php\/2026\/01\/08\/zona-norte-de-sao-paulo-celebra-20-anos-do-legado-cultural-de-maria-quiteria-e-exu-veludo-em-noite-historica\/#primaryimage","url":"https:\/\/portaldoestado.com.br\/wp-content\/uploads\/2026\/01\/c81868c2-bb22-4311-9fc1-39c4377782a3.jpg","contentUrl":"https:\/\/portaldoestado.com.br\/wp-content\/uploads\/2026\/01\/c81868c2-bb22-4311-9fc1-39c4377782a3.jpg","width":1600,"height":1066},{"@type":"BreadcrumbList","@id":"https:\/\/portaldoestado.com.br\/index.php\/2026\/01\/08\/zona-norte-de-sao-paulo-celebra-20-anos-do-legado-cultural-de-maria-quiteria-e-exu-veludo-em-noite-historica\/#breadcrumb","itemListElement":[{"@type":"ListItem","position":1,"name":"In\u00edcio","item":"https:\/\/portaldoestado.com.br\/"},{"@type":"ListItem","position":2,"name":"Zona Norte de S\u00e3o Paulo celebra 20 anos do legado cultural de Maria Quit\u00e9ria e Exu Veludo em noite hist\u00f3rica"}]},{"@type":"WebSite","@id":"https:\/\/portaldoestado.com.br\/#website","url":"https:\/\/portaldoestado.com.br\/","name":"Portal do Estado","description":"","publisher":{"@id":"https:\/\/portaldoestado.com.br\/#organization"},"potentialAction":[{"@type":"SearchAction","target":{"@type":"EntryPoint","urlTemplate":"https:\/\/portaldoestado.com.br\/?s={search_term_string}"},"query-input":{"@type":"PropertyValueSpecification","valueRequired":true,"valueName":"search_term_string"}}],"inLanguage":"pt-BR"},{"@type":"Organization","@id":"https:\/\/portaldoestado.com.br\/#organization","name":"Portal do Estado","url":"https:\/\/portaldoestado.com.br\/","logo":{"@type":"ImageObject","inLanguage":"pt-BR","@id":"https:\/\/portaldoestado.com.br\/#\/schema\/logo\/image\/","url":"https:\/\/portaldoestado.com.br\/wp-content\/uploads\/2025\/04\/cropped-6f69b19a-6472-43bf-b1b3-e1910bbbd4e8.png","contentUrl":"https:\/\/portaldoestado.com.br\/wp-content\/uploads\/2025\/04\/cropped-6f69b19a-6472-43bf-b1b3-e1910bbbd4e8.png","width":1024,"height":350,"caption":"Portal do Estado"},"image":{"@id":"https:\/\/portaldoestado.com.br\/#\/schema\/logo\/image\/"}},{"@type":"Person","@id":"https:\/\/portaldoestado.com.br\/#\/schema\/person\/5ca0174f3c8c84b59da62ea14b698cb9","name":"assessoriadefamosos","image":{"@type":"ImageObject","inLanguage":"pt-BR","@id":"https:\/\/portaldoestado.com.br\/#\/schema\/person\/image\/","url":"https:\/\/secure.gravatar.com\/avatar\/a7acbdffcfbbae7240e59f47fe511ec5f5d8c252c779f0b8d9ab02a9e1d8c5ed?s=96&d=mm&r=g","contentUrl":"https:\/\/secure.gravatar.com\/avatar\/a7acbdffcfbbae7240e59f47fe511ec5f5d8c252c779f0b8d9ab02a9e1d8c5ed?s=96&d=mm&r=g","caption":"assessoriadefamosos"},"url":"https:\/\/portaldoestado.com.br\/index.php\/author\/assessoriadefamosos\/"}]}},"jetpack_featured_media_url":"https:\/\/portaldoestado.com.br\/wp-content\/uploads\/2026\/01\/c81868c2-bb22-4311-9fc1-39c4377782a3.jpg","_links":{"self":[{"href":"https:\/\/portaldoestado.com.br\/index.php\/wp-json\/wp\/v2\/posts\/5488","targetHints":{"allow":["GET"]}}],"collection":[{"href":"https:\/\/portaldoestado.com.br\/index.php\/wp-json\/wp\/v2\/posts"}],"about":[{"href":"https:\/\/portaldoestado.com.br\/index.php\/wp-json\/wp\/v2\/types\/post"}],"author":[{"embeddable":true,"href":"https:\/\/portaldoestado.com.br\/index.php\/wp-json\/wp\/v2\/users\/2"}],"replies":[{"embeddable":true,"href":"https:\/\/portaldoestado.com.br\/index.php\/wp-json\/wp\/v2\/comments?post=5488"}],"version-history":[{"count":1,"href":"https:\/\/portaldoestado.com.br\/index.php\/wp-json\/wp\/v2\/posts\/5488\/revisions"}],"predecessor-version":[{"id":5489,"href":"https:\/\/portaldoestado.com.br\/index.php\/wp-json\/wp\/v2\/posts\/5488\/revisions\/5489"}],"wp:featuredmedia":[{"embeddable":true,"href":"https:\/\/portaldoestado.com.br\/index.php\/wp-json\/wp\/v2\/media\/5487"}],"wp:attachment":[{"href":"https:\/\/portaldoestado.com.br\/index.php\/wp-json\/wp\/v2\/media?parent=5488"}],"wp:term":[{"taxonomy":"category","embeddable":true,"href":"https:\/\/portaldoestado.com.br\/index.php\/wp-json\/wp\/v2\/categories?post=5488"},{"taxonomy":"post_tag","embeddable":true,"href":"https:\/\/portaldoestado.com.br\/index.php\/wp-json\/wp\/v2\/tags?post=5488"}],"curies":[{"name":"wp","href":"https:\/\/api.w.org\/{rel}","templated":true}]}}