{"id":5485,"date":"2026-01-08T16:40:47","date_gmt":"2026-01-08T16:40:47","guid":{"rendered":"https:\/\/portaldoestado.com.br\/?p=5485"},"modified":"2026-01-08T16:40:47","modified_gmt":"2026-01-08T16:40:47","slug":"sabrina-sato-celebra-1o-ano-de-casamento-com-nicolas-prattes-o-homem-da-minha-vida","status":"publish","type":"post","link":"https:\/\/portaldoestado.com.br\/index.php\/2026\/01\/08\/sabrina-sato-celebra-1o-ano-de-casamento-com-nicolas-prattes-o-homem-da-minha-vida\/","title":{"rendered":"Sabrina Sato celebra 1\u00ba ano de casamento com Nicolas Prattes: \u201cO homem da minha vida\u201d"},"content":{"rendered":"\n<p>Sabrina Sato est\u00e1 em clima de festa! A apresentadora comemorou nesta quarta-feira (7\/1) o primeiro ano de casamento com o ator Nicolas Prattes, celebrado no dia 10 de janeiro de 2025 em uma cerim\u00f4nia \u00edntima. Durante o ensaio de rua da Vila Isabel, no Rio de Janeiro, Sabrina falou sobre a felicidade da uni\u00e3o e os planos para o futuro.<\/p>\n\n\n\n<p>\u201cEstamos completando um ano de casamento e vamos celebrar de um jeito especial neste fim de semana. \u00c9 uma data muito importante para n\u00f3s\u201d, contou a artista, visivelmente emocionada. Ela tamb\u00e9m n\u00e3o poupou elogios ao marido: \u201cO Nicolas trouxe ainda mais amor e companheirismo para a minha vida. Ele \u00e9 o homem da minha vida e estou completamente apaixonada\u201d.<\/p>\n\n\n\n<p>Sabrina abriu o cora\u00e7\u00e3o sobre seus desejos de aumentar a fam\u00edlia em 2026. Ap\u00f3s passar por duas perdas gestacionais em 2025, a apresentadora afirmou que encara os desafios com f\u00e9 e esperan\u00e7a: \u201cTenho sonhos e acredito que tudo acontece no momento certo, na vontade de Deus. N\u00e3o fa\u00e7o planos, mas sigo com f\u00e9 e amor\u201d.<\/p>\n\n\n\n<p>M\u00e3e de Zoe, de 6 anos, fruto do relacionamento anterior com o ator Duda Nagle, Sabrina revelou que os epis\u00f3dios dif\u00edceis exigiram for\u00e7a e supera\u00e7\u00e3o. \u201cForam momentos dolorosos, com interna\u00e7\u00f5es e procedimentos m\u00e9dicos, mas hoje consigo falar sobre isso com mais tranquilidade. Foi um per\u00edodo de aprendizado e f\u00e9\u201d, disse.<\/p>\n\n\n\n<p>Apesar das dificuldades, o casal segue unido e confiante no futuro. Com amor, cumplicidade e planos para a fam\u00edlia, Sabrina e Nicolas celebram o in\u00edcio de mais um ano juntos, provando que a rela\u00e7\u00e3o continua s\u00f3lida e cheia de carinho.<\/p>\n","protected":false},"excerpt":{"rendered":"<p>Sabrina Sato est\u00e1 em clima de festa! A apresentadora comemorou nesta quarta-feira (7\/1) o primeiro ano de casamento com o ator Nicolas Prattes, celebrado no dia 10 de janeiro de 2025 em uma cerim\u00f4nia \u00edntima. Durante o ensaio de rua da Vila Isabel, no Rio de Janeiro, Sabrina falou sobre a felicidade da uni\u00e3o e \u2026<\/p>\n","protected":false},"author":2,"featured_media":5484,"comment_status":"closed","ping_status":"open","sticky":false,"template":"","format":"standard","meta":{"footnotes":""},"categories":[3],"tags":[],"class_list":["post-5485","post","type-post","status-publish","format-standard","has-post-thumbnail","hentry","category-famosos"],"yoast_head":"<!-- This site is optimized with the Yoast SEO plugin v25.5 - https:\/\/yoast.com\/wordpress\/plugins\/seo\/ -->\n<title>Sabrina Sato celebra 1\u00ba ano de casamento com Nicolas Prattes: \u201cO homem da minha vida\u201d - Portal do Estado<\/title>\n<meta name=\"robots\" content=\"index, follow, max-snippet:-1, max-image-preview:large, max-video-preview:-1\" \/>\n<link rel=\"canonical\" href=\"https:\/\/portaldoestado.com.br\/index.php\/2026\/01\/08\/sabrina-sato-celebra-1o-ano-de-casamento-com-nicolas-prattes-o-homem-da-minha-vida\/\" \/>\n<meta property=\"og:locale\" content=\"pt_BR\" \/>\n<meta property=\"og:type\" content=\"article\" \/>\n<meta property=\"og:title\" content=\"Sabrina Sato celebra 1\u00ba ano de casamento com Nicolas Prattes: \u201cO homem da minha vida\u201d - Portal do Estado\" \/>\n<meta property=\"og:description\" content=\"Sabrina Sato est\u00e1 em clima de festa! A apresentadora comemorou nesta quarta-feira (7\/1) o primeiro ano de casamento com o ator Nicolas Prattes, celebrado no dia 10 de janeiro de 2025 em uma cerim\u00f4nia \u00edntima. Durante o ensaio de rua da Vila Isabel, no Rio de Janeiro, Sabrina falou sobre a felicidade da uni\u00e3o e \u2026\" \/>\n<meta property=\"og:url\" content=\"https:\/\/portaldoestado.com.br\/index.php\/2026\/01\/08\/sabrina-sato-celebra-1o-ano-de-casamento-com-nicolas-prattes-o-homem-da-minha-vida\/\" \/>\n<meta property=\"og:site_name\" content=\"Portal do Estado\" \/>\n<meta property=\"article:published_time\" content=\"2026-01-08T16:40:47+00:00\" \/>\n<meta property=\"og:image\" content=\"https:\/\/portaldoestado.com.br\/wp-content\/uploads\/2026\/01\/sabrina-e-nicolas-2-e1745956702121.webp\" \/>\n\t<meta property=\"og:image:width\" content=\"1080\" \/>\n\t<meta property=\"og:image:height\" content=\"607\" \/>\n\t<meta property=\"og:image:type\" content=\"image\/webp\" \/>\n<meta name=\"author\" content=\"assessoriadefamosos\" \/>\n<meta name=\"twitter:card\" content=\"summary_large_image\" \/>\n<meta name=\"twitter:label1\" content=\"Escrito por\" \/>\n\t<meta name=\"twitter:data1\" content=\"assessoriadefamosos\" \/>\n\t<meta name=\"twitter:label2\" content=\"Est. tempo de leitura\" \/>\n\t<meta name=\"twitter:data2\" content=\"1 minuto\" \/>\n<script type=\"application\/ld+json\" class=\"yoast-schema-graph\">{\"@context\":\"https:\/\/schema.org\",\"@graph\":[{\"@type\":\"Article\",\"@id\":\"https:\/\/portaldoestado.com.br\/index.php\/2026\/01\/08\/sabrina-sato-celebra-1o-ano-de-casamento-com-nicolas-prattes-o-homem-da-minha-vida\/#article\",\"isPartOf\":{\"@id\":\"https:\/\/portaldoestado.com.br\/index.php\/2026\/01\/08\/sabrina-sato-celebra-1o-ano-de-casamento-com-nicolas-prattes-o-homem-da-minha-vida\/\"},\"author\":{\"name\":\"assessoriadefamosos\",\"@id\":\"https:\/\/portaldoestado.com.br\/#\/schema\/person\/5ca0174f3c8c84b59da62ea14b698cb9\"},\"headline\":\"Sabrina Sato celebra 1\u00ba ano de casamento com Nicolas Prattes: \u201cO homem da minha vida\u201d\",\"datePublished\":\"2026-01-08T16:40:47+00:00\",\"mainEntityOfPage\":{\"@id\":\"https:\/\/portaldoestado.com.br\/index.php\/2026\/01\/08\/sabrina-sato-celebra-1o-ano-de-casamento-com-nicolas-prattes-o-homem-da-minha-vida\/\"},\"wordCount\":293,\"publisher\":{\"@id\":\"https:\/\/portaldoestado.com.br\/#organization\"},\"image\":{\"@id\":\"https:\/\/portaldoestado.com.br\/index.php\/2026\/01\/08\/sabrina-sato-celebra-1o-ano-de-casamento-com-nicolas-prattes-o-homem-da-minha-vida\/#primaryimage\"},\"thumbnailUrl\":\"https:\/\/portaldoestado.com.br\/wp-content\/uploads\/2026\/01\/sabrina-e-nicolas-2-e1745956702121.webp\",\"articleSection\":[\"Famosos\"],\"inLanguage\":\"pt-BR\"},{\"@type\":\"WebPage\",\"@id\":\"https:\/\/portaldoestado.com.br\/index.php\/2026\/01\/08\/sabrina-sato-celebra-1o-ano-de-casamento-com-nicolas-prattes-o-homem-da-minha-vida\/\",\"url\":\"https:\/\/portaldoestado.com.br\/index.php\/2026\/01\/08\/sabrina-sato-celebra-1o-ano-de-casamento-com-nicolas-prattes-o-homem-da-minha-vida\/\",\"name\":\"Sabrina Sato celebra 1\u00ba ano de casamento com Nicolas Prattes: \u201cO homem da minha vida\u201d - Portal do Estado\",\"isPartOf\":{\"@id\":\"https:\/\/portaldoestado.com.br\/#website\"},\"primaryImageOfPage\":{\"@id\":\"https:\/\/portaldoestado.com.br\/index.php\/2026\/01\/08\/sabrina-sato-celebra-1o-ano-de-casamento-com-nicolas-prattes-o-homem-da-minha-vida\/#primaryimage\"},\"image\":{\"@id\":\"https:\/\/portaldoestado.com.br\/index.php\/2026\/01\/08\/sabrina-sato-celebra-1o-ano-de-casamento-com-nicolas-prattes-o-homem-da-minha-vida\/#primaryimage\"},\"thumbnailUrl\":\"https:\/\/portaldoestado.com.br\/wp-content\/uploads\/2026\/01\/sabrina-e-nicolas-2-e1745956702121.webp\",\"datePublished\":\"2026-01-08T16:40:47+00:00\",\"breadcrumb\":{\"@id\":\"https:\/\/portaldoestado.com.br\/index.php\/2026\/01\/08\/sabrina-sato-celebra-1o-ano-de-casamento-com-nicolas-prattes-o-homem-da-minha-vida\/#breadcrumb\"},\"inLanguage\":\"pt-BR\",\"potentialAction\":[{\"@type\":\"ReadAction\",\"target\":[\"https:\/\/portaldoestado.com.br\/index.php\/2026\/01\/08\/sabrina-sato-celebra-1o-ano-de-casamento-com-nicolas-prattes-o-homem-da-minha-vida\/\"]}]},{\"@type\":\"ImageObject\",\"inLanguage\":\"pt-BR\",\"@id\":\"https:\/\/portaldoestado.com.br\/index.php\/2026\/01\/08\/sabrina-sato-celebra-1o-ano-de-casamento-com-nicolas-prattes-o-homem-da-minha-vida\/#primaryimage\",\"url\":\"https:\/\/portaldoestado.com.br\/wp-content\/uploads\/2026\/01\/sabrina-e-nicolas-2-e1745956702121.webp\",\"contentUrl\":\"https:\/\/portaldoestado.com.br\/wp-content\/uploads\/2026\/01\/sabrina-e-nicolas-2-e1745956702121.webp\",\"width\":1080,\"height\":607},{\"@type\":\"BreadcrumbList\",\"@id\":\"https:\/\/portaldoestado.com.br\/index.php\/2026\/01\/08\/sabrina-sato-celebra-1o-ano-de-casamento-com-nicolas-prattes-o-homem-da-minha-vida\/#breadcrumb\",\"itemListElement\":[{\"@type\":\"ListItem\",\"position\":1,\"name\":\"In\u00edcio\",\"item\":\"https:\/\/portaldoestado.com.br\/\"},{\"@type\":\"ListItem\",\"position\":2,\"name\":\"Sabrina Sato celebra 1\u00ba ano de casamento com Nicolas Prattes: \u201cO homem da minha vida\u201d\"}]},{\"@type\":\"WebSite\",\"@id\":\"https:\/\/portaldoestado.com.br\/#website\",\"url\":\"https:\/\/portaldoestado.com.br\/\",\"name\":\"Portal do Estado\",\"description\":\"\",\"publisher\":{\"@id\":\"https:\/\/portaldoestado.com.br\/#organization\"},\"potentialAction\":[{\"@type\":\"SearchAction\",\"target\":{\"@type\":\"EntryPoint\",\"urlTemplate\":\"https:\/\/portaldoestado.com.br\/?s={search_term_string}\"},\"query-input\":{\"@type\":\"PropertyValueSpecification\",\"valueRequired\":true,\"valueName\":\"search_term_string\"}}],\"inLanguage\":\"pt-BR\"},{\"@type\":\"Organization\",\"@id\":\"https:\/\/portaldoestado.com.br\/#organization\",\"name\":\"Portal do Estado\",\"url\":\"https:\/\/portaldoestado.com.br\/\",\"logo\":{\"@type\":\"ImageObject\",\"inLanguage\":\"pt-BR\",\"@id\":\"https:\/\/portaldoestado.com.br\/#\/schema\/logo\/image\/\",\"url\":\"https:\/\/portaldoestado.com.br\/wp-content\/uploads\/2025\/04\/cropped-6f69b19a-6472-43bf-b1b3-e1910bbbd4e8.png\",\"contentUrl\":\"https:\/\/portaldoestado.com.br\/wp-content\/uploads\/2025\/04\/cropped-6f69b19a-6472-43bf-b1b3-e1910bbbd4e8.png\",\"width\":1024,\"height\":350,\"caption\":\"Portal do Estado\"},\"image\":{\"@id\":\"https:\/\/portaldoestado.com.br\/#\/schema\/logo\/image\/\"}},{\"@type\":\"Person\",\"@id\":\"https:\/\/portaldoestado.com.br\/#\/schema\/person\/5ca0174f3c8c84b59da62ea14b698cb9\",\"name\":\"assessoriadefamosos\",\"image\":{\"@type\":\"ImageObject\",\"inLanguage\":\"pt-BR\",\"@id\":\"https:\/\/portaldoestado.com.br\/#\/schema\/person\/image\/\",\"url\":\"https:\/\/secure.gravatar.com\/avatar\/a7acbdffcfbbae7240e59f47fe511ec5f5d8c252c779f0b8d9ab02a9e1d8c5ed?s=96&d=mm&r=g\",\"contentUrl\":\"https:\/\/secure.gravatar.com\/avatar\/a7acbdffcfbbae7240e59f47fe511ec5f5d8c252c779f0b8d9ab02a9e1d8c5ed?s=96&d=mm&r=g\",\"caption\":\"assessoriadefamosos\"},\"url\":\"https:\/\/portaldoestado.com.br\/index.php\/author\/assessoriadefamosos\/\"}]}<\/script>\n<!-- \/ Yoast SEO plugin. -->","yoast_head_json":{"title":"Sabrina Sato celebra 1\u00ba ano de casamento com Nicolas Prattes: \u201cO homem da minha vida\u201d - Portal do Estado","robots":{"index":"index","follow":"follow","max-snippet":"max-snippet:-1","max-image-preview":"max-image-preview:large","max-video-preview":"max-video-preview:-1"},"canonical":"https:\/\/portaldoestado.com.br\/index.php\/2026\/01\/08\/sabrina-sato-celebra-1o-ano-de-casamento-com-nicolas-prattes-o-homem-da-minha-vida\/","og_locale":"pt_BR","og_type":"article","og_title":"Sabrina Sato celebra 1\u00ba ano de casamento com Nicolas Prattes: \u201cO homem da minha vida\u201d - Portal do Estado","og_description":"Sabrina Sato est\u00e1 em clima de festa! A apresentadora comemorou nesta quarta-feira (7\/1) o primeiro ano de casamento com o ator Nicolas Prattes, celebrado no dia 10 de janeiro de 2025 em uma cerim\u00f4nia \u00edntima. Durante o ensaio de rua da Vila Isabel, no Rio de Janeiro, Sabrina falou sobre a felicidade da uni\u00e3o e \u2026","og_url":"https:\/\/portaldoestado.com.br\/index.php\/2026\/01\/08\/sabrina-sato-celebra-1o-ano-de-casamento-com-nicolas-prattes-o-homem-da-minha-vida\/","og_site_name":"Portal do Estado","article_published_time":"2026-01-08T16:40:47+00:00","og_image":[{"width":1080,"height":607,"url":"https:\/\/portaldoestado.com.br\/wp-content\/uploads\/2026\/01\/sabrina-e-nicolas-2-e1745956702121.webp","type":"image\/webp"}],"author":"assessoriadefamosos","twitter_card":"summary_large_image","twitter_misc":{"Escrito por":"assessoriadefamosos","Est. tempo de leitura":"1 minuto"},"schema":{"@context":"https:\/\/schema.org","@graph":[{"@type":"Article","@id":"https:\/\/portaldoestado.com.br\/index.php\/2026\/01\/08\/sabrina-sato-celebra-1o-ano-de-casamento-com-nicolas-prattes-o-homem-da-minha-vida\/#article","isPartOf":{"@id":"https:\/\/portaldoestado.com.br\/index.php\/2026\/01\/08\/sabrina-sato-celebra-1o-ano-de-casamento-com-nicolas-prattes-o-homem-da-minha-vida\/"},"author":{"name":"assessoriadefamosos","@id":"https:\/\/portaldoestado.com.br\/#\/schema\/person\/5ca0174f3c8c84b59da62ea14b698cb9"},"headline":"Sabrina Sato celebra 1\u00ba ano de casamento com Nicolas Prattes: \u201cO homem da minha vida\u201d","datePublished":"2026-01-08T16:40:47+00:00","mainEntityOfPage":{"@id":"https:\/\/portaldoestado.com.br\/index.php\/2026\/01\/08\/sabrina-sato-celebra-1o-ano-de-casamento-com-nicolas-prattes-o-homem-da-minha-vida\/"},"wordCount":293,"publisher":{"@id":"https:\/\/portaldoestado.com.br\/#organization"},"image":{"@id":"https:\/\/portaldoestado.com.br\/index.php\/2026\/01\/08\/sabrina-sato-celebra-1o-ano-de-casamento-com-nicolas-prattes-o-homem-da-minha-vida\/#primaryimage"},"thumbnailUrl":"https:\/\/portaldoestado.com.br\/wp-content\/uploads\/2026\/01\/sabrina-e-nicolas-2-e1745956702121.webp","articleSection":["Famosos"],"inLanguage":"pt-BR"},{"@type":"WebPage","@id":"https:\/\/portaldoestado.com.br\/index.php\/2026\/01\/08\/sabrina-sato-celebra-1o-ano-de-casamento-com-nicolas-prattes-o-homem-da-minha-vida\/","url":"https:\/\/portaldoestado.com.br\/index.php\/2026\/01\/08\/sabrina-sato-celebra-1o-ano-de-casamento-com-nicolas-prattes-o-homem-da-minha-vida\/","name":"Sabrina Sato celebra 1\u00ba ano de casamento com Nicolas Prattes: \u201cO homem da minha vida\u201d - Portal do Estado","isPartOf":{"@id":"https:\/\/portaldoestado.com.br\/#website"},"primaryImageOfPage":{"@id":"https:\/\/portaldoestado.com.br\/index.php\/2026\/01\/08\/sabrina-sato-celebra-1o-ano-de-casamento-com-nicolas-prattes-o-homem-da-minha-vida\/#primaryimage"},"image":{"@id":"https:\/\/portaldoestado.com.br\/index.php\/2026\/01\/08\/sabrina-sato-celebra-1o-ano-de-casamento-com-nicolas-prattes-o-homem-da-minha-vida\/#primaryimage"},"thumbnailUrl":"https:\/\/portaldoestado.com.br\/wp-content\/uploads\/2026\/01\/sabrina-e-nicolas-2-e1745956702121.webp","datePublished":"2026-01-08T16:40:47+00:00","breadcrumb":{"@id":"https:\/\/portaldoestado.com.br\/index.php\/2026\/01\/08\/sabrina-sato-celebra-1o-ano-de-casamento-com-nicolas-prattes-o-homem-da-minha-vida\/#breadcrumb"},"inLanguage":"pt-BR","potentialAction":[{"@type":"ReadAction","target":["https:\/\/portaldoestado.com.br\/index.php\/2026\/01\/08\/sabrina-sato-celebra-1o-ano-de-casamento-com-nicolas-prattes-o-homem-da-minha-vida\/"]}]},{"@type":"ImageObject","inLanguage":"pt-BR","@id":"https:\/\/portaldoestado.com.br\/index.php\/2026\/01\/08\/sabrina-sato-celebra-1o-ano-de-casamento-com-nicolas-prattes-o-homem-da-minha-vida\/#primaryimage","url":"https:\/\/portaldoestado.com.br\/wp-content\/uploads\/2026\/01\/sabrina-e-nicolas-2-e1745956702121.webp","contentUrl":"https:\/\/portaldoestado.com.br\/wp-content\/uploads\/2026\/01\/sabrina-e-nicolas-2-e1745956702121.webp","width":1080,"height":607},{"@type":"BreadcrumbList","@id":"https:\/\/portaldoestado.com.br\/index.php\/2026\/01\/08\/sabrina-sato-celebra-1o-ano-de-casamento-com-nicolas-prattes-o-homem-da-minha-vida\/#breadcrumb","itemListElement":[{"@type":"ListItem","position":1,"name":"In\u00edcio","item":"https:\/\/portaldoestado.com.br\/"},{"@type":"ListItem","position":2,"name":"Sabrina Sato celebra 1\u00ba ano de casamento com Nicolas Prattes: \u201cO homem da minha vida\u201d"}]},{"@type":"WebSite","@id":"https:\/\/portaldoestado.com.br\/#website","url":"https:\/\/portaldoestado.com.br\/","name":"Portal do Estado","description":"","publisher":{"@id":"https:\/\/portaldoestado.com.br\/#organization"},"potentialAction":[{"@type":"SearchAction","target":{"@type":"EntryPoint","urlTemplate":"https:\/\/portaldoestado.com.br\/?s={search_term_string}"},"query-input":{"@type":"PropertyValueSpecification","valueRequired":true,"valueName":"search_term_string"}}],"inLanguage":"pt-BR"},{"@type":"Organization","@id":"https:\/\/portaldoestado.com.br\/#organization","name":"Portal do Estado","url":"https:\/\/portaldoestado.com.br\/","logo":{"@type":"ImageObject","inLanguage":"pt-BR","@id":"https:\/\/portaldoestado.com.br\/#\/schema\/logo\/image\/","url":"https:\/\/portaldoestado.com.br\/wp-content\/uploads\/2025\/04\/cropped-6f69b19a-6472-43bf-b1b3-e1910bbbd4e8.png","contentUrl":"https:\/\/portaldoestado.com.br\/wp-content\/uploads\/2025\/04\/cropped-6f69b19a-6472-43bf-b1b3-e1910bbbd4e8.png","width":1024,"height":350,"caption":"Portal do Estado"},"image":{"@id":"https:\/\/portaldoestado.com.br\/#\/schema\/logo\/image\/"}},{"@type":"Person","@id":"https:\/\/portaldoestado.com.br\/#\/schema\/person\/5ca0174f3c8c84b59da62ea14b698cb9","name":"assessoriadefamosos","image":{"@type":"ImageObject","inLanguage":"pt-BR","@id":"https:\/\/portaldoestado.com.br\/#\/schema\/person\/image\/","url":"https:\/\/secure.gravatar.com\/avatar\/a7acbdffcfbbae7240e59f47fe511ec5f5d8c252c779f0b8d9ab02a9e1d8c5ed?s=96&d=mm&r=g","contentUrl":"https:\/\/secure.gravatar.com\/avatar\/a7acbdffcfbbae7240e59f47fe511ec5f5d8c252c779f0b8d9ab02a9e1d8c5ed?s=96&d=mm&r=g","caption":"assessoriadefamosos"},"url":"https:\/\/portaldoestado.com.br\/index.php\/author\/assessoriadefamosos\/"}]}},"jetpack_featured_media_url":"https:\/\/portaldoestado.com.br\/wp-content\/uploads\/2026\/01\/sabrina-e-nicolas-2-e1745956702121.webp","_links":{"self":[{"href":"https:\/\/portaldoestado.com.br\/index.php\/wp-json\/wp\/v2\/posts\/5485","targetHints":{"allow":["GET"]}}],"collection":[{"href":"https:\/\/portaldoestado.com.br\/index.php\/wp-json\/wp\/v2\/posts"}],"about":[{"href":"https:\/\/portaldoestado.com.br\/index.php\/wp-json\/wp\/v2\/types\/post"}],"author":[{"embeddable":true,"href":"https:\/\/portaldoestado.com.br\/index.php\/wp-json\/wp\/v2\/users\/2"}],"replies":[{"embeddable":true,"href":"https:\/\/portaldoestado.com.br\/index.php\/wp-json\/wp\/v2\/comments?post=5485"}],"version-history":[{"count":1,"href":"https:\/\/portaldoestado.com.br\/index.php\/wp-json\/wp\/v2\/posts\/5485\/revisions"}],"predecessor-version":[{"id":5486,"href":"https:\/\/portaldoestado.com.br\/index.php\/wp-json\/wp\/v2\/posts\/5485\/revisions\/5486"}],"wp:featuredmedia":[{"embeddable":true,"href":"https:\/\/portaldoestado.com.br\/index.php\/wp-json\/wp\/v2\/media\/5484"}],"wp:attachment":[{"href":"https:\/\/portaldoestado.com.br\/index.php\/wp-json\/wp\/v2\/media?parent=5485"}],"wp:term":[{"taxonomy":"category","embeddable":true,"href":"https:\/\/portaldoestado.com.br\/index.php\/wp-json\/wp\/v2\/categories?post=5485"},{"taxonomy":"post_tag","embeddable":true,"href":"https:\/\/portaldoestado.com.br\/index.php\/wp-json\/wp\/v2\/tags?post=5485"}],"curies":[{"name":"wp","href":"https:\/\/api.w.org\/{rel}","templated":true}]}}