{"id":5476,"date":"2026-01-08T16:29:20","date_gmt":"2026-01-08T16:29:20","guid":{"rendered":"https:\/\/portaldoestado.com.br\/?p=5476"},"modified":"2026-01-08T16:29:20","modified_gmt":"2026-01-08T16:29:20","slug":"marina-ruy-barbosa-brilha-com-vestido-de-r-16-mil-em-cenario-paradisiaco-do-caribe","status":"publish","type":"post","link":"https:\/\/portaldoestado.com.br\/index.php\/2026\/01\/08\/marina-ruy-barbosa-brilha-com-vestido-de-r-16-mil-em-cenario-paradisiaco-do-caribe\/","title":{"rendered":"Marina Ruy Barbosa brilha com vestido de R$ 16 mil em cen\u00e1rio paradis\u00edaco do Caribe"},"content":{"rendered":"\n<p>Marina Ruy Barbosa aproveitou o in\u00edcio do ano para relaxar nas Ilhas Turcas e Caicos, no Caribe, e encantou os seguidores ao compartilhar cliques com o p\u00f4r do sol como plano de fundo. O destaque ficou por conta do vestido luxuoso que escolheu para o passeio: uma pe\u00e7a em cetim roxo, com decote torcido, cauda longa e costas \u00e0 mostra, avaliada em R$ 16.410,80.<\/p>\n\n\n\n<p>O look elegante valoriza a silhueta da atriz e combina perfeitamente com a atmosfera paradis\u00edaca do local. Nas redes sociais, Marina recebeu elogios de f\u00e3s e colegas, como Lu\u00edsa Sonza e Gkay, que a chamaram de \u201cdeusa\u201d. Entre os coment\u00e1rios, seguidores se encantaram com a harmonia entre o vestido sofisticado e a paisagem deslumbrante do Caribe.<\/p>\n\n\n\n<p>Al\u00e9m das f\u00e9rias, Marina segue em destaque na s\u00e9rie nacional da Prime Video, <strong>\u201cTrememb\u00e9\u201d<\/strong>, onde interpreta Suzane von Richthofen. A produ\u00e7\u00e3o, ambientada no chamado \u201cpres\u00eddio dos famosos\u201d, conquistou grande p\u00fablico e j\u00e1 tem segunda temporada confirmada, mantendo a atriz em evid\u00eancia.<\/p>\n","protected":false},"excerpt":{"rendered":"<p>Marina Ruy Barbosa aproveitou o in\u00edcio do ano para relaxar nas Ilhas Turcas e Caicos, no Caribe, e encantou os seguidores ao compartilhar cliques com o p\u00f4r do sol como plano de fundo. O destaque ficou por conta do vestido luxuoso que escolheu para o passeio: uma pe\u00e7a em cetim roxo, com decote torcido, cauda \u2026<\/p>\n","protected":false},"author":2,"featured_media":5475,"comment_status":"closed","ping_status":"open","sticky":false,"template":"","format":"standard","meta":{"footnotes":""},"categories":[3],"tags":[],"class_list":["post-5476","post","type-post","status-publish","format-standard","has-post-thumbnail","hentry","category-famosos"],"yoast_head":"<!-- This site is optimized with the Yoast SEO plugin v25.5 - https:\/\/yoast.com\/wordpress\/plugins\/seo\/ -->\n<title>Marina Ruy Barbosa brilha com vestido de R$ 16 mil em cen\u00e1rio paradis\u00edaco do Caribe - Portal do Estado<\/title>\n<meta name=\"robots\" content=\"index, follow, max-snippet:-1, max-image-preview:large, max-video-preview:-1\" \/>\n<link rel=\"canonical\" href=\"https:\/\/portaldoestado.com.br\/index.php\/2026\/01\/08\/marina-ruy-barbosa-brilha-com-vestido-de-r-16-mil-em-cenario-paradisiaco-do-caribe\/\" \/>\n<meta property=\"og:locale\" content=\"pt_BR\" \/>\n<meta property=\"og:type\" content=\"article\" \/>\n<meta property=\"og:title\" content=\"Marina Ruy Barbosa brilha com vestido de R$ 16 mil em cen\u00e1rio paradis\u00edaco do Caribe - Portal do Estado\" \/>\n<meta property=\"og:description\" content=\"Marina Ruy Barbosa aproveitou o in\u00edcio do ano para relaxar nas Ilhas Turcas e Caicos, no Caribe, e encantou os seguidores ao compartilhar cliques com o p\u00f4r do sol como plano de fundo. O destaque ficou por conta do vestido luxuoso que escolheu para o passeio: uma pe\u00e7a em cetim roxo, com decote torcido, cauda \u2026\" \/>\n<meta property=\"og:url\" content=\"https:\/\/portaldoestado.com.br\/index.php\/2026\/01\/08\/marina-ruy-barbosa-brilha-com-vestido-de-r-16-mil-em-cenario-paradisiaco-do-caribe\/\" \/>\n<meta property=\"og:site_name\" content=\"Portal do Estado\" \/>\n<meta property=\"article:published_time\" content=\"2026-01-08T16:29:20+00:00\" \/>\n<meta property=\"og:image\" content=\"https:\/\/portaldoestado.com.br\/wp-content\/uploads\/2026\/01\/wO4QrLSB-Backup-Capa-2-fotos.png\" \/>\n\t<meta property=\"og:image:width\" content=\"1200\" \/>\n\t<meta property=\"og:image:height\" content=\"900\" \/>\n\t<meta property=\"og:image:type\" content=\"image\/png\" \/>\n<meta name=\"author\" content=\"assessoriadefamosos\" \/>\n<meta name=\"twitter:card\" content=\"summary_large_image\" \/>\n<meta name=\"twitter:label1\" content=\"Escrito por\" \/>\n\t<meta name=\"twitter:data1\" content=\"assessoriadefamosos\" \/>\n\t<meta name=\"twitter:label2\" content=\"Est. tempo de leitura\" \/>\n\t<meta name=\"twitter:data2\" content=\"1 minuto\" \/>\n<script type=\"application\/ld+json\" class=\"yoast-schema-graph\">{\"@context\":\"https:\/\/schema.org\",\"@graph\":[{\"@type\":\"Article\",\"@id\":\"https:\/\/portaldoestado.com.br\/index.php\/2026\/01\/08\/marina-ruy-barbosa-brilha-com-vestido-de-r-16-mil-em-cenario-paradisiaco-do-caribe\/#article\",\"isPartOf\":{\"@id\":\"https:\/\/portaldoestado.com.br\/index.php\/2026\/01\/08\/marina-ruy-barbosa-brilha-com-vestido-de-r-16-mil-em-cenario-paradisiaco-do-caribe\/\"},\"author\":{\"name\":\"assessoriadefamosos\",\"@id\":\"https:\/\/portaldoestado.com.br\/#\/schema\/person\/5ca0174f3c8c84b59da62ea14b698cb9\"},\"headline\":\"Marina Ruy Barbosa brilha com vestido de R$ 16 mil em cen\u00e1rio paradis\u00edaco do Caribe\",\"datePublished\":\"2026-01-08T16:29:20+00:00\",\"mainEntityOfPage\":{\"@id\":\"https:\/\/portaldoestado.com.br\/index.php\/2026\/01\/08\/marina-ruy-barbosa-brilha-com-vestido-de-r-16-mil-em-cenario-paradisiaco-do-caribe\/\"},\"wordCount\":189,\"publisher\":{\"@id\":\"https:\/\/portaldoestado.com.br\/#organization\"},\"image\":{\"@id\":\"https:\/\/portaldoestado.com.br\/index.php\/2026\/01\/08\/marina-ruy-barbosa-brilha-com-vestido-de-r-16-mil-em-cenario-paradisiaco-do-caribe\/#primaryimage\"},\"thumbnailUrl\":\"https:\/\/portaldoestado.com.br\/wp-content\/uploads\/2026\/01\/wO4QrLSB-Backup-Capa-2-fotos.png\",\"articleSection\":[\"Famosos\"],\"inLanguage\":\"pt-BR\"},{\"@type\":\"WebPage\",\"@id\":\"https:\/\/portaldoestado.com.br\/index.php\/2026\/01\/08\/marina-ruy-barbosa-brilha-com-vestido-de-r-16-mil-em-cenario-paradisiaco-do-caribe\/\",\"url\":\"https:\/\/portaldoestado.com.br\/index.php\/2026\/01\/08\/marina-ruy-barbosa-brilha-com-vestido-de-r-16-mil-em-cenario-paradisiaco-do-caribe\/\",\"name\":\"Marina Ruy Barbosa brilha com vestido de R$ 16 mil em cen\u00e1rio paradis\u00edaco do Caribe - Portal do Estado\",\"isPartOf\":{\"@id\":\"https:\/\/portaldoestado.com.br\/#website\"},\"primaryImageOfPage\":{\"@id\":\"https:\/\/portaldoestado.com.br\/index.php\/2026\/01\/08\/marina-ruy-barbosa-brilha-com-vestido-de-r-16-mil-em-cenario-paradisiaco-do-caribe\/#primaryimage\"},\"image\":{\"@id\":\"https:\/\/portaldoestado.com.br\/index.php\/2026\/01\/08\/marina-ruy-barbosa-brilha-com-vestido-de-r-16-mil-em-cenario-paradisiaco-do-caribe\/#primaryimage\"},\"thumbnailUrl\":\"https:\/\/portaldoestado.com.br\/wp-content\/uploads\/2026\/01\/wO4QrLSB-Backup-Capa-2-fotos.png\",\"datePublished\":\"2026-01-08T16:29:20+00:00\",\"breadcrumb\":{\"@id\":\"https:\/\/portaldoestado.com.br\/index.php\/2026\/01\/08\/marina-ruy-barbosa-brilha-com-vestido-de-r-16-mil-em-cenario-paradisiaco-do-caribe\/#breadcrumb\"},\"inLanguage\":\"pt-BR\",\"potentialAction\":[{\"@type\":\"ReadAction\",\"target\":[\"https:\/\/portaldoestado.com.br\/index.php\/2026\/01\/08\/marina-ruy-barbosa-brilha-com-vestido-de-r-16-mil-em-cenario-paradisiaco-do-caribe\/\"]}]},{\"@type\":\"ImageObject\",\"inLanguage\":\"pt-BR\",\"@id\":\"https:\/\/portaldoestado.com.br\/index.php\/2026\/01\/08\/marina-ruy-barbosa-brilha-com-vestido-de-r-16-mil-em-cenario-paradisiaco-do-caribe\/#primaryimage\",\"url\":\"https:\/\/portaldoestado.com.br\/wp-content\/uploads\/2026\/01\/wO4QrLSB-Backup-Capa-2-fotos.png\",\"contentUrl\":\"https:\/\/portaldoestado.com.br\/wp-content\/uploads\/2026\/01\/wO4QrLSB-Backup-Capa-2-fotos.png\",\"width\":1200,\"height\":900},{\"@type\":\"BreadcrumbList\",\"@id\":\"https:\/\/portaldoestado.com.br\/index.php\/2026\/01\/08\/marina-ruy-barbosa-brilha-com-vestido-de-r-16-mil-em-cenario-paradisiaco-do-caribe\/#breadcrumb\",\"itemListElement\":[{\"@type\":\"ListItem\",\"position\":1,\"name\":\"In\u00edcio\",\"item\":\"https:\/\/portaldoestado.com.br\/\"},{\"@type\":\"ListItem\",\"position\":2,\"name\":\"Marina Ruy Barbosa brilha com vestido de R$ 16 mil em cen\u00e1rio paradis\u00edaco do Caribe\"}]},{\"@type\":\"WebSite\",\"@id\":\"https:\/\/portaldoestado.com.br\/#website\",\"url\":\"https:\/\/portaldoestado.com.br\/\",\"name\":\"Portal do Estado\",\"description\":\"\",\"publisher\":{\"@id\":\"https:\/\/portaldoestado.com.br\/#organization\"},\"potentialAction\":[{\"@type\":\"SearchAction\",\"target\":{\"@type\":\"EntryPoint\",\"urlTemplate\":\"https:\/\/portaldoestado.com.br\/?s={search_term_string}\"},\"query-input\":{\"@type\":\"PropertyValueSpecification\",\"valueRequired\":true,\"valueName\":\"search_term_string\"}}],\"inLanguage\":\"pt-BR\"},{\"@type\":\"Organization\",\"@id\":\"https:\/\/portaldoestado.com.br\/#organization\",\"name\":\"Portal do Estado\",\"url\":\"https:\/\/portaldoestado.com.br\/\",\"logo\":{\"@type\":\"ImageObject\",\"inLanguage\":\"pt-BR\",\"@id\":\"https:\/\/portaldoestado.com.br\/#\/schema\/logo\/image\/\",\"url\":\"https:\/\/portaldoestado.com.br\/wp-content\/uploads\/2025\/04\/cropped-6f69b19a-6472-43bf-b1b3-e1910bbbd4e8.png\",\"contentUrl\":\"https:\/\/portaldoestado.com.br\/wp-content\/uploads\/2025\/04\/cropped-6f69b19a-6472-43bf-b1b3-e1910bbbd4e8.png\",\"width\":1024,\"height\":350,\"caption\":\"Portal do Estado\"},\"image\":{\"@id\":\"https:\/\/portaldoestado.com.br\/#\/schema\/logo\/image\/\"}},{\"@type\":\"Person\",\"@id\":\"https:\/\/portaldoestado.com.br\/#\/schema\/person\/5ca0174f3c8c84b59da62ea14b698cb9\",\"name\":\"assessoriadefamosos\",\"image\":{\"@type\":\"ImageObject\",\"inLanguage\":\"pt-BR\",\"@id\":\"https:\/\/portaldoestado.com.br\/#\/schema\/person\/image\/\",\"url\":\"https:\/\/secure.gravatar.com\/avatar\/a7acbdffcfbbae7240e59f47fe511ec5f5d8c252c779f0b8d9ab02a9e1d8c5ed?s=96&d=mm&r=g\",\"contentUrl\":\"https:\/\/secure.gravatar.com\/avatar\/a7acbdffcfbbae7240e59f47fe511ec5f5d8c252c779f0b8d9ab02a9e1d8c5ed?s=96&d=mm&r=g\",\"caption\":\"assessoriadefamosos\"},\"url\":\"https:\/\/portaldoestado.com.br\/index.php\/author\/assessoriadefamosos\/\"}]}<\/script>\n<!-- \/ Yoast SEO plugin. -->","yoast_head_json":{"title":"Marina Ruy Barbosa brilha com vestido de R$ 16 mil em cen\u00e1rio paradis\u00edaco do Caribe - Portal do Estado","robots":{"index":"index","follow":"follow","max-snippet":"max-snippet:-1","max-image-preview":"max-image-preview:large","max-video-preview":"max-video-preview:-1"},"canonical":"https:\/\/portaldoestado.com.br\/index.php\/2026\/01\/08\/marina-ruy-barbosa-brilha-com-vestido-de-r-16-mil-em-cenario-paradisiaco-do-caribe\/","og_locale":"pt_BR","og_type":"article","og_title":"Marina Ruy Barbosa brilha com vestido de R$ 16 mil em cen\u00e1rio paradis\u00edaco do Caribe - Portal do Estado","og_description":"Marina Ruy Barbosa aproveitou o in\u00edcio do ano para relaxar nas Ilhas Turcas e Caicos, no Caribe, e encantou os seguidores ao compartilhar cliques com o p\u00f4r do sol como plano de fundo. O destaque ficou por conta do vestido luxuoso que escolheu para o passeio: uma pe\u00e7a em cetim roxo, com decote torcido, cauda \u2026","og_url":"https:\/\/portaldoestado.com.br\/index.php\/2026\/01\/08\/marina-ruy-barbosa-brilha-com-vestido-de-r-16-mil-em-cenario-paradisiaco-do-caribe\/","og_site_name":"Portal do Estado","article_published_time":"2026-01-08T16:29:20+00:00","og_image":[{"width":1200,"height":900,"url":"https:\/\/portaldoestado.com.br\/wp-content\/uploads\/2026\/01\/wO4QrLSB-Backup-Capa-2-fotos.png","type":"image\/png"}],"author":"assessoriadefamosos","twitter_card":"summary_large_image","twitter_misc":{"Escrito por":"assessoriadefamosos","Est. tempo de leitura":"1 minuto"},"schema":{"@context":"https:\/\/schema.org","@graph":[{"@type":"Article","@id":"https:\/\/portaldoestado.com.br\/index.php\/2026\/01\/08\/marina-ruy-barbosa-brilha-com-vestido-de-r-16-mil-em-cenario-paradisiaco-do-caribe\/#article","isPartOf":{"@id":"https:\/\/portaldoestado.com.br\/index.php\/2026\/01\/08\/marina-ruy-barbosa-brilha-com-vestido-de-r-16-mil-em-cenario-paradisiaco-do-caribe\/"},"author":{"name":"assessoriadefamosos","@id":"https:\/\/portaldoestado.com.br\/#\/schema\/person\/5ca0174f3c8c84b59da62ea14b698cb9"},"headline":"Marina Ruy Barbosa brilha com vestido de R$ 16 mil em cen\u00e1rio paradis\u00edaco do Caribe","datePublished":"2026-01-08T16:29:20+00:00","mainEntityOfPage":{"@id":"https:\/\/portaldoestado.com.br\/index.php\/2026\/01\/08\/marina-ruy-barbosa-brilha-com-vestido-de-r-16-mil-em-cenario-paradisiaco-do-caribe\/"},"wordCount":189,"publisher":{"@id":"https:\/\/portaldoestado.com.br\/#organization"},"image":{"@id":"https:\/\/portaldoestado.com.br\/index.php\/2026\/01\/08\/marina-ruy-barbosa-brilha-com-vestido-de-r-16-mil-em-cenario-paradisiaco-do-caribe\/#primaryimage"},"thumbnailUrl":"https:\/\/portaldoestado.com.br\/wp-content\/uploads\/2026\/01\/wO4QrLSB-Backup-Capa-2-fotos.png","articleSection":["Famosos"],"inLanguage":"pt-BR"},{"@type":"WebPage","@id":"https:\/\/portaldoestado.com.br\/index.php\/2026\/01\/08\/marina-ruy-barbosa-brilha-com-vestido-de-r-16-mil-em-cenario-paradisiaco-do-caribe\/","url":"https:\/\/portaldoestado.com.br\/index.php\/2026\/01\/08\/marina-ruy-barbosa-brilha-com-vestido-de-r-16-mil-em-cenario-paradisiaco-do-caribe\/","name":"Marina Ruy Barbosa brilha com vestido de R$ 16 mil em cen\u00e1rio paradis\u00edaco do Caribe - Portal do Estado","isPartOf":{"@id":"https:\/\/portaldoestado.com.br\/#website"},"primaryImageOfPage":{"@id":"https:\/\/portaldoestado.com.br\/index.php\/2026\/01\/08\/marina-ruy-barbosa-brilha-com-vestido-de-r-16-mil-em-cenario-paradisiaco-do-caribe\/#primaryimage"},"image":{"@id":"https:\/\/portaldoestado.com.br\/index.php\/2026\/01\/08\/marina-ruy-barbosa-brilha-com-vestido-de-r-16-mil-em-cenario-paradisiaco-do-caribe\/#primaryimage"},"thumbnailUrl":"https:\/\/portaldoestado.com.br\/wp-content\/uploads\/2026\/01\/wO4QrLSB-Backup-Capa-2-fotos.png","datePublished":"2026-01-08T16:29:20+00:00","breadcrumb":{"@id":"https:\/\/portaldoestado.com.br\/index.php\/2026\/01\/08\/marina-ruy-barbosa-brilha-com-vestido-de-r-16-mil-em-cenario-paradisiaco-do-caribe\/#breadcrumb"},"inLanguage":"pt-BR","potentialAction":[{"@type":"ReadAction","target":["https:\/\/portaldoestado.com.br\/index.php\/2026\/01\/08\/marina-ruy-barbosa-brilha-com-vestido-de-r-16-mil-em-cenario-paradisiaco-do-caribe\/"]}]},{"@type":"ImageObject","inLanguage":"pt-BR","@id":"https:\/\/portaldoestado.com.br\/index.php\/2026\/01\/08\/marina-ruy-barbosa-brilha-com-vestido-de-r-16-mil-em-cenario-paradisiaco-do-caribe\/#primaryimage","url":"https:\/\/portaldoestado.com.br\/wp-content\/uploads\/2026\/01\/wO4QrLSB-Backup-Capa-2-fotos.png","contentUrl":"https:\/\/portaldoestado.com.br\/wp-content\/uploads\/2026\/01\/wO4QrLSB-Backup-Capa-2-fotos.png","width":1200,"height":900},{"@type":"BreadcrumbList","@id":"https:\/\/portaldoestado.com.br\/index.php\/2026\/01\/08\/marina-ruy-barbosa-brilha-com-vestido-de-r-16-mil-em-cenario-paradisiaco-do-caribe\/#breadcrumb","itemListElement":[{"@type":"ListItem","position":1,"name":"In\u00edcio","item":"https:\/\/portaldoestado.com.br\/"},{"@type":"ListItem","position":2,"name":"Marina Ruy Barbosa brilha com vestido de R$ 16 mil em cen\u00e1rio paradis\u00edaco do Caribe"}]},{"@type":"WebSite","@id":"https:\/\/portaldoestado.com.br\/#website","url":"https:\/\/portaldoestado.com.br\/","name":"Portal do Estado","description":"","publisher":{"@id":"https:\/\/portaldoestado.com.br\/#organization"},"potentialAction":[{"@type":"SearchAction","target":{"@type":"EntryPoint","urlTemplate":"https:\/\/portaldoestado.com.br\/?s={search_term_string}"},"query-input":{"@type":"PropertyValueSpecification","valueRequired":true,"valueName":"search_term_string"}}],"inLanguage":"pt-BR"},{"@type":"Organization","@id":"https:\/\/portaldoestado.com.br\/#organization","name":"Portal do Estado","url":"https:\/\/portaldoestado.com.br\/","logo":{"@type":"ImageObject","inLanguage":"pt-BR","@id":"https:\/\/portaldoestado.com.br\/#\/schema\/logo\/image\/","url":"https:\/\/portaldoestado.com.br\/wp-content\/uploads\/2025\/04\/cropped-6f69b19a-6472-43bf-b1b3-e1910bbbd4e8.png","contentUrl":"https:\/\/portaldoestado.com.br\/wp-content\/uploads\/2025\/04\/cropped-6f69b19a-6472-43bf-b1b3-e1910bbbd4e8.png","width":1024,"height":350,"caption":"Portal do Estado"},"image":{"@id":"https:\/\/portaldoestado.com.br\/#\/schema\/logo\/image\/"}},{"@type":"Person","@id":"https:\/\/portaldoestado.com.br\/#\/schema\/person\/5ca0174f3c8c84b59da62ea14b698cb9","name":"assessoriadefamosos","image":{"@type":"ImageObject","inLanguage":"pt-BR","@id":"https:\/\/portaldoestado.com.br\/#\/schema\/person\/image\/","url":"https:\/\/secure.gravatar.com\/avatar\/a7acbdffcfbbae7240e59f47fe511ec5f5d8c252c779f0b8d9ab02a9e1d8c5ed?s=96&d=mm&r=g","contentUrl":"https:\/\/secure.gravatar.com\/avatar\/a7acbdffcfbbae7240e59f47fe511ec5f5d8c252c779f0b8d9ab02a9e1d8c5ed?s=96&d=mm&r=g","caption":"assessoriadefamosos"},"url":"https:\/\/portaldoestado.com.br\/index.php\/author\/assessoriadefamosos\/"}]}},"jetpack_featured_media_url":"https:\/\/portaldoestado.com.br\/wp-content\/uploads\/2026\/01\/wO4QrLSB-Backup-Capa-2-fotos.png","_links":{"self":[{"href":"https:\/\/portaldoestado.com.br\/index.php\/wp-json\/wp\/v2\/posts\/5476","targetHints":{"allow":["GET"]}}],"collection":[{"href":"https:\/\/portaldoestado.com.br\/index.php\/wp-json\/wp\/v2\/posts"}],"about":[{"href":"https:\/\/portaldoestado.com.br\/index.php\/wp-json\/wp\/v2\/types\/post"}],"author":[{"embeddable":true,"href":"https:\/\/portaldoestado.com.br\/index.php\/wp-json\/wp\/v2\/users\/2"}],"replies":[{"embeddable":true,"href":"https:\/\/portaldoestado.com.br\/index.php\/wp-json\/wp\/v2\/comments?post=5476"}],"version-history":[{"count":1,"href":"https:\/\/portaldoestado.com.br\/index.php\/wp-json\/wp\/v2\/posts\/5476\/revisions"}],"predecessor-version":[{"id":5477,"href":"https:\/\/portaldoestado.com.br\/index.php\/wp-json\/wp\/v2\/posts\/5476\/revisions\/5477"}],"wp:featuredmedia":[{"embeddable":true,"href":"https:\/\/portaldoestado.com.br\/index.php\/wp-json\/wp\/v2\/media\/5475"}],"wp:attachment":[{"href":"https:\/\/portaldoestado.com.br\/index.php\/wp-json\/wp\/v2\/media?parent=5476"}],"wp:term":[{"taxonomy":"category","embeddable":true,"href":"https:\/\/portaldoestado.com.br\/index.php\/wp-json\/wp\/v2\/categories?post=5476"},{"taxonomy":"post_tag","embeddable":true,"href":"https:\/\/portaldoestado.com.br\/index.php\/wp-json\/wp\/v2\/tags?post=5476"}],"curies":[{"name":"wp","href":"https:\/\/api.w.org\/{rel}","templated":true}]}}