{"id":5437,"date":"2026-01-08T00:35:29","date_gmt":"2026-01-08T00:35:29","guid":{"rendered":"https:\/\/portaldoestado.com.br\/?p=5437"},"modified":"2026-01-08T00:35:29","modified_gmt":"2026-01-08T00:35:29","slug":"joao-campos-e-tabata-amaral-ajustam-detalhes-do-casamento-e-enfrentam-impasse-sobre-local-da-cerimonia","status":"publish","type":"post","link":"https:\/\/portaldoestado.com.br\/index.php\/2026\/01\/08\/joao-campos-e-tabata-amaral-ajustam-detalhes-do-casamento-e-enfrentam-impasse-sobre-local-da-cerimonia\/","title":{"rendered":"Jo\u00e3o Campos e Tabata Amaral ajustam detalhes do casamento e enfrentam impasse sobre local da cerim\u00f4nia"},"content":{"rendered":"\n<p>Com o casamento se aproximando, Jo\u00e3o Campos (PSB-PE) e Tabata Amaral (PSB-SP) seguem afinando os \u00faltimos detalhes da celebra\u00e7\u00e3o, mas ainda enfrentam uma decis\u00e3o importante: a escolha do local da cerim\u00f4nia religiosa. Apesar de j\u00e1 terem definido a data e o celebrante, o casal ainda n\u00e3o chegou a um consenso sobre onde ser\u00e1 realizado o \u201csim\u201d.<\/p>\n\n\n\n<p>Segundo informa\u00e7\u00f5es do portal <em>Roberta Jungmann<\/em>, Tabata gostaria que o casamento acontecesse na Praia dos Carneiros, em Tamandar\u00e9, no Litoral Sul de Pernambuco. O local \u00e9 conhecido pelo cen\u00e1rio paradis\u00edaco e por ser um dos destinos mais disputados para casamentos no estado. Al\u00e9m disso, a praia tem um significado especial para a fam\u00edlia de Jo\u00e3o Campos, j\u00e1 que seus irm\u00e3os, Eduarda e Pedro, tamb\u00e9m escolheram o espa\u00e7o para oficializar suas uni\u00f5es.<\/p>\n\n\n\n<p>Jo\u00e3o Campos, por sua vez, defende que a cerim\u00f4nia seja realizada no Recife. Prefeito da capital pernambucana h\u00e1 seis anos, ele considera simb\u00f3lico celebrar o casamento na cidade onde construiu sua trajet\u00f3ria pol\u00edtica e administrativa, al\u00e9m de manter o evento na capital do estado.<\/p>\n\n\n\n<p>Mesmo com a diverg\u00eancia, a data j\u00e1 est\u00e1 definida: o casamento est\u00e1 marcado para o dia 21 de fevereiro e ser\u00e1 conduzido pelo monsenhor Luciano Brito, vig\u00e1rio geral da Arquidiocese de Olinda e do Recife.<\/p>\n\n\n\n<p>Enquanto a decis\u00e3o sobre o local n\u00e3o \u00e9 anunciada, as assessorias e os noivos seguem trabalhando nos bastidores para alinhar os demais detalhes da celebra\u00e7\u00e3o, como a lista de convidados. At\u00e9 o momento, tamb\u00e9m n\u00e3o h\u00e1 confirma\u00e7\u00e3o sobre a presen\u00e7a do presidente Luiz In\u00e1cio Lula da Silva entre os convidados do casamento.<\/p>\n","protected":false},"excerpt":{"rendered":"<p>Com o casamento se aproximando, Jo\u00e3o Campos (PSB-PE) e Tabata Amaral (PSB-SP) seguem afinando os \u00faltimos detalhes da celebra\u00e7\u00e3o, mas ainda enfrentam uma decis\u00e3o importante: a escolha do local da cerim\u00f4nia religiosa. Apesar de j\u00e1 terem definido a data e o celebrante, o casal ainda n\u00e3o chegou a um consenso sobre onde ser\u00e1 realizado o \u2026<\/p>\n","protected":false},"author":2,"featured_media":5436,"comment_status":"closed","ping_status":"open","sticky":false,"template":"","format":"standard","meta":{"footnotes":""},"categories":[3],"tags":[],"class_list":["post-5437","post","type-post","status-publish","format-standard","has-post-thumbnail","hentry","category-famosos"],"yoast_head":"<!-- This site is optimized with the Yoast SEO plugin v25.5 - https:\/\/yoast.com\/wordpress\/plugins\/seo\/ -->\n<title>Jo\u00e3o Campos e Tabata Amaral ajustam detalhes do casamento e enfrentam impasse sobre local da cerim\u00f4nia - Portal do Estado<\/title>\n<meta name=\"robots\" content=\"index, follow, max-snippet:-1, max-image-preview:large, max-video-preview:-1\" \/>\n<link rel=\"canonical\" href=\"https:\/\/portaldoestado.com.br\/index.php\/2026\/01\/08\/joao-campos-e-tabata-amaral-ajustam-detalhes-do-casamento-e-enfrentam-impasse-sobre-local-da-cerimonia\/\" \/>\n<meta property=\"og:locale\" content=\"pt_BR\" \/>\n<meta property=\"og:type\" content=\"article\" \/>\n<meta property=\"og:title\" content=\"Jo\u00e3o Campos e Tabata Amaral ajustam detalhes do casamento e enfrentam impasse sobre local da cerim\u00f4nia - Portal do Estado\" \/>\n<meta property=\"og:description\" content=\"Com o casamento se aproximando, Jo\u00e3o Campos (PSB-PE) e Tabata Amaral (PSB-SP) seguem afinando os \u00faltimos detalhes da celebra\u00e7\u00e3o, mas ainda enfrentam uma decis\u00e3o importante: a escolha do local da cerim\u00f4nia religiosa. Apesar de j\u00e1 terem definido a data e o celebrante, o casal ainda n\u00e3o chegou a um consenso sobre onde ser\u00e1 realizado o \u2026\" \/>\n<meta property=\"og:url\" content=\"https:\/\/portaldoestado.com.br\/index.php\/2026\/01\/08\/joao-campos-e-tabata-amaral-ajustam-detalhes-do-casamento-e-enfrentam-impasse-sobre-local-da-cerimonia\/\" \/>\n<meta property=\"og:site_name\" content=\"Portal do Estado\" \/>\n<meta property=\"article:published_time\" content=\"2026-01-08T00:35:29+00:00\" \/>\n<meta property=\"og:image\" content=\"https:\/\/portaldoestado.com.br\/wp-content\/uploads\/2026\/01\/Joao-Campos-e-Tabata-Amaral-anunciam-noivado-Reproducao-@joacampos-@tabataamaralsp-1-1024x768.png\" \/>\n\t<meta property=\"og:image:width\" content=\"1024\" \/>\n\t<meta property=\"og:image:height\" content=\"768\" \/>\n\t<meta property=\"og:image:type\" content=\"image\/png\" \/>\n<meta name=\"author\" content=\"assessoriadefamosos\" \/>\n<meta name=\"twitter:card\" content=\"summary_large_image\" \/>\n<meta name=\"twitter:label1\" content=\"Escrito por\" \/>\n\t<meta name=\"twitter:data1\" content=\"assessoriadefamosos\" \/>\n\t<meta name=\"twitter:label2\" content=\"Est. tempo de leitura\" \/>\n\t<meta name=\"twitter:data2\" content=\"1 minuto\" \/>\n<script type=\"application\/ld+json\" class=\"yoast-schema-graph\">{\"@context\":\"https:\/\/schema.org\",\"@graph\":[{\"@type\":\"Article\",\"@id\":\"https:\/\/portaldoestado.com.br\/index.php\/2026\/01\/08\/joao-campos-e-tabata-amaral-ajustam-detalhes-do-casamento-e-enfrentam-impasse-sobre-local-da-cerimonia\/#article\",\"isPartOf\":{\"@id\":\"https:\/\/portaldoestado.com.br\/index.php\/2026\/01\/08\/joao-campos-e-tabata-amaral-ajustam-detalhes-do-casamento-e-enfrentam-impasse-sobre-local-da-cerimonia\/\"},\"author\":{\"name\":\"assessoriadefamosos\",\"@id\":\"https:\/\/portaldoestado.com.br\/#\/schema\/person\/5ca0174f3c8c84b59da62ea14b698cb9\"},\"headline\":\"Jo\u00e3o Campos e Tabata Amaral ajustam detalhes do casamento e enfrentam impasse sobre local da cerim\u00f4nia\",\"datePublished\":\"2026-01-08T00:35:29+00:00\",\"mainEntityOfPage\":{\"@id\":\"https:\/\/portaldoestado.com.br\/index.php\/2026\/01\/08\/joao-campos-e-tabata-amaral-ajustam-detalhes-do-casamento-e-enfrentam-impasse-sobre-local-da-cerimonia\/\"},\"wordCount\":304,\"publisher\":{\"@id\":\"https:\/\/portaldoestado.com.br\/#organization\"},\"image\":{\"@id\":\"https:\/\/portaldoestado.com.br\/index.php\/2026\/01\/08\/joao-campos-e-tabata-amaral-ajustam-detalhes-do-casamento-e-enfrentam-impasse-sobre-local-da-cerimonia\/#primaryimage\"},\"thumbnailUrl\":\"https:\/\/portaldoestado.com.br\/wp-content\/uploads\/2026\/01\/Joao-Campos-e-Tabata-Amaral-anunciam-noivado-Reproducao-@joacampos-@tabataamaralsp-1.png\",\"articleSection\":[\"Famosos\"],\"inLanguage\":\"pt-BR\"},{\"@type\":\"WebPage\",\"@id\":\"https:\/\/portaldoestado.com.br\/index.php\/2026\/01\/08\/joao-campos-e-tabata-amaral-ajustam-detalhes-do-casamento-e-enfrentam-impasse-sobre-local-da-cerimonia\/\",\"url\":\"https:\/\/portaldoestado.com.br\/index.php\/2026\/01\/08\/joao-campos-e-tabata-amaral-ajustam-detalhes-do-casamento-e-enfrentam-impasse-sobre-local-da-cerimonia\/\",\"name\":\"Jo\u00e3o Campos e Tabata Amaral ajustam detalhes do casamento e enfrentam impasse sobre local da cerim\u00f4nia - Portal do Estado\",\"isPartOf\":{\"@id\":\"https:\/\/portaldoestado.com.br\/#website\"},\"primaryImageOfPage\":{\"@id\":\"https:\/\/portaldoestado.com.br\/index.php\/2026\/01\/08\/joao-campos-e-tabata-amaral-ajustam-detalhes-do-casamento-e-enfrentam-impasse-sobre-local-da-cerimonia\/#primaryimage\"},\"image\":{\"@id\":\"https:\/\/portaldoestado.com.br\/index.php\/2026\/01\/08\/joao-campos-e-tabata-amaral-ajustam-detalhes-do-casamento-e-enfrentam-impasse-sobre-local-da-cerimonia\/#primaryimage\"},\"thumbnailUrl\":\"https:\/\/portaldoestado.com.br\/wp-content\/uploads\/2026\/01\/Joao-Campos-e-Tabata-Amaral-anunciam-noivado-Reproducao-@joacampos-@tabataamaralsp-1.png\",\"datePublished\":\"2026-01-08T00:35:29+00:00\",\"breadcrumb\":{\"@id\":\"https:\/\/portaldoestado.com.br\/index.php\/2026\/01\/08\/joao-campos-e-tabata-amaral-ajustam-detalhes-do-casamento-e-enfrentam-impasse-sobre-local-da-cerimonia\/#breadcrumb\"},\"inLanguage\":\"pt-BR\",\"potentialAction\":[{\"@type\":\"ReadAction\",\"target\":[\"https:\/\/portaldoestado.com.br\/index.php\/2026\/01\/08\/joao-campos-e-tabata-amaral-ajustam-detalhes-do-casamento-e-enfrentam-impasse-sobre-local-da-cerimonia\/\"]}]},{\"@type\":\"ImageObject\",\"inLanguage\":\"pt-BR\",\"@id\":\"https:\/\/portaldoestado.com.br\/index.php\/2026\/01\/08\/joao-campos-e-tabata-amaral-ajustam-detalhes-do-casamento-e-enfrentam-impasse-sobre-local-da-cerimonia\/#primaryimage\",\"url\":\"https:\/\/portaldoestado.com.br\/wp-content\/uploads\/2026\/01\/Joao-Campos-e-Tabata-Amaral-anunciam-noivado-Reproducao-@joacampos-@tabataamaralsp-1.png\",\"contentUrl\":\"https:\/\/portaldoestado.com.br\/wp-content\/uploads\/2026\/01\/Joao-Campos-e-Tabata-Amaral-anunciam-noivado-Reproducao-@joacampos-@tabataamaralsp-1.png\",\"width\":1200,\"height\":900},{\"@type\":\"BreadcrumbList\",\"@id\":\"https:\/\/portaldoestado.com.br\/index.php\/2026\/01\/08\/joao-campos-e-tabata-amaral-ajustam-detalhes-do-casamento-e-enfrentam-impasse-sobre-local-da-cerimonia\/#breadcrumb\",\"itemListElement\":[{\"@type\":\"ListItem\",\"position\":1,\"name\":\"In\u00edcio\",\"item\":\"https:\/\/portaldoestado.com.br\/\"},{\"@type\":\"ListItem\",\"position\":2,\"name\":\"Jo\u00e3o Campos e Tabata Amaral ajustam detalhes do casamento e enfrentam impasse sobre local da cerim\u00f4nia\"}]},{\"@type\":\"WebSite\",\"@id\":\"https:\/\/portaldoestado.com.br\/#website\",\"url\":\"https:\/\/portaldoestado.com.br\/\",\"name\":\"Portal do Estado\",\"description\":\"\",\"publisher\":{\"@id\":\"https:\/\/portaldoestado.com.br\/#organization\"},\"potentialAction\":[{\"@type\":\"SearchAction\",\"target\":{\"@type\":\"EntryPoint\",\"urlTemplate\":\"https:\/\/portaldoestado.com.br\/?s={search_term_string}\"},\"query-input\":{\"@type\":\"PropertyValueSpecification\",\"valueRequired\":true,\"valueName\":\"search_term_string\"}}],\"inLanguage\":\"pt-BR\"},{\"@type\":\"Organization\",\"@id\":\"https:\/\/portaldoestado.com.br\/#organization\",\"name\":\"Portal do Estado\",\"url\":\"https:\/\/portaldoestado.com.br\/\",\"logo\":{\"@type\":\"ImageObject\",\"inLanguage\":\"pt-BR\",\"@id\":\"https:\/\/portaldoestado.com.br\/#\/schema\/logo\/image\/\",\"url\":\"https:\/\/portaldoestado.com.br\/wp-content\/uploads\/2025\/04\/cropped-6f69b19a-6472-43bf-b1b3-e1910bbbd4e8.png\",\"contentUrl\":\"https:\/\/portaldoestado.com.br\/wp-content\/uploads\/2025\/04\/cropped-6f69b19a-6472-43bf-b1b3-e1910bbbd4e8.png\",\"width\":1024,\"height\":350,\"caption\":\"Portal do Estado\"},\"image\":{\"@id\":\"https:\/\/portaldoestado.com.br\/#\/schema\/logo\/image\/\"}},{\"@type\":\"Person\",\"@id\":\"https:\/\/portaldoestado.com.br\/#\/schema\/person\/5ca0174f3c8c84b59da62ea14b698cb9\",\"name\":\"assessoriadefamosos\",\"image\":{\"@type\":\"ImageObject\",\"inLanguage\":\"pt-BR\",\"@id\":\"https:\/\/portaldoestado.com.br\/#\/schema\/person\/image\/\",\"url\":\"https:\/\/secure.gravatar.com\/avatar\/a7acbdffcfbbae7240e59f47fe511ec5f5d8c252c779f0b8d9ab02a9e1d8c5ed?s=96&d=mm&r=g\",\"contentUrl\":\"https:\/\/secure.gravatar.com\/avatar\/a7acbdffcfbbae7240e59f47fe511ec5f5d8c252c779f0b8d9ab02a9e1d8c5ed?s=96&d=mm&r=g\",\"caption\":\"assessoriadefamosos\"},\"url\":\"https:\/\/portaldoestado.com.br\/index.php\/author\/assessoriadefamosos\/\"}]}<\/script>\n<!-- \/ Yoast SEO plugin. -->","yoast_head_json":{"title":"Jo\u00e3o Campos e Tabata Amaral ajustam detalhes do casamento e enfrentam impasse sobre local da cerim\u00f4nia - Portal do Estado","robots":{"index":"index","follow":"follow","max-snippet":"max-snippet:-1","max-image-preview":"max-image-preview:large","max-video-preview":"max-video-preview:-1"},"canonical":"https:\/\/portaldoestado.com.br\/index.php\/2026\/01\/08\/joao-campos-e-tabata-amaral-ajustam-detalhes-do-casamento-e-enfrentam-impasse-sobre-local-da-cerimonia\/","og_locale":"pt_BR","og_type":"article","og_title":"Jo\u00e3o Campos e Tabata Amaral ajustam detalhes do casamento e enfrentam impasse sobre local da cerim\u00f4nia - Portal do Estado","og_description":"Com o casamento se aproximando, Jo\u00e3o Campos (PSB-PE) e Tabata Amaral (PSB-SP) seguem afinando os \u00faltimos detalhes da celebra\u00e7\u00e3o, mas ainda enfrentam uma decis\u00e3o importante: a escolha do local da cerim\u00f4nia religiosa. Apesar de j\u00e1 terem definido a data e o celebrante, o casal ainda n\u00e3o chegou a um consenso sobre onde ser\u00e1 realizado o \u2026","og_url":"https:\/\/portaldoestado.com.br\/index.php\/2026\/01\/08\/joao-campos-e-tabata-amaral-ajustam-detalhes-do-casamento-e-enfrentam-impasse-sobre-local-da-cerimonia\/","og_site_name":"Portal do Estado","article_published_time":"2026-01-08T00:35:29+00:00","og_image":[{"width":1024,"height":768,"url":"https:\/\/portaldoestado.com.br\/wp-content\/uploads\/2026\/01\/Joao-Campos-e-Tabata-Amaral-anunciam-noivado-Reproducao-@joacampos-@tabataamaralsp-1-1024x768.png","type":"image\/png"}],"author":"assessoriadefamosos","twitter_card":"summary_large_image","twitter_misc":{"Escrito por":"assessoriadefamosos","Est. tempo de leitura":"1 minuto"},"schema":{"@context":"https:\/\/schema.org","@graph":[{"@type":"Article","@id":"https:\/\/portaldoestado.com.br\/index.php\/2026\/01\/08\/joao-campos-e-tabata-amaral-ajustam-detalhes-do-casamento-e-enfrentam-impasse-sobre-local-da-cerimonia\/#article","isPartOf":{"@id":"https:\/\/portaldoestado.com.br\/index.php\/2026\/01\/08\/joao-campos-e-tabata-amaral-ajustam-detalhes-do-casamento-e-enfrentam-impasse-sobre-local-da-cerimonia\/"},"author":{"name":"assessoriadefamosos","@id":"https:\/\/portaldoestado.com.br\/#\/schema\/person\/5ca0174f3c8c84b59da62ea14b698cb9"},"headline":"Jo\u00e3o Campos e Tabata Amaral ajustam detalhes do casamento e enfrentam impasse sobre local da cerim\u00f4nia","datePublished":"2026-01-08T00:35:29+00:00","mainEntityOfPage":{"@id":"https:\/\/portaldoestado.com.br\/index.php\/2026\/01\/08\/joao-campos-e-tabata-amaral-ajustam-detalhes-do-casamento-e-enfrentam-impasse-sobre-local-da-cerimonia\/"},"wordCount":304,"publisher":{"@id":"https:\/\/portaldoestado.com.br\/#organization"},"image":{"@id":"https:\/\/portaldoestado.com.br\/index.php\/2026\/01\/08\/joao-campos-e-tabata-amaral-ajustam-detalhes-do-casamento-e-enfrentam-impasse-sobre-local-da-cerimonia\/#primaryimage"},"thumbnailUrl":"https:\/\/portaldoestado.com.br\/wp-content\/uploads\/2026\/01\/Joao-Campos-e-Tabata-Amaral-anunciam-noivado-Reproducao-@joacampos-@tabataamaralsp-1.png","articleSection":["Famosos"],"inLanguage":"pt-BR"},{"@type":"WebPage","@id":"https:\/\/portaldoestado.com.br\/index.php\/2026\/01\/08\/joao-campos-e-tabata-amaral-ajustam-detalhes-do-casamento-e-enfrentam-impasse-sobre-local-da-cerimonia\/","url":"https:\/\/portaldoestado.com.br\/index.php\/2026\/01\/08\/joao-campos-e-tabata-amaral-ajustam-detalhes-do-casamento-e-enfrentam-impasse-sobre-local-da-cerimonia\/","name":"Jo\u00e3o Campos e Tabata Amaral ajustam detalhes do casamento e enfrentam impasse sobre local da cerim\u00f4nia - Portal do Estado","isPartOf":{"@id":"https:\/\/portaldoestado.com.br\/#website"},"primaryImageOfPage":{"@id":"https:\/\/portaldoestado.com.br\/index.php\/2026\/01\/08\/joao-campos-e-tabata-amaral-ajustam-detalhes-do-casamento-e-enfrentam-impasse-sobre-local-da-cerimonia\/#primaryimage"},"image":{"@id":"https:\/\/portaldoestado.com.br\/index.php\/2026\/01\/08\/joao-campos-e-tabata-amaral-ajustam-detalhes-do-casamento-e-enfrentam-impasse-sobre-local-da-cerimonia\/#primaryimage"},"thumbnailUrl":"https:\/\/portaldoestado.com.br\/wp-content\/uploads\/2026\/01\/Joao-Campos-e-Tabata-Amaral-anunciam-noivado-Reproducao-@joacampos-@tabataamaralsp-1.png","datePublished":"2026-01-08T00:35:29+00:00","breadcrumb":{"@id":"https:\/\/portaldoestado.com.br\/index.php\/2026\/01\/08\/joao-campos-e-tabata-amaral-ajustam-detalhes-do-casamento-e-enfrentam-impasse-sobre-local-da-cerimonia\/#breadcrumb"},"inLanguage":"pt-BR","potentialAction":[{"@type":"ReadAction","target":["https:\/\/portaldoestado.com.br\/index.php\/2026\/01\/08\/joao-campos-e-tabata-amaral-ajustam-detalhes-do-casamento-e-enfrentam-impasse-sobre-local-da-cerimonia\/"]}]},{"@type":"ImageObject","inLanguage":"pt-BR","@id":"https:\/\/portaldoestado.com.br\/index.php\/2026\/01\/08\/joao-campos-e-tabata-amaral-ajustam-detalhes-do-casamento-e-enfrentam-impasse-sobre-local-da-cerimonia\/#primaryimage","url":"https:\/\/portaldoestado.com.br\/wp-content\/uploads\/2026\/01\/Joao-Campos-e-Tabata-Amaral-anunciam-noivado-Reproducao-@joacampos-@tabataamaralsp-1.png","contentUrl":"https:\/\/portaldoestado.com.br\/wp-content\/uploads\/2026\/01\/Joao-Campos-e-Tabata-Amaral-anunciam-noivado-Reproducao-@joacampos-@tabataamaralsp-1.png","width":1200,"height":900},{"@type":"BreadcrumbList","@id":"https:\/\/portaldoestado.com.br\/index.php\/2026\/01\/08\/joao-campos-e-tabata-amaral-ajustam-detalhes-do-casamento-e-enfrentam-impasse-sobre-local-da-cerimonia\/#breadcrumb","itemListElement":[{"@type":"ListItem","position":1,"name":"In\u00edcio","item":"https:\/\/portaldoestado.com.br\/"},{"@type":"ListItem","position":2,"name":"Jo\u00e3o Campos e Tabata Amaral ajustam detalhes do casamento e enfrentam impasse sobre local da cerim\u00f4nia"}]},{"@type":"WebSite","@id":"https:\/\/portaldoestado.com.br\/#website","url":"https:\/\/portaldoestado.com.br\/","name":"Portal do Estado","description":"","publisher":{"@id":"https:\/\/portaldoestado.com.br\/#organization"},"potentialAction":[{"@type":"SearchAction","target":{"@type":"EntryPoint","urlTemplate":"https:\/\/portaldoestado.com.br\/?s={search_term_string}"},"query-input":{"@type":"PropertyValueSpecification","valueRequired":true,"valueName":"search_term_string"}}],"inLanguage":"pt-BR"},{"@type":"Organization","@id":"https:\/\/portaldoestado.com.br\/#organization","name":"Portal do Estado","url":"https:\/\/portaldoestado.com.br\/","logo":{"@type":"ImageObject","inLanguage":"pt-BR","@id":"https:\/\/portaldoestado.com.br\/#\/schema\/logo\/image\/","url":"https:\/\/portaldoestado.com.br\/wp-content\/uploads\/2025\/04\/cropped-6f69b19a-6472-43bf-b1b3-e1910bbbd4e8.png","contentUrl":"https:\/\/portaldoestado.com.br\/wp-content\/uploads\/2025\/04\/cropped-6f69b19a-6472-43bf-b1b3-e1910bbbd4e8.png","width":1024,"height":350,"caption":"Portal do Estado"},"image":{"@id":"https:\/\/portaldoestado.com.br\/#\/schema\/logo\/image\/"}},{"@type":"Person","@id":"https:\/\/portaldoestado.com.br\/#\/schema\/person\/5ca0174f3c8c84b59da62ea14b698cb9","name":"assessoriadefamosos","image":{"@type":"ImageObject","inLanguage":"pt-BR","@id":"https:\/\/portaldoestado.com.br\/#\/schema\/person\/image\/","url":"https:\/\/secure.gravatar.com\/avatar\/a7acbdffcfbbae7240e59f47fe511ec5f5d8c252c779f0b8d9ab02a9e1d8c5ed?s=96&d=mm&r=g","contentUrl":"https:\/\/secure.gravatar.com\/avatar\/a7acbdffcfbbae7240e59f47fe511ec5f5d8c252c779f0b8d9ab02a9e1d8c5ed?s=96&d=mm&r=g","caption":"assessoriadefamosos"},"url":"https:\/\/portaldoestado.com.br\/index.php\/author\/assessoriadefamosos\/"}]}},"jetpack_featured_media_url":"https:\/\/portaldoestado.com.br\/wp-content\/uploads\/2026\/01\/Joao-Campos-e-Tabata-Amaral-anunciam-noivado-Reproducao-@joacampos-@tabataamaralsp-1.png","_links":{"self":[{"href":"https:\/\/portaldoestado.com.br\/index.php\/wp-json\/wp\/v2\/posts\/5437","targetHints":{"allow":["GET"]}}],"collection":[{"href":"https:\/\/portaldoestado.com.br\/index.php\/wp-json\/wp\/v2\/posts"}],"about":[{"href":"https:\/\/portaldoestado.com.br\/index.php\/wp-json\/wp\/v2\/types\/post"}],"author":[{"embeddable":true,"href":"https:\/\/portaldoestado.com.br\/index.php\/wp-json\/wp\/v2\/users\/2"}],"replies":[{"embeddable":true,"href":"https:\/\/portaldoestado.com.br\/index.php\/wp-json\/wp\/v2\/comments?post=5437"}],"version-history":[{"count":1,"href":"https:\/\/portaldoestado.com.br\/index.php\/wp-json\/wp\/v2\/posts\/5437\/revisions"}],"predecessor-version":[{"id":5438,"href":"https:\/\/portaldoestado.com.br\/index.php\/wp-json\/wp\/v2\/posts\/5437\/revisions\/5438"}],"wp:featuredmedia":[{"embeddable":true,"href":"https:\/\/portaldoestado.com.br\/index.php\/wp-json\/wp\/v2\/media\/5436"}],"wp:attachment":[{"href":"https:\/\/portaldoestado.com.br\/index.php\/wp-json\/wp\/v2\/media?parent=5437"}],"wp:term":[{"taxonomy":"category","embeddable":true,"href":"https:\/\/portaldoestado.com.br\/index.php\/wp-json\/wp\/v2\/categories?post=5437"},{"taxonomy":"post_tag","embeddable":true,"href":"https:\/\/portaldoestado.com.br\/index.php\/wp-json\/wp\/v2\/tags?post=5437"}],"curies":[{"name":"wp","href":"https:\/\/api.w.org\/{rel}","templated":true}]}}