{"id":5431,"date":"2026-01-06T21:46:43","date_gmt":"2026-01-06T21:46:43","guid":{"rendered":"https:\/\/portaldoestado.com.br\/?p=5431"},"modified":"2026-01-06T21:46:43","modified_gmt":"2026-01-06T21:46:43","slug":"samba-libertador-inaugura-2026-em-novo-espaco-no-centro-do-rio","status":"publish","type":"post","link":"https:\/\/portaldoestado.com.br\/index.php\/2026\/01\/06\/samba-libertador-inaugura-2026-em-novo-espaco-no-centro-do-rio\/","title":{"rendered":"Samba Libertador inaugura 2026 em novo espa\u00e7o no Centro do Rio"},"content":{"rendered":"\n<p>O Samba Libertador inicia a temporada 2026 em novo endere\u00e7o. A partir de janeiro, o evento passa a ocupar a Casa AfroRio, localizada no Beco das Sardinhas, no Centro do Rio de Janeiro, mantendo sua proposta de valoriza\u00e7\u00e3o do samba, do encontro e da conviv\u00eancia.<\/p>\n\n\n\n<p>A primeira edi\u00e7\u00e3o do ano acontece no domingo, 11 de janeiro, a partir das 14h. A programa\u00e7\u00e3o come\u00e7a com um set de brasilidades da DJ Orkidia, que incorpora elementos de percuss\u00e3o \u00e0 sua apresenta\u00e7\u00e3o.<\/p>\n\n\n\n<p>\u00c0s 15h30, Neg\u00e3o da Serrinha e m\u00fasicos sobem ao palco, com repert\u00f3rio voltado ao samba de raiz e can\u00e7\u00f5es consagradas do g\u00eanero. A edi\u00e7\u00e3o contar\u00e1 ainda com participa\u00e7\u00f5es especiais dos cantores Enzo Belmonte e Joana Nascimento. Al\u00e9m de convidados surpresas que se tornaram a marca do evento.<\/p>\n\n\n\n<p>A bateria do Acad\u00eamicos do Salgueiro, escola de samba nove vezes campe\u00e3 do Carnaval carioca, refor\u00e7a o line up do evento, com a apresenta\u00e7\u00e3o de sambas marcantes de sua trajet\u00f3ria, como Peguei um Ita no Norte (1993) &#8211; mais conhecido como Explode Cora\u00e7\u00e3o &#8211; e Tambor (2009), t\u00edtulos mais recentes da agremia\u00e7\u00e3o.<\/p>\n\n\n\n<p>Al\u00e9m das atra\u00e7\u00f5es musicais, o evento oferece servi\u00e7o de bar &#8211; cervejas e drinks cl\u00e1ssicos &#8211; e alimenta\u00e7\u00e3o, com comidas t\u00edpicas de botequim. Em novo endere\u00e7o, o Samba Libertador segue como uma op\u00e7\u00e3o cultural voltada ao p\u00fablico que busca rodas de samba em formato acess\u00edvel e cont\u00ednuo no Centro da cidade.<\/p>\n\n\n\n<p>Em suas quatro primeiras edi\u00e7\u00f5es, o Samba Libertador contou com as participa\u00e7\u00f5es especiais de Neguinho da Beija-Flor, Dorina, Serj\u00e3o Loroza, Andr\u00e9 Lara, Marcelinho Moreira, Raoni, Dandara e Guido Ventapane, Gabby Souza (ex-The Voice Brasil), entre outros.<\/p>\n\n\n<!-- wp:heading \"level\":3 -->\n<h3 class=\"wp-block-heading\">SERVI\u00c7O<\/h3>\n<!-- \/wp:post-content -->\n\n<!-- wp:paragraph -->\n<p><em><strong>Samba Libertador | Vem 2026<\/strong><\/em>\n<strong>Data:<\/strong> 11 de janeiro\n<strong>Hor\u00e1rio:<\/strong> a partir das 14h\n<strong>Local:<\/strong> Casa AfroRio \u2013 Rua Acre, 96, Centro\n<strong>Ingressos:<\/strong> R$ 25\n<strong>Mais informa\u00e7\u00f5es:<\/strong> 21 99510-7636 &#8211; Matheus Giffoni \/ 21 99729-8149 &#8211; Flavia Jacomo \/ 21 9704231-09 &#8211; Enildo Viola.\n<strong>Classifica\u00e7\u00e3o:<\/strong> 18 anos<\/p>\n<!-- \/wp:paragraph -->","protected":false},"excerpt":{"rendered":"<p>O Samba Libertador inicia a temporada 2026 em novo endere\u00e7o. A partir de janeiro, o evento passa a ocupar a Casa AfroRio, localizada no Beco das Sardinhas, no Centro do Rio de Janeiro, mantendo sua proposta de valoriza\u00e7\u00e3o do samba, do encontro e da conviv\u00eancia. A primeira edi\u00e7\u00e3o do ano acontece no domingo, 11 de \u2026<\/p>\n","protected":false},"author":2,"featured_media":5430,"comment_status":"closed","ping_status":"open","sticky":false,"template":"","format":"standard","meta":{"footnotes":""},"categories":[68,4],"tags":[],"class_list":["post-5431","post","type-post","status-publish","format-standard","has-post-thumbnail","hentry","category-carnaval","category-geral"],"yoast_head":"<!-- This site is optimized with the Yoast SEO plugin v25.5 - https:\/\/yoast.com\/wordpress\/plugins\/seo\/ -->\n<title>Samba Libertador inaugura 2026 em novo espa\u00e7o no Centro do Rio - Portal do Estado<\/title>\n<meta name=\"robots\" content=\"index, follow, max-snippet:-1, max-image-preview:large, max-video-preview:-1\" \/>\n<link rel=\"canonical\" href=\"https:\/\/portaldoestado.com.br\/index.php\/2026\/01\/06\/samba-libertador-inaugura-2026-em-novo-espaco-no-centro-do-rio\/\" \/>\n<meta property=\"og:locale\" content=\"pt_BR\" \/>\n<meta property=\"og:type\" content=\"article\" \/>\n<meta property=\"og:title\" content=\"Samba Libertador inaugura 2026 em novo espa\u00e7o no Centro do Rio - Portal do Estado\" \/>\n<meta property=\"og:description\" content=\"O Samba Libertador inicia a temporada 2026 em novo endere\u00e7o. A partir de janeiro, o evento passa a ocupar a Casa AfroRio, localizada no Beco das Sardinhas, no Centro do Rio de Janeiro, mantendo sua proposta de valoriza\u00e7\u00e3o do samba, do encontro e da conviv\u00eancia. A primeira edi\u00e7\u00e3o do ano acontece no domingo, 11 de \u2026\" \/>\n<meta property=\"og:url\" content=\"https:\/\/portaldoestado.com.br\/index.php\/2026\/01\/06\/samba-libertador-inaugura-2026-em-novo-espaco-no-centro-do-rio\/\" \/>\n<meta property=\"og:site_name\" content=\"Portal do Estado\" \/>\n<meta property=\"article:published_time\" content=\"2026-01-06T21:46:43+00:00\" \/>\n<meta property=\"og:image\" content=\"https:\/\/portaldoestado.com.br\/wp-content\/uploads\/2026\/01\/SAMBA-LIBERTADOR-01.jpeg\" \/>\n\t<meta property=\"og:image:width\" content=\"1600\" \/>\n\t<meta property=\"og:image:height\" content=\"1066\" \/>\n\t<meta property=\"og:image:type\" content=\"image\/jpeg\" \/>\n<meta name=\"author\" content=\"assessoriadefamosos\" \/>\n<meta name=\"twitter:card\" content=\"summary_large_image\" \/>\n<meta name=\"twitter:label1\" content=\"Escrito por\" \/>\n\t<meta name=\"twitter:data1\" content=\"assessoriadefamosos\" \/>\n\t<meta name=\"twitter:label2\" content=\"Est. tempo de leitura\" \/>\n\t<meta name=\"twitter:data2\" content=\"2 minutos\" \/>\n<script type=\"application\/ld+json\" class=\"yoast-schema-graph\">{\"@context\":\"https:\/\/schema.org\",\"@graph\":[{\"@type\":\"Article\",\"@id\":\"https:\/\/portaldoestado.com.br\/index.php\/2026\/01\/06\/samba-libertador-inaugura-2026-em-novo-espaco-no-centro-do-rio\/#article\",\"isPartOf\":{\"@id\":\"https:\/\/portaldoestado.com.br\/index.php\/2026\/01\/06\/samba-libertador-inaugura-2026-em-novo-espaco-no-centro-do-rio\/\"},\"author\":{\"name\":\"assessoriadefamosos\",\"@id\":\"https:\/\/portaldoestado.com.br\/#\/schema\/person\/5ca0174f3c8c84b59da62ea14b698cb9\"},\"headline\":\"Samba Libertador inaugura 2026 em novo espa\u00e7o no Centro do Rio\",\"datePublished\":\"2026-01-06T21:46:43+00:00\",\"mainEntityOfPage\":{\"@id\":\"https:\/\/portaldoestado.com.br\/index.php\/2026\/01\/06\/samba-libertador-inaugura-2026-em-novo-espaco-no-centro-do-rio\/\"},\"wordCount\":348,\"publisher\":{\"@id\":\"https:\/\/portaldoestado.com.br\/#organization\"},\"image\":{\"@id\":\"https:\/\/portaldoestado.com.br\/index.php\/2026\/01\/06\/samba-libertador-inaugura-2026-em-novo-espaco-no-centro-do-rio\/#primaryimage\"},\"thumbnailUrl\":\"https:\/\/portaldoestado.com.br\/wp-content\/uploads\/2026\/01\/SAMBA-LIBERTADOR-01.jpeg\",\"articleSection\":[\"Carnaval\",\"Geral\"],\"inLanguage\":\"pt-BR\"},{\"@type\":\"WebPage\",\"@id\":\"https:\/\/portaldoestado.com.br\/index.php\/2026\/01\/06\/samba-libertador-inaugura-2026-em-novo-espaco-no-centro-do-rio\/\",\"url\":\"https:\/\/portaldoestado.com.br\/index.php\/2026\/01\/06\/samba-libertador-inaugura-2026-em-novo-espaco-no-centro-do-rio\/\",\"name\":\"Samba Libertador inaugura 2026 em novo espa\u00e7o no Centro do Rio - Portal do Estado\",\"isPartOf\":{\"@id\":\"https:\/\/portaldoestado.com.br\/#website\"},\"primaryImageOfPage\":{\"@id\":\"https:\/\/portaldoestado.com.br\/index.php\/2026\/01\/06\/samba-libertador-inaugura-2026-em-novo-espaco-no-centro-do-rio\/#primaryimage\"},\"image\":{\"@id\":\"https:\/\/portaldoestado.com.br\/index.php\/2026\/01\/06\/samba-libertador-inaugura-2026-em-novo-espaco-no-centro-do-rio\/#primaryimage\"},\"thumbnailUrl\":\"https:\/\/portaldoestado.com.br\/wp-content\/uploads\/2026\/01\/SAMBA-LIBERTADOR-01.jpeg\",\"datePublished\":\"2026-01-06T21:46:43+00:00\",\"breadcrumb\":{\"@id\":\"https:\/\/portaldoestado.com.br\/index.php\/2026\/01\/06\/samba-libertador-inaugura-2026-em-novo-espaco-no-centro-do-rio\/#breadcrumb\"},\"inLanguage\":\"pt-BR\",\"potentialAction\":[{\"@type\":\"ReadAction\",\"target\":[\"https:\/\/portaldoestado.com.br\/index.php\/2026\/01\/06\/samba-libertador-inaugura-2026-em-novo-espaco-no-centro-do-rio\/\"]}]},{\"@type\":\"ImageObject\",\"inLanguage\":\"pt-BR\",\"@id\":\"https:\/\/portaldoestado.com.br\/index.php\/2026\/01\/06\/samba-libertador-inaugura-2026-em-novo-espaco-no-centro-do-rio\/#primaryimage\",\"url\":\"https:\/\/portaldoestado.com.br\/wp-content\/uploads\/2026\/01\/SAMBA-LIBERTADOR-01.jpeg\",\"contentUrl\":\"https:\/\/portaldoestado.com.br\/wp-content\/uploads\/2026\/01\/SAMBA-LIBERTADOR-01.jpeg\",\"width\":1600,\"height\":1066},{\"@type\":\"BreadcrumbList\",\"@id\":\"https:\/\/portaldoestado.com.br\/index.php\/2026\/01\/06\/samba-libertador-inaugura-2026-em-novo-espaco-no-centro-do-rio\/#breadcrumb\",\"itemListElement\":[{\"@type\":\"ListItem\",\"position\":1,\"name\":\"In\u00edcio\",\"item\":\"https:\/\/portaldoestado.com.br\/\"},{\"@type\":\"ListItem\",\"position\":2,\"name\":\"Samba Libertador inaugura 2026 em novo espa\u00e7o no Centro do Rio\"}]},{\"@type\":\"WebSite\",\"@id\":\"https:\/\/portaldoestado.com.br\/#website\",\"url\":\"https:\/\/portaldoestado.com.br\/\",\"name\":\"Portal do Estado\",\"description\":\"\",\"publisher\":{\"@id\":\"https:\/\/portaldoestado.com.br\/#organization\"},\"potentialAction\":[{\"@type\":\"SearchAction\",\"target\":{\"@type\":\"EntryPoint\",\"urlTemplate\":\"https:\/\/portaldoestado.com.br\/?s={search_term_string}\"},\"query-input\":{\"@type\":\"PropertyValueSpecification\",\"valueRequired\":true,\"valueName\":\"search_term_string\"}}],\"inLanguage\":\"pt-BR\"},{\"@type\":\"Organization\",\"@id\":\"https:\/\/portaldoestado.com.br\/#organization\",\"name\":\"Portal do Estado\",\"url\":\"https:\/\/portaldoestado.com.br\/\",\"logo\":{\"@type\":\"ImageObject\",\"inLanguage\":\"pt-BR\",\"@id\":\"https:\/\/portaldoestado.com.br\/#\/schema\/logo\/image\/\",\"url\":\"https:\/\/portaldoestado.com.br\/wp-content\/uploads\/2025\/04\/cropped-6f69b19a-6472-43bf-b1b3-e1910bbbd4e8.png\",\"contentUrl\":\"https:\/\/portaldoestado.com.br\/wp-content\/uploads\/2025\/04\/cropped-6f69b19a-6472-43bf-b1b3-e1910bbbd4e8.png\",\"width\":1024,\"height\":350,\"caption\":\"Portal do Estado\"},\"image\":{\"@id\":\"https:\/\/portaldoestado.com.br\/#\/schema\/logo\/image\/\"}},{\"@type\":\"Person\",\"@id\":\"https:\/\/portaldoestado.com.br\/#\/schema\/person\/5ca0174f3c8c84b59da62ea14b698cb9\",\"name\":\"assessoriadefamosos\",\"image\":{\"@type\":\"ImageObject\",\"inLanguage\":\"pt-BR\",\"@id\":\"https:\/\/portaldoestado.com.br\/#\/schema\/person\/image\/\",\"url\":\"https:\/\/secure.gravatar.com\/avatar\/a7acbdffcfbbae7240e59f47fe511ec5f5d8c252c779f0b8d9ab02a9e1d8c5ed?s=96&d=mm&r=g\",\"contentUrl\":\"https:\/\/secure.gravatar.com\/avatar\/a7acbdffcfbbae7240e59f47fe511ec5f5d8c252c779f0b8d9ab02a9e1d8c5ed?s=96&d=mm&r=g\",\"caption\":\"assessoriadefamosos\"},\"url\":\"https:\/\/portaldoestado.com.br\/index.php\/author\/assessoriadefamosos\/\"}]}<\/script>\n<!-- \/ Yoast SEO plugin. -->","yoast_head_json":{"title":"Samba Libertador inaugura 2026 em novo espa\u00e7o no Centro do Rio - Portal do Estado","robots":{"index":"index","follow":"follow","max-snippet":"max-snippet:-1","max-image-preview":"max-image-preview:large","max-video-preview":"max-video-preview:-1"},"canonical":"https:\/\/portaldoestado.com.br\/index.php\/2026\/01\/06\/samba-libertador-inaugura-2026-em-novo-espaco-no-centro-do-rio\/","og_locale":"pt_BR","og_type":"article","og_title":"Samba Libertador inaugura 2026 em novo espa\u00e7o no Centro do Rio - Portal do Estado","og_description":"O Samba Libertador inicia a temporada 2026 em novo endere\u00e7o. A partir de janeiro, o evento passa a ocupar a Casa AfroRio, localizada no Beco das Sardinhas, no Centro do Rio de Janeiro, mantendo sua proposta de valoriza\u00e7\u00e3o do samba, do encontro e da conviv\u00eancia. A primeira edi\u00e7\u00e3o do ano acontece no domingo, 11 de \u2026","og_url":"https:\/\/portaldoestado.com.br\/index.php\/2026\/01\/06\/samba-libertador-inaugura-2026-em-novo-espaco-no-centro-do-rio\/","og_site_name":"Portal do Estado","article_published_time":"2026-01-06T21:46:43+00:00","og_image":[{"width":1600,"height":1066,"url":"https:\/\/portaldoestado.com.br\/wp-content\/uploads\/2026\/01\/SAMBA-LIBERTADOR-01.jpeg","type":"image\/jpeg"}],"author":"assessoriadefamosos","twitter_card":"summary_large_image","twitter_misc":{"Escrito por":"assessoriadefamosos","Est. tempo de leitura":"2 minutos"},"schema":{"@context":"https:\/\/schema.org","@graph":[{"@type":"Article","@id":"https:\/\/portaldoestado.com.br\/index.php\/2026\/01\/06\/samba-libertador-inaugura-2026-em-novo-espaco-no-centro-do-rio\/#article","isPartOf":{"@id":"https:\/\/portaldoestado.com.br\/index.php\/2026\/01\/06\/samba-libertador-inaugura-2026-em-novo-espaco-no-centro-do-rio\/"},"author":{"name":"assessoriadefamosos","@id":"https:\/\/portaldoestado.com.br\/#\/schema\/person\/5ca0174f3c8c84b59da62ea14b698cb9"},"headline":"Samba Libertador inaugura 2026 em novo espa\u00e7o no Centro do Rio","datePublished":"2026-01-06T21:46:43+00:00","mainEntityOfPage":{"@id":"https:\/\/portaldoestado.com.br\/index.php\/2026\/01\/06\/samba-libertador-inaugura-2026-em-novo-espaco-no-centro-do-rio\/"},"wordCount":348,"publisher":{"@id":"https:\/\/portaldoestado.com.br\/#organization"},"image":{"@id":"https:\/\/portaldoestado.com.br\/index.php\/2026\/01\/06\/samba-libertador-inaugura-2026-em-novo-espaco-no-centro-do-rio\/#primaryimage"},"thumbnailUrl":"https:\/\/portaldoestado.com.br\/wp-content\/uploads\/2026\/01\/SAMBA-LIBERTADOR-01.jpeg","articleSection":["Carnaval","Geral"],"inLanguage":"pt-BR"},{"@type":"WebPage","@id":"https:\/\/portaldoestado.com.br\/index.php\/2026\/01\/06\/samba-libertador-inaugura-2026-em-novo-espaco-no-centro-do-rio\/","url":"https:\/\/portaldoestado.com.br\/index.php\/2026\/01\/06\/samba-libertador-inaugura-2026-em-novo-espaco-no-centro-do-rio\/","name":"Samba Libertador inaugura 2026 em novo espa\u00e7o no Centro do Rio - Portal do Estado","isPartOf":{"@id":"https:\/\/portaldoestado.com.br\/#website"},"primaryImageOfPage":{"@id":"https:\/\/portaldoestado.com.br\/index.php\/2026\/01\/06\/samba-libertador-inaugura-2026-em-novo-espaco-no-centro-do-rio\/#primaryimage"},"image":{"@id":"https:\/\/portaldoestado.com.br\/index.php\/2026\/01\/06\/samba-libertador-inaugura-2026-em-novo-espaco-no-centro-do-rio\/#primaryimage"},"thumbnailUrl":"https:\/\/portaldoestado.com.br\/wp-content\/uploads\/2026\/01\/SAMBA-LIBERTADOR-01.jpeg","datePublished":"2026-01-06T21:46:43+00:00","breadcrumb":{"@id":"https:\/\/portaldoestado.com.br\/index.php\/2026\/01\/06\/samba-libertador-inaugura-2026-em-novo-espaco-no-centro-do-rio\/#breadcrumb"},"inLanguage":"pt-BR","potentialAction":[{"@type":"ReadAction","target":["https:\/\/portaldoestado.com.br\/index.php\/2026\/01\/06\/samba-libertador-inaugura-2026-em-novo-espaco-no-centro-do-rio\/"]}]},{"@type":"ImageObject","inLanguage":"pt-BR","@id":"https:\/\/portaldoestado.com.br\/index.php\/2026\/01\/06\/samba-libertador-inaugura-2026-em-novo-espaco-no-centro-do-rio\/#primaryimage","url":"https:\/\/portaldoestado.com.br\/wp-content\/uploads\/2026\/01\/SAMBA-LIBERTADOR-01.jpeg","contentUrl":"https:\/\/portaldoestado.com.br\/wp-content\/uploads\/2026\/01\/SAMBA-LIBERTADOR-01.jpeg","width":1600,"height":1066},{"@type":"BreadcrumbList","@id":"https:\/\/portaldoestado.com.br\/index.php\/2026\/01\/06\/samba-libertador-inaugura-2026-em-novo-espaco-no-centro-do-rio\/#breadcrumb","itemListElement":[{"@type":"ListItem","position":1,"name":"In\u00edcio","item":"https:\/\/portaldoestado.com.br\/"},{"@type":"ListItem","position":2,"name":"Samba Libertador inaugura 2026 em novo espa\u00e7o no Centro do Rio"}]},{"@type":"WebSite","@id":"https:\/\/portaldoestado.com.br\/#website","url":"https:\/\/portaldoestado.com.br\/","name":"Portal do Estado","description":"","publisher":{"@id":"https:\/\/portaldoestado.com.br\/#organization"},"potentialAction":[{"@type":"SearchAction","target":{"@type":"EntryPoint","urlTemplate":"https:\/\/portaldoestado.com.br\/?s={search_term_string}"},"query-input":{"@type":"PropertyValueSpecification","valueRequired":true,"valueName":"search_term_string"}}],"inLanguage":"pt-BR"},{"@type":"Organization","@id":"https:\/\/portaldoestado.com.br\/#organization","name":"Portal do Estado","url":"https:\/\/portaldoestado.com.br\/","logo":{"@type":"ImageObject","inLanguage":"pt-BR","@id":"https:\/\/portaldoestado.com.br\/#\/schema\/logo\/image\/","url":"https:\/\/portaldoestado.com.br\/wp-content\/uploads\/2025\/04\/cropped-6f69b19a-6472-43bf-b1b3-e1910bbbd4e8.png","contentUrl":"https:\/\/portaldoestado.com.br\/wp-content\/uploads\/2025\/04\/cropped-6f69b19a-6472-43bf-b1b3-e1910bbbd4e8.png","width":1024,"height":350,"caption":"Portal do Estado"},"image":{"@id":"https:\/\/portaldoestado.com.br\/#\/schema\/logo\/image\/"}},{"@type":"Person","@id":"https:\/\/portaldoestado.com.br\/#\/schema\/person\/5ca0174f3c8c84b59da62ea14b698cb9","name":"assessoriadefamosos","image":{"@type":"ImageObject","inLanguage":"pt-BR","@id":"https:\/\/portaldoestado.com.br\/#\/schema\/person\/image\/","url":"https:\/\/secure.gravatar.com\/avatar\/a7acbdffcfbbae7240e59f47fe511ec5f5d8c252c779f0b8d9ab02a9e1d8c5ed?s=96&d=mm&r=g","contentUrl":"https:\/\/secure.gravatar.com\/avatar\/a7acbdffcfbbae7240e59f47fe511ec5f5d8c252c779f0b8d9ab02a9e1d8c5ed?s=96&d=mm&r=g","caption":"assessoriadefamosos"},"url":"https:\/\/portaldoestado.com.br\/index.php\/author\/assessoriadefamosos\/"}]}},"jetpack_featured_media_url":"https:\/\/portaldoestado.com.br\/wp-content\/uploads\/2026\/01\/SAMBA-LIBERTADOR-01.jpeg","_links":{"self":[{"href":"https:\/\/portaldoestado.com.br\/index.php\/wp-json\/wp\/v2\/posts\/5431","targetHints":{"allow":["GET"]}}],"collection":[{"href":"https:\/\/portaldoestado.com.br\/index.php\/wp-json\/wp\/v2\/posts"}],"about":[{"href":"https:\/\/portaldoestado.com.br\/index.php\/wp-json\/wp\/v2\/types\/post"}],"author":[{"embeddable":true,"href":"https:\/\/portaldoestado.com.br\/index.php\/wp-json\/wp\/v2\/users\/2"}],"replies":[{"embeddable":true,"href":"https:\/\/portaldoestado.com.br\/index.php\/wp-json\/wp\/v2\/comments?post=5431"}],"version-history":[{"count":1,"href":"https:\/\/portaldoestado.com.br\/index.php\/wp-json\/wp\/v2\/posts\/5431\/revisions"}],"predecessor-version":[{"id":5432,"href":"https:\/\/portaldoestado.com.br\/index.php\/wp-json\/wp\/v2\/posts\/5431\/revisions\/5432"}],"wp:featuredmedia":[{"embeddable":true,"href":"https:\/\/portaldoestado.com.br\/index.php\/wp-json\/wp\/v2\/media\/5430"}],"wp:attachment":[{"href":"https:\/\/portaldoestado.com.br\/index.php\/wp-json\/wp\/v2\/media?parent=5431"}],"wp:term":[{"taxonomy":"category","embeddable":true,"href":"https:\/\/portaldoestado.com.br\/index.php\/wp-json\/wp\/v2\/categories?post=5431"},{"taxonomy":"post_tag","embeddable":true,"href":"https:\/\/portaldoestado.com.br\/index.php\/wp-json\/wp\/v2\/tags?post=5431"}],"curies":[{"name":"wp","href":"https:\/\/api.w.org\/{rel}","templated":true}]}}