{"id":5425,"date":"2026-01-06T16:19:39","date_gmt":"2026-01-06T16:19:39","guid":{"rendered":"https:\/\/portaldoestado.com.br\/?p=5425"},"modified":"2026-01-06T16:19:39","modified_gmt":"2026-01-06T16:19:39","slug":"felipe-araujo-lanca-ep-eu-felipe-araujo-vol-1-e-anuncia-nova-fase-com-a-faixa-estranho-de-novo","status":"publish","type":"post","link":"https:\/\/portaldoestado.com.br\/index.php\/2026\/01\/06\/felipe-araujo-lanca-ep-eu-felipe-araujo-vol-1-e-anuncia-nova-fase-com-a-faixa-estranho-de-novo\/","title":{"rendered":"Felipe Ara\u00fajo lan\u00e7a EP \u201cEu, Felipe Ara\u00fajo \u2013 Vol. 1\u201d e anuncia nova fase com a faixa \u201cEstranho de Novo\u201d"},"content":{"rendered":"\n<p>Felipe Ara\u00fajo apresenta ao p\u00fablico um projeto que carrega identidade, verdade e sentimento em cada verso. Nesta quarta-feira, 8 de janeiro, \u00e0s 21h, o cantor lan\u00e7a o EP \u201cEu, Felipe Ara\u00fajo \u2013 Vol. 1\u201d, marcando o in\u00edcio de uma nova fase da sua carreira, mais madura, \u00edntima e conectada \u00e0s hist\u00f3rias reais que sempre embalaram seu repert\u00f3rio.\nO EP re\u00fane seis faixas que traduzem a ess\u00eancia do artista: emo\u00e7\u00e3o \u00e0 flor da pele, narrativas cotidianas e a for\u00e7a do romantismo que o consagrou no sertanejo contempor\u00e2neo. A m\u00fasica de trabalho e pitching do projeto \u00e9 \u201cEstranho de Novo\u201d, can\u00e7\u00e3o intensa e confessional que fala sobre reencontros, mem\u00f3rias que insistem em permanecer e a dificuldade de transformar um grande amor em algo indiferente.\nCom composi\u00e7\u00e3o de Junior Gomes, Renato Sousa, Matheus Costa, Samuel Alves e Thiago Alves, \u201cEstranho de Novo\u201d aposta em uma letra direta, madura e altamente identific\u00e1vel, retratando o impacto emocional de cruzar caminhos com algu\u00e9m que j\u00e1 foi tudo e tentar, sem sucesso, agir como um estranho.\nNo mesmo dia e hor\u00e1rio do lan\u00e7amento do EP, Felipe Ara\u00fajo disponibiliza os v\u00eddeos in\u00e9ditos das m\u00fasicas que tamb\u00e9m fazem parte do setlist: \u201cEstranho de Novo\u201d, \u201cRealista\u201d, \u201cSolteiro Seu\u201d, \u201cTem Algu\u00e9m A\u00ed\u201d e \u201cSegunda Impress\u00e3o\u201d, ampliando a experi\u00eancia do p\u00fablico e refor\u00e7ando o conceito audiovisual do projeto.\n\u201cEu, Felipe Ara\u00fajo \u2013 Vol. 1\u201d refor\u00e7a a maturidade art\u00edstica do cantor e inaugura uma sequ\u00eancia de estreias que aprofundam sua identidade musical, apostando na verdade emocional, na for\u00e7a da interpreta\u00e7\u00e3o e em hist\u00f3rias que dialogam diretamente com o cora\u00e7\u00e3o do p\u00fablico.<\/p>\n\n\n\n<p><\/p>\n","protected":false},"excerpt":{"rendered":"<p>Felipe Ara\u00fajo apresenta ao p\u00fablico um projeto que carrega identidade, verdade e sentimento em cada verso. Nesta quarta-feira, 8 de janeiro, \u00e0s 21h, o cantor lan\u00e7a o EP \u201cEu, Felipe Ara\u00fajo \u2013 Vol. 1\u201d, marcando o in\u00edcio de uma nova fase da sua carreira, mais madura, \u00edntima e conectada \u00e0s hist\u00f3rias reais que sempre embalaram \u2026<\/p>\n","protected":false},"author":2,"featured_media":5424,"comment_status":"closed","ping_status":"open","sticky":false,"template":"","format":"standard","meta":{"footnotes":""},"categories":[4],"tags":[],"class_list":["post-5425","post","type-post","status-publish","format-standard","has-post-thumbnail","hentry","category-geral"],"yoast_head":"<!-- This site is optimized with the Yoast SEO plugin v25.5 - https:\/\/yoast.com\/wordpress\/plugins\/seo\/ -->\n<title>Felipe Ara\u00fajo lan\u00e7a EP \u201cEu, Felipe Ara\u00fajo \u2013 Vol. 1\u201d e anuncia nova fase com a faixa \u201cEstranho de Novo\u201d - Portal do Estado<\/title>\n<meta name=\"robots\" content=\"index, follow, max-snippet:-1, max-image-preview:large, max-video-preview:-1\" \/>\n<link rel=\"canonical\" href=\"https:\/\/portaldoestado.com.br\/index.php\/2026\/01\/06\/felipe-araujo-lanca-ep-eu-felipe-araujo-vol-1-e-anuncia-nova-fase-com-a-faixa-estranho-de-novo\/\" \/>\n<meta property=\"og:locale\" content=\"pt_BR\" \/>\n<meta property=\"og:type\" content=\"article\" \/>\n<meta property=\"og:title\" content=\"Felipe Ara\u00fajo lan\u00e7a EP \u201cEu, Felipe Ara\u00fajo \u2013 Vol. 1\u201d e anuncia nova fase com a faixa \u201cEstranho de Novo\u201d - Portal do Estado\" \/>\n<meta property=\"og:description\" content=\"Felipe Ara\u00fajo apresenta ao p\u00fablico um projeto que carrega identidade, verdade e sentimento em cada verso. Nesta quarta-feira, 8 de janeiro, \u00e0s 21h, o cantor lan\u00e7a o EP \u201cEu, Felipe Ara\u00fajo \u2013 Vol. 1\u201d, marcando o in\u00edcio de uma nova fase da sua carreira, mais madura, \u00edntima e conectada \u00e0s hist\u00f3rias reais que sempre embalaram \u2026\" \/>\n<meta property=\"og:url\" content=\"https:\/\/portaldoestado.com.br\/index.php\/2026\/01\/06\/felipe-araujo-lanca-ep-eu-felipe-araujo-vol-1-e-anuncia-nova-fase-com-a-faixa-estranho-de-novo\/\" \/>\n<meta property=\"og:site_name\" content=\"Portal do Estado\" \/>\n<meta property=\"article:published_time\" content=\"2026-01-06T16:19:39+00:00\" \/>\n<meta property=\"og:image\" content=\"https:\/\/portaldoestado.com.br\/wp-content\/uploads\/2026\/01\/@daniivalverdee-felipe-araujo-dvd-sp-75-scaled-1.jpg\" \/>\n\t<meta property=\"og:image:width\" content=\"1708\" \/>\n\t<meta property=\"og:image:height\" content=\"2560\" \/>\n\t<meta property=\"og:image:type\" content=\"image\/jpeg\" \/>\n<meta name=\"author\" content=\"assessoriadefamosos\" \/>\n<meta name=\"twitter:card\" content=\"summary_large_image\" \/>\n<meta name=\"twitter:label1\" content=\"Escrito por\" \/>\n\t<meta name=\"twitter:data1\" content=\"assessoriadefamosos\" \/>\n\t<meta name=\"twitter:label2\" content=\"Est. tempo de leitura\" \/>\n\t<meta name=\"twitter:data2\" content=\"1 minuto\" \/>\n<script type=\"application\/ld+json\" class=\"yoast-schema-graph\">{\"@context\":\"https:\/\/schema.org\",\"@graph\":[{\"@type\":\"Article\",\"@id\":\"https:\/\/portaldoestado.com.br\/index.php\/2026\/01\/06\/felipe-araujo-lanca-ep-eu-felipe-araujo-vol-1-e-anuncia-nova-fase-com-a-faixa-estranho-de-novo\/#article\",\"isPartOf\":{\"@id\":\"https:\/\/portaldoestado.com.br\/index.php\/2026\/01\/06\/felipe-araujo-lanca-ep-eu-felipe-araujo-vol-1-e-anuncia-nova-fase-com-a-faixa-estranho-de-novo\/\"},\"author\":{\"name\":\"assessoriadefamosos\",\"@id\":\"https:\/\/portaldoestado.com.br\/#\/schema\/person\/5ca0174f3c8c84b59da62ea14b698cb9\"},\"headline\":\"Felipe Ara\u00fajo lan\u00e7a EP \u201cEu, Felipe Ara\u00fajo \u2013 Vol. 1\u201d e anuncia nova fase com a faixa \u201cEstranho de Novo\u201d\",\"datePublished\":\"2026-01-06T16:19:39+00:00\",\"mainEntityOfPage\":{\"@id\":\"https:\/\/portaldoestado.com.br\/index.php\/2026\/01\/06\/felipe-araujo-lanca-ep-eu-felipe-araujo-vol-1-e-anuncia-nova-fase-com-a-faixa-estranho-de-novo\/\"},\"wordCount\":311,\"publisher\":{\"@id\":\"https:\/\/portaldoestado.com.br\/#organization\"},\"image\":{\"@id\":\"https:\/\/portaldoestado.com.br\/index.php\/2026\/01\/06\/felipe-araujo-lanca-ep-eu-felipe-araujo-vol-1-e-anuncia-nova-fase-com-a-faixa-estranho-de-novo\/#primaryimage\"},\"thumbnailUrl\":\"https:\/\/portaldoestado.com.br\/wp-content\/uploads\/2026\/01\/@daniivalverdee-felipe-araujo-dvd-sp-75-scaled-1.jpg\",\"articleSection\":[\"Geral\"],\"inLanguage\":\"pt-BR\"},{\"@type\":\"WebPage\",\"@id\":\"https:\/\/portaldoestado.com.br\/index.php\/2026\/01\/06\/felipe-araujo-lanca-ep-eu-felipe-araujo-vol-1-e-anuncia-nova-fase-com-a-faixa-estranho-de-novo\/\",\"url\":\"https:\/\/portaldoestado.com.br\/index.php\/2026\/01\/06\/felipe-araujo-lanca-ep-eu-felipe-araujo-vol-1-e-anuncia-nova-fase-com-a-faixa-estranho-de-novo\/\",\"name\":\"Felipe Ara\u00fajo lan\u00e7a EP \u201cEu, Felipe Ara\u00fajo \u2013 Vol. 1\u201d e anuncia nova fase com a faixa \u201cEstranho de Novo\u201d - Portal do Estado\",\"isPartOf\":{\"@id\":\"https:\/\/portaldoestado.com.br\/#website\"},\"primaryImageOfPage\":{\"@id\":\"https:\/\/portaldoestado.com.br\/index.php\/2026\/01\/06\/felipe-araujo-lanca-ep-eu-felipe-araujo-vol-1-e-anuncia-nova-fase-com-a-faixa-estranho-de-novo\/#primaryimage\"},\"image\":{\"@id\":\"https:\/\/portaldoestado.com.br\/index.php\/2026\/01\/06\/felipe-araujo-lanca-ep-eu-felipe-araujo-vol-1-e-anuncia-nova-fase-com-a-faixa-estranho-de-novo\/#primaryimage\"},\"thumbnailUrl\":\"https:\/\/portaldoestado.com.br\/wp-content\/uploads\/2026\/01\/@daniivalverdee-felipe-araujo-dvd-sp-75-scaled-1.jpg\",\"datePublished\":\"2026-01-06T16:19:39+00:00\",\"breadcrumb\":{\"@id\":\"https:\/\/portaldoestado.com.br\/index.php\/2026\/01\/06\/felipe-araujo-lanca-ep-eu-felipe-araujo-vol-1-e-anuncia-nova-fase-com-a-faixa-estranho-de-novo\/#breadcrumb\"},\"inLanguage\":\"pt-BR\",\"potentialAction\":[{\"@type\":\"ReadAction\",\"target\":[\"https:\/\/portaldoestado.com.br\/index.php\/2026\/01\/06\/felipe-araujo-lanca-ep-eu-felipe-araujo-vol-1-e-anuncia-nova-fase-com-a-faixa-estranho-de-novo\/\"]}]},{\"@type\":\"ImageObject\",\"inLanguage\":\"pt-BR\",\"@id\":\"https:\/\/portaldoestado.com.br\/index.php\/2026\/01\/06\/felipe-araujo-lanca-ep-eu-felipe-araujo-vol-1-e-anuncia-nova-fase-com-a-faixa-estranho-de-novo\/#primaryimage\",\"url\":\"https:\/\/portaldoestado.com.br\/wp-content\/uploads\/2026\/01\/@daniivalverdee-felipe-araujo-dvd-sp-75-scaled-1.jpg\",\"contentUrl\":\"https:\/\/portaldoestado.com.br\/wp-content\/uploads\/2026\/01\/@daniivalverdee-felipe-araujo-dvd-sp-75-scaled-1.jpg\",\"width\":1708,\"height\":2560},{\"@type\":\"BreadcrumbList\",\"@id\":\"https:\/\/portaldoestado.com.br\/index.php\/2026\/01\/06\/felipe-araujo-lanca-ep-eu-felipe-araujo-vol-1-e-anuncia-nova-fase-com-a-faixa-estranho-de-novo\/#breadcrumb\",\"itemListElement\":[{\"@type\":\"ListItem\",\"position\":1,\"name\":\"In\u00edcio\",\"item\":\"https:\/\/portaldoestado.com.br\/\"},{\"@type\":\"ListItem\",\"position\":2,\"name\":\"Felipe Ara\u00fajo lan\u00e7a EP \u201cEu, Felipe Ara\u00fajo \u2013 Vol. 1\u201d e anuncia nova fase com a faixa \u201cEstranho de Novo\u201d\"}]},{\"@type\":\"WebSite\",\"@id\":\"https:\/\/portaldoestado.com.br\/#website\",\"url\":\"https:\/\/portaldoestado.com.br\/\",\"name\":\"Portal do Estado\",\"description\":\"\",\"publisher\":{\"@id\":\"https:\/\/portaldoestado.com.br\/#organization\"},\"potentialAction\":[{\"@type\":\"SearchAction\",\"target\":{\"@type\":\"EntryPoint\",\"urlTemplate\":\"https:\/\/portaldoestado.com.br\/?s={search_term_string}\"},\"query-input\":{\"@type\":\"PropertyValueSpecification\",\"valueRequired\":true,\"valueName\":\"search_term_string\"}}],\"inLanguage\":\"pt-BR\"},{\"@type\":\"Organization\",\"@id\":\"https:\/\/portaldoestado.com.br\/#organization\",\"name\":\"Portal do Estado\",\"url\":\"https:\/\/portaldoestado.com.br\/\",\"logo\":{\"@type\":\"ImageObject\",\"inLanguage\":\"pt-BR\",\"@id\":\"https:\/\/portaldoestado.com.br\/#\/schema\/logo\/image\/\",\"url\":\"https:\/\/portaldoestado.com.br\/wp-content\/uploads\/2025\/04\/cropped-6f69b19a-6472-43bf-b1b3-e1910bbbd4e8.png\",\"contentUrl\":\"https:\/\/portaldoestado.com.br\/wp-content\/uploads\/2025\/04\/cropped-6f69b19a-6472-43bf-b1b3-e1910bbbd4e8.png\",\"width\":1024,\"height\":350,\"caption\":\"Portal do Estado\"},\"image\":{\"@id\":\"https:\/\/portaldoestado.com.br\/#\/schema\/logo\/image\/\"}},{\"@type\":\"Person\",\"@id\":\"https:\/\/portaldoestado.com.br\/#\/schema\/person\/5ca0174f3c8c84b59da62ea14b698cb9\",\"name\":\"assessoriadefamosos\",\"image\":{\"@type\":\"ImageObject\",\"inLanguage\":\"pt-BR\",\"@id\":\"https:\/\/portaldoestado.com.br\/#\/schema\/person\/image\/\",\"url\":\"https:\/\/secure.gravatar.com\/avatar\/a7acbdffcfbbae7240e59f47fe511ec5f5d8c252c779f0b8d9ab02a9e1d8c5ed?s=96&d=mm&r=g\",\"contentUrl\":\"https:\/\/secure.gravatar.com\/avatar\/a7acbdffcfbbae7240e59f47fe511ec5f5d8c252c779f0b8d9ab02a9e1d8c5ed?s=96&d=mm&r=g\",\"caption\":\"assessoriadefamosos\"},\"url\":\"https:\/\/portaldoestado.com.br\/index.php\/author\/assessoriadefamosos\/\"}]}<\/script>\n<!-- \/ Yoast SEO plugin. -->","yoast_head_json":{"title":"Felipe Ara\u00fajo lan\u00e7a EP \u201cEu, Felipe Ara\u00fajo \u2013 Vol. 1\u201d e anuncia nova fase com a faixa \u201cEstranho de Novo\u201d - Portal do Estado","robots":{"index":"index","follow":"follow","max-snippet":"max-snippet:-1","max-image-preview":"max-image-preview:large","max-video-preview":"max-video-preview:-1"},"canonical":"https:\/\/portaldoestado.com.br\/index.php\/2026\/01\/06\/felipe-araujo-lanca-ep-eu-felipe-araujo-vol-1-e-anuncia-nova-fase-com-a-faixa-estranho-de-novo\/","og_locale":"pt_BR","og_type":"article","og_title":"Felipe Ara\u00fajo lan\u00e7a EP \u201cEu, Felipe Ara\u00fajo \u2013 Vol. 1\u201d e anuncia nova fase com a faixa \u201cEstranho de Novo\u201d - Portal do Estado","og_description":"Felipe Ara\u00fajo apresenta ao p\u00fablico um projeto que carrega identidade, verdade e sentimento em cada verso. Nesta quarta-feira, 8 de janeiro, \u00e0s 21h, o cantor lan\u00e7a o EP \u201cEu, Felipe Ara\u00fajo \u2013 Vol. 1\u201d, marcando o in\u00edcio de uma nova fase da sua carreira, mais madura, \u00edntima e conectada \u00e0s hist\u00f3rias reais que sempre embalaram \u2026","og_url":"https:\/\/portaldoestado.com.br\/index.php\/2026\/01\/06\/felipe-araujo-lanca-ep-eu-felipe-araujo-vol-1-e-anuncia-nova-fase-com-a-faixa-estranho-de-novo\/","og_site_name":"Portal do Estado","article_published_time":"2026-01-06T16:19:39+00:00","og_image":[{"width":1708,"height":2560,"url":"https:\/\/portaldoestado.com.br\/wp-content\/uploads\/2026\/01\/@daniivalverdee-felipe-araujo-dvd-sp-75-scaled-1.jpg","type":"image\/jpeg"}],"author":"assessoriadefamosos","twitter_card":"summary_large_image","twitter_misc":{"Escrito por":"assessoriadefamosos","Est. tempo de leitura":"1 minuto"},"schema":{"@context":"https:\/\/schema.org","@graph":[{"@type":"Article","@id":"https:\/\/portaldoestado.com.br\/index.php\/2026\/01\/06\/felipe-araujo-lanca-ep-eu-felipe-araujo-vol-1-e-anuncia-nova-fase-com-a-faixa-estranho-de-novo\/#article","isPartOf":{"@id":"https:\/\/portaldoestado.com.br\/index.php\/2026\/01\/06\/felipe-araujo-lanca-ep-eu-felipe-araujo-vol-1-e-anuncia-nova-fase-com-a-faixa-estranho-de-novo\/"},"author":{"name":"assessoriadefamosos","@id":"https:\/\/portaldoestado.com.br\/#\/schema\/person\/5ca0174f3c8c84b59da62ea14b698cb9"},"headline":"Felipe Ara\u00fajo lan\u00e7a EP \u201cEu, Felipe Ara\u00fajo \u2013 Vol. 1\u201d e anuncia nova fase com a faixa \u201cEstranho de Novo\u201d","datePublished":"2026-01-06T16:19:39+00:00","mainEntityOfPage":{"@id":"https:\/\/portaldoestado.com.br\/index.php\/2026\/01\/06\/felipe-araujo-lanca-ep-eu-felipe-araujo-vol-1-e-anuncia-nova-fase-com-a-faixa-estranho-de-novo\/"},"wordCount":311,"publisher":{"@id":"https:\/\/portaldoestado.com.br\/#organization"},"image":{"@id":"https:\/\/portaldoestado.com.br\/index.php\/2026\/01\/06\/felipe-araujo-lanca-ep-eu-felipe-araujo-vol-1-e-anuncia-nova-fase-com-a-faixa-estranho-de-novo\/#primaryimage"},"thumbnailUrl":"https:\/\/portaldoestado.com.br\/wp-content\/uploads\/2026\/01\/@daniivalverdee-felipe-araujo-dvd-sp-75-scaled-1.jpg","articleSection":["Geral"],"inLanguage":"pt-BR"},{"@type":"WebPage","@id":"https:\/\/portaldoestado.com.br\/index.php\/2026\/01\/06\/felipe-araujo-lanca-ep-eu-felipe-araujo-vol-1-e-anuncia-nova-fase-com-a-faixa-estranho-de-novo\/","url":"https:\/\/portaldoestado.com.br\/index.php\/2026\/01\/06\/felipe-araujo-lanca-ep-eu-felipe-araujo-vol-1-e-anuncia-nova-fase-com-a-faixa-estranho-de-novo\/","name":"Felipe Ara\u00fajo lan\u00e7a EP \u201cEu, Felipe Ara\u00fajo \u2013 Vol. 1\u201d e anuncia nova fase com a faixa \u201cEstranho de Novo\u201d - Portal do Estado","isPartOf":{"@id":"https:\/\/portaldoestado.com.br\/#website"},"primaryImageOfPage":{"@id":"https:\/\/portaldoestado.com.br\/index.php\/2026\/01\/06\/felipe-araujo-lanca-ep-eu-felipe-araujo-vol-1-e-anuncia-nova-fase-com-a-faixa-estranho-de-novo\/#primaryimage"},"image":{"@id":"https:\/\/portaldoestado.com.br\/index.php\/2026\/01\/06\/felipe-araujo-lanca-ep-eu-felipe-araujo-vol-1-e-anuncia-nova-fase-com-a-faixa-estranho-de-novo\/#primaryimage"},"thumbnailUrl":"https:\/\/portaldoestado.com.br\/wp-content\/uploads\/2026\/01\/@daniivalverdee-felipe-araujo-dvd-sp-75-scaled-1.jpg","datePublished":"2026-01-06T16:19:39+00:00","breadcrumb":{"@id":"https:\/\/portaldoestado.com.br\/index.php\/2026\/01\/06\/felipe-araujo-lanca-ep-eu-felipe-araujo-vol-1-e-anuncia-nova-fase-com-a-faixa-estranho-de-novo\/#breadcrumb"},"inLanguage":"pt-BR","potentialAction":[{"@type":"ReadAction","target":["https:\/\/portaldoestado.com.br\/index.php\/2026\/01\/06\/felipe-araujo-lanca-ep-eu-felipe-araujo-vol-1-e-anuncia-nova-fase-com-a-faixa-estranho-de-novo\/"]}]},{"@type":"ImageObject","inLanguage":"pt-BR","@id":"https:\/\/portaldoestado.com.br\/index.php\/2026\/01\/06\/felipe-araujo-lanca-ep-eu-felipe-araujo-vol-1-e-anuncia-nova-fase-com-a-faixa-estranho-de-novo\/#primaryimage","url":"https:\/\/portaldoestado.com.br\/wp-content\/uploads\/2026\/01\/@daniivalverdee-felipe-araujo-dvd-sp-75-scaled-1.jpg","contentUrl":"https:\/\/portaldoestado.com.br\/wp-content\/uploads\/2026\/01\/@daniivalverdee-felipe-araujo-dvd-sp-75-scaled-1.jpg","width":1708,"height":2560},{"@type":"BreadcrumbList","@id":"https:\/\/portaldoestado.com.br\/index.php\/2026\/01\/06\/felipe-araujo-lanca-ep-eu-felipe-araujo-vol-1-e-anuncia-nova-fase-com-a-faixa-estranho-de-novo\/#breadcrumb","itemListElement":[{"@type":"ListItem","position":1,"name":"In\u00edcio","item":"https:\/\/portaldoestado.com.br\/"},{"@type":"ListItem","position":2,"name":"Felipe Ara\u00fajo lan\u00e7a EP \u201cEu, Felipe Ara\u00fajo \u2013 Vol. 1\u201d e anuncia nova fase com a faixa \u201cEstranho de Novo\u201d"}]},{"@type":"WebSite","@id":"https:\/\/portaldoestado.com.br\/#website","url":"https:\/\/portaldoestado.com.br\/","name":"Portal do Estado","description":"","publisher":{"@id":"https:\/\/portaldoestado.com.br\/#organization"},"potentialAction":[{"@type":"SearchAction","target":{"@type":"EntryPoint","urlTemplate":"https:\/\/portaldoestado.com.br\/?s={search_term_string}"},"query-input":{"@type":"PropertyValueSpecification","valueRequired":true,"valueName":"search_term_string"}}],"inLanguage":"pt-BR"},{"@type":"Organization","@id":"https:\/\/portaldoestado.com.br\/#organization","name":"Portal do Estado","url":"https:\/\/portaldoestado.com.br\/","logo":{"@type":"ImageObject","inLanguage":"pt-BR","@id":"https:\/\/portaldoestado.com.br\/#\/schema\/logo\/image\/","url":"https:\/\/portaldoestado.com.br\/wp-content\/uploads\/2025\/04\/cropped-6f69b19a-6472-43bf-b1b3-e1910bbbd4e8.png","contentUrl":"https:\/\/portaldoestado.com.br\/wp-content\/uploads\/2025\/04\/cropped-6f69b19a-6472-43bf-b1b3-e1910bbbd4e8.png","width":1024,"height":350,"caption":"Portal do Estado"},"image":{"@id":"https:\/\/portaldoestado.com.br\/#\/schema\/logo\/image\/"}},{"@type":"Person","@id":"https:\/\/portaldoestado.com.br\/#\/schema\/person\/5ca0174f3c8c84b59da62ea14b698cb9","name":"assessoriadefamosos","image":{"@type":"ImageObject","inLanguage":"pt-BR","@id":"https:\/\/portaldoestado.com.br\/#\/schema\/person\/image\/","url":"https:\/\/secure.gravatar.com\/avatar\/a7acbdffcfbbae7240e59f47fe511ec5f5d8c252c779f0b8d9ab02a9e1d8c5ed?s=96&d=mm&r=g","contentUrl":"https:\/\/secure.gravatar.com\/avatar\/a7acbdffcfbbae7240e59f47fe511ec5f5d8c252c779f0b8d9ab02a9e1d8c5ed?s=96&d=mm&r=g","caption":"assessoriadefamosos"},"url":"https:\/\/portaldoestado.com.br\/index.php\/author\/assessoriadefamosos\/"}]}},"jetpack_featured_media_url":"https:\/\/portaldoestado.com.br\/wp-content\/uploads\/2026\/01\/@daniivalverdee-felipe-araujo-dvd-sp-75-scaled-1.jpg","_links":{"self":[{"href":"https:\/\/portaldoestado.com.br\/index.php\/wp-json\/wp\/v2\/posts\/5425","targetHints":{"allow":["GET"]}}],"collection":[{"href":"https:\/\/portaldoestado.com.br\/index.php\/wp-json\/wp\/v2\/posts"}],"about":[{"href":"https:\/\/portaldoestado.com.br\/index.php\/wp-json\/wp\/v2\/types\/post"}],"author":[{"embeddable":true,"href":"https:\/\/portaldoestado.com.br\/index.php\/wp-json\/wp\/v2\/users\/2"}],"replies":[{"embeddable":true,"href":"https:\/\/portaldoestado.com.br\/index.php\/wp-json\/wp\/v2\/comments?post=5425"}],"version-history":[{"count":1,"href":"https:\/\/portaldoestado.com.br\/index.php\/wp-json\/wp\/v2\/posts\/5425\/revisions"}],"predecessor-version":[{"id":5426,"href":"https:\/\/portaldoestado.com.br\/index.php\/wp-json\/wp\/v2\/posts\/5425\/revisions\/5426"}],"wp:featuredmedia":[{"embeddable":true,"href":"https:\/\/portaldoestado.com.br\/index.php\/wp-json\/wp\/v2\/media\/5424"}],"wp:attachment":[{"href":"https:\/\/portaldoestado.com.br\/index.php\/wp-json\/wp\/v2\/media?parent=5425"}],"wp:term":[{"taxonomy":"category","embeddable":true,"href":"https:\/\/portaldoestado.com.br\/index.php\/wp-json\/wp\/v2\/categories?post=5425"},{"taxonomy":"post_tag","embeddable":true,"href":"https:\/\/portaldoestado.com.br\/index.php\/wp-json\/wp\/v2\/tags?post=5425"}],"curies":[{"name":"wp","href":"https:\/\/api.w.org\/{rel}","templated":true}]}}