{"id":5422,"date":"2026-01-06T16:16:37","date_gmt":"2026-01-06T16:16:37","guid":{"rendered":"https:\/\/portaldoestado.com.br\/?p=5422"},"modified":"2026-01-06T16:16:37","modified_gmt":"2026-01-06T16:16:37","slug":"toque-dez-inicia-2026-em-alta-e-emplaca-dois-videos-entre-os-destaques-das-plataformas","status":"publish","type":"post","link":"https:\/\/portaldoestado.com.br\/index.php\/2026\/01\/06\/toque-dez-inicia-2026-em-alta-e-emplaca-dois-videos-entre-os-destaques-das-plataformas\/","title":{"rendered":"Toque Dez inicia 2026 em alta e emplaca dois v\u00eddeos entre os destaques das plataformas"},"content":{"rendered":"\n<p>O grupo baiano Toque Dez come\u00e7ou 2026 em ritmo acelerado e com n\u00fameros que confirmam o bom momento da banda no cen\u00e1rio musical. Logo na primeira semana do ano, o grupo garantiu dois v\u00eddeos simultaneamente entre os conte\u00fados em alta, refor\u00e7ando sua pot\u00eancia digital e a conex\u00e3o direta com o p\u00fablico.<\/p>\n\n\n\n<p>A faixa \u201cUm Cent\u00edmetro (Live)\u201d conquistou a 22\u00aa posi\u00e7\u00e3o no ranking de v\u00eddeos em alta, enquanto \u201cSua Vez de Terminar (Ao Vivo)\u201d apareceu na 57\u00aa coloca\u00e7\u00e3o, resultado que evidencia o alcance das vers\u00f5es ao vivo e o engajamento consistente dos f\u00e3s nas plataformas.<\/p>\n\n\n\n<p>Com dados registrados em 3 de janeiro, o desempenho marca um in\u00edcio de ano positivo para o Toque Dez. Natural de Serrinha, a terra da Vaquejada, o grupo segue ampliando sua visibilidade e consolidando seu repert\u00f3rio entre os mais consumidos do momento. Um come\u00e7o de 2026 que sinaliza f\u00f4lego, audi\u00eancia e presen\u00e7a forte nas timelines e playlists.<\/p>\n\n\n\n<p><\/p>\n","protected":false},"excerpt":{"rendered":"<p>O grupo baiano Toque Dez come\u00e7ou 2026 em ritmo acelerado e com n\u00fameros que confirmam o bom momento da banda no cen\u00e1rio musical. Logo na primeira semana do ano, o grupo garantiu dois v\u00eddeos simultaneamente entre os conte\u00fados em alta, refor\u00e7ando sua pot\u00eancia digital e a conex\u00e3o direta com o p\u00fablico. A faixa \u201cUm Cent\u00edmetro \u2026<\/p>\n","protected":false},"author":2,"featured_media":5421,"comment_status":"closed","ping_status":"open","sticky":false,"template":"","format":"standard","meta":{"footnotes":""},"categories":[4],"tags":[],"class_list":["post-5422","post","type-post","status-publish","format-standard","has-post-thumbnail","hentry","category-geral"],"yoast_head":"<!-- This site is optimized with the Yoast SEO plugin v25.5 - https:\/\/yoast.com\/wordpress\/plugins\/seo\/ -->\n<title>Toque Dez inicia 2026 em alta e emplaca dois v\u00eddeos entre os destaques das plataformas - Portal do Estado<\/title>\n<meta name=\"robots\" content=\"index, follow, max-snippet:-1, max-image-preview:large, max-video-preview:-1\" \/>\n<link rel=\"canonical\" href=\"https:\/\/portaldoestado.com.br\/index.php\/2026\/01\/06\/toque-dez-inicia-2026-em-alta-e-emplaca-dois-videos-entre-os-destaques-das-plataformas\/\" \/>\n<meta property=\"og:locale\" content=\"pt_BR\" \/>\n<meta property=\"og:type\" content=\"article\" \/>\n<meta property=\"og:title\" content=\"Toque Dez inicia 2026 em alta e emplaca dois v\u00eddeos entre os destaques das plataformas - Portal do Estado\" \/>\n<meta property=\"og:description\" content=\"O grupo baiano Toque Dez come\u00e7ou 2026 em ritmo acelerado e com n\u00fameros que confirmam o bom momento da banda no cen\u00e1rio musical. Logo na primeira semana do ano, o grupo garantiu dois v\u00eddeos simultaneamente entre os conte\u00fados em alta, refor\u00e7ando sua pot\u00eancia digital e a conex\u00e3o direta com o p\u00fablico. A faixa \u201cUm Cent\u00edmetro \u2026\" \/>\n<meta property=\"og:url\" content=\"https:\/\/portaldoestado.com.br\/index.php\/2026\/01\/06\/toque-dez-inicia-2026-em-alta-e-emplaca-dois-videos-entre-os-destaques-das-plataformas\/\" \/>\n<meta property=\"og:site_name\" content=\"Portal do Estado\" \/>\n<meta property=\"article:published_time\" content=\"2026-01-06T16:16:37+00:00\" \/>\n<meta name=\"author\" content=\"assessoriadefamosos\" \/>\n<meta name=\"twitter:card\" content=\"summary_large_image\" \/>\n<meta name=\"twitter:image\" content=\"https:\/\/portaldoestado.com.br\/wp-content\/uploads\/2026\/01\/6F8A0187-scaled-1.png\" \/>\n<meta name=\"twitter:label1\" content=\"Escrito por\" \/>\n\t<meta name=\"twitter:data1\" content=\"assessoriadefamosos\" \/>\n\t<meta name=\"twitter:label2\" content=\"Est. tempo de leitura\" \/>\n\t<meta name=\"twitter:data2\" content=\"1 minuto\" \/>\n<script type=\"application\/ld+json\" class=\"yoast-schema-graph\">{\"@context\":\"https:\/\/schema.org\",\"@graph\":[{\"@type\":\"Article\",\"@id\":\"https:\/\/portaldoestado.com.br\/index.php\/2026\/01\/06\/toque-dez-inicia-2026-em-alta-e-emplaca-dois-videos-entre-os-destaques-das-plataformas\/#article\",\"isPartOf\":{\"@id\":\"https:\/\/portaldoestado.com.br\/index.php\/2026\/01\/06\/toque-dez-inicia-2026-em-alta-e-emplaca-dois-videos-entre-os-destaques-das-plataformas\/\"},\"author\":{\"name\":\"assessoriadefamosos\",\"@id\":\"https:\/\/portaldoestado.com.br\/#\/schema\/person\/5ca0174f3c8c84b59da62ea14b698cb9\"},\"headline\":\"Toque Dez inicia 2026 em alta e emplaca dois v\u00eddeos entre os destaques das plataformas\",\"datePublished\":\"2026-01-06T16:16:37+00:00\",\"mainEntityOfPage\":{\"@id\":\"https:\/\/portaldoestado.com.br\/index.php\/2026\/01\/06\/toque-dez-inicia-2026-em-alta-e-emplaca-dois-videos-entre-os-destaques-das-plataformas\/\"},\"wordCount\":182,\"publisher\":{\"@id\":\"https:\/\/portaldoestado.com.br\/#organization\"},\"image\":{\"@id\":\"https:\/\/portaldoestado.com.br\/index.php\/2026\/01\/06\/toque-dez-inicia-2026-em-alta-e-emplaca-dois-videos-entre-os-destaques-das-plataformas\/#primaryimage\"},\"thumbnailUrl\":\"https:\/\/portaldoestado.com.br\/wp-content\/uploads\/2026\/01\/6F8A0187-scaled-1.png\",\"articleSection\":[\"Geral\"],\"inLanguage\":\"pt-BR\"},{\"@type\":\"WebPage\",\"@id\":\"https:\/\/portaldoestado.com.br\/index.php\/2026\/01\/06\/toque-dez-inicia-2026-em-alta-e-emplaca-dois-videos-entre-os-destaques-das-plataformas\/\",\"url\":\"https:\/\/portaldoestado.com.br\/index.php\/2026\/01\/06\/toque-dez-inicia-2026-em-alta-e-emplaca-dois-videos-entre-os-destaques-das-plataformas\/\",\"name\":\"Toque Dez inicia 2026 em alta e emplaca dois v\u00eddeos entre os destaques das plataformas - Portal do Estado\",\"isPartOf\":{\"@id\":\"https:\/\/portaldoestado.com.br\/#website\"},\"primaryImageOfPage\":{\"@id\":\"https:\/\/portaldoestado.com.br\/index.php\/2026\/01\/06\/toque-dez-inicia-2026-em-alta-e-emplaca-dois-videos-entre-os-destaques-das-plataformas\/#primaryimage\"},\"image\":{\"@id\":\"https:\/\/portaldoestado.com.br\/index.php\/2026\/01\/06\/toque-dez-inicia-2026-em-alta-e-emplaca-dois-videos-entre-os-destaques-das-plataformas\/#primaryimage\"},\"thumbnailUrl\":\"https:\/\/portaldoestado.com.br\/wp-content\/uploads\/2026\/01\/6F8A0187-scaled-1.png\",\"datePublished\":\"2026-01-06T16:16:37+00:00\",\"breadcrumb\":{\"@id\":\"https:\/\/portaldoestado.com.br\/index.php\/2026\/01\/06\/toque-dez-inicia-2026-em-alta-e-emplaca-dois-videos-entre-os-destaques-das-plataformas\/#breadcrumb\"},\"inLanguage\":\"pt-BR\",\"potentialAction\":[{\"@type\":\"ReadAction\",\"target\":[\"https:\/\/portaldoestado.com.br\/index.php\/2026\/01\/06\/toque-dez-inicia-2026-em-alta-e-emplaca-dois-videos-entre-os-destaques-das-plataformas\/\"]}]},{\"@type\":\"ImageObject\",\"inLanguage\":\"pt-BR\",\"@id\":\"https:\/\/portaldoestado.com.br\/index.php\/2026\/01\/06\/toque-dez-inicia-2026-em-alta-e-emplaca-dois-videos-entre-os-destaques-das-plataformas\/#primaryimage\",\"url\":\"https:\/\/portaldoestado.com.br\/wp-content\/uploads\/2026\/01\/6F8A0187-scaled-1.png\",\"contentUrl\":\"https:\/\/portaldoestado.com.br\/wp-content\/uploads\/2026\/01\/6F8A0187-scaled-1.png\",\"width\":1707,\"height\":2560},{\"@type\":\"BreadcrumbList\",\"@id\":\"https:\/\/portaldoestado.com.br\/index.php\/2026\/01\/06\/toque-dez-inicia-2026-em-alta-e-emplaca-dois-videos-entre-os-destaques-das-plataformas\/#breadcrumb\",\"itemListElement\":[{\"@type\":\"ListItem\",\"position\":1,\"name\":\"In\u00edcio\",\"item\":\"https:\/\/portaldoestado.com.br\/\"},{\"@type\":\"ListItem\",\"position\":2,\"name\":\"Toque Dez inicia 2026 em alta e emplaca dois v\u00eddeos entre os destaques das plataformas\"}]},{\"@type\":\"WebSite\",\"@id\":\"https:\/\/portaldoestado.com.br\/#website\",\"url\":\"https:\/\/portaldoestado.com.br\/\",\"name\":\"Portal do Estado\",\"description\":\"\",\"publisher\":{\"@id\":\"https:\/\/portaldoestado.com.br\/#organization\"},\"potentialAction\":[{\"@type\":\"SearchAction\",\"target\":{\"@type\":\"EntryPoint\",\"urlTemplate\":\"https:\/\/portaldoestado.com.br\/?s={search_term_string}\"},\"query-input\":{\"@type\":\"PropertyValueSpecification\",\"valueRequired\":true,\"valueName\":\"search_term_string\"}}],\"inLanguage\":\"pt-BR\"},{\"@type\":\"Organization\",\"@id\":\"https:\/\/portaldoestado.com.br\/#organization\",\"name\":\"Portal do Estado\",\"url\":\"https:\/\/portaldoestado.com.br\/\",\"logo\":{\"@type\":\"ImageObject\",\"inLanguage\":\"pt-BR\",\"@id\":\"https:\/\/portaldoestado.com.br\/#\/schema\/logo\/image\/\",\"url\":\"https:\/\/portaldoestado.com.br\/wp-content\/uploads\/2025\/04\/cropped-6f69b19a-6472-43bf-b1b3-e1910bbbd4e8.png\",\"contentUrl\":\"https:\/\/portaldoestado.com.br\/wp-content\/uploads\/2025\/04\/cropped-6f69b19a-6472-43bf-b1b3-e1910bbbd4e8.png\",\"width\":1024,\"height\":350,\"caption\":\"Portal do Estado\"},\"image\":{\"@id\":\"https:\/\/portaldoestado.com.br\/#\/schema\/logo\/image\/\"}},{\"@type\":\"Person\",\"@id\":\"https:\/\/portaldoestado.com.br\/#\/schema\/person\/5ca0174f3c8c84b59da62ea14b698cb9\",\"name\":\"assessoriadefamosos\",\"image\":{\"@type\":\"ImageObject\",\"inLanguage\":\"pt-BR\",\"@id\":\"https:\/\/portaldoestado.com.br\/#\/schema\/person\/image\/\",\"url\":\"https:\/\/secure.gravatar.com\/avatar\/a7acbdffcfbbae7240e59f47fe511ec5f5d8c252c779f0b8d9ab02a9e1d8c5ed?s=96&d=mm&r=g\",\"contentUrl\":\"https:\/\/secure.gravatar.com\/avatar\/a7acbdffcfbbae7240e59f47fe511ec5f5d8c252c779f0b8d9ab02a9e1d8c5ed?s=96&d=mm&r=g\",\"caption\":\"assessoriadefamosos\"},\"url\":\"https:\/\/portaldoestado.com.br\/index.php\/author\/assessoriadefamosos\/\"}]}<\/script>\n<!-- \/ Yoast SEO plugin. -->","yoast_head_json":{"title":"Toque Dez inicia 2026 em alta e emplaca dois v\u00eddeos entre os destaques das plataformas - Portal do Estado","robots":{"index":"index","follow":"follow","max-snippet":"max-snippet:-1","max-image-preview":"max-image-preview:large","max-video-preview":"max-video-preview:-1"},"canonical":"https:\/\/portaldoestado.com.br\/index.php\/2026\/01\/06\/toque-dez-inicia-2026-em-alta-e-emplaca-dois-videos-entre-os-destaques-das-plataformas\/","og_locale":"pt_BR","og_type":"article","og_title":"Toque Dez inicia 2026 em alta e emplaca dois v\u00eddeos entre os destaques das plataformas - Portal do Estado","og_description":"O grupo baiano Toque Dez come\u00e7ou 2026 em ritmo acelerado e com n\u00fameros que confirmam o bom momento da banda no cen\u00e1rio musical. Logo na primeira semana do ano, o grupo garantiu dois v\u00eddeos simultaneamente entre os conte\u00fados em alta, refor\u00e7ando sua pot\u00eancia digital e a conex\u00e3o direta com o p\u00fablico. A faixa \u201cUm Cent\u00edmetro \u2026","og_url":"https:\/\/portaldoestado.com.br\/index.php\/2026\/01\/06\/toque-dez-inicia-2026-em-alta-e-emplaca-dois-videos-entre-os-destaques-das-plataformas\/","og_site_name":"Portal do Estado","article_published_time":"2026-01-06T16:16:37+00:00","author":"assessoriadefamosos","twitter_card":"summary_large_image","twitter_image":"https:\/\/portaldoestado.com.br\/wp-content\/uploads\/2026\/01\/6F8A0187-scaled-1.png","twitter_misc":{"Escrito por":"assessoriadefamosos","Est. tempo de leitura":"1 minuto"},"schema":{"@context":"https:\/\/schema.org","@graph":[{"@type":"Article","@id":"https:\/\/portaldoestado.com.br\/index.php\/2026\/01\/06\/toque-dez-inicia-2026-em-alta-e-emplaca-dois-videos-entre-os-destaques-das-plataformas\/#article","isPartOf":{"@id":"https:\/\/portaldoestado.com.br\/index.php\/2026\/01\/06\/toque-dez-inicia-2026-em-alta-e-emplaca-dois-videos-entre-os-destaques-das-plataformas\/"},"author":{"name":"assessoriadefamosos","@id":"https:\/\/portaldoestado.com.br\/#\/schema\/person\/5ca0174f3c8c84b59da62ea14b698cb9"},"headline":"Toque Dez inicia 2026 em alta e emplaca dois v\u00eddeos entre os destaques das plataformas","datePublished":"2026-01-06T16:16:37+00:00","mainEntityOfPage":{"@id":"https:\/\/portaldoestado.com.br\/index.php\/2026\/01\/06\/toque-dez-inicia-2026-em-alta-e-emplaca-dois-videos-entre-os-destaques-das-plataformas\/"},"wordCount":182,"publisher":{"@id":"https:\/\/portaldoestado.com.br\/#organization"},"image":{"@id":"https:\/\/portaldoestado.com.br\/index.php\/2026\/01\/06\/toque-dez-inicia-2026-em-alta-e-emplaca-dois-videos-entre-os-destaques-das-plataformas\/#primaryimage"},"thumbnailUrl":"https:\/\/portaldoestado.com.br\/wp-content\/uploads\/2026\/01\/6F8A0187-scaled-1.png","articleSection":["Geral"],"inLanguage":"pt-BR"},{"@type":"WebPage","@id":"https:\/\/portaldoestado.com.br\/index.php\/2026\/01\/06\/toque-dez-inicia-2026-em-alta-e-emplaca-dois-videos-entre-os-destaques-das-plataformas\/","url":"https:\/\/portaldoestado.com.br\/index.php\/2026\/01\/06\/toque-dez-inicia-2026-em-alta-e-emplaca-dois-videos-entre-os-destaques-das-plataformas\/","name":"Toque Dez inicia 2026 em alta e emplaca dois v\u00eddeos entre os destaques das plataformas - Portal do Estado","isPartOf":{"@id":"https:\/\/portaldoestado.com.br\/#website"},"primaryImageOfPage":{"@id":"https:\/\/portaldoestado.com.br\/index.php\/2026\/01\/06\/toque-dez-inicia-2026-em-alta-e-emplaca-dois-videos-entre-os-destaques-das-plataformas\/#primaryimage"},"image":{"@id":"https:\/\/portaldoestado.com.br\/index.php\/2026\/01\/06\/toque-dez-inicia-2026-em-alta-e-emplaca-dois-videos-entre-os-destaques-das-plataformas\/#primaryimage"},"thumbnailUrl":"https:\/\/portaldoestado.com.br\/wp-content\/uploads\/2026\/01\/6F8A0187-scaled-1.png","datePublished":"2026-01-06T16:16:37+00:00","breadcrumb":{"@id":"https:\/\/portaldoestado.com.br\/index.php\/2026\/01\/06\/toque-dez-inicia-2026-em-alta-e-emplaca-dois-videos-entre-os-destaques-das-plataformas\/#breadcrumb"},"inLanguage":"pt-BR","potentialAction":[{"@type":"ReadAction","target":["https:\/\/portaldoestado.com.br\/index.php\/2026\/01\/06\/toque-dez-inicia-2026-em-alta-e-emplaca-dois-videos-entre-os-destaques-das-plataformas\/"]}]},{"@type":"ImageObject","inLanguage":"pt-BR","@id":"https:\/\/portaldoestado.com.br\/index.php\/2026\/01\/06\/toque-dez-inicia-2026-em-alta-e-emplaca-dois-videos-entre-os-destaques-das-plataformas\/#primaryimage","url":"https:\/\/portaldoestado.com.br\/wp-content\/uploads\/2026\/01\/6F8A0187-scaled-1.png","contentUrl":"https:\/\/portaldoestado.com.br\/wp-content\/uploads\/2026\/01\/6F8A0187-scaled-1.png","width":1707,"height":2560},{"@type":"BreadcrumbList","@id":"https:\/\/portaldoestado.com.br\/index.php\/2026\/01\/06\/toque-dez-inicia-2026-em-alta-e-emplaca-dois-videos-entre-os-destaques-das-plataformas\/#breadcrumb","itemListElement":[{"@type":"ListItem","position":1,"name":"In\u00edcio","item":"https:\/\/portaldoestado.com.br\/"},{"@type":"ListItem","position":2,"name":"Toque Dez inicia 2026 em alta e emplaca dois v\u00eddeos entre os destaques das plataformas"}]},{"@type":"WebSite","@id":"https:\/\/portaldoestado.com.br\/#website","url":"https:\/\/portaldoestado.com.br\/","name":"Portal do Estado","description":"","publisher":{"@id":"https:\/\/portaldoestado.com.br\/#organization"},"potentialAction":[{"@type":"SearchAction","target":{"@type":"EntryPoint","urlTemplate":"https:\/\/portaldoestado.com.br\/?s={search_term_string}"},"query-input":{"@type":"PropertyValueSpecification","valueRequired":true,"valueName":"search_term_string"}}],"inLanguage":"pt-BR"},{"@type":"Organization","@id":"https:\/\/portaldoestado.com.br\/#organization","name":"Portal do Estado","url":"https:\/\/portaldoestado.com.br\/","logo":{"@type":"ImageObject","inLanguage":"pt-BR","@id":"https:\/\/portaldoestado.com.br\/#\/schema\/logo\/image\/","url":"https:\/\/portaldoestado.com.br\/wp-content\/uploads\/2025\/04\/cropped-6f69b19a-6472-43bf-b1b3-e1910bbbd4e8.png","contentUrl":"https:\/\/portaldoestado.com.br\/wp-content\/uploads\/2025\/04\/cropped-6f69b19a-6472-43bf-b1b3-e1910bbbd4e8.png","width":1024,"height":350,"caption":"Portal do Estado"},"image":{"@id":"https:\/\/portaldoestado.com.br\/#\/schema\/logo\/image\/"}},{"@type":"Person","@id":"https:\/\/portaldoestado.com.br\/#\/schema\/person\/5ca0174f3c8c84b59da62ea14b698cb9","name":"assessoriadefamosos","image":{"@type":"ImageObject","inLanguage":"pt-BR","@id":"https:\/\/portaldoestado.com.br\/#\/schema\/person\/image\/","url":"https:\/\/secure.gravatar.com\/avatar\/a7acbdffcfbbae7240e59f47fe511ec5f5d8c252c779f0b8d9ab02a9e1d8c5ed?s=96&d=mm&r=g","contentUrl":"https:\/\/secure.gravatar.com\/avatar\/a7acbdffcfbbae7240e59f47fe511ec5f5d8c252c779f0b8d9ab02a9e1d8c5ed?s=96&d=mm&r=g","caption":"assessoriadefamosos"},"url":"https:\/\/portaldoestado.com.br\/index.php\/author\/assessoriadefamosos\/"}]}},"jetpack_featured_media_url":"https:\/\/portaldoestado.com.br\/wp-content\/uploads\/2026\/01\/6F8A0187-scaled-1.png","_links":{"self":[{"href":"https:\/\/portaldoestado.com.br\/index.php\/wp-json\/wp\/v2\/posts\/5422","targetHints":{"allow":["GET"]}}],"collection":[{"href":"https:\/\/portaldoestado.com.br\/index.php\/wp-json\/wp\/v2\/posts"}],"about":[{"href":"https:\/\/portaldoestado.com.br\/index.php\/wp-json\/wp\/v2\/types\/post"}],"author":[{"embeddable":true,"href":"https:\/\/portaldoestado.com.br\/index.php\/wp-json\/wp\/v2\/users\/2"}],"replies":[{"embeddable":true,"href":"https:\/\/portaldoestado.com.br\/index.php\/wp-json\/wp\/v2\/comments?post=5422"}],"version-history":[{"count":1,"href":"https:\/\/portaldoestado.com.br\/index.php\/wp-json\/wp\/v2\/posts\/5422\/revisions"}],"predecessor-version":[{"id":5423,"href":"https:\/\/portaldoestado.com.br\/index.php\/wp-json\/wp\/v2\/posts\/5422\/revisions\/5423"}],"wp:featuredmedia":[{"embeddable":true,"href":"https:\/\/portaldoestado.com.br\/index.php\/wp-json\/wp\/v2\/media\/5421"}],"wp:attachment":[{"href":"https:\/\/portaldoestado.com.br\/index.php\/wp-json\/wp\/v2\/media?parent=5422"}],"wp:term":[{"taxonomy":"category","embeddable":true,"href":"https:\/\/portaldoestado.com.br\/index.php\/wp-json\/wp\/v2\/categories?post=5422"},{"taxonomy":"post_tag","embeddable":true,"href":"https:\/\/portaldoestado.com.br\/index.php\/wp-json\/wp\/v2\/tags?post=5422"}],"curies":[{"name":"wp","href":"https:\/\/api.w.org\/{rel}","templated":true}]}}