{"id":5417,"date":"2026-01-06T16:03:35","date_gmt":"2026-01-06T16:03:35","guid":{"rendered":"https:\/\/portaldoestado.com.br\/?p=5417"},"modified":"2026-01-06T16:03:35","modified_gmt":"2026-01-06T16:03:35","slug":"magnificos-abre-2026-em-grande-estilo-no-forro-verao-de-joao-pessoa","status":"publish","type":"post","link":"https:\/\/portaldoestado.com.br\/index.php\/2026\/01\/06\/magnificos-abre-2026-em-grande-estilo-no-forro-verao-de-joao-pessoa\/","title":{"rendered":"Magn\u00edficos abre 2026 em grande estilo no Forr\u00f3 Ver\u00e3o de Jo\u00e3o Pessoa"},"content":{"rendered":"\n<p>O primeiro show de 2026 da banda Magn\u00edficos j\u00e1 entrou para a hist\u00f3ria. Neste fim de semana, o grupo levou um mar de romantismo e forr\u00f3 ao Forr\u00f3 Ver\u00e3o, no Busto de Tamandar\u00e9, em Jo\u00e3o Pessoa, transformando a orla em um grande coral de sucessos que marcaram gera\u00e7\u00f5es. A apresenta\u00e7\u00e3o consagrou a conex\u00e3o da banda com o p\u00fablico paraibano e deu o tom do que vem por a\u00ed neste novo ano.\nAp\u00f3s a estreia em clima de celebra\u00e7\u00e3o, a Magn\u00edficos segue na estrada com agenda intensa em janeiro:<\/p>\n\n\n\n<p>10\/01 \u2013 Casinhas (PE) | Pra\u00e7a P\u00fablica\n19\/01 \u2013 Surubim (PE) | Pra\u00e7a P\u00fablica\n29\/01 \u2013 Benjamin Constant (AM) | Pra\u00e7a P\u00fablica\n30\/01 \u2013 Aman\u00e3 (AM) | Pra\u00e7a P\u00fablica<\/p>\n\n\n\n<p>2026 come\u00e7ou com forr\u00f3, emo\u00e7\u00e3o e a assinatura inconfund\u00edvel da Magn\u00edficos.<\/p>\n","protected":false},"excerpt":{"rendered":"<p>O primeiro show de 2026 da banda Magn\u00edficos j\u00e1 entrou para a hist\u00f3ria. Neste fim de semana, o grupo levou um mar de romantismo e forr\u00f3 ao Forr\u00f3 Ver\u00e3o, no Busto de Tamandar\u00e9, em Jo\u00e3o Pessoa, transformando a orla em um grande coral de sucessos que marcaram gera\u00e7\u00f5es. A apresenta\u00e7\u00e3o consagrou a conex\u00e3o da banda \u2026<\/p>\n","protected":false},"author":2,"featured_media":5415,"comment_status":"closed","ping_status":"open","sticky":false,"template":"","format":"standard","meta":{"footnotes":""},"categories":[4],"tags":[],"class_list":["post-5417","post","type-post","status-publish","format-standard","has-post-thumbnail","hentry","category-geral"],"yoast_head":"<!-- This site is optimized with the Yoast SEO plugin v25.5 - https:\/\/yoast.com\/wordpress\/plugins\/seo\/ -->\n<title>Magn\u00edficos abre 2026 em grande estilo no Forr\u00f3 Ver\u00e3o de Jo\u00e3o Pessoa - Portal do Estado<\/title>\n<meta name=\"robots\" content=\"index, follow, max-snippet:-1, max-image-preview:large, max-video-preview:-1\" \/>\n<link rel=\"canonical\" href=\"https:\/\/portaldoestado.com.br\/index.php\/2026\/01\/06\/magnificos-abre-2026-em-grande-estilo-no-forro-verao-de-joao-pessoa\/\" \/>\n<meta property=\"og:locale\" content=\"pt_BR\" \/>\n<meta property=\"og:type\" content=\"article\" \/>\n<meta property=\"og:title\" content=\"Magn\u00edficos abre 2026 em grande estilo no Forr\u00f3 Ver\u00e3o de Jo\u00e3o Pessoa - Portal do Estado\" \/>\n<meta property=\"og:description\" content=\"O primeiro show de 2026 da banda Magn\u00edficos j\u00e1 entrou para a hist\u00f3ria. Neste fim de semana, o grupo levou um mar de romantismo e forr\u00f3 ao Forr\u00f3 Ver\u00e3o, no Busto de Tamandar\u00e9, em Jo\u00e3o Pessoa, transformando a orla em um grande coral de sucessos que marcaram gera\u00e7\u00f5es. A apresenta\u00e7\u00e3o consagrou a conex\u00e3o da banda \u2026\" \/>\n<meta property=\"og:url\" content=\"https:\/\/portaldoestado.com.br\/index.php\/2026\/01\/06\/magnificos-abre-2026-em-grande-estilo-no-forro-verao-de-joao-pessoa\/\" \/>\n<meta property=\"og:site_name\" content=\"Portal do Estado\" \/>\n<meta property=\"article:published_time\" content=\"2026-01-06T16:03:35+00:00\" \/>\n<meta property=\"og:image\" content=\"https:\/\/portaldoestado.com.br\/wp-content\/uploads\/2026\/01\/fe526dbb-6e87-499e-b73c-d63e1c0a3d01.jpg\" \/>\n\t<meta property=\"og:image:width\" content=\"1280\" \/>\n\t<meta property=\"og:image:height\" content=\"808\" \/>\n\t<meta property=\"og:image:type\" content=\"image\/jpeg\" \/>\n<meta name=\"author\" content=\"assessoriadefamosos\" \/>\n<meta name=\"twitter:card\" content=\"summary_large_image\" \/>\n<meta name=\"twitter:label1\" content=\"Escrito por\" \/>\n\t<meta name=\"twitter:data1\" content=\"assessoriadefamosos\" \/>\n\t<meta name=\"twitter:label2\" content=\"Est. tempo de leitura\" \/>\n\t<meta name=\"twitter:data2\" content=\"1 minuto\" \/>\n<script type=\"application\/ld+json\" class=\"yoast-schema-graph\">{\"@context\":\"https:\/\/schema.org\",\"@graph\":[{\"@type\":\"Article\",\"@id\":\"https:\/\/portaldoestado.com.br\/index.php\/2026\/01\/06\/magnificos-abre-2026-em-grande-estilo-no-forro-verao-de-joao-pessoa\/#article\",\"isPartOf\":{\"@id\":\"https:\/\/portaldoestado.com.br\/index.php\/2026\/01\/06\/magnificos-abre-2026-em-grande-estilo-no-forro-verao-de-joao-pessoa\/\"},\"author\":{\"name\":\"assessoriadefamosos\",\"@id\":\"https:\/\/portaldoestado.com.br\/#\/schema\/person\/5ca0174f3c8c84b59da62ea14b698cb9\"},\"headline\":\"Magn\u00edficos abre 2026 em grande estilo no Forr\u00f3 Ver\u00e3o de Jo\u00e3o Pessoa\",\"datePublished\":\"2026-01-06T16:03:35+00:00\",\"mainEntityOfPage\":{\"@id\":\"https:\/\/portaldoestado.com.br\/index.php\/2026\/01\/06\/magnificos-abre-2026-em-grande-estilo-no-forro-verao-de-joao-pessoa\/\"},\"wordCount\":151,\"publisher\":{\"@id\":\"https:\/\/portaldoestado.com.br\/#organization\"},\"image\":{\"@id\":\"https:\/\/portaldoestado.com.br\/index.php\/2026\/01\/06\/magnificos-abre-2026-em-grande-estilo-no-forro-verao-de-joao-pessoa\/#primaryimage\"},\"thumbnailUrl\":\"https:\/\/portaldoestado.com.br\/wp-content\/uploads\/2026\/01\/fe526dbb-6e87-499e-b73c-d63e1c0a3d01.jpg\",\"articleSection\":[\"Geral\"],\"inLanguage\":\"pt-BR\"},{\"@type\":\"WebPage\",\"@id\":\"https:\/\/portaldoestado.com.br\/index.php\/2026\/01\/06\/magnificos-abre-2026-em-grande-estilo-no-forro-verao-de-joao-pessoa\/\",\"url\":\"https:\/\/portaldoestado.com.br\/index.php\/2026\/01\/06\/magnificos-abre-2026-em-grande-estilo-no-forro-verao-de-joao-pessoa\/\",\"name\":\"Magn\u00edficos abre 2026 em grande estilo no Forr\u00f3 Ver\u00e3o de Jo\u00e3o Pessoa - Portal do Estado\",\"isPartOf\":{\"@id\":\"https:\/\/portaldoestado.com.br\/#website\"},\"primaryImageOfPage\":{\"@id\":\"https:\/\/portaldoestado.com.br\/index.php\/2026\/01\/06\/magnificos-abre-2026-em-grande-estilo-no-forro-verao-de-joao-pessoa\/#primaryimage\"},\"image\":{\"@id\":\"https:\/\/portaldoestado.com.br\/index.php\/2026\/01\/06\/magnificos-abre-2026-em-grande-estilo-no-forro-verao-de-joao-pessoa\/#primaryimage\"},\"thumbnailUrl\":\"https:\/\/portaldoestado.com.br\/wp-content\/uploads\/2026\/01\/fe526dbb-6e87-499e-b73c-d63e1c0a3d01.jpg\",\"datePublished\":\"2026-01-06T16:03:35+00:00\",\"breadcrumb\":{\"@id\":\"https:\/\/portaldoestado.com.br\/index.php\/2026\/01\/06\/magnificos-abre-2026-em-grande-estilo-no-forro-verao-de-joao-pessoa\/#breadcrumb\"},\"inLanguage\":\"pt-BR\",\"potentialAction\":[{\"@type\":\"ReadAction\",\"target\":[\"https:\/\/portaldoestado.com.br\/index.php\/2026\/01\/06\/magnificos-abre-2026-em-grande-estilo-no-forro-verao-de-joao-pessoa\/\"]}]},{\"@type\":\"ImageObject\",\"inLanguage\":\"pt-BR\",\"@id\":\"https:\/\/portaldoestado.com.br\/index.php\/2026\/01\/06\/magnificos-abre-2026-em-grande-estilo-no-forro-verao-de-joao-pessoa\/#primaryimage\",\"url\":\"https:\/\/portaldoestado.com.br\/wp-content\/uploads\/2026\/01\/fe526dbb-6e87-499e-b73c-d63e1c0a3d01.jpg\",\"contentUrl\":\"https:\/\/portaldoestado.com.br\/wp-content\/uploads\/2026\/01\/fe526dbb-6e87-499e-b73c-d63e1c0a3d01.jpg\",\"width\":1280,\"height\":808},{\"@type\":\"BreadcrumbList\",\"@id\":\"https:\/\/portaldoestado.com.br\/index.php\/2026\/01\/06\/magnificos-abre-2026-em-grande-estilo-no-forro-verao-de-joao-pessoa\/#breadcrumb\",\"itemListElement\":[{\"@type\":\"ListItem\",\"position\":1,\"name\":\"In\u00edcio\",\"item\":\"https:\/\/portaldoestado.com.br\/\"},{\"@type\":\"ListItem\",\"position\":2,\"name\":\"Magn\u00edficos abre 2026 em grande estilo no Forr\u00f3 Ver\u00e3o de Jo\u00e3o Pessoa\"}]},{\"@type\":\"WebSite\",\"@id\":\"https:\/\/portaldoestado.com.br\/#website\",\"url\":\"https:\/\/portaldoestado.com.br\/\",\"name\":\"Portal do Estado\",\"description\":\"\",\"publisher\":{\"@id\":\"https:\/\/portaldoestado.com.br\/#organization\"},\"potentialAction\":[{\"@type\":\"SearchAction\",\"target\":{\"@type\":\"EntryPoint\",\"urlTemplate\":\"https:\/\/portaldoestado.com.br\/?s={search_term_string}\"},\"query-input\":{\"@type\":\"PropertyValueSpecification\",\"valueRequired\":true,\"valueName\":\"search_term_string\"}}],\"inLanguage\":\"pt-BR\"},{\"@type\":\"Organization\",\"@id\":\"https:\/\/portaldoestado.com.br\/#organization\",\"name\":\"Portal do Estado\",\"url\":\"https:\/\/portaldoestado.com.br\/\",\"logo\":{\"@type\":\"ImageObject\",\"inLanguage\":\"pt-BR\",\"@id\":\"https:\/\/portaldoestado.com.br\/#\/schema\/logo\/image\/\",\"url\":\"https:\/\/portaldoestado.com.br\/wp-content\/uploads\/2025\/04\/cropped-6f69b19a-6472-43bf-b1b3-e1910bbbd4e8.png\",\"contentUrl\":\"https:\/\/portaldoestado.com.br\/wp-content\/uploads\/2025\/04\/cropped-6f69b19a-6472-43bf-b1b3-e1910bbbd4e8.png\",\"width\":1024,\"height\":350,\"caption\":\"Portal do Estado\"},\"image\":{\"@id\":\"https:\/\/portaldoestado.com.br\/#\/schema\/logo\/image\/\"}},{\"@type\":\"Person\",\"@id\":\"https:\/\/portaldoestado.com.br\/#\/schema\/person\/5ca0174f3c8c84b59da62ea14b698cb9\",\"name\":\"assessoriadefamosos\",\"image\":{\"@type\":\"ImageObject\",\"inLanguage\":\"pt-BR\",\"@id\":\"https:\/\/portaldoestado.com.br\/#\/schema\/person\/image\/\",\"url\":\"https:\/\/secure.gravatar.com\/avatar\/a7acbdffcfbbae7240e59f47fe511ec5f5d8c252c779f0b8d9ab02a9e1d8c5ed?s=96&d=mm&r=g\",\"contentUrl\":\"https:\/\/secure.gravatar.com\/avatar\/a7acbdffcfbbae7240e59f47fe511ec5f5d8c252c779f0b8d9ab02a9e1d8c5ed?s=96&d=mm&r=g\",\"caption\":\"assessoriadefamosos\"},\"url\":\"https:\/\/portaldoestado.com.br\/index.php\/author\/assessoriadefamosos\/\"}]}<\/script>\n<!-- \/ Yoast SEO plugin. -->","yoast_head_json":{"title":"Magn\u00edficos abre 2026 em grande estilo no Forr\u00f3 Ver\u00e3o de Jo\u00e3o Pessoa - Portal do Estado","robots":{"index":"index","follow":"follow","max-snippet":"max-snippet:-1","max-image-preview":"max-image-preview:large","max-video-preview":"max-video-preview:-1"},"canonical":"https:\/\/portaldoestado.com.br\/index.php\/2026\/01\/06\/magnificos-abre-2026-em-grande-estilo-no-forro-verao-de-joao-pessoa\/","og_locale":"pt_BR","og_type":"article","og_title":"Magn\u00edficos abre 2026 em grande estilo no Forr\u00f3 Ver\u00e3o de Jo\u00e3o Pessoa - Portal do Estado","og_description":"O primeiro show de 2026 da banda Magn\u00edficos j\u00e1 entrou para a hist\u00f3ria. Neste fim de semana, o grupo levou um mar de romantismo e forr\u00f3 ao Forr\u00f3 Ver\u00e3o, no Busto de Tamandar\u00e9, em Jo\u00e3o Pessoa, transformando a orla em um grande coral de sucessos que marcaram gera\u00e7\u00f5es. A apresenta\u00e7\u00e3o consagrou a conex\u00e3o da banda \u2026","og_url":"https:\/\/portaldoestado.com.br\/index.php\/2026\/01\/06\/magnificos-abre-2026-em-grande-estilo-no-forro-verao-de-joao-pessoa\/","og_site_name":"Portal do Estado","article_published_time":"2026-01-06T16:03:35+00:00","og_image":[{"width":1280,"height":808,"url":"https:\/\/portaldoestado.com.br\/wp-content\/uploads\/2026\/01\/fe526dbb-6e87-499e-b73c-d63e1c0a3d01.jpg","type":"image\/jpeg"}],"author":"assessoriadefamosos","twitter_card":"summary_large_image","twitter_misc":{"Escrito por":"assessoriadefamosos","Est. tempo de leitura":"1 minuto"},"schema":{"@context":"https:\/\/schema.org","@graph":[{"@type":"Article","@id":"https:\/\/portaldoestado.com.br\/index.php\/2026\/01\/06\/magnificos-abre-2026-em-grande-estilo-no-forro-verao-de-joao-pessoa\/#article","isPartOf":{"@id":"https:\/\/portaldoestado.com.br\/index.php\/2026\/01\/06\/magnificos-abre-2026-em-grande-estilo-no-forro-verao-de-joao-pessoa\/"},"author":{"name":"assessoriadefamosos","@id":"https:\/\/portaldoestado.com.br\/#\/schema\/person\/5ca0174f3c8c84b59da62ea14b698cb9"},"headline":"Magn\u00edficos abre 2026 em grande estilo no Forr\u00f3 Ver\u00e3o de Jo\u00e3o Pessoa","datePublished":"2026-01-06T16:03:35+00:00","mainEntityOfPage":{"@id":"https:\/\/portaldoestado.com.br\/index.php\/2026\/01\/06\/magnificos-abre-2026-em-grande-estilo-no-forro-verao-de-joao-pessoa\/"},"wordCount":151,"publisher":{"@id":"https:\/\/portaldoestado.com.br\/#organization"},"image":{"@id":"https:\/\/portaldoestado.com.br\/index.php\/2026\/01\/06\/magnificos-abre-2026-em-grande-estilo-no-forro-verao-de-joao-pessoa\/#primaryimage"},"thumbnailUrl":"https:\/\/portaldoestado.com.br\/wp-content\/uploads\/2026\/01\/fe526dbb-6e87-499e-b73c-d63e1c0a3d01.jpg","articleSection":["Geral"],"inLanguage":"pt-BR"},{"@type":"WebPage","@id":"https:\/\/portaldoestado.com.br\/index.php\/2026\/01\/06\/magnificos-abre-2026-em-grande-estilo-no-forro-verao-de-joao-pessoa\/","url":"https:\/\/portaldoestado.com.br\/index.php\/2026\/01\/06\/magnificos-abre-2026-em-grande-estilo-no-forro-verao-de-joao-pessoa\/","name":"Magn\u00edficos abre 2026 em grande estilo no Forr\u00f3 Ver\u00e3o de Jo\u00e3o Pessoa - Portal do Estado","isPartOf":{"@id":"https:\/\/portaldoestado.com.br\/#website"},"primaryImageOfPage":{"@id":"https:\/\/portaldoestado.com.br\/index.php\/2026\/01\/06\/magnificos-abre-2026-em-grande-estilo-no-forro-verao-de-joao-pessoa\/#primaryimage"},"image":{"@id":"https:\/\/portaldoestado.com.br\/index.php\/2026\/01\/06\/magnificos-abre-2026-em-grande-estilo-no-forro-verao-de-joao-pessoa\/#primaryimage"},"thumbnailUrl":"https:\/\/portaldoestado.com.br\/wp-content\/uploads\/2026\/01\/fe526dbb-6e87-499e-b73c-d63e1c0a3d01.jpg","datePublished":"2026-01-06T16:03:35+00:00","breadcrumb":{"@id":"https:\/\/portaldoestado.com.br\/index.php\/2026\/01\/06\/magnificos-abre-2026-em-grande-estilo-no-forro-verao-de-joao-pessoa\/#breadcrumb"},"inLanguage":"pt-BR","potentialAction":[{"@type":"ReadAction","target":["https:\/\/portaldoestado.com.br\/index.php\/2026\/01\/06\/magnificos-abre-2026-em-grande-estilo-no-forro-verao-de-joao-pessoa\/"]}]},{"@type":"ImageObject","inLanguage":"pt-BR","@id":"https:\/\/portaldoestado.com.br\/index.php\/2026\/01\/06\/magnificos-abre-2026-em-grande-estilo-no-forro-verao-de-joao-pessoa\/#primaryimage","url":"https:\/\/portaldoestado.com.br\/wp-content\/uploads\/2026\/01\/fe526dbb-6e87-499e-b73c-d63e1c0a3d01.jpg","contentUrl":"https:\/\/portaldoestado.com.br\/wp-content\/uploads\/2026\/01\/fe526dbb-6e87-499e-b73c-d63e1c0a3d01.jpg","width":1280,"height":808},{"@type":"BreadcrumbList","@id":"https:\/\/portaldoestado.com.br\/index.php\/2026\/01\/06\/magnificos-abre-2026-em-grande-estilo-no-forro-verao-de-joao-pessoa\/#breadcrumb","itemListElement":[{"@type":"ListItem","position":1,"name":"In\u00edcio","item":"https:\/\/portaldoestado.com.br\/"},{"@type":"ListItem","position":2,"name":"Magn\u00edficos abre 2026 em grande estilo no Forr\u00f3 Ver\u00e3o de Jo\u00e3o Pessoa"}]},{"@type":"WebSite","@id":"https:\/\/portaldoestado.com.br\/#website","url":"https:\/\/portaldoestado.com.br\/","name":"Portal do Estado","description":"","publisher":{"@id":"https:\/\/portaldoestado.com.br\/#organization"},"potentialAction":[{"@type":"SearchAction","target":{"@type":"EntryPoint","urlTemplate":"https:\/\/portaldoestado.com.br\/?s={search_term_string}"},"query-input":{"@type":"PropertyValueSpecification","valueRequired":true,"valueName":"search_term_string"}}],"inLanguage":"pt-BR"},{"@type":"Organization","@id":"https:\/\/portaldoestado.com.br\/#organization","name":"Portal do Estado","url":"https:\/\/portaldoestado.com.br\/","logo":{"@type":"ImageObject","inLanguage":"pt-BR","@id":"https:\/\/portaldoestado.com.br\/#\/schema\/logo\/image\/","url":"https:\/\/portaldoestado.com.br\/wp-content\/uploads\/2025\/04\/cropped-6f69b19a-6472-43bf-b1b3-e1910bbbd4e8.png","contentUrl":"https:\/\/portaldoestado.com.br\/wp-content\/uploads\/2025\/04\/cropped-6f69b19a-6472-43bf-b1b3-e1910bbbd4e8.png","width":1024,"height":350,"caption":"Portal do Estado"},"image":{"@id":"https:\/\/portaldoestado.com.br\/#\/schema\/logo\/image\/"}},{"@type":"Person","@id":"https:\/\/portaldoestado.com.br\/#\/schema\/person\/5ca0174f3c8c84b59da62ea14b698cb9","name":"assessoriadefamosos","image":{"@type":"ImageObject","inLanguage":"pt-BR","@id":"https:\/\/portaldoestado.com.br\/#\/schema\/person\/image\/","url":"https:\/\/secure.gravatar.com\/avatar\/a7acbdffcfbbae7240e59f47fe511ec5f5d8c252c779f0b8d9ab02a9e1d8c5ed?s=96&d=mm&r=g","contentUrl":"https:\/\/secure.gravatar.com\/avatar\/a7acbdffcfbbae7240e59f47fe511ec5f5d8c252c779f0b8d9ab02a9e1d8c5ed?s=96&d=mm&r=g","caption":"assessoriadefamosos"},"url":"https:\/\/portaldoestado.com.br\/index.php\/author\/assessoriadefamosos\/"}]}},"jetpack_featured_media_url":"https:\/\/portaldoestado.com.br\/wp-content\/uploads\/2026\/01\/fe526dbb-6e87-499e-b73c-d63e1c0a3d01.jpg","_links":{"self":[{"href":"https:\/\/portaldoestado.com.br\/index.php\/wp-json\/wp\/v2\/posts\/5417","targetHints":{"allow":["GET"]}}],"collection":[{"href":"https:\/\/portaldoestado.com.br\/index.php\/wp-json\/wp\/v2\/posts"}],"about":[{"href":"https:\/\/portaldoestado.com.br\/index.php\/wp-json\/wp\/v2\/types\/post"}],"author":[{"embeddable":true,"href":"https:\/\/portaldoestado.com.br\/index.php\/wp-json\/wp\/v2\/users\/2"}],"replies":[{"embeddable":true,"href":"https:\/\/portaldoestado.com.br\/index.php\/wp-json\/wp\/v2\/comments?post=5417"}],"version-history":[{"count":1,"href":"https:\/\/portaldoestado.com.br\/index.php\/wp-json\/wp\/v2\/posts\/5417\/revisions"}],"predecessor-version":[{"id":5420,"href":"https:\/\/portaldoestado.com.br\/index.php\/wp-json\/wp\/v2\/posts\/5417\/revisions\/5420"}],"wp:featuredmedia":[{"embeddable":true,"href":"https:\/\/portaldoestado.com.br\/index.php\/wp-json\/wp\/v2\/media\/5415"}],"wp:attachment":[{"href":"https:\/\/portaldoestado.com.br\/index.php\/wp-json\/wp\/v2\/media?parent=5417"}],"wp:term":[{"taxonomy":"category","embeddable":true,"href":"https:\/\/portaldoestado.com.br\/index.php\/wp-json\/wp\/v2\/categories?post=5417"},{"taxonomy":"post_tag","embeddable":true,"href":"https:\/\/portaldoestado.com.br\/index.php\/wp-json\/wp\/v2\/tags?post=5417"}],"curies":[{"name":"wp","href":"https:\/\/api.w.org\/{rel}","templated":true}]}}