{"id":5410,"date":"2026-01-06T15:53:48","date_gmt":"2026-01-06T15:53:48","guid":{"rendered":"https:\/\/portaldoestado.com.br\/?p=5410"},"modified":"2026-01-06T15:53:48","modified_gmt":"2026-01-06T15:53:48","slug":"o-que-considerar-na-hora-de-escolher-o-melhor-ipad","status":"publish","type":"post","link":"https:\/\/portaldoestado.com.br\/index.php\/2026\/01\/06\/o-que-considerar-na-hora-de-escolher-o-melhor-ipad\/","title":{"rendered":"O que considerar na hora de escolher o melhor iPad"},"content":{"rendered":"\n<p>Quando voc\u00ea come\u00e7a a procurar o melhor iPad, a sensa\u00e7\u00e3o \u00e9 de que todo modelo parece bom. E, de certa forma, \u00e9 verdade. A diferen\u00e7a est\u00e1 em qual deles combina com o seu jeito de usar: estudar, trabalhar, desenhar, editar v\u00eddeos, consumir conte\u00fado ou simplesmente ter um aparelho leve para o dia a dia.<\/p>\n\n\n\n<p>Antes de olhar s\u00f3 pre\u00e7o ou s\u00f3 desempenho, vale pensar em tr\u00eas coisas ao mesmo tempo: o que voc\u00ea pretende fazer com ele, quanto tempo quer ficar com o aparelho e quais acess\u00f3rios voc\u00ea pretende usar. Isso evita aquela compra que parece perfeita na loja, mas que depois fica limitada na pr\u00e1tica.<\/p>\n\n\n\n<h2 class=\"wp-block-heading\">1. Entenda os tipos de iPad que existem<\/h2>\n\n\n\n<p>A Apple mant\u00e9m uma linha com perfis bem diferentes, e isso j\u00e1 ajuda a filtrar.<\/p>\n\n\n\n<p>O iPad mini \u00e9 o mais compacto. Ele \u00e9 \u00f3timo para quem quer portabilidade real, ler, anotar, navegar e usar em viagens ou fora de casa sem ficar carregando um tablet grande.<\/p>\n\n\n\n<p>O iPad Pro \u00e9 a linha mais forte. \u00c9 o tipo de iPad pensado para quem precisa de performance alta e tela muito boa para atividades mais pesadas, como edi\u00e7\u00e3o de foto e v\u00eddeo, ilustra\u00e7\u00e3o, modelagem e uso profissional com muitos aplicativos abertos.<\/p>\n\n\n\n<p>O iPad Air costuma ser o meio termo mais equilibrado. Ele entrega um desempenho bem acima do b\u00e1sico, tem design leve e uma tela confort\u00e1vel para trabalhar e se divertir. Para muita gente, ele \u00e9 o modelo que mais faz sentido porque n\u00e3o \u00e9 o mais caro, mas tamb\u00e9m n\u00e3o fica limitado r\u00e1pido.<\/p>\n\n\n\n<p>J\u00e1 o iPad \u201cde entrada\u201d costuma ser o caminho mais barato para come\u00e7ar. Ele atende muito bem tarefas comuns, como estudos, consumo de conte\u00fado, videoconfer\u00eancias e apps do dia a dia.<\/p>\n\n\n\n<h2 class=\"wp-block-heading\">2. Compare as especifica\u00e7\u00f5es que realmente mudam a experi\u00eancia<\/h2>\n\n\n\n<p>Na compara\u00e7\u00e3o de iPads, algumas especifica\u00e7\u00f5es fazem diferen\u00e7a de verdade no uso di\u00e1rio.<\/p>\n\n\n\n<p>A tela \u00e9 uma delas. Em termos simples, todos s\u00e3o bons para ver conte\u00fado, mas as linhas mais avan\u00e7adas trazem tecnologias melhores de brilho, contraste e fluidez, o que pesa muito para quem trabalha com imagem, desenha ou usa por muitas horas seguidas.<\/p>\n\n\n\n<p>O processador tamb\u00e9m muda tudo. Chips mais novos deixam o iPad mais r\u00e1pido hoje e, principalmente, ajudam a manter o desempenho bem por mais anos. Se voc\u00ea quer longevidade, vale prestar aten\u00e7\u00e3o nessa parte.<\/p>\n\n\n\n<p>O armazenamento precisa combinar com seu perfil. Se voc\u00ea guarda muitos arquivos, v\u00eddeos, fotos, jogos ou trabalha com projetos pesados, pouco espa\u00e7o vira frustra\u00e7\u00e3o rapidamente. Para uso leve, d\u00e1 para viver com menos, mas para uso profissional o ideal \u00e9 j\u00e1 comprar pensando no futuro.<\/p>\n\n\n\n<p>Outro ponto \u00e9 a compatibilidade com acess\u00f3rios. Apple Pencil e teclados mudam completamente o que o iPad consegue fazer, mas nem todo acess\u00f3rio funciona com todo modelo. Essa checagem evita gastar com algo que n\u00e3o encaixa no seu iPad.<\/p>\n\n\n\n<h2 class=\"wp-block-heading\">3. Or\u00e7amento e custo benef\u00edcio: o pre\u00e7o n\u00e3o \u00e9 s\u00f3 o da etiqueta<\/h2>\n\n\n\n<p>O valor do iPad varia bastante entre modelos e gera\u00e7\u00f5es. \u00c9 comum existir uma diferen\u00e7a grande entre um iPad b\u00e1sico e um Pro, por exemplo. Por isso, mais importante do que buscar o \u201cmais barato\u201d \u00e9 entender o que voc\u00ea est\u00e1 levando pelo pre\u00e7o.<\/p>\n\n\n\n<p>Uma compra com bom custo benef\u00edcio geralmente considera quanto tempo o aparelho vai te atender bem e por quanto tempo ele deve continuar recebendo atualiza\u00e7\u00f5es de sistema. Um modelo um pouco mais caro pode acabar valendo mais se durar mais anos com bom desempenho.<\/p>\n\n\n\n<p>Tamb\u00e9m ajuda comparar pre\u00e7os em diferentes lojas e ficar de olho em promo\u00e7\u00f5es, principalmente em modelos que ainda s\u00e3o excelentes, mas j\u00e1 n\u00e3o s\u00e3o o lan\u00e7amento do momento.<\/p>\n\n\n\n<h2 class=\"wp-block-heading\">4. Defina seu uso antes de escolher o modelo<\/h2>\n\n\n\n<p>Esse passo evita erro na maioria das compras.<\/p>\n\n\n\n<p>Se o foco for estudo, leitura, anota\u00e7\u00f5es e tarefas comuns, um iPad b\u00e1sico ou um Air costuma dar conta muito bem, principalmente se voc\u00ea pretende usar caneta e teclado.<\/p>\n\n\n\n<p>Se o objetivo for trabalho criativo e profissional, como design, edi\u00e7\u00e3o de v\u00eddeo, fotografia e ilustra\u00e7\u00e3o, o iPad Pro tende a fazer mais sentido. A tela, a pot\u00eancia e o suporte a acess\u00f3rios mais avan\u00e7ados ajudam bastante nesse cen\u00e1rio.<\/p>\n\n\n\n<p>Se voc\u00ea quer algo pequeno para levar para todo lado, o mini \u00e9 aquele tipo de escolha que surpreende pela praticidade.<\/p>\n\n\n\n<h2 class=\"wp-block-heading\">5. Acess\u00f3rios e compatibilidade: onde muita gente erra<\/h2>\n\n\n\n<p>Um iPad pode virar quase um caderno, um est\u00fadio ou um mini notebook dependendo dos acess\u00f3rios, mas \u00e9 a\u00ed que a compatibilidade precisa ser conferida com cuidado.<\/p>\n\n\n\n<p>O Apple Pencil \u00e9 um divisor de \u00e1guas para quem desenha, faz anota\u00e7\u00f5es e trabalha com escrita \u00e0 m\u00e3o, mas existem gera\u00e7\u00f5es diferentes da caneta e cada uma funciona com modelos espec\u00edficos.<\/p>\n\n\n\n<p>Os teclados tamb\u00e9m mudam o uso. Alguns deixam o iPad bem pr\u00f3ximo de um notebook, com digita\u00e7\u00e3o confort\u00e1vel e, em certos casos, trackpad. S\u00f3 que o encaixe e o suporte variam conforme o tamanho e a linha do iPad.<\/p>\n\n\n\n<p>Capas e adaptadores entram como itens bem pr\u00e1ticos. Uma boa capa com suporte melhora muito o conforto para estudar e assistir. Adaptadores podem ser essenciais se voc\u00ea pretende conectar telas, pendrives, c\u00e2meras ou outros dispositivos.<\/p>\n\n\n\n<h2 class=\"wp-block-heading\">Fechando a escolha<\/h2>\n\n\n\n<p>O melhor iPad n\u00e3o \u00e9 o mais caro nem o mais novo, \u00e9 o que encaixa no seu uso sem te limitar e sem te fazer pagar por recursos que voc\u00ea nunca vai aproveitar.<\/p>\n\n\n\n<p>Se voc\u00ea definir seu objetivo, comparar processador, tela, armazenamento e compatibilidade com acess\u00f3rios, sua chance de acertar cresce muito e o iPad vira uma compra que realmente vale a pena.<\/p>\n\n\n\n<p>Fonte: <a href=\"https:\/\/www.brasil247.com\/parceiros\/o-que-levar-em-conta-ao-escolher-o-melhor-ipad\">https:\/\/www.brasil247.com\/parceiros\/o-que-levar-em-conta-ao-escolher-o-melhor-ipad<\/a><\/p>\n","protected":false},"excerpt":{"rendered":"<p>Quando voc\u00ea come\u00e7a a procurar o melhor iPad, a sensa\u00e7\u00e3o \u00e9 de que todo modelo parece bom. E, de certa forma, \u00e9 verdade. A diferen\u00e7a est\u00e1 em qual deles combina com o seu jeito de usar: estudar, trabalhar, desenhar, editar v\u00eddeos, consumir conte\u00fado ou simplesmente ter um aparelho leve para o dia a dia. Antes \u2026<\/p>\n","protected":false},"author":2,"featured_media":5409,"comment_status":"closed","ping_status":"open","sticky":false,"template":"","format":"standard","meta":{"footnotes":""},"categories":[4],"tags":[],"class_list":["post-5410","post","type-post","status-publish","format-standard","has-post-thumbnail","hentry","category-geral"],"yoast_head":"<!-- This site is optimized with the Yoast SEO plugin v25.5 - https:\/\/yoast.com\/wordpress\/plugins\/seo\/ -->\n<title>O que considerar na hora de escolher o melhor iPad - Portal do Estado<\/title>\n<meta name=\"robots\" content=\"index, follow, max-snippet:-1, max-image-preview:large, max-video-preview:-1\" \/>\n<link rel=\"canonical\" href=\"https:\/\/portaldoestado.com.br\/index.php\/2026\/01\/06\/o-que-considerar-na-hora-de-escolher-o-melhor-ipad\/\" \/>\n<meta property=\"og:locale\" content=\"pt_BR\" \/>\n<meta property=\"og:type\" content=\"article\" \/>\n<meta property=\"og:title\" content=\"O que considerar na hora de escolher o melhor iPad - Portal do Estado\" \/>\n<meta property=\"og:description\" content=\"Quando voc\u00ea come\u00e7a a procurar o melhor iPad, a sensa\u00e7\u00e3o \u00e9 de que todo modelo parece bom. E, de certa forma, \u00e9 verdade. A diferen\u00e7a est\u00e1 em qual deles combina com o seu jeito de usar: estudar, trabalhar, desenhar, editar v\u00eddeos, consumir conte\u00fado ou simplesmente ter um aparelho leve para o dia a dia. Antes \u2026\" \/>\n<meta property=\"og:url\" content=\"https:\/\/portaldoestado.com.br\/index.php\/2026\/01\/06\/o-que-considerar-na-hora-de-escolher-o-melhor-ipad\/\" \/>\n<meta property=\"og:site_name\" content=\"Portal do Estado\" \/>\n<meta property=\"article:published_time\" content=\"2026-01-06T15:53:48+00:00\" \/>\n<meta property=\"og:image\" content=\"https:\/\/portaldoestado.com.br\/wp-content\/uploads\/2026\/01\/2025040712048_e80680cdad11d5a04d2e93cd34b0eb779684a3f4d3dda8da8186fb52a0285b78.jpg\" \/>\n\t<meta property=\"og:image:width\" content=\"1280\" \/>\n\t<meta property=\"og:image:height\" content=\"704\" \/>\n\t<meta property=\"og:image:type\" content=\"image\/jpeg\" \/>\n<meta name=\"author\" content=\"assessoriadefamosos\" \/>\n<meta name=\"twitter:card\" content=\"summary_large_image\" \/>\n<meta name=\"twitter:label1\" content=\"Escrito por\" \/>\n\t<meta name=\"twitter:data1\" content=\"assessoriadefamosos\" \/>\n\t<meta name=\"twitter:label2\" content=\"Est. tempo de leitura\" \/>\n\t<meta name=\"twitter:data2\" content=\"5 minutos\" \/>\n<script type=\"application\/ld+json\" class=\"yoast-schema-graph\">{\"@context\":\"https:\/\/schema.org\",\"@graph\":[{\"@type\":\"Article\",\"@id\":\"https:\/\/portaldoestado.com.br\/index.php\/2026\/01\/06\/o-que-considerar-na-hora-de-escolher-o-melhor-ipad\/#article\",\"isPartOf\":{\"@id\":\"https:\/\/portaldoestado.com.br\/index.php\/2026\/01\/06\/o-que-considerar-na-hora-de-escolher-o-melhor-ipad\/\"},\"author\":{\"name\":\"assessoriadefamosos\",\"@id\":\"https:\/\/portaldoestado.com.br\/#\/schema\/person\/5ca0174f3c8c84b59da62ea14b698cb9\"},\"headline\":\"O que considerar na hora de escolher o melhor iPad\",\"datePublished\":\"2026-01-06T15:53:48+00:00\",\"mainEntityOfPage\":{\"@id\":\"https:\/\/portaldoestado.com.br\/index.php\/2026\/01\/06\/o-que-considerar-na-hora-de-escolher-o-melhor-ipad\/\"},\"wordCount\":987,\"publisher\":{\"@id\":\"https:\/\/portaldoestado.com.br\/#organization\"},\"image\":{\"@id\":\"https:\/\/portaldoestado.com.br\/index.php\/2026\/01\/06\/o-que-considerar-na-hora-de-escolher-o-melhor-ipad\/#primaryimage\"},\"thumbnailUrl\":\"https:\/\/portaldoestado.com.br\/wp-content\/uploads\/2026\/01\/2025040712048_e80680cdad11d5a04d2e93cd34b0eb779684a3f4d3dda8da8186fb52a0285b78.jpg\",\"articleSection\":[\"Geral\"],\"inLanguage\":\"pt-BR\"},{\"@type\":\"WebPage\",\"@id\":\"https:\/\/portaldoestado.com.br\/index.php\/2026\/01\/06\/o-que-considerar-na-hora-de-escolher-o-melhor-ipad\/\",\"url\":\"https:\/\/portaldoestado.com.br\/index.php\/2026\/01\/06\/o-que-considerar-na-hora-de-escolher-o-melhor-ipad\/\",\"name\":\"O que considerar na hora de escolher o melhor iPad - Portal do Estado\",\"isPartOf\":{\"@id\":\"https:\/\/portaldoestado.com.br\/#website\"},\"primaryImageOfPage\":{\"@id\":\"https:\/\/portaldoestado.com.br\/index.php\/2026\/01\/06\/o-que-considerar-na-hora-de-escolher-o-melhor-ipad\/#primaryimage\"},\"image\":{\"@id\":\"https:\/\/portaldoestado.com.br\/index.php\/2026\/01\/06\/o-que-considerar-na-hora-de-escolher-o-melhor-ipad\/#primaryimage\"},\"thumbnailUrl\":\"https:\/\/portaldoestado.com.br\/wp-content\/uploads\/2026\/01\/2025040712048_e80680cdad11d5a04d2e93cd34b0eb779684a3f4d3dda8da8186fb52a0285b78.jpg\",\"datePublished\":\"2026-01-06T15:53:48+00:00\",\"breadcrumb\":{\"@id\":\"https:\/\/portaldoestado.com.br\/index.php\/2026\/01\/06\/o-que-considerar-na-hora-de-escolher-o-melhor-ipad\/#breadcrumb\"},\"inLanguage\":\"pt-BR\",\"potentialAction\":[{\"@type\":\"ReadAction\",\"target\":[\"https:\/\/portaldoestado.com.br\/index.php\/2026\/01\/06\/o-que-considerar-na-hora-de-escolher-o-melhor-ipad\/\"]}]},{\"@type\":\"ImageObject\",\"inLanguage\":\"pt-BR\",\"@id\":\"https:\/\/portaldoestado.com.br\/index.php\/2026\/01\/06\/o-que-considerar-na-hora-de-escolher-o-melhor-ipad\/#primaryimage\",\"url\":\"https:\/\/portaldoestado.com.br\/wp-content\/uploads\/2026\/01\/2025040712048_e80680cdad11d5a04d2e93cd34b0eb779684a3f4d3dda8da8186fb52a0285b78.jpg\",\"contentUrl\":\"https:\/\/portaldoestado.com.br\/wp-content\/uploads\/2026\/01\/2025040712048_e80680cdad11d5a04d2e93cd34b0eb779684a3f4d3dda8da8186fb52a0285b78.jpg\",\"width\":1280,\"height\":704},{\"@type\":\"BreadcrumbList\",\"@id\":\"https:\/\/portaldoestado.com.br\/index.php\/2026\/01\/06\/o-que-considerar-na-hora-de-escolher-o-melhor-ipad\/#breadcrumb\",\"itemListElement\":[{\"@type\":\"ListItem\",\"position\":1,\"name\":\"In\u00edcio\",\"item\":\"https:\/\/portaldoestado.com.br\/\"},{\"@type\":\"ListItem\",\"position\":2,\"name\":\"O que considerar na hora de escolher o melhor iPad\"}]},{\"@type\":\"WebSite\",\"@id\":\"https:\/\/portaldoestado.com.br\/#website\",\"url\":\"https:\/\/portaldoestado.com.br\/\",\"name\":\"Portal do Estado\",\"description\":\"\",\"publisher\":{\"@id\":\"https:\/\/portaldoestado.com.br\/#organization\"},\"potentialAction\":[{\"@type\":\"SearchAction\",\"target\":{\"@type\":\"EntryPoint\",\"urlTemplate\":\"https:\/\/portaldoestado.com.br\/?s={search_term_string}\"},\"query-input\":{\"@type\":\"PropertyValueSpecification\",\"valueRequired\":true,\"valueName\":\"search_term_string\"}}],\"inLanguage\":\"pt-BR\"},{\"@type\":\"Organization\",\"@id\":\"https:\/\/portaldoestado.com.br\/#organization\",\"name\":\"Portal do Estado\",\"url\":\"https:\/\/portaldoestado.com.br\/\",\"logo\":{\"@type\":\"ImageObject\",\"inLanguage\":\"pt-BR\",\"@id\":\"https:\/\/portaldoestado.com.br\/#\/schema\/logo\/image\/\",\"url\":\"https:\/\/portaldoestado.com.br\/wp-content\/uploads\/2025\/04\/cropped-6f69b19a-6472-43bf-b1b3-e1910bbbd4e8.png\",\"contentUrl\":\"https:\/\/portaldoestado.com.br\/wp-content\/uploads\/2025\/04\/cropped-6f69b19a-6472-43bf-b1b3-e1910bbbd4e8.png\",\"width\":1024,\"height\":350,\"caption\":\"Portal do Estado\"},\"image\":{\"@id\":\"https:\/\/portaldoestado.com.br\/#\/schema\/logo\/image\/\"}},{\"@type\":\"Person\",\"@id\":\"https:\/\/portaldoestado.com.br\/#\/schema\/person\/5ca0174f3c8c84b59da62ea14b698cb9\",\"name\":\"assessoriadefamosos\",\"image\":{\"@type\":\"ImageObject\",\"inLanguage\":\"pt-BR\",\"@id\":\"https:\/\/portaldoestado.com.br\/#\/schema\/person\/image\/\",\"url\":\"https:\/\/secure.gravatar.com\/avatar\/a7acbdffcfbbae7240e59f47fe511ec5f5d8c252c779f0b8d9ab02a9e1d8c5ed?s=96&d=mm&r=g\",\"contentUrl\":\"https:\/\/secure.gravatar.com\/avatar\/a7acbdffcfbbae7240e59f47fe511ec5f5d8c252c779f0b8d9ab02a9e1d8c5ed?s=96&d=mm&r=g\",\"caption\":\"assessoriadefamosos\"},\"url\":\"https:\/\/portaldoestado.com.br\/index.php\/author\/assessoriadefamosos\/\"}]}<\/script>\n<!-- \/ Yoast SEO plugin. -->","yoast_head_json":{"title":"O que considerar na hora de escolher o melhor iPad - Portal do Estado","robots":{"index":"index","follow":"follow","max-snippet":"max-snippet:-1","max-image-preview":"max-image-preview:large","max-video-preview":"max-video-preview:-1"},"canonical":"https:\/\/portaldoestado.com.br\/index.php\/2026\/01\/06\/o-que-considerar-na-hora-de-escolher-o-melhor-ipad\/","og_locale":"pt_BR","og_type":"article","og_title":"O que considerar na hora de escolher o melhor iPad - Portal do Estado","og_description":"Quando voc\u00ea come\u00e7a a procurar o melhor iPad, a sensa\u00e7\u00e3o \u00e9 de que todo modelo parece bom. E, de certa forma, \u00e9 verdade. A diferen\u00e7a est\u00e1 em qual deles combina com o seu jeito de usar: estudar, trabalhar, desenhar, editar v\u00eddeos, consumir conte\u00fado ou simplesmente ter um aparelho leve para o dia a dia. Antes \u2026","og_url":"https:\/\/portaldoestado.com.br\/index.php\/2026\/01\/06\/o-que-considerar-na-hora-de-escolher-o-melhor-ipad\/","og_site_name":"Portal do Estado","article_published_time":"2026-01-06T15:53:48+00:00","og_image":[{"width":1280,"height":704,"url":"https:\/\/portaldoestado.com.br\/wp-content\/uploads\/2026\/01\/2025040712048_e80680cdad11d5a04d2e93cd34b0eb779684a3f4d3dda8da8186fb52a0285b78.jpg","type":"image\/jpeg"}],"author":"assessoriadefamosos","twitter_card":"summary_large_image","twitter_misc":{"Escrito por":"assessoriadefamosos","Est. tempo de leitura":"5 minutos"},"schema":{"@context":"https:\/\/schema.org","@graph":[{"@type":"Article","@id":"https:\/\/portaldoestado.com.br\/index.php\/2026\/01\/06\/o-que-considerar-na-hora-de-escolher-o-melhor-ipad\/#article","isPartOf":{"@id":"https:\/\/portaldoestado.com.br\/index.php\/2026\/01\/06\/o-que-considerar-na-hora-de-escolher-o-melhor-ipad\/"},"author":{"name":"assessoriadefamosos","@id":"https:\/\/portaldoestado.com.br\/#\/schema\/person\/5ca0174f3c8c84b59da62ea14b698cb9"},"headline":"O que considerar na hora de escolher o melhor iPad","datePublished":"2026-01-06T15:53:48+00:00","mainEntityOfPage":{"@id":"https:\/\/portaldoestado.com.br\/index.php\/2026\/01\/06\/o-que-considerar-na-hora-de-escolher-o-melhor-ipad\/"},"wordCount":987,"publisher":{"@id":"https:\/\/portaldoestado.com.br\/#organization"},"image":{"@id":"https:\/\/portaldoestado.com.br\/index.php\/2026\/01\/06\/o-que-considerar-na-hora-de-escolher-o-melhor-ipad\/#primaryimage"},"thumbnailUrl":"https:\/\/portaldoestado.com.br\/wp-content\/uploads\/2026\/01\/2025040712048_e80680cdad11d5a04d2e93cd34b0eb779684a3f4d3dda8da8186fb52a0285b78.jpg","articleSection":["Geral"],"inLanguage":"pt-BR"},{"@type":"WebPage","@id":"https:\/\/portaldoestado.com.br\/index.php\/2026\/01\/06\/o-que-considerar-na-hora-de-escolher-o-melhor-ipad\/","url":"https:\/\/portaldoestado.com.br\/index.php\/2026\/01\/06\/o-que-considerar-na-hora-de-escolher-o-melhor-ipad\/","name":"O que considerar na hora de escolher o melhor iPad - Portal do Estado","isPartOf":{"@id":"https:\/\/portaldoestado.com.br\/#website"},"primaryImageOfPage":{"@id":"https:\/\/portaldoestado.com.br\/index.php\/2026\/01\/06\/o-que-considerar-na-hora-de-escolher-o-melhor-ipad\/#primaryimage"},"image":{"@id":"https:\/\/portaldoestado.com.br\/index.php\/2026\/01\/06\/o-que-considerar-na-hora-de-escolher-o-melhor-ipad\/#primaryimage"},"thumbnailUrl":"https:\/\/portaldoestado.com.br\/wp-content\/uploads\/2026\/01\/2025040712048_e80680cdad11d5a04d2e93cd34b0eb779684a3f4d3dda8da8186fb52a0285b78.jpg","datePublished":"2026-01-06T15:53:48+00:00","breadcrumb":{"@id":"https:\/\/portaldoestado.com.br\/index.php\/2026\/01\/06\/o-que-considerar-na-hora-de-escolher-o-melhor-ipad\/#breadcrumb"},"inLanguage":"pt-BR","potentialAction":[{"@type":"ReadAction","target":["https:\/\/portaldoestado.com.br\/index.php\/2026\/01\/06\/o-que-considerar-na-hora-de-escolher-o-melhor-ipad\/"]}]},{"@type":"ImageObject","inLanguage":"pt-BR","@id":"https:\/\/portaldoestado.com.br\/index.php\/2026\/01\/06\/o-que-considerar-na-hora-de-escolher-o-melhor-ipad\/#primaryimage","url":"https:\/\/portaldoestado.com.br\/wp-content\/uploads\/2026\/01\/2025040712048_e80680cdad11d5a04d2e93cd34b0eb779684a3f4d3dda8da8186fb52a0285b78.jpg","contentUrl":"https:\/\/portaldoestado.com.br\/wp-content\/uploads\/2026\/01\/2025040712048_e80680cdad11d5a04d2e93cd34b0eb779684a3f4d3dda8da8186fb52a0285b78.jpg","width":1280,"height":704},{"@type":"BreadcrumbList","@id":"https:\/\/portaldoestado.com.br\/index.php\/2026\/01\/06\/o-que-considerar-na-hora-de-escolher-o-melhor-ipad\/#breadcrumb","itemListElement":[{"@type":"ListItem","position":1,"name":"In\u00edcio","item":"https:\/\/portaldoestado.com.br\/"},{"@type":"ListItem","position":2,"name":"O que considerar na hora de escolher o melhor iPad"}]},{"@type":"WebSite","@id":"https:\/\/portaldoestado.com.br\/#website","url":"https:\/\/portaldoestado.com.br\/","name":"Portal do Estado","description":"","publisher":{"@id":"https:\/\/portaldoestado.com.br\/#organization"},"potentialAction":[{"@type":"SearchAction","target":{"@type":"EntryPoint","urlTemplate":"https:\/\/portaldoestado.com.br\/?s={search_term_string}"},"query-input":{"@type":"PropertyValueSpecification","valueRequired":true,"valueName":"search_term_string"}}],"inLanguage":"pt-BR"},{"@type":"Organization","@id":"https:\/\/portaldoestado.com.br\/#organization","name":"Portal do Estado","url":"https:\/\/portaldoestado.com.br\/","logo":{"@type":"ImageObject","inLanguage":"pt-BR","@id":"https:\/\/portaldoestado.com.br\/#\/schema\/logo\/image\/","url":"https:\/\/portaldoestado.com.br\/wp-content\/uploads\/2025\/04\/cropped-6f69b19a-6472-43bf-b1b3-e1910bbbd4e8.png","contentUrl":"https:\/\/portaldoestado.com.br\/wp-content\/uploads\/2025\/04\/cropped-6f69b19a-6472-43bf-b1b3-e1910bbbd4e8.png","width":1024,"height":350,"caption":"Portal do Estado"},"image":{"@id":"https:\/\/portaldoestado.com.br\/#\/schema\/logo\/image\/"}},{"@type":"Person","@id":"https:\/\/portaldoestado.com.br\/#\/schema\/person\/5ca0174f3c8c84b59da62ea14b698cb9","name":"assessoriadefamosos","image":{"@type":"ImageObject","inLanguage":"pt-BR","@id":"https:\/\/portaldoestado.com.br\/#\/schema\/person\/image\/","url":"https:\/\/secure.gravatar.com\/avatar\/a7acbdffcfbbae7240e59f47fe511ec5f5d8c252c779f0b8d9ab02a9e1d8c5ed?s=96&d=mm&r=g","contentUrl":"https:\/\/secure.gravatar.com\/avatar\/a7acbdffcfbbae7240e59f47fe511ec5f5d8c252c779f0b8d9ab02a9e1d8c5ed?s=96&d=mm&r=g","caption":"assessoriadefamosos"},"url":"https:\/\/portaldoestado.com.br\/index.php\/author\/assessoriadefamosos\/"}]}},"jetpack_featured_media_url":"https:\/\/portaldoestado.com.br\/wp-content\/uploads\/2026\/01\/2025040712048_e80680cdad11d5a04d2e93cd34b0eb779684a3f4d3dda8da8186fb52a0285b78.jpg","_links":{"self":[{"href":"https:\/\/portaldoestado.com.br\/index.php\/wp-json\/wp\/v2\/posts\/5410","targetHints":{"allow":["GET"]}}],"collection":[{"href":"https:\/\/portaldoestado.com.br\/index.php\/wp-json\/wp\/v2\/posts"}],"about":[{"href":"https:\/\/portaldoestado.com.br\/index.php\/wp-json\/wp\/v2\/types\/post"}],"author":[{"embeddable":true,"href":"https:\/\/portaldoestado.com.br\/index.php\/wp-json\/wp\/v2\/users\/2"}],"replies":[{"embeddable":true,"href":"https:\/\/portaldoestado.com.br\/index.php\/wp-json\/wp\/v2\/comments?post=5410"}],"version-history":[{"count":1,"href":"https:\/\/portaldoestado.com.br\/index.php\/wp-json\/wp\/v2\/posts\/5410\/revisions"}],"predecessor-version":[{"id":5411,"href":"https:\/\/portaldoestado.com.br\/index.php\/wp-json\/wp\/v2\/posts\/5410\/revisions\/5411"}],"wp:featuredmedia":[{"embeddable":true,"href":"https:\/\/portaldoestado.com.br\/index.php\/wp-json\/wp\/v2\/media\/5409"}],"wp:attachment":[{"href":"https:\/\/portaldoestado.com.br\/index.php\/wp-json\/wp\/v2\/media?parent=5410"}],"wp:term":[{"taxonomy":"category","embeddable":true,"href":"https:\/\/portaldoestado.com.br\/index.php\/wp-json\/wp\/v2\/categories?post=5410"},{"taxonomy":"post_tag","embeddable":true,"href":"https:\/\/portaldoestado.com.br\/index.php\/wp-json\/wp\/v2\/tags?post=5410"}],"curies":[{"name":"wp","href":"https:\/\/api.w.org\/{rel}","templated":true}]}}