{"id":5407,"date":"2026-01-06T15:46:24","date_gmt":"2026-01-06T15:46:24","guid":{"rendered":"https:\/\/portaldoestado.com.br\/?p=5407"},"modified":"2026-01-06T15:46:24","modified_gmt":"2026-01-06T15:46:24","slug":"como-escolher-o-melhor-ar-condicionado-custo-beneficio","status":"publish","type":"post","link":"https:\/\/portaldoestado.com.br\/index.php\/2026\/01\/06\/como-escolher-o-melhor-ar-condicionado-custo-beneficio\/","title":{"rendered":"Como escolher o melhor ar condicionado custo benef\u00edcio"},"content":{"rendered":"\n<p>Sabe aquele calor que deixa a casa abafada, dif\u00edcil at\u00e9 de dormir? Muita gente quer resolver isso sem fazer um rombo no or\u00e7amento, mas escolher um ar condicionado que seja econ\u00f4mico de verdade pode virar uma dor de cabe\u00e7a.<\/p>\n\n\n\n<p>A boa not\u00edcia \u00e9 que d\u00e1, sim, para climatizar bem gastando menos. O ponto \u00e9 encontrar equil\u00edbrio entre pre\u00e7o de compra, consumo de energia e durabilidade. N\u00e3o adianta pagar barato e depois se assustar com a conta de luz ou com manuten\u00e7\u00e3o constante.<\/p>\n\n\n\n<p>Existem modelos conhecidos por entregar uma boa rela\u00e7\u00e3o custo benef\u00edcio, como o Samsung WindFree, o Midea HW Inverter Springer e o Elgin Eco High Wall Inverter II. No fim, o melhor para voc\u00ea vai ser o que resfria bem o seu ambiente, consome pouco e cabe no seu bolso.<\/p>\n\n\n\n<p>E, na maioria das casas, o tipo split costuma ser a escolha mais eficiente para unir conforto e economia.<\/p>\n\n\n\n<h2 class=\"wp-block-heading\">O que avaliar antes de comprar<\/h2>\n\n\n\n<p>Escolher bem come\u00e7a pelo seu espa\u00e7o. Tamanho do c\u00f4modo, sol batendo direto, quantidade de pessoas e at\u00e9 a quantidade de eletr\u00f4nicos ligados fazem diferen\u00e7a no desempenho e no gasto de energia.<\/p>\n\n\n\n<p>O ponto mais importante \u00e9 acertar a capacidade de resfriamento. Um aparelho fraco vai trabalhar no limite e gastar mais. Um aparelho forte demais pode custar mais caro sem necessidade e tamb\u00e9m n\u00e3o significa economia.<\/p>\n\n\n\n<h2 class=\"wp-block-heading\">Como calcular BTU por m\u00b2<\/h2>\n\n\n\n<p>Para ter uma base r\u00e1pida, d\u00e1 para usar uma regra simples:<\/p>\n\n\n\n<p>At\u00e9 15 m\u00b2: 9.000 BTUs\nAt\u00e9 25 m\u00b2: 12.000 BTUs\nAt\u00e9 35 m\u00b2: 18.000 BTUs\nAt\u00e9 50 m\u00b2: 24.000 BTUs<\/p>\n\n\n\n<p>Outra forma de estimar \u00e9 multiplicar a \u00e1rea do ambiente por 600 BTUs, como um ponto de partida para resid\u00eancias comuns.<\/p>\n\n\n\n<h2 class=\"wp-block-heading\">O que pode aumentar a pot\u00eancia necess\u00e1ria<\/h2>\n\n\n\n<p>Alguns fatores pedem mais BTU do que o c\u00e1lculo b\u00e1sico sugere. Se o sol bate forte nas janelas por horas, o ambiente esquenta mais. Se ficam v\u00e1rias pessoas no mesmo c\u00f4modo, o calor sobe. Muitos aparelhos eletr\u00f4nicos ligados tamb\u00e9m elevam a temperatura. P\u00e9 direito alto, acima de 2,7 m, aumenta o volume de ar a resfriar. Isolamento t\u00e9rmico ruim, com muita entrada de calor, tamb\u00e9m pesa.<\/p>\n\n\n\n<p>Al\u00e9m disso, vale olhar a etiqueta de efici\u00eancia. A classifica\u00e7\u00e3o do Inmetro vai de A a G, e modelos com selo mais econ\u00f4mico costumam aliviar bastante o consumo mensal.<\/p>\n\n\n\n<h2 class=\"wp-block-heading\">Como escolher na pr\u00e1tica sem cair em pegadinha<\/h2>\n\n\n\n<p>Na hora de comparar modelos, o que mais muda o jogo \u00e9 a tecnologia do compressor.<\/p>\n\n\n\n<h2 class=\"wp-block-heading\">Por que o Inverter costuma valer mais a pena<\/h2>\n\n\n\n<p>A tecnologia inverter ajusta o compressor de forma cont\u00ednua, mantendo a temperatura com menos esfor\u00e7o. Em vez daquele liga e desliga toda hora, ele trabalha de maneira mais est\u00e1vel, o que tende a reduzir o consumo e deixar o funcionamento mais silencioso.<\/p>\n\n\n\n<p>Para quem usa o ar condicionado com frequ\u00eancia, especialmente todo dia, o inverter normalmente compensa no m\u00e9dio e longo prazo.<\/p>\n\n\n\n<h2 class=\"wp-block-heading\">Quando o modelo convencional pode fazer sentido<\/h2>\n\n\n\n<p>Se a ideia \u00e9 usar pouco, s\u00f3 em dias muito quentes, ou por poucas horas, um modelo convencional pode ser uma alternativa por ter pre\u00e7o inicial menor. O problema \u00e9 que ele tende a consumir mais energia quando comparado ao inverter. Ent\u00e3o a conta depende do seu padr\u00e3o de uso.<\/p>\n\n\n\n<h2 class=\"wp-block-heading\">Exemplos de modelos que costumam ser bem avaliados<\/h2>\n\n\n\n<p>O Midea HW Inverter Springer costuma chamar aten\u00e7\u00e3o por unir economia e recursos de controle, incluindo conectividade em algumas vers\u00f5es, o que ajuda a programar e ajustar sem estar perto do aparelho.<\/p>\n\n\n\n<p>O Electrolux Ecoturbo aparece como op\u00e7\u00e3o inverter com foco em economia e filtragem, e o fato de alguns modelos terem fun\u00e7\u00f5es de aquecimento e resfriamento pode ser \u00fatil para quem vive em regi\u00f5es com varia\u00e7\u00e3o de temperatura ao longo do ano.<\/p>\n\n\n\n<p>O Samsung com Digital Inverter e o sistema WindFree \u00e9 lembrado por oferecer resfriamento mais suave, reduzindo aquela sensa\u00e7\u00e3o de vento direto, al\u00e9m de trabalhar com baixo ru\u00eddo em muitos cen\u00e1rios.<\/p>\n\n\n\n<h2 class=\"wp-block-heading\">Recursos que realmente ajudam<\/h2>\n\n\n\n<p>Algumas fun\u00e7\u00f5es valem o investimento porque melhoram o uso no dia a dia. Controle por aplicativo pode ser \u00fatil para programar hor\u00e1rios e reduzir desperd\u00edcio. Modos de economia ajudam no consumo quando bem usados. Filtros com a\u00e7\u00e3o antibacteriana e sistemas de filtragem mais completos podem ser interessantes, principalmente para quem tem alergias ou convive com muita poeira.<\/p>\n\n\n\n<h2 class=\"wp-block-heading\">Recursos que s\u00f3 encarecem<\/h2>\n\n\n\n<p>Existem extras que aumentam o pre\u00e7o e acabam ficando esquecidos. Antes de pagar mais, vale pensar com sinceridade se aquele recurso vai ser usado toda semana ou se \u00e9 s\u00f3 um detalhe bonito na caixa.<\/p>\n\n\n\n<h2 class=\"wp-block-heading\">Como garantir que o investimento dure<\/h2>\n\n\n\n<p>Mesmo o melhor ar condicionado custo benef\u00edcio perde efici\u00eancia se ficar sem cuidado. Limpar os filtros com frequ\u00eancia ajuda o aparelho a trabalhar sem esfor\u00e7o. Uma revis\u00e3o peri\u00f3dica das serpentinas e uma manuten\u00e7\u00e3o preventiva no tempo certo evitam queda de desempenho e consumo maior.<\/p>\n\n\n\n<p>No uso di\u00e1rio, manter portas e janelas fechadas faz diferen\u00e7a real. E uma temperatura muito baixa costuma gastar mais sem necessidade. Em muitos casos, deixar entre 23\u00b0C e 25\u00b0C j\u00e1 traz conforto com consumo mais equilibrado.<\/p>\n\n\n\n<p>Tamb\u00e9m vale pensar no suporte da marca. Assist\u00eancia t\u00e9cnica perto, pe\u00e7as f\u00e1ceis de encontrar e rede autorizada confi\u00e1vel reduzem custo e dor de cabe\u00e7a ao longo dos anos.<\/p>\n\n\n\n<p>Se for considerar garantia estendida, compare o pre\u00e7o com o hist\u00f3rico de durabilidade da marca e o custo m\u00e9dio de reparos. \u00c0s vezes compensa, \u00e0s vezes \u00e9 s\u00f3 um gasto a mais.<\/p>\n\n\n\n<p>Um ar condicionado econ\u00f4mico de verdade \u00e9 aquele que entrega conforto com consumo controlado, sem surpresas com manuten\u00e7\u00e3o e sem te deixar na m\u00e3o quando voc\u00ea mais precisa.<\/p>\n\n\n\n<p>Fonte: <a href=\"https:\/\/didigalvao.com.br\/como-escolher-o-melhor-ar-condicionado-custo-beneficio\/\">https:\/\/didigalvao.com.br\/como-escolher-o-melhor-ar-condicionado-custo-beneficio\/<\/a><\/p>\n","protected":false},"excerpt":{"rendered":"<p>Sabe aquele calor que deixa a casa abafada, dif\u00edcil at\u00e9 de dormir? Muita gente quer resolver isso sem fazer um rombo no or\u00e7amento, mas escolher um ar condicionado que seja econ\u00f4mico de verdade pode virar uma dor de cabe\u00e7a. A boa not\u00edcia \u00e9 que d\u00e1, sim, para climatizar bem gastando menos. O ponto \u00e9 encontrar \u2026<\/p>\n","protected":false},"author":2,"featured_media":5406,"comment_status":"closed","ping_status":"open","sticky":false,"template":"","format":"standard","meta":{"footnotes":""},"categories":[4],"tags":[],"class_list":["post-5407","post","type-post","status-publish","format-standard","has-post-thumbnail","hentry","category-geral"],"yoast_head":"<!-- This site is optimized with the Yoast SEO plugin v25.5 - https:\/\/yoast.com\/wordpress\/plugins\/seo\/ -->\n<title>Como escolher o melhor ar condicionado custo benef\u00edcio - Portal do Estado<\/title>\n<meta name=\"robots\" content=\"index, follow, max-snippet:-1, max-image-preview:large, max-video-preview:-1\" \/>\n<link rel=\"canonical\" href=\"https:\/\/portaldoestado.com.br\/index.php\/2026\/01\/06\/como-escolher-o-melhor-ar-condicionado-custo-beneficio\/\" \/>\n<meta property=\"og:locale\" content=\"pt_BR\" \/>\n<meta property=\"og:type\" content=\"article\" \/>\n<meta property=\"og:title\" content=\"Como escolher o melhor ar condicionado custo benef\u00edcio - Portal do Estado\" \/>\n<meta property=\"og:description\" content=\"Sabe aquele calor que deixa a casa abafada, dif\u00edcil at\u00e9 de dormir? Muita gente quer resolver isso sem fazer um rombo no or\u00e7amento, mas escolher um ar condicionado que seja econ\u00f4mico de verdade pode virar uma dor de cabe\u00e7a. A boa not\u00edcia \u00e9 que d\u00e1, sim, para climatizar bem gastando menos. O ponto \u00e9 encontrar \u2026\" \/>\n<meta property=\"og:url\" content=\"https:\/\/portaldoestado.com.br\/index.php\/2026\/01\/06\/como-escolher-o-melhor-ar-condicionado-custo-beneficio\/\" \/>\n<meta property=\"og:site_name\" content=\"Portal do Estado\" \/>\n<meta property=\"article:published_time\" content=\"2026-01-06T15:46:24+00:00\" \/>\n<meta property=\"og:image\" content=\"https:\/\/portaldoestado.com.br\/wp-content\/uploads\/2026\/01\/IMG_2348-640x330-1.jpeg\" \/>\n\t<meta property=\"og:image:width\" content=\"640\" \/>\n\t<meta property=\"og:image:height\" content=\"330\" \/>\n\t<meta property=\"og:image:type\" content=\"image\/jpeg\" \/>\n<meta name=\"author\" content=\"assessoriadefamosos\" \/>\n<meta name=\"twitter:card\" content=\"summary_large_image\" \/>\n<meta name=\"twitter:label1\" content=\"Escrito por\" \/>\n\t<meta name=\"twitter:data1\" content=\"assessoriadefamosos\" \/>\n\t<meta name=\"twitter:label2\" content=\"Est. tempo de leitura\" \/>\n\t<meta name=\"twitter:data2\" content=\"5 minutos\" \/>\n<script type=\"application\/ld+json\" class=\"yoast-schema-graph\">{\"@context\":\"https:\/\/schema.org\",\"@graph\":[{\"@type\":\"Article\",\"@id\":\"https:\/\/portaldoestado.com.br\/index.php\/2026\/01\/06\/como-escolher-o-melhor-ar-condicionado-custo-beneficio\/#article\",\"isPartOf\":{\"@id\":\"https:\/\/portaldoestado.com.br\/index.php\/2026\/01\/06\/como-escolher-o-melhor-ar-condicionado-custo-beneficio\/\"},\"author\":{\"name\":\"assessoriadefamosos\",\"@id\":\"https:\/\/portaldoestado.com.br\/#\/schema\/person\/5ca0174f3c8c84b59da62ea14b698cb9\"},\"headline\":\"Como escolher o melhor ar condicionado custo benef\u00edcio\",\"datePublished\":\"2026-01-06T15:46:24+00:00\",\"mainEntityOfPage\":{\"@id\":\"https:\/\/portaldoestado.com.br\/index.php\/2026\/01\/06\/como-escolher-o-melhor-ar-condicionado-custo-beneficio\/\"},\"wordCount\":993,\"publisher\":{\"@id\":\"https:\/\/portaldoestado.com.br\/#organization\"},\"image\":{\"@id\":\"https:\/\/portaldoestado.com.br\/index.php\/2026\/01\/06\/como-escolher-o-melhor-ar-condicionado-custo-beneficio\/#primaryimage\"},\"thumbnailUrl\":\"https:\/\/portaldoestado.com.br\/wp-content\/uploads\/2026\/01\/IMG_2348-640x330-1.jpeg\",\"articleSection\":[\"Geral\"],\"inLanguage\":\"pt-BR\"},{\"@type\":\"WebPage\",\"@id\":\"https:\/\/portaldoestado.com.br\/index.php\/2026\/01\/06\/como-escolher-o-melhor-ar-condicionado-custo-beneficio\/\",\"url\":\"https:\/\/portaldoestado.com.br\/index.php\/2026\/01\/06\/como-escolher-o-melhor-ar-condicionado-custo-beneficio\/\",\"name\":\"Como escolher o melhor ar condicionado custo benef\u00edcio - Portal do Estado\",\"isPartOf\":{\"@id\":\"https:\/\/portaldoestado.com.br\/#website\"},\"primaryImageOfPage\":{\"@id\":\"https:\/\/portaldoestado.com.br\/index.php\/2026\/01\/06\/como-escolher-o-melhor-ar-condicionado-custo-beneficio\/#primaryimage\"},\"image\":{\"@id\":\"https:\/\/portaldoestado.com.br\/index.php\/2026\/01\/06\/como-escolher-o-melhor-ar-condicionado-custo-beneficio\/#primaryimage\"},\"thumbnailUrl\":\"https:\/\/portaldoestado.com.br\/wp-content\/uploads\/2026\/01\/IMG_2348-640x330-1.jpeg\",\"datePublished\":\"2026-01-06T15:46:24+00:00\",\"breadcrumb\":{\"@id\":\"https:\/\/portaldoestado.com.br\/index.php\/2026\/01\/06\/como-escolher-o-melhor-ar-condicionado-custo-beneficio\/#breadcrumb\"},\"inLanguage\":\"pt-BR\",\"potentialAction\":[{\"@type\":\"ReadAction\",\"target\":[\"https:\/\/portaldoestado.com.br\/index.php\/2026\/01\/06\/como-escolher-o-melhor-ar-condicionado-custo-beneficio\/\"]}]},{\"@type\":\"ImageObject\",\"inLanguage\":\"pt-BR\",\"@id\":\"https:\/\/portaldoestado.com.br\/index.php\/2026\/01\/06\/como-escolher-o-melhor-ar-condicionado-custo-beneficio\/#primaryimage\",\"url\":\"https:\/\/portaldoestado.com.br\/wp-content\/uploads\/2026\/01\/IMG_2348-640x330-1.jpeg\",\"contentUrl\":\"https:\/\/portaldoestado.com.br\/wp-content\/uploads\/2026\/01\/IMG_2348-640x330-1.jpeg\",\"width\":640,\"height\":330},{\"@type\":\"BreadcrumbList\",\"@id\":\"https:\/\/portaldoestado.com.br\/index.php\/2026\/01\/06\/como-escolher-o-melhor-ar-condicionado-custo-beneficio\/#breadcrumb\",\"itemListElement\":[{\"@type\":\"ListItem\",\"position\":1,\"name\":\"In\u00edcio\",\"item\":\"https:\/\/portaldoestado.com.br\/\"},{\"@type\":\"ListItem\",\"position\":2,\"name\":\"Como escolher o melhor ar condicionado custo benef\u00edcio\"}]},{\"@type\":\"WebSite\",\"@id\":\"https:\/\/portaldoestado.com.br\/#website\",\"url\":\"https:\/\/portaldoestado.com.br\/\",\"name\":\"Portal do Estado\",\"description\":\"\",\"publisher\":{\"@id\":\"https:\/\/portaldoestado.com.br\/#organization\"},\"potentialAction\":[{\"@type\":\"SearchAction\",\"target\":{\"@type\":\"EntryPoint\",\"urlTemplate\":\"https:\/\/portaldoestado.com.br\/?s={search_term_string}\"},\"query-input\":{\"@type\":\"PropertyValueSpecification\",\"valueRequired\":true,\"valueName\":\"search_term_string\"}}],\"inLanguage\":\"pt-BR\"},{\"@type\":\"Organization\",\"@id\":\"https:\/\/portaldoestado.com.br\/#organization\",\"name\":\"Portal do Estado\",\"url\":\"https:\/\/portaldoestado.com.br\/\",\"logo\":{\"@type\":\"ImageObject\",\"inLanguage\":\"pt-BR\",\"@id\":\"https:\/\/portaldoestado.com.br\/#\/schema\/logo\/image\/\",\"url\":\"https:\/\/portaldoestado.com.br\/wp-content\/uploads\/2025\/04\/cropped-6f69b19a-6472-43bf-b1b3-e1910bbbd4e8.png\",\"contentUrl\":\"https:\/\/portaldoestado.com.br\/wp-content\/uploads\/2025\/04\/cropped-6f69b19a-6472-43bf-b1b3-e1910bbbd4e8.png\",\"width\":1024,\"height\":350,\"caption\":\"Portal do Estado\"},\"image\":{\"@id\":\"https:\/\/portaldoestado.com.br\/#\/schema\/logo\/image\/\"}},{\"@type\":\"Person\",\"@id\":\"https:\/\/portaldoestado.com.br\/#\/schema\/person\/5ca0174f3c8c84b59da62ea14b698cb9\",\"name\":\"assessoriadefamosos\",\"image\":{\"@type\":\"ImageObject\",\"inLanguage\":\"pt-BR\",\"@id\":\"https:\/\/portaldoestado.com.br\/#\/schema\/person\/image\/\",\"url\":\"https:\/\/secure.gravatar.com\/avatar\/a7acbdffcfbbae7240e59f47fe511ec5f5d8c252c779f0b8d9ab02a9e1d8c5ed?s=96&d=mm&r=g\",\"contentUrl\":\"https:\/\/secure.gravatar.com\/avatar\/a7acbdffcfbbae7240e59f47fe511ec5f5d8c252c779f0b8d9ab02a9e1d8c5ed?s=96&d=mm&r=g\",\"caption\":\"assessoriadefamosos\"},\"url\":\"https:\/\/portaldoestado.com.br\/index.php\/author\/assessoriadefamosos\/\"}]}<\/script>\n<!-- \/ Yoast SEO plugin. -->","yoast_head_json":{"title":"Como escolher o melhor ar condicionado custo benef\u00edcio - Portal do Estado","robots":{"index":"index","follow":"follow","max-snippet":"max-snippet:-1","max-image-preview":"max-image-preview:large","max-video-preview":"max-video-preview:-1"},"canonical":"https:\/\/portaldoestado.com.br\/index.php\/2026\/01\/06\/como-escolher-o-melhor-ar-condicionado-custo-beneficio\/","og_locale":"pt_BR","og_type":"article","og_title":"Como escolher o melhor ar condicionado custo benef\u00edcio - Portal do Estado","og_description":"Sabe aquele calor que deixa a casa abafada, dif\u00edcil at\u00e9 de dormir? Muita gente quer resolver isso sem fazer um rombo no or\u00e7amento, mas escolher um ar condicionado que seja econ\u00f4mico de verdade pode virar uma dor de cabe\u00e7a. A boa not\u00edcia \u00e9 que d\u00e1, sim, para climatizar bem gastando menos. O ponto \u00e9 encontrar \u2026","og_url":"https:\/\/portaldoestado.com.br\/index.php\/2026\/01\/06\/como-escolher-o-melhor-ar-condicionado-custo-beneficio\/","og_site_name":"Portal do Estado","article_published_time":"2026-01-06T15:46:24+00:00","og_image":[{"width":640,"height":330,"url":"https:\/\/portaldoestado.com.br\/wp-content\/uploads\/2026\/01\/IMG_2348-640x330-1.jpeg","type":"image\/jpeg"}],"author":"assessoriadefamosos","twitter_card":"summary_large_image","twitter_misc":{"Escrito por":"assessoriadefamosos","Est. tempo de leitura":"5 minutos"},"schema":{"@context":"https:\/\/schema.org","@graph":[{"@type":"Article","@id":"https:\/\/portaldoestado.com.br\/index.php\/2026\/01\/06\/como-escolher-o-melhor-ar-condicionado-custo-beneficio\/#article","isPartOf":{"@id":"https:\/\/portaldoestado.com.br\/index.php\/2026\/01\/06\/como-escolher-o-melhor-ar-condicionado-custo-beneficio\/"},"author":{"name":"assessoriadefamosos","@id":"https:\/\/portaldoestado.com.br\/#\/schema\/person\/5ca0174f3c8c84b59da62ea14b698cb9"},"headline":"Como escolher o melhor ar condicionado custo benef\u00edcio","datePublished":"2026-01-06T15:46:24+00:00","mainEntityOfPage":{"@id":"https:\/\/portaldoestado.com.br\/index.php\/2026\/01\/06\/como-escolher-o-melhor-ar-condicionado-custo-beneficio\/"},"wordCount":993,"publisher":{"@id":"https:\/\/portaldoestado.com.br\/#organization"},"image":{"@id":"https:\/\/portaldoestado.com.br\/index.php\/2026\/01\/06\/como-escolher-o-melhor-ar-condicionado-custo-beneficio\/#primaryimage"},"thumbnailUrl":"https:\/\/portaldoestado.com.br\/wp-content\/uploads\/2026\/01\/IMG_2348-640x330-1.jpeg","articleSection":["Geral"],"inLanguage":"pt-BR"},{"@type":"WebPage","@id":"https:\/\/portaldoestado.com.br\/index.php\/2026\/01\/06\/como-escolher-o-melhor-ar-condicionado-custo-beneficio\/","url":"https:\/\/portaldoestado.com.br\/index.php\/2026\/01\/06\/como-escolher-o-melhor-ar-condicionado-custo-beneficio\/","name":"Como escolher o melhor ar condicionado custo benef\u00edcio - Portal do Estado","isPartOf":{"@id":"https:\/\/portaldoestado.com.br\/#website"},"primaryImageOfPage":{"@id":"https:\/\/portaldoestado.com.br\/index.php\/2026\/01\/06\/como-escolher-o-melhor-ar-condicionado-custo-beneficio\/#primaryimage"},"image":{"@id":"https:\/\/portaldoestado.com.br\/index.php\/2026\/01\/06\/como-escolher-o-melhor-ar-condicionado-custo-beneficio\/#primaryimage"},"thumbnailUrl":"https:\/\/portaldoestado.com.br\/wp-content\/uploads\/2026\/01\/IMG_2348-640x330-1.jpeg","datePublished":"2026-01-06T15:46:24+00:00","breadcrumb":{"@id":"https:\/\/portaldoestado.com.br\/index.php\/2026\/01\/06\/como-escolher-o-melhor-ar-condicionado-custo-beneficio\/#breadcrumb"},"inLanguage":"pt-BR","potentialAction":[{"@type":"ReadAction","target":["https:\/\/portaldoestado.com.br\/index.php\/2026\/01\/06\/como-escolher-o-melhor-ar-condicionado-custo-beneficio\/"]}]},{"@type":"ImageObject","inLanguage":"pt-BR","@id":"https:\/\/portaldoestado.com.br\/index.php\/2026\/01\/06\/como-escolher-o-melhor-ar-condicionado-custo-beneficio\/#primaryimage","url":"https:\/\/portaldoestado.com.br\/wp-content\/uploads\/2026\/01\/IMG_2348-640x330-1.jpeg","contentUrl":"https:\/\/portaldoestado.com.br\/wp-content\/uploads\/2026\/01\/IMG_2348-640x330-1.jpeg","width":640,"height":330},{"@type":"BreadcrumbList","@id":"https:\/\/portaldoestado.com.br\/index.php\/2026\/01\/06\/como-escolher-o-melhor-ar-condicionado-custo-beneficio\/#breadcrumb","itemListElement":[{"@type":"ListItem","position":1,"name":"In\u00edcio","item":"https:\/\/portaldoestado.com.br\/"},{"@type":"ListItem","position":2,"name":"Como escolher o melhor ar condicionado custo benef\u00edcio"}]},{"@type":"WebSite","@id":"https:\/\/portaldoestado.com.br\/#website","url":"https:\/\/portaldoestado.com.br\/","name":"Portal do Estado","description":"","publisher":{"@id":"https:\/\/portaldoestado.com.br\/#organization"},"potentialAction":[{"@type":"SearchAction","target":{"@type":"EntryPoint","urlTemplate":"https:\/\/portaldoestado.com.br\/?s={search_term_string}"},"query-input":{"@type":"PropertyValueSpecification","valueRequired":true,"valueName":"search_term_string"}}],"inLanguage":"pt-BR"},{"@type":"Organization","@id":"https:\/\/portaldoestado.com.br\/#organization","name":"Portal do Estado","url":"https:\/\/portaldoestado.com.br\/","logo":{"@type":"ImageObject","inLanguage":"pt-BR","@id":"https:\/\/portaldoestado.com.br\/#\/schema\/logo\/image\/","url":"https:\/\/portaldoestado.com.br\/wp-content\/uploads\/2025\/04\/cropped-6f69b19a-6472-43bf-b1b3-e1910bbbd4e8.png","contentUrl":"https:\/\/portaldoestado.com.br\/wp-content\/uploads\/2025\/04\/cropped-6f69b19a-6472-43bf-b1b3-e1910bbbd4e8.png","width":1024,"height":350,"caption":"Portal do Estado"},"image":{"@id":"https:\/\/portaldoestado.com.br\/#\/schema\/logo\/image\/"}},{"@type":"Person","@id":"https:\/\/portaldoestado.com.br\/#\/schema\/person\/5ca0174f3c8c84b59da62ea14b698cb9","name":"assessoriadefamosos","image":{"@type":"ImageObject","inLanguage":"pt-BR","@id":"https:\/\/portaldoestado.com.br\/#\/schema\/person\/image\/","url":"https:\/\/secure.gravatar.com\/avatar\/a7acbdffcfbbae7240e59f47fe511ec5f5d8c252c779f0b8d9ab02a9e1d8c5ed?s=96&d=mm&r=g","contentUrl":"https:\/\/secure.gravatar.com\/avatar\/a7acbdffcfbbae7240e59f47fe511ec5f5d8c252c779f0b8d9ab02a9e1d8c5ed?s=96&d=mm&r=g","caption":"assessoriadefamosos"},"url":"https:\/\/portaldoestado.com.br\/index.php\/author\/assessoriadefamosos\/"}]}},"jetpack_featured_media_url":"https:\/\/portaldoestado.com.br\/wp-content\/uploads\/2026\/01\/IMG_2348-640x330-1.jpeg","_links":{"self":[{"href":"https:\/\/portaldoestado.com.br\/index.php\/wp-json\/wp\/v2\/posts\/5407","targetHints":{"allow":["GET"]}}],"collection":[{"href":"https:\/\/portaldoestado.com.br\/index.php\/wp-json\/wp\/v2\/posts"}],"about":[{"href":"https:\/\/portaldoestado.com.br\/index.php\/wp-json\/wp\/v2\/types\/post"}],"author":[{"embeddable":true,"href":"https:\/\/portaldoestado.com.br\/index.php\/wp-json\/wp\/v2\/users\/2"}],"replies":[{"embeddable":true,"href":"https:\/\/portaldoestado.com.br\/index.php\/wp-json\/wp\/v2\/comments?post=5407"}],"version-history":[{"count":1,"href":"https:\/\/portaldoestado.com.br\/index.php\/wp-json\/wp\/v2\/posts\/5407\/revisions"}],"predecessor-version":[{"id":5408,"href":"https:\/\/portaldoestado.com.br\/index.php\/wp-json\/wp\/v2\/posts\/5407\/revisions\/5408"}],"wp:featuredmedia":[{"embeddable":true,"href":"https:\/\/portaldoestado.com.br\/index.php\/wp-json\/wp\/v2\/media\/5406"}],"wp:attachment":[{"href":"https:\/\/portaldoestado.com.br\/index.php\/wp-json\/wp\/v2\/media?parent=5407"}],"wp:term":[{"taxonomy":"category","embeddable":true,"href":"https:\/\/portaldoestado.com.br\/index.php\/wp-json\/wp\/v2\/categories?post=5407"},{"taxonomy":"post_tag","embeddable":true,"href":"https:\/\/portaldoestado.com.br\/index.php\/wp-json\/wp\/v2\/tags?post=5407"}],"curies":[{"name":"wp","href":"https:\/\/api.w.org\/{rel}","templated":true}]}}