{"id":5401,"date":"2026-01-06T15:38:19","date_gmt":"2026-01-06T15:38:19","guid":{"rendered":"https:\/\/portaldoestado.com.br\/?p=5401"},"modified":"2026-01-06T15:38:19","modified_gmt":"2026-01-06T15:38:19","slug":"por-que-as-cafeteiras-automaticas-mudaram-a-rotina-do-cafe-em-casa","status":"publish","type":"post","link":"https:\/\/portaldoestado.com.br\/index.php\/2026\/01\/06\/por-que-as-cafeteiras-automaticas-mudaram-a-rotina-do-cafe-em-casa\/","title":{"rendered":"Por que as cafeteiras autom\u00e1ticas mudaram a rotina do caf\u00e9 em casa"},"content":{"rendered":"\n<p>Sabe quando voc\u00ea acorda e s\u00f3 quer uma x\u00edcara boa, sem ter que pensar muito? Por muito tempo, caf\u00e9 \u201cde verdade\u201d em casa parecia coisa de quem tinha tempo, paci\u00eancia e um certo dom para acertar ponto, medida e temperatura.<\/p>\n\n\n\n<p>S\u00f3 que, aos poucos, isso mudou. As cafeteiras autom\u00e1ticas entraram na cozinha como quem n\u00e3o quer nada e, de repente, o caf\u00e9 do dia a dia ficou mais parecido com o de cafeteria. N\u00e3o porque todo mundo virou barista, mas porque a m\u00e1quina come\u00e7ou a fazer o trabalho chato no lugar da gente.<\/p>\n\n\n\n<h2 class=\"wp-block-heading\">Barista no bot\u00e3o, sem mist\u00e9rio<\/h2>\n\n\n\n<p>Fazer um espresso bem tirado sempre teve fama de exigente. O tipo de preparo que envolve entender moagem, press\u00e3o, tempo de extra\u00e7\u00e3o, aquecimento e at\u00e9 o humor do gr\u00e3o naquele dia. Para muita gente, era um ritual legal, mas invi\u00e1vel numa manh\u00e3 corrida.<\/p>\n\n\n\n<p>A automa\u00e7\u00e3o encurtou esse caminho. Em vez de pedir que a pessoa aprenda todas as vari\u00e1veis, a m\u00e1quina traz um conjunto de ajustes j\u00e1 calibrados para entregar um resultado consistente. \u00c9 a\u00ed que modelos de c\u00e1psulas, por exemplo, ficam populares: a dose vem pronta, vedada, e o sistema repete o mesmo padr\u00e3o de preparo com pouca margem para erro. J\u00e1 as autom\u00e1ticas \u201cgr\u00e3o a x\u00edcara\u201d v\u00e3o al\u00e9m, moem na hora e ainda assim mant\u00eam o preparo simplificado, com menos tentativa e erro.<\/p>\n\n\n\n<h2 class=\"wp-block-heading\">Consist\u00eancia que d\u00e1 paz<\/h2>\n\n\n\n<p>No preparo manual, d\u00e1 para fazer um caf\u00e9 incr\u00edvel. O problema \u00e9 fazer o mesmo caf\u00e9 incr\u00edvel todos os dias. Uma colher um pouco mais cheia, uma \u00e1gua um pouco mais quente, um tempo a mais no fogo\u2026 e pronto, o resultado muda.<\/p>\n\n\n\n<p>M\u00e1quinas autom\u00e1ticas reduzem essa varia\u00e7\u00e3o porque controlam o que a gente controla \u201cno olho\u201d e no feeling. Temperatura fica est\u00e1vel, a press\u00e3o n\u00e3o oscila do nada, o tempo de extra\u00e7\u00e3o segue o programado. Isso transforma o caf\u00e9 da manh\u00e3 em algo mais previs\u00edvel, e essa previsibilidade vira conforto. Voc\u00ea para de \u201ctorcer\u201d para sair bom.<\/p>\n\n\n\n<h2 class=\"wp-block-heading\">Um caf\u00e9 para cada pessoa da casa<\/h2>\n\n\n\n<p>Outro detalhe que pega na rotina dom\u00e9stica \u00e9 que cada um gosta de um jeito. Tem quem prefira curto e forte, tem quem queira mais longo e suave, e tem quem n\u00e3o abre m\u00e3o do leite bem cremoso.<\/p>\n\n\n\n<p>As autom\u00e1ticas mais completas salvam prefer\u00eancias e fazem isso virar um atalho. Em vez de ajustar tudo toda vez, voc\u00ea escolhe um perfil e pronto. Para fam\u00edlias, isso muda muito o uso no dia a dia, porque evita aquela mini negocia\u00e7\u00e3o matinal do tipo \u201cfaz o meu primeiro e depois o seu\u201d.<\/p>\n\n\n\n<h2 class=\"wp-block-heading\">Tempo devolvido na parte mais corrida do dia<\/h2>\n\n\n\n<p>Se voc\u00ea somar moer gr\u00e3o, aquecer \u00e1gua, preparar o m\u00e9todo, esperar, mexer, limpar e guardar, d\u00e1 para perder um bom tempo. E de manh\u00e3, tempo pesa.<\/p>\n\n\n\n<p>A cafeteira autom\u00e1tica encurta o processo para poucos passos. Voc\u00ea coloca a x\u00edcara, aperta e segue a vida. Parece pouco, mas vira um ganho di\u00e1rio que acumula. E tem um efeito indireto bem real: a manh\u00e3 come\u00e7a com menos pressa, menos bagun\u00e7a e menos sensa\u00e7\u00e3o de que tudo j\u00e1 come\u00e7ou atrasado.<\/p>\n\n\n\n<h2 class=\"wp-block-heading\">Menos desperd\u00edcio, mais controle<\/h2>\n\n\n\n<p>No caf\u00e9 feito \u201cna m\u00e3o\u201d, \u00e9 comum errar a quantidade. Faz demais, sobra, esfria, vai para a pia. Ou ent\u00e3o voc\u00ea m\u00f3i um monte de uma vez e, com o passar dos dias, o p\u00f3 perde aroma e gra\u00e7a.<\/p>\n\n\n\n<p>Sistemas por dose resolvem parte disso porque entregam por\u00e7\u00f5es mais certeiras. C\u00e1psulas s\u00e3o por\u00e7\u00e3o fechada e est\u00e1vel, e m\u00e1quinas que moem na hora tendem a usar apenas o que ser\u00e1 preparado naquele momento. Isso reduz desperd\u00edcio e mant\u00e9m o caf\u00e9 mais pr\u00f3ximo do fresco, que \u00e9 o que todo mundo procura quando fala em \u201ccheiro de caf\u00e9 bom\u201d.<\/p>\n\n\n\n<p>Do lado ambiental, a conversa fica mais delicada quando entram c\u00e1psulas, porque existe a quest\u00e3o do descarte. Ainda assim, hoje h\u00e1 marcas com programas de coleta e reciclagem, al\u00e9m de op\u00e7\u00f5es reutiliz\u00e1veis em alguns sistemas. N\u00e3o \u00e9 perfeito, mas tamb\u00e9m n\u00e3o \u00e9 mais um assunto ignorado como foi no come\u00e7o.<\/p>\n\n\n\n<h2 class=\"wp-block-heading\">Variedade de bebidas sem virar um laborat\u00f3rio<\/h2>\n\n\n\n<p>Antes, para fazer cappuccino e latte com cara de cafeteria, voc\u00ea precisava de vaporizador, leite no ponto certo e uma boa m\u00e3o para criar espuma. Na pr\u00e1tica, muita gente desistia ou fazia algo que ficava bom s\u00f3 de vez em quando.<\/p>\n\n\n\n<p>M\u00e1quinas autom\u00e1ticas com sistemas de leite facilitaram essa parte. Algumas usam reservat\u00f3rio, outras funcionam com mangueira e espuma autom\u00e1tica, e v\u00e1rias ajustam quantidade e textura sem complicar o processo. Isso abre espa\u00e7o para experimentar mais, variar a rotina e at\u00e9 descobrir prefer\u00eancias novas sem comprar um aparelho para cada coisa.<\/p>\n\n\n\n<h2 class=\"wp-block-heading\">Caf\u00e9 que entra na rotina da casa inteligente<\/h2>\n\n\n\n<p>Quando a automa\u00e7\u00e3o encontra a casa conectada, acontece aquela cena cl\u00e1ssica: voc\u00ea acorda e o caf\u00e9 j\u00e1 est\u00e1 sendo preparado, ou d\u00e1 um comando por voz enquanto est\u00e1 se arrumando.<\/p>\n\n\n\n<p>Pode parecer luxo, mas na rotina real isso vira conveni\u00eancia pura, principalmente para quem vive no modo \u201ccorreria\u201d. A m\u00e1quina deixa de ser um eletrodom\u00e9stico que exige aten\u00e7\u00e3o e vira um item que acompanha seu ritmo.<\/p>\n\n\n\n<h2 class=\"wp-block-heading\">Rela\u00e7\u00e3o entre custo e benef\u00edcio: a conta que quase ningu\u00e9m faz direito<\/h2>\n\n\n\n<p>Muita gente trava no pre\u00e7o da m\u00e1quina. E faz sentido, porque alguns modelos custam caro. S\u00f3 que a compara\u00e7\u00e3o justa n\u00e3o \u00e9 com um coador simples, e sim com o h\u00e1bito de comprar caf\u00e9 fora.<\/p>\n\n\n\n<p>Se voc\u00ea toma espresso, cappuccino ou bebidas parecidas na rua com frequ\u00eancia, o gasto mensal pesa. Em casa, o custo por x\u00edcara costuma cair, principalmente quando o uso \u00e9 constante. Em muitos casos, a m\u00e1quina se paga ao longo do tempo porque substitui parte das idas \u00e0 cafeteria, e o ganho n\u00e3o \u00e9 s\u00f3 financeiro: tem tamb\u00e9m o tempo que voc\u00ea deixa de perder em fila e deslocamento.<\/p>\n\n\n\n<h2 class=\"wp-block-heading\">Manuten\u00e7\u00e3o mais f\u00e1cil, menos chance de virar enfeite<\/h2>\n\n\n\n<p>Outra diferen\u00e7a que pesa na pr\u00e1tica \u00e9 a manuten\u00e7\u00e3o. M\u00e1quinas tradicionais de espresso exigem limpeza cuidadosa e uma rotina que, se for ignorada, derruba a qualidade e encurta a vida \u00fatil.<\/p>\n\n\n\n<p>Nas autom\u00e1ticas, muita coisa vem guiada. Algumas avisam quando \u00e9 hora de descalcificar, outras fazem enx\u00e1gue autom\u00e1tico, e a limpeza fica menos \u201ct\u00e9cnica\u201d e mais parecida com seguir instru\u00e7\u00f5es simples. Isso aumenta a chance de a pessoa realmente cuidar do equipamento, e um equipamento bem cuidado dura mais e mant\u00e9m o padr\u00e3o do caf\u00e9.<\/p>\n\n\n\n<h2 class=\"wp-block-heading\">Home office mudou a import\u00e2ncia do caf\u00e9 em casa<\/h2>\n\n\n\n<p>Quando o trabalho remoto ficou mais comum, o caf\u00e9 deixou de ser s\u00f3 \u201cpra acordar\u201d e virou parte do dia. A pausa para tomar caf\u00e9 em casa passou a substituir aquele momento do escrit\u00f3rio, e isso fez muita gente querer uma experi\u00eancia melhor dentro da pr\u00f3pria cozinha.<\/p>\n\n\n\n<p>Uma cafeteira autom\u00e1tica se encaixa bem nesse cen\u00e1rio porque entrega um caf\u00e9 r\u00e1pido, consistente e sem quebrar o fluxo de trabalho. Voc\u00ea faz sua bebida, volta para a tela e n\u00e3o perde meia hora entre preparar e limpar tudo. Para quem vive de reuni\u00f5es, isso conta.<\/p>\n\n\n\n<h2 class=\"wp-block-heading\">O que mudou, no fim das contas<\/h2>\n\n\n\n<p>No fundo, o impacto n\u00e3o \u00e9 apenas tecnol\u00f3gico. A mudan\u00e7a real est\u00e1 no jeito como o caf\u00e9 entrou na rotina. Ele ficou mais acess\u00edvel, mais previs\u00edvel e mais \u201cf\u00e1cil de manter\u201d no dia a dia, sem exigir conhecimento ou tempo sobrando.<\/p>\n\n\n\n<p>Se o caf\u00e9 para voc\u00ea \u00e9 um momento importante, mas voc\u00ea n\u00e3o quer transformar a cozinha num curso pr\u00e1tico de barismo, as autom\u00e1ticas fazem sentido justamente por isso: elas entregam um padr\u00e3o alto com pouco esfor\u00e7o. E, na vida corrida, esse tipo de conforto acaba virando parte da qualidade de vida.<\/p>\n\n\n\n<p>Fonte: <a href=\"https:\/\/guiacafeteiras.com\/por-que-maquinas-automaticas-tem-mudado-a-rotina-do-cafe-em-casa\/\">https:\/\/guiacafeteiras.com\/por-que-maquinas-automaticas-tem-mudado-a-rotina-do-cafe-em-casa\/<\/a><\/p>\n","protected":false},"excerpt":{"rendered":"<p>Sabe quando voc\u00ea acorda e s\u00f3 quer uma x\u00edcara boa, sem ter que pensar muito? Por muito tempo, caf\u00e9 \u201cde verdade\u201d em casa parecia coisa de quem tinha tempo, paci\u00eancia e um certo dom para acertar ponto, medida e temperatura. S\u00f3 que, aos poucos, isso mudou. As cafeteiras autom\u00e1ticas entraram na cozinha como quem n\u00e3o \u2026<\/p>\n","protected":false},"author":2,"featured_media":5400,"comment_status":"closed","ping_status":"open","sticky":false,"template":"","format":"standard","meta":{"footnotes":""},"categories":[4],"tags":[],"class_list":["post-5401","post","type-post","status-publish","format-standard","has-post-thumbnail","hentry","category-geral"],"yoast_head":"<!-- This site is optimized with the Yoast SEO plugin v25.5 - https:\/\/yoast.com\/wordpress\/plugins\/seo\/ -->\n<title>Por que as cafeteiras autom\u00e1ticas mudaram a rotina do caf\u00e9 em casa - Portal do Estado<\/title>\n<meta name=\"robots\" content=\"index, follow, max-snippet:-1, max-image-preview:large, max-video-preview:-1\" \/>\n<link rel=\"canonical\" href=\"https:\/\/portaldoestado.com.br\/index.php\/2026\/01\/06\/por-que-as-cafeteiras-automaticas-mudaram-a-rotina-do-cafe-em-casa\/\" \/>\n<meta property=\"og:locale\" content=\"pt_BR\" \/>\n<meta property=\"og:type\" content=\"article\" \/>\n<meta property=\"og:title\" content=\"Por que as cafeteiras autom\u00e1ticas mudaram a rotina do caf\u00e9 em casa - Portal do Estado\" \/>\n<meta property=\"og:description\" content=\"Sabe quando voc\u00ea acorda e s\u00f3 quer uma x\u00edcara boa, sem ter que pensar muito? Por muito tempo, caf\u00e9 \u201cde verdade\u201d em casa parecia coisa de quem tinha tempo, paci\u00eancia e um certo dom para acertar ponto, medida e temperatura. S\u00f3 que, aos poucos, isso mudou. As cafeteiras autom\u00e1ticas entraram na cozinha como quem n\u00e3o \u2026\" \/>\n<meta property=\"og:url\" content=\"https:\/\/portaldoestado.com.br\/index.php\/2026\/01\/06\/por-que-as-cafeteiras-automaticas-mudaram-a-rotina-do-cafe-em-casa\/\" \/>\n<meta property=\"og:site_name\" content=\"Portal do Estado\" \/>\n<meta property=\"article:published_time\" content=\"2026-01-06T15:38:19+00:00\" \/>\n<meta property=\"og:image\" content=\"https:\/\/portaldoestado.com.br\/wp-content\/uploads\/2026\/01\/Por-Que-Maquinas-Automaticas-Tem-Mudado-a-Rotina-do-Cafe-em-Casa.jpg\" \/>\n\t<meta property=\"og:image:width\" content=\"640\" \/>\n\t<meta property=\"og:image:height\" content=\"424\" \/>\n\t<meta property=\"og:image:type\" content=\"image\/jpeg\" \/>\n<meta name=\"author\" content=\"assessoriadefamosos\" \/>\n<meta name=\"twitter:card\" content=\"summary_large_image\" \/>\n<meta name=\"twitter:label1\" content=\"Escrito por\" \/>\n\t<meta name=\"twitter:data1\" content=\"assessoriadefamosos\" \/>\n\t<meta name=\"twitter:label2\" content=\"Est. tempo de leitura\" \/>\n\t<meta name=\"twitter:data2\" content=\"7 minutos\" \/>\n<script type=\"application\/ld+json\" class=\"yoast-schema-graph\">{\"@context\":\"https:\/\/schema.org\",\"@graph\":[{\"@type\":\"Article\",\"@id\":\"https:\/\/portaldoestado.com.br\/index.php\/2026\/01\/06\/por-que-as-cafeteiras-automaticas-mudaram-a-rotina-do-cafe-em-casa\/#article\",\"isPartOf\":{\"@id\":\"https:\/\/portaldoestado.com.br\/index.php\/2026\/01\/06\/por-que-as-cafeteiras-automaticas-mudaram-a-rotina-do-cafe-em-casa\/\"},\"author\":{\"name\":\"assessoriadefamosos\",\"@id\":\"https:\/\/portaldoestado.com.br\/#\/schema\/person\/5ca0174f3c8c84b59da62ea14b698cb9\"},\"headline\":\"Por que as cafeteiras autom\u00e1ticas mudaram a rotina do caf\u00e9 em casa\",\"datePublished\":\"2026-01-06T15:38:19+00:00\",\"mainEntityOfPage\":{\"@id\":\"https:\/\/portaldoestado.com.br\/index.php\/2026\/01\/06\/por-que-as-cafeteiras-automaticas-mudaram-a-rotina-do-cafe-em-casa\/\"},\"wordCount\":1378,\"publisher\":{\"@id\":\"https:\/\/portaldoestado.com.br\/#organization\"},\"image\":{\"@id\":\"https:\/\/portaldoestado.com.br\/index.php\/2026\/01\/06\/por-que-as-cafeteiras-automaticas-mudaram-a-rotina-do-cafe-em-casa\/#primaryimage\"},\"thumbnailUrl\":\"https:\/\/portaldoestado.com.br\/wp-content\/uploads\/2026\/01\/Por-Que-Maquinas-Automaticas-Tem-Mudado-a-Rotina-do-Cafe-em-Casa.jpg\",\"articleSection\":[\"Geral\"],\"inLanguage\":\"pt-BR\"},{\"@type\":\"WebPage\",\"@id\":\"https:\/\/portaldoestado.com.br\/index.php\/2026\/01\/06\/por-que-as-cafeteiras-automaticas-mudaram-a-rotina-do-cafe-em-casa\/\",\"url\":\"https:\/\/portaldoestado.com.br\/index.php\/2026\/01\/06\/por-que-as-cafeteiras-automaticas-mudaram-a-rotina-do-cafe-em-casa\/\",\"name\":\"Por que as cafeteiras autom\u00e1ticas mudaram a rotina do caf\u00e9 em casa - Portal do Estado\",\"isPartOf\":{\"@id\":\"https:\/\/portaldoestado.com.br\/#website\"},\"primaryImageOfPage\":{\"@id\":\"https:\/\/portaldoestado.com.br\/index.php\/2026\/01\/06\/por-que-as-cafeteiras-automaticas-mudaram-a-rotina-do-cafe-em-casa\/#primaryimage\"},\"image\":{\"@id\":\"https:\/\/portaldoestado.com.br\/index.php\/2026\/01\/06\/por-que-as-cafeteiras-automaticas-mudaram-a-rotina-do-cafe-em-casa\/#primaryimage\"},\"thumbnailUrl\":\"https:\/\/portaldoestado.com.br\/wp-content\/uploads\/2026\/01\/Por-Que-Maquinas-Automaticas-Tem-Mudado-a-Rotina-do-Cafe-em-Casa.jpg\",\"datePublished\":\"2026-01-06T15:38:19+00:00\",\"breadcrumb\":{\"@id\":\"https:\/\/portaldoestado.com.br\/index.php\/2026\/01\/06\/por-que-as-cafeteiras-automaticas-mudaram-a-rotina-do-cafe-em-casa\/#breadcrumb\"},\"inLanguage\":\"pt-BR\",\"potentialAction\":[{\"@type\":\"ReadAction\",\"target\":[\"https:\/\/portaldoestado.com.br\/index.php\/2026\/01\/06\/por-que-as-cafeteiras-automaticas-mudaram-a-rotina-do-cafe-em-casa\/\"]}]},{\"@type\":\"ImageObject\",\"inLanguage\":\"pt-BR\",\"@id\":\"https:\/\/portaldoestado.com.br\/index.php\/2026\/01\/06\/por-que-as-cafeteiras-automaticas-mudaram-a-rotina-do-cafe-em-casa\/#primaryimage\",\"url\":\"https:\/\/portaldoestado.com.br\/wp-content\/uploads\/2026\/01\/Por-Que-Maquinas-Automaticas-Tem-Mudado-a-Rotina-do-Cafe-em-Casa.jpg\",\"contentUrl\":\"https:\/\/portaldoestado.com.br\/wp-content\/uploads\/2026\/01\/Por-Que-Maquinas-Automaticas-Tem-Mudado-a-Rotina-do-Cafe-em-Casa.jpg\",\"width\":640,\"height\":424},{\"@type\":\"BreadcrumbList\",\"@id\":\"https:\/\/portaldoestado.com.br\/index.php\/2026\/01\/06\/por-que-as-cafeteiras-automaticas-mudaram-a-rotina-do-cafe-em-casa\/#breadcrumb\",\"itemListElement\":[{\"@type\":\"ListItem\",\"position\":1,\"name\":\"In\u00edcio\",\"item\":\"https:\/\/portaldoestado.com.br\/\"},{\"@type\":\"ListItem\",\"position\":2,\"name\":\"Por que as cafeteiras autom\u00e1ticas mudaram a rotina do caf\u00e9 em casa\"}]},{\"@type\":\"WebSite\",\"@id\":\"https:\/\/portaldoestado.com.br\/#website\",\"url\":\"https:\/\/portaldoestado.com.br\/\",\"name\":\"Portal do Estado\",\"description\":\"\",\"publisher\":{\"@id\":\"https:\/\/portaldoestado.com.br\/#organization\"},\"potentialAction\":[{\"@type\":\"SearchAction\",\"target\":{\"@type\":\"EntryPoint\",\"urlTemplate\":\"https:\/\/portaldoestado.com.br\/?s={search_term_string}\"},\"query-input\":{\"@type\":\"PropertyValueSpecification\",\"valueRequired\":true,\"valueName\":\"search_term_string\"}}],\"inLanguage\":\"pt-BR\"},{\"@type\":\"Organization\",\"@id\":\"https:\/\/portaldoestado.com.br\/#organization\",\"name\":\"Portal do Estado\",\"url\":\"https:\/\/portaldoestado.com.br\/\",\"logo\":{\"@type\":\"ImageObject\",\"inLanguage\":\"pt-BR\",\"@id\":\"https:\/\/portaldoestado.com.br\/#\/schema\/logo\/image\/\",\"url\":\"https:\/\/portaldoestado.com.br\/wp-content\/uploads\/2025\/04\/cropped-6f69b19a-6472-43bf-b1b3-e1910bbbd4e8.png\",\"contentUrl\":\"https:\/\/portaldoestado.com.br\/wp-content\/uploads\/2025\/04\/cropped-6f69b19a-6472-43bf-b1b3-e1910bbbd4e8.png\",\"width\":1024,\"height\":350,\"caption\":\"Portal do Estado\"},\"image\":{\"@id\":\"https:\/\/portaldoestado.com.br\/#\/schema\/logo\/image\/\"}},{\"@type\":\"Person\",\"@id\":\"https:\/\/portaldoestado.com.br\/#\/schema\/person\/5ca0174f3c8c84b59da62ea14b698cb9\",\"name\":\"assessoriadefamosos\",\"image\":{\"@type\":\"ImageObject\",\"inLanguage\":\"pt-BR\",\"@id\":\"https:\/\/portaldoestado.com.br\/#\/schema\/person\/image\/\",\"url\":\"https:\/\/secure.gravatar.com\/avatar\/a7acbdffcfbbae7240e59f47fe511ec5f5d8c252c779f0b8d9ab02a9e1d8c5ed?s=96&d=mm&r=g\",\"contentUrl\":\"https:\/\/secure.gravatar.com\/avatar\/a7acbdffcfbbae7240e59f47fe511ec5f5d8c252c779f0b8d9ab02a9e1d8c5ed?s=96&d=mm&r=g\",\"caption\":\"assessoriadefamosos\"},\"url\":\"https:\/\/portaldoestado.com.br\/index.php\/author\/assessoriadefamosos\/\"}]}<\/script>\n<!-- \/ Yoast SEO plugin. -->","yoast_head_json":{"title":"Por que as cafeteiras autom\u00e1ticas mudaram a rotina do caf\u00e9 em casa - Portal do Estado","robots":{"index":"index","follow":"follow","max-snippet":"max-snippet:-1","max-image-preview":"max-image-preview:large","max-video-preview":"max-video-preview:-1"},"canonical":"https:\/\/portaldoestado.com.br\/index.php\/2026\/01\/06\/por-que-as-cafeteiras-automaticas-mudaram-a-rotina-do-cafe-em-casa\/","og_locale":"pt_BR","og_type":"article","og_title":"Por que as cafeteiras autom\u00e1ticas mudaram a rotina do caf\u00e9 em casa - Portal do Estado","og_description":"Sabe quando voc\u00ea acorda e s\u00f3 quer uma x\u00edcara boa, sem ter que pensar muito? Por muito tempo, caf\u00e9 \u201cde verdade\u201d em casa parecia coisa de quem tinha tempo, paci\u00eancia e um certo dom para acertar ponto, medida e temperatura. S\u00f3 que, aos poucos, isso mudou. As cafeteiras autom\u00e1ticas entraram na cozinha como quem n\u00e3o \u2026","og_url":"https:\/\/portaldoestado.com.br\/index.php\/2026\/01\/06\/por-que-as-cafeteiras-automaticas-mudaram-a-rotina-do-cafe-em-casa\/","og_site_name":"Portal do Estado","article_published_time":"2026-01-06T15:38:19+00:00","og_image":[{"width":640,"height":424,"url":"https:\/\/portaldoestado.com.br\/wp-content\/uploads\/2026\/01\/Por-Que-Maquinas-Automaticas-Tem-Mudado-a-Rotina-do-Cafe-em-Casa.jpg","type":"image\/jpeg"}],"author":"assessoriadefamosos","twitter_card":"summary_large_image","twitter_misc":{"Escrito por":"assessoriadefamosos","Est. tempo de leitura":"7 minutos"},"schema":{"@context":"https:\/\/schema.org","@graph":[{"@type":"Article","@id":"https:\/\/portaldoestado.com.br\/index.php\/2026\/01\/06\/por-que-as-cafeteiras-automaticas-mudaram-a-rotina-do-cafe-em-casa\/#article","isPartOf":{"@id":"https:\/\/portaldoestado.com.br\/index.php\/2026\/01\/06\/por-que-as-cafeteiras-automaticas-mudaram-a-rotina-do-cafe-em-casa\/"},"author":{"name":"assessoriadefamosos","@id":"https:\/\/portaldoestado.com.br\/#\/schema\/person\/5ca0174f3c8c84b59da62ea14b698cb9"},"headline":"Por que as cafeteiras autom\u00e1ticas mudaram a rotina do caf\u00e9 em casa","datePublished":"2026-01-06T15:38:19+00:00","mainEntityOfPage":{"@id":"https:\/\/portaldoestado.com.br\/index.php\/2026\/01\/06\/por-que-as-cafeteiras-automaticas-mudaram-a-rotina-do-cafe-em-casa\/"},"wordCount":1378,"publisher":{"@id":"https:\/\/portaldoestado.com.br\/#organization"},"image":{"@id":"https:\/\/portaldoestado.com.br\/index.php\/2026\/01\/06\/por-que-as-cafeteiras-automaticas-mudaram-a-rotina-do-cafe-em-casa\/#primaryimage"},"thumbnailUrl":"https:\/\/portaldoestado.com.br\/wp-content\/uploads\/2026\/01\/Por-Que-Maquinas-Automaticas-Tem-Mudado-a-Rotina-do-Cafe-em-Casa.jpg","articleSection":["Geral"],"inLanguage":"pt-BR"},{"@type":"WebPage","@id":"https:\/\/portaldoestado.com.br\/index.php\/2026\/01\/06\/por-que-as-cafeteiras-automaticas-mudaram-a-rotina-do-cafe-em-casa\/","url":"https:\/\/portaldoestado.com.br\/index.php\/2026\/01\/06\/por-que-as-cafeteiras-automaticas-mudaram-a-rotina-do-cafe-em-casa\/","name":"Por que as cafeteiras autom\u00e1ticas mudaram a rotina do caf\u00e9 em casa - Portal do Estado","isPartOf":{"@id":"https:\/\/portaldoestado.com.br\/#website"},"primaryImageOfPage":{"@id":"https:\/\/portaldoestado.com.br\/index.php\/2026\/01\/06\/por-que-as-cafeteiras-automaticas-mudaram-a-rotina-do-cafe-em-casa\/#primaryimage"},"image":{"@id":"https:\/\/portaldoestado.com.br\/index.php\/2026\/01\/06\/por-que-as-cafeteiras-automaticas-mudaram-a-rotina-do-cafe-em-casa\/#primaryimage"},"thumbnailUrl":"https:\/\/portaldoestado.com.br\/wp-content\/uploads\/2026\/01\/Por-Que-Maquinas-Automaticas-Tem-Mudado-a-Rotina-do-Cafe-em-Casa.jpg","datePublished":"2026-01-06T15:38:19+00:00","breadcrumb":{"@id":"https:\/\/portaldoestado.com.br\/index.php\/2026\/01\/06\/por-que-as-cafeteiras-automaticas-mudaram-a-rotina-do-cafe-em-casa\/#breadcrumb"},"inLanguage":"pt-BR","potentialAction":[{"@type":"ReadAction","target":["https:\/\/portaldoestado.com.br\/index.php\/2026\/01\/06\/por-que-as-cafeteiras-automaticas-mudaram-a-rotina-do-cafe-em-casa\/"]}]},{"@type":"ImageObject","inLanguage":"pt-BR","@id":"https:\/\/portaldoestado.com.br\/index.php\/2026\/01\/06\/por-que-as-cafeteiras-automaticas-mudaram-a-rotina-do-cafe-em-casa\/#primaryimage","url":"https:\/\/portaldoestado.com.br\/wp-content\/uploads\/2026\/01\/Por-Que-Maquinas-Automaticas-Tem-Mudado-a-Rotina-do-Cafe-em-Casa.jpg","contentUrl":"https:\/\/portaldoestado.com.br\/wp-content\/uploads\/2026\/01\/Por-Que-Maquinas-Automaticas-Tem-Mudado-a-Rotina-do-Cafe-em-Casa.jpg","width":640,"height":424},{"@type":"BreadcrumbList","@id":"https:\/\/portaldoestado.com.br\/index.php\/2026\/01\/06\/por-que-as-cafeteiras-automaticas-mudaram-a-rotina-do-cafe-em-casa\/#breadcrumb","itemListElement":[{"@type":"ListItem","position":1,"name":"In\u00edcio","item":"https:\/\/portaldoestado.com.br\/"},{"@type":"ListItem","position":2,"name":"Por que as cafeteiras autom\u00e1ticas mudaram a rotina do caf\u00e9 em casa"}]},{"@type":"WebSite","@id":"https:\/\/portaldoestado.com.br\/#website","url":"https:\/\/portaldoestado.com.br\/","name":"Portal do Estado","description":"","publisher":{"@id":"https:\/\/portaldoestado.com.br\/#organization"},"potentialAction":[{"@type":"SearchAction","target":{"@type":"EntryPoint","urlTemplate":"https:\/\/portaldoestado.com.br\/?s={search_term_string}"},"query-input":{"@type":"PropertyValueSpecification","valueRequired":true,"valueName":"search_term_string"}}],"inLanguage":"pt-BR"},{"@type":"Organization","@id":"https:\/\/portaldoestado.com.br\/#organization","name":"Portal do Estado","url":"https:\/\/portaldoestado.com.br\/","logo":{"@type":"ImageObject","inLanguage":"pt-BR","@id":"https:\/\/portaldoestado.com.br\/#\/schema\/logo\/image\/","url":"https:\/\/portaldoestado.com.br\/wp-content\/uploads\/2025\/04\/cropped-6f69b19a-6472-43bf-b1b3-e1910bbbd4e8.png","contentUrl":"https:\/\/portaldoestado.com.br\/wp-content\/uploads\/2025\/04\/cropped-6f69b19a-6472-43bf-b1b3-e1910bbbd4e8.png","width":1024,"height":350,"caption":"Portal do Estado"},"image":{"@id":"https:\/\/portaldoestado.com.br\/#\/schema\/logo\/image\/"}},{"@type":"Person","@id":"https:\/\/portaldoestado.com.br\/#\/schema\/person\/5ca0174f3c8c84b59da62ea14b698cb9","name":"assessoriadefamosos","image":{"@type":"ImageObject","inLanguage":"pt-BR","@id":"https:\/\/portaldoestado.com.br\/#\/schema\/person\/image\/","url":"https:\/\/secure.gravatar.com\/avatar\/a7acbdffcfbbae7240e59f47fe511ec5f5d8c252c779f0b8d9ab02a9e1d8c5ed?s=96&d=mm&r=g","contentUrl":"https:\/\/secure.gravatar.com\/avatar\/a7acbdffcfbbae7240e59f47fe511ec5f5d8c252c779f0b8d9ab02a9e1d8c5ed?s=96&d=mm&r=g","caption":"assessoriadefamosos"},"url":"https:\/\/portaldoestado.com.br\/index.php\/author\/assessoriadefamosos\/"}]}},"jetpack_featured_media_url":"https:\/\/portaldoestado.com.br\/wp-content\/uploads\/2026\/01\/Por-Que-Maquinas-Automaticas-Tem-Mudado-a-Rotina-do-Cafe-em-Casa.jpg","_links":{"self":[{"href":"https:\/\/portaldoestado.com.br\/index.php\/wp-json\/wp\/v2\/posts\/5401","targetHints":{"allow":["GET"]}}],"collection":[{"href":"https:\/\/portaldoestado.com.br\/index.php\/wp-json\/wp\/v2\/posts"}],"about":[{"href":"https:\/\/portaldoestado.com.br\/index.php\/wp-json\/wp\/v2\/types\/post"}],"author":[{"embeddable":true,"href":"https:\/\/portaldoestado.com.br\/index.php\/wp-json\/wp\/v2\/users\/2"}],"replies":[{"embeddable":true,"href":"https:\/\/portaldoestado.com.br\/index.php\/wp-json\/wp\/v2\/comments?post=5401"}],"version-history":[{"count":1,"href":"https:\/\/portaldoestado.com.br\/index.php\/wp-json\/wp\/v2\/posts\/5401\/revisions"}],"predecessor-version":[{"id":5402,"href":"https:\/\/portaldoestado.com.br\/index.php\/wp-json\/wp\/v2\/posts\/5401\/revisions\/5402"}],"wp:featuredmedia":[{"embeddable":true,"href":"https:\/\/portaldoestado.com.br\/index.php\/wp-json\/wp\/v2\/media\/5400"}],"wp:attachment":[{"href":"https:\/\/portaldoestado.com.br\/index.php\/wp-json\/wp\/v2\/media?parent=5401"}],"wp:term":[{"taxonomy":"category","embeddable":true,"href":"https:\/\/portaldoestado.com.br\/index.php\/wp-json\/wp\/v2\/categories?post=5401"},{"taxonomy":"post_tag","embeddable":true,"href":"https:\/\/portaldoestado.com.br\/index.php\/wp-json\/wp\/v2\/tags?post=5401"}],"curies":[{"name":"wp","href":"https:\/\/api.w.org\/{rel}","templated":true}]}}