{"id":5398,"date":"2026-01-05T20:26:16","date_gmt":"2026-01-05T20:26:16","guid":{"rendered":"https:\/\/portaldoestado.com.br\/?p=5398"},"modified":"2026-01-05T20:26:16","modified_gmt":"2026-01-05T20:26:16","slug":"apos-esgotar-ingressos-em-4-horas-luan-santana-anuncia-data-extra-para-o-dia-do-seu-aniversario-no-allianz-parque","status":"publish","type":"post","link":"https:\/\/portaldoestado.com.br\/index.php\/2026\/01\/05\/apos-esgotar-ingressos-em-4-horas-luan-santana-anuncia-data-extra-para-o-dia-do-seu-aniversario-no-allianz-parque\/","title":{"rendered":"Ap\u00f3s esgotar ingressos em 4 horas, Luan Santana anuncia data extra para o dia do seu anivers\u00e1rio no Allianz Parque"},"content":{"rendered":"\n<p><\/p>\n\n\n\n<p><em>Abertura de vendas acontece hoje, 5 de janeiro<\/em><\/p>\n\n\n\n<p>Luan Santana anuncia data extra no Allianz Parque, em S\u00e3o Paulo, para o dia 13 de mar\u00e7o, quando o cantor celebra seu 35 anivers\u00e1rio. A nova apresenta\u00e7\u00e3o foi confirmada ap\u00f3s os ingressos do show do dia 14 de mar\u00e7o esgotarem em apenas quatro horas, consagrando a for\u00e7a do artista e a conex\u00e3o com seu p\u00fablico.<\/p>\n\n\n\n<p>A apresenta\u00e7\u00e3o do dia 13 integra o projeto \u201cRegistro Hist\u00f3rico\u201d, label que revisita diferentes fases da trajet\u00f3ria de Luan Santana e celebra quase duas d\u00e9cadas de carreira. A noite ganha um significado especial ao transformar o anivers\u00e1rio do artista em um grande espet\u00e1culo ao lado dos f\u00e3s.<\/p>\n\n\n\n<p>No palco, Luan conduz um show de grande porte, com cen\u00e1rio imersivo, passarela em \u201cS\u201d e pain\u00e9is de LED, al\u00e9m de um repert\u00f3rio que percorre sucessos que marcaram gera\u00e7\u00f5es, como \u201cMeteoro da Paix\u00e3o\u201d, \u201cVoc\u00ea N\u00e3o Sabe o Que \u00c9 Amor\u201d, \u201cEscreve A\u00ed\u201d e \u201cTe Vivo\u201d.<\/p>\n\n\n\n<p>A abertura de vendas para a data extra de 13 de mar\u00e7o acontece hoje, dia 5 de janeiro.<\/p>\n\n\n<!-- wp:image \"id\":37297,\"sizeSlug\":\"large\",\"linkDestination\":\"none\" -->\n<figure class=\"wp-block-image size-large\"><img decoding=\"async\" src=\"https:\/\/www.michelasi.com.br\/wp-content\/uploads\/2026\/01\/Alisson-Demetrio_1D4_3441_26102025-683x1024.jpg\" alt=\"\" class=\"wp-image-37297\" \/><figcaption class=\"wp-element-caption\">Cr\u00e9dito: Alisson Demetrio<\/figcaption><\/figure>\n<!-- \/wp:post-content -->\n\n<!-- wp:paragraph -->\n<p><\/p>\n<!-- \/wp:paragraph -->","protected":false},"excerpt":{"rendered":"<p>Abertura de vendas acontece hoje, 5 de janeiro Luan Santana anuncia data extra no Allianz Parque, em S\u00e3o Paulo, para o dia 13 de mar\u00e7o, quando o cantor celebra seu 35 anivers\u00e1rio. A nova apresenta\u00e7\u00e3o foi confirmada ap\u00f3s os ingressos do show do dia 14 de mar\u00e7o esgotarem em apenas quatro horas, consagrando a for\u00e7a \u2026<\/p>\n","protected":false},"author":2,"featured_media":5397,"comment_status":"closed","ping_status":"open","sticky":false,"template":"","format":"standard","meta":{"footnotes":""},"categories":[4],"tags":[],"class_list":["post-5398","post","type-post","status-publish","format-standard","has-post-thumbnail","hentry","category-geral"],"yoast_head":"<!-- This site is optimized with the Yoast SEO plugin v25.5 - https:\/\/yoast.com\/wordpress\/plugins\/seo\/ -->\n<title>Ap\u00f3s esgotar ingressos em 4 horas, Luan Santana anuncia data extra para o dia do seu anivers\u00e1rio no Allianz Parque - Portal do Estado<\/title>\n<meta name=\"robots\" content=\"index, follow, max-snippet:-1, max-image-preview:large, max-video-preview:-1\" \/>\n<link rel=\"canonical\" href=\"https:\/\/portaldoestado.com.br\/index.php\/2026\/01\/05\/apos-esgotar-ingressos-em-4-horas-luan-santana-anuncia-data-extra-para-o-dia-do-seu-aniversario-no-allianz-parque\/\" \/>\n<meta property=\"og:locale\" content=\"pt_BR\" \/>\n<meta property=\"og:type\" content=\"article\" \/>\n<meta property=\"og:title\" content=\"Ap\u00f3s esgotar ingressos em 4 horas, Luan Santana anuncia data extra para o dia do seu anivers\u00e1rio no Allianz Parque - Portal do Estado\" \/>\n<meta property=\"og:description\" content=\"Abertura de vendas acontece hoje, 5 de janeiro Luan Santana anuncia data extra no Allianz Parque, em S\u00e3o Paulo, para o dia 13 de mar\u00e7o, quando o cantor celebra seu 35 anivers\u00e1rio. A nova apresenta\u00e7\u00e3o foi confirmada ap\u00f3s os ingressos do show do dia 14 de mar\u00e7o esgotarem em apenas quatro horas, consagrando a for\u00e7a \u2026\" \/>\n<meta property=\"og:url\" content=\"https:\/\/portaldoestado.com.br\/index.php\/2026\/01\/05\/apos-esgotar-ingressos-em-4-horas-luan-santana-anuncia-data-extra-para-o-dia-do-seu-aniversario-no-allianz-parque\/\" \/>\n<meta property=\"og:site_name\" content=\"Portal do Estado\" \/>\n<meta property=\"article:published_time\" content=\"2026-01-05T20:26:16+00:00\" \/>\n<meta property=\"og:image\" content=\"https:\/\/portaldoestado.com.br\/wp-content\/uploads\/2026\/01\/Alisson-Demetrio_1D4_3441_26102025-scaled-1.jpg\" \/>\n\t<meta property=\"og:image:width\" content=\"1707\" \/>\n\t<meta property=\"og:image:height\" content=\"2560\" \/>\n\t<meta property=\"og:image:type\" content=\"image\/jpeg\" \/>\n<meta name=\"author\" content=\"assessoriadefamosos\" \/>\n<meta name=\"twitter:card\" content=\"summary_large_image\" \/>\n<meta name=\"twitter:label1\" content=\"Escrito por\" \/>\n\t<meta name=\"twitter:data1\" content=\"assessoriadefamosos\" \/>\n\t<meta name=\"twitter:label2\" content=\"Est. tempo de leitura\" \/>\n\t<meta name=\"twitter:data2\" content=\"1 minuto\" \/>\n<script type=\"application\/ld+json\" class=\"yoast-schema-graph\">{\"@context\":\"https:\/\/schema.org\",\"@graph\":[{\"@type\":\"Article\",\"@id\":\"https:\/\/portaldoestado.com.br\/index.php\/2026\/01\/05\/apos-esgotar-ingressos-em-4-horas-luan-santana-anuncia-data-extra-para-o-dia-do-seu-aniversario-no-allianz-parque\/#article\",\"isPartOf\":{\"@id\":\"https:\/\/portaldoestado.com.br\/index.php\/2026\/01\/05\/apos-esgotar-ingressos-em-4-horas-luan-santana-anuncia-data-extra-para-o-dia-do-seu-aniversario-no-allianz-parque\/\"},\"author\":{\"name\":\"assessoriadefamosos\",\"@id\":\"https:\/\/portaldoestado.com.br\/#\/schema\/person\/5ca0174f3c8c84b59da62ea14b698cb9\"},\"headline\":\"Ap\u00f3s esgotar ingressos em 4 horas, Luan Santana anuncia data extra para o dia do seu anivers\u00e1rio no Allianz Parque\",\"datePublished\":\"2026-01-05T20:26:16+00:00\",\"mainEntityOfPage\":{\"@id\":\"https:\/\/portaldoestado.com.br\/index.php\/2026\/01\/05\/apos-esgotar-ingressos-em-4-horas-luan-santana-anuncia-data-extra-para-o-dia-do-seu-aniversario-no-allianz-parque\/\"},\"wordCount\":214,\"publisher\":{\"@id\":\"https:\/\/portaldoestado.com.br\/#organization\"},\"image\":{\"@id\":\"https:\/\/portaldoestado.com.br\/index.php\/2026\/01\/05\/apos-esgotar-ingressos-em-4-horas-luan-santana-anuncia-data-extra-para-o-dia-do-seu-aniversario-no-allianz-parque\/#primaryimage\"},\"thumbnailUrl\":\"https:\/\/portaldoestado.com.br\/wp-content\/uploads\/2026\/01\/Alisson-Demetrio_1D4_3441_26102025-scaled-1.jpg\",\"articleSection\":[\"Geral\"],\"inLanguage\":\"pt-BR\"},{\"@type\":\"WebPage\",\"@id\":\"https:\/\/portaldoestado.com.br\/index.php\/2026\/01\/05\/apos-esgotar-ingressos-em-4-horas-luan-santana-anuncia-data-extra-para-o-dia-do-seu-aniversario-no-allianz-parque\/\",\"url\":\"https:\/\/portaldoestado.com.br\/index.php\/2026\/01\/05\/apos-esgotar-ingressos-em-4-horas-luan-santana-anuncia-data-extra-para-o-dia-do-seu-aniversario-no-allianz-parque\/\",\"name\":\"Ap\u00f3s esgotar ingressos em 4 horas, Luan Santana anuncia data extra para o dia do seu anivers\u00e1rio no Allianz Parque - Portal do Estado\",\"isPartOf\":{\"@id\":\"https:\/\/portaldoestado.com.br\/#website\"},\"primaryImageOfPage\":{\"@id\":\"https:\/\/portaldoestado.com.br\/index.php\/2026\/01\/05\/apos-esgotar-ingressos-em-4-horas-luan-santana-anuncia-data-extra-para-o-dia-do-seu-aniversario-no-allianz-parque\/#primaryimage\"},\"image\":{\"@id\":\"https:\/\/portaldoestado.com.br\/index.php\/2026\/01\/05\/apos-esgotar-ingressos-em-4-horas-luan-santana-anuncia-data-extra-para-o-dia-do-seu-aniversario-no-allianz-parque\/#primaryimage\"},\"thumbnailUrl\":\"https:\/\/portaldoestado.com.br\/wp-content\/uploads\/2026\/01\/Alisson-Demetrio_1D4_3441_26102025-scaled-1.jpg\",\"datePublished\":\"2026-01-05T20:26:16+00:00\",\"breadcrumb\":{\"@id\":\"https:\/\/portaldoestado.com.br\/index.php\/2026\/01\/05\/apos-esgotar-ingressos-em-4-horas-luan-santana-anuncia-data-extra-para-o-dia-do-seu-aniversario-no-allianz-parque\/#breadcrumb\"},\"inLanguage\":\"pt-BR\",\"potentialAction\":[{\"@type\":\"ReadAction\",\"target\":[\"https:\/\/portaldoestado.com.br\/index.php\/2026\/01\/05\/apos-esgotar-ingressos-em-4-horas-luan-santana-anuncia-data-extra-para-o-dia-do-seu-aniversario-no-allianz-parque\/\"]}]},{\"@type\":\"ImageObject\",\"inLanguage\":\"pt-BR\",\"@id\":\"https:\/\/portaldoestado.com.br\/index.php\/2026\/01\/05\/apos-esgotar-ingressos-em-4-horas-luan-santana-anuncia-data-extra-para-o-dia-do-seu-aniversario-no-allianz-parque\/#primaryimage\",\"url\":\"https:\/\/portaldoestado.com.br\/wp-content\/uploads\/2026\/01\/Alisson-Demetrio_1D4_3441_26102025-scaled-1.jpg\",\"contentUrl\":\"https:\/\/portaldoestado.com.br\/wp-content\/uploads\/2026\/01\/Alisson-Demetrio_1D4_3441_26102025-scaled-1.jpg\",\"width\":1707,\"height\":2560},{\"@type\":\"BreadcrumbList\",\"@id\":\"https:\/\/portaldoestado.com.br\/index.php\/2026\/01\/05\/apos-esgotar-ingressos-em-4-horas-luan-santana-anuncia-data-extra-para-o-dia-do-seu-aniversario-no-allianz-parque\/#breadcrumb\",\"itemListElement\":[{\"@type\":\"ListItem\",\"position\":1,\"name\":\"In\u00edcio\",\"item\":\"https:\/\/portaldoestado.com.br\/\"},{\"@type\":\"ListItem\",\"position\":2,\"name\":\"Ap\u00f3s esgotar ingressos em 4 horas, Luan Santana anuncia data extra para o dia do seu anivers\u00e1rio no Allianz Parque\"}]},{\"@type\":\"WebSite\",\"@id\":\"https:\/\/portaldoestado.com.br\/#website\",\"url\":\"https:\/\/portaldoestado.com.br\/\",\"name\":\"Portal do Estado\",\"description\":\"\",\"publisher\":{\"@id\":\"https:\/\/portaldoestado.com.br\/#organization\"},\"potentialAction\":[{\"@type\":\"SearchAction\",\"target\":{\"@type\":\"EntryPoint\",\"urlTemplate\":\"https:\/\/portaldoestado.com.br\/?s={search_term_string}\"},\"query-input\":{\"@type\":\"PropertyValueSpecification\",\"valueRequired\":true,\"valueName\":\"search_term_string\"}}],\"inLanguage\":\"pt-BR\"},{\"@type\":\"Organization\",\"@id\":\"https:\/\/portaldoestado.com.br\/#organization\",\"name\":\"Portal do Estado\",\"url\":\"https:\/\/portaldoestado.com.br\/\",\"logo\":{\"@type\":\"ImageObject\",\"inLanguage\":\"pt-BR\",\"@id\":\"https:\/\/portaldoestado.com.br\/#\/schema\/logo\/image\/\",\"url\":\"https:\/\/portaldoestado.com.br\/wp-content\/uploads\/2025\/04\/cropped-6f69b19a-6472-43bf-b1b3-e1910bbbd4e8.png\",\"contentUrl\":\"https:\/\/portaldoestado.com.br\/wp-content\/uploads\/2025\/04\/cropped-6f69b19a-6472-43bf-b1b3-e1910bbbd4e8.png\",\"width\":1024,\"height\":350,\"caption\":\"Portal do Estado\"},\"image\":{\"@id\":\"https:\/\/portaldoestado.com.br\/#\/schema\/logo\/image\/\"}},{\"@type\":\"Person\",\"@id\":\"https:\/\/portaldoestado.com.br\/#\/schema\/person\/5ca0174f3c8c84b59da62ea14b698cb9\",\"name\":\"assessoriadefamosos\",\"image\":{\"@type\":\"ImageObject\",\"inLanguage\":\"pt-BR\",\"@id\":\"https:\/\/portaldoestado.com.br\/#\/schema\/person\/image\/\",\"url\":\"https:\/\/secure.gravatar.com\/avatar\/a7acbdffcfbbae7240e59f47fe511ec5f5d8c252c779f0b8d9ab02a9e1d8c5ed?s=96&d=mm&r=g\",\"contentUrl\":\"https:\/\/secure.gravatar.com\/avatar\/a7acbdffcfbbae7240e59f47fe511ec5f5d8c252c779f0b8d9ab02a9e1d8c5ed?s=96&d=mm&r=g\",\"caption\":\"assessoriadefamosos\"},\"url\":\"https:\/\/portaldoestado.com.br\/index.php\/author\/assessoriadefamosos\/\"}]}<\/script>\n<!-- \/ Yoast SEO plugin. -->","yoast_head_json":{"title":"Ap\u00f3s esgotar ingressos em 4 horas, Luan Santana anuncia data extra para o dia do seu anivers\u00e1rio no Allianz Parque - Portal do Estado","robots":{"index":"index","follow":"follow","max-snippet":"max-snippet:-1","max-image-preview":"max-image-preview:large","max-video-preview":"max-video-preview:-1"},"canonical":"https:\/\/portaldoestado.com.br\/index.php\/2026\/01\/05\/apos-esgotar-ingressos-em-4-horas-luan-santana-anuncia-data-extra-para-o-dia-do-seu-aniversario-no-allianz-parque\/","og_locale":"pt_BR","og_type":"article","og_title":"Ap\u00f3s esgotar ingressos em 4 horas, Luan Santana anuncia data extra para o dia do seu anivers\u00e1rio no Allianz Parque - Portal do Estado","og_description":"Abertura de vendas acontece hoje, 5 de janeiro Luan Santana anuncia data extra no Allianz Parque, em S\u00e3o Paulo, para o dia 13 de mar\u00e7o, quando o cantor celebra seu 35 anivers\u00e1rio. A nova apresenta\u00e7\u00e3o foi confirmada ap\u00f3s os ingressos do show do dia 14 de mar\u00e7o esgotarem em apenas quatro horas, consagrando a for\u00e7a \u2026","og_url":"https:\/\/portaldoestado.com.br\/index.php\/2026\/01\/05\/apos-esgotar-ingressos-em-4-horas-luan-santana-anuncia-data-extra-para-o-dia-do-seu-aniversario-no-allianz-parque\/","og_site_name":"Portal do Estado","article_published_time":"2026-01-05T20:26:16+00:00","og_image":[{"width":1707,"height":2560,"url":"https:\/\/portaldoestado.com.br\/wp-content\/uploads\/2026\/01\/Alisson-Demetrio_1D4_3441_26102025-scaled-1.jpg","type":"image\/jpeg"}],"author":"assessoriadefamosos","twitter_card":"summary_large_image","twitter_misc":{"Escrito por":"assessoriadefamosos","Est. tempo de leitura":"1 minuto"},"schema":{"@context":"https:\/\/schema.org","@graph":[{"@type":"Article","@id":"https:\/\/portaldoestado.com.br\/index.php\/2026\/01\/05\/apos-esgotar-ingressos-em-4-horas-luan-santana-anuncia-data-extra-para-o-dia-do-seu-aniversario-no-allianz-parque\/#article","isPartOf":{"@id":"https:\/\/portaldoestado.com.br\/index.php\/2026\/01\/05\/apos-esgotar-ingressos-em-4-horas-luan-santana-anuncia-data-extra-para-o-dia-do-seu-aniversario-no-allianz-parque\/"},"author":{"name":"assessoriadefamosos","@id":"https:\/\/portaldoestado.com.br\/#\/schema\/person\/5ca0174f3c8c84b59da62ea14b698cb9"},"headline":"Ap\u00f3s esgotar ingressos em 4 horas, Luan Santana anuncia data extra para o dia do seu anivers\u00e1rio no Allianz Parque","datePublished":"2026-01-05T20:26:16+00:00","mainEntityOfPage":{"@id":"https:\/\/portaldoestado.com.br\/index.php\/2026\/01\/05\/apos-esgotar-ingressos-em-4-horas-luan-santana-anuncia-data-extra-para-o-dia-do-seu-aniversario-no-allianz-parque\/"},"wordCount":214,"publisher":{"@id":"https:\/\/portaldoestado.com.br\/#organization"},"image":{"@id":"https:\/\/portaldoestado.com.br\/index.php\/2026\/01\/05\/apos-esgotar-ingressos-em-4-horas-luan-santana-anuncia-data-extra-para-o-dia-do-seu-aniversario-no-allianz-parque\/#primaryimage"},"thumbnailUrl":"https:\/\/portaldoestado.com.br\/wp-content\/uploads\/2026\/01\/Alisson-Demetrio_1D4_3441_26102025-scaled-1.jpg","articleSection":["Geral"],"inLanguage":"pt-BR"},{"@type":"WebPage","@id":"https:\/\/portaldoestado.com.br\/index.php\/2026\/01\/05\/apos-esgotar-ingressos-em-4-horas-luan-santana-anuncia-data-extra-para-o-dia-do-seu-aniversario-no-allianz-parque\/","url":"https:\/\/portaldoestado.com.br\/index.php\/2026\/01\/05\/apos-esgotar-ingressos-em-4-horas-luan-santana-anuncia-data-extra-para-o-dia-do-seu-aniversario-no-allianz-parque\/","name":"Ap\u00f3s esgotar ingressos em 4 horas, Luan Santana anuncia data extra para o dia do seu anivers\u00e1rio no Allianz Parque - Portal do Estado","isPartOf":{"@id":"https:\/\/portaldoestado.com.br\/#website"},"primaryImageOfPage":{"@id":"https:\/\/portaldoestado.com.br\/index.php\/2026\/01\/05\/apos-esgotar-ingressos-em-4-horas-luan-santana-anuncia-data-extra-para-o-dia-do-seu-aniversario-no-allianz-parque\/#primaryimage"},"image":{"@id":"https:\/\/portaldoestado.com.br\/index.php\/2026\/01\/05\/apos-esgotar-ingressos-em-4-horas-luan-santana-anuncia-data-extra-para-o-dia-do-seu-aniversario-no-allianz-parque\/#primaryimage"},"thumbnailUrl":"https:\/\/portaldoestado.com.br\/wp-content\/uploads\/2026\/01\/Alisson-Demetrio_1D4_3441_26102025-scaled-1.jpg","datePublished":"2026-01-05T20:26:16+00:00","breadcrumb":{"@id":"https:\/\/portaldoestado.com.br\/index.php\/2026\/01\/05\/apos-esgotar-ingressos-em-4-horas-luan-santana-anuncia-data-extra-para-o-dia-do-seu-aniversario-no-allianz-parque\/#breadcrumb"},"inLanguage":"pt-BR","potentialAction":[{"@type":"ReadAction","target":["https:\/\/portaldoestado.com.br\/index.php\/2026\/01\/05\/apos-esgotar-ingressos-em-4-horas-luan-santana-anuncia-data-extra-para-o-dia-do-seu-aniversario-no-allianz-parque\/"]}]},{"@type":"ImageObject","inLanguage":"pt-BR","@id":"https:\/\/portaldoestado.com.br\/index.php\/2026\/01\/05\/apos-esgotar-ingressos-em-4-horas-luan-santana-anuncia-data-extra-para-o-dia-do-seu-aniversario-no-allianz-parque\/#primaryimage","url":"https:\/\/portaldoestado.com.br\/wp-content\/uploads\/2026\/01\/Alisson-Demetrio_1D4_3441_26102025-scaled-1.jpg","contentUrl":"https:\/\/portaldoestado.com.br\/wp-content\/uploads\/2026\/01\/Alisson-Demetrio_1D4_3441_26102025-scaled-1.jpg","width":1707,"height":2560},{"@type":"BreadcrumbList","@id":"https:\/\/portaldoestado.com.br\/index.php\/2026\/01\/05\/apos-esgotar-ingressos-em-4-horas-luan-santana-anuncia-data-extra-para-o-dia-do-seu-aniversario-no-allianz-parque\/#breadcrumb","itemListElement":[{"@type":"ListItem","position":1,"name":"In\u00edcio","item":"https:\/\/portaldoestado.com.br\/"},{"@type":"ListItem","position":2,"name":"Ap\u00f3s esgotar ingressos em 4 horas, Luan Santana anuncia data extra para o dia do seu anivers\u00e1rio no Allianz Parque"}]},{"@type":"WebSite","@id":"https:\/\/portaldoestado.com.br\/#website","url":"https:\/\/portaldoestado.com.br\/","name":"Portal do Estado","description":"","publisher":{"@id":"https:\/\/portaldoestado.com.br\/#organization"},"potentialAction":[{"@type":"SearchAction","target":{"@type":"EntryPoint","urlTemplate":"https:\/\/portaldoestado.com.br\/?s={search_term_string}"},"query-input":{"@type":"PropertyValueSpecification","valueRequired":true,"valueName":"search_term_string"}}],"inLanguage":"pt-BR"},{"@type":"Organization","@id":"https:\/\/portaldoestado.com.br\/#organization","name":"Portal do Estado","url":"https:\/\/portaldoestado.com.br\/","logo":{"@type":"ImageObject","inLanguage":"pt-BR","@id":"https:\/\/portaldoestado.com.br\/#\/schema\/logo\/image\/","url":"https:\/\/portaldoestado.com.br\/wp-content\/uploads\/2025\/04\/cropped-6f69b19a-6472-43bf-b1b3-e1910bbbd4e8.png","contentUrl":"https:\/\/portaldoestado.com.br\/wp-content\/uploads\/2025\/04\/cropped-6f69b19a-6472-43bf-b1b3-e1910bbbd4e8.png","width":1024,"height":350,"caption":"Portal do Estado"},"image":{"@id":"https:\/\/portaldoestado.com.br\/#\/schema\/logo\/image\/"}},{"@type":"Person","@id":"https:\/\/portaldoestado.com.br\/#\/schema\/person\/5ca0174f3c8c84b59da62ea14b698cb9","name":"assessoriadefamosos","image":{"@type":"ImageObject","inLanguage":"pt-BR","@id":"https:\/\/portaldoestado.com.br\/#\/schema\/person\/image\/","url":"https:\/\/secure.gravatar.com\/avatar\/a7acbdffcfbbae7240e59f47fe511ec5f5d8c252c779f0b8d9ab02a9e1d8c5ed?s=96&d=mm&r=g","contentUrl":"https:\/\/secure.gravatar.com\/avatar\/a7acbdffcfbbae7240e59f47fe511ec5f5d8c252c779f0b8d9ab02a9e1d8c5ed?s=96&d=mm&r=g","caption":"assessoriadefamosos"},"url":"https:\/\/portaldoestado.com.br\/index.php\/author\/assessoriadefamosos\/"}]}},"jetpack_featured_media_url":"https:\/\/portaldoestado.com.br\/wp-content\/uploads\/2026\/01\/Alisson-Demetrio_1D4_3441_26102025-scaled-1.jpg","_links":{"self":[{"href":"https:\/\/portaldoestado.com.br\/index.php\/wp-json\/wp\/v2\/posts\/5398","targetHints":{"allow":["GET"]}}],"collection":[{"href":"https:\/\/portaldoestado.com.br\/index.php\/wp-json\/wp\/v2\/posts"}],"about":[{"href":"https:\/\/portaldoestado.com.br\/index.php\/wp-json\/wp\/v2\/types\/post"}],"author":[{"embeddable":true,"href":"https:\/\/portaldoestado.com.br\/index.php\/wp-json\/wp\/v2\/users\/2"}],"replies":[{"embeddable":true,"href":"https:\/\/portaldoestado.com.br\/index.php\/wp-json\/wp\/v2\/comments?post=5398"}],"version-history":[{"count":1,"href":"https:\/\/portaldoestado.com.br\/index.php\/wp-json\/wp\/v2\/posts\/5398\/revisions"}],"predecessor-version":[{"id":5399,"href":"https:\/\/portaldoestado.com.br\/index.php\/wp-json\/wp\/v2\/posts\/5398\/revisions\/5399"}],"wp:featuredmedia":[{"embeddable":true,"href":"https:\/\/portaldoestado.com.br\/index.php\/wp-json\/wp\/v2\/media\/5397"}],"wp:attachment":[{"href":"https:\/\/portaldoestado.com.br\/index.php\/wp-json\/wp\/v2\/media?parent=5398"}],"wp:term":[{"taxonomy":"category","embeddable":true,"href":"https:\/\/portaldoestado.com.br\/index.php\/wp-json\/wp\/v2\/categories?post=5398"},{"taxonomy":"post_tag","embeddable":true,"href":"https:\/\/portaldoestado.com.br\/index.php\/wp-json\/wp\/v2\/tags?post=5398"}],"curies":[{"name":"wp","href":"https:\/\/api.w.org\/{rel}","templated":true}]}}