{"id":5392,"date":"2026-01-04T19:58:23","date_gmt":"2026-01-04T19:58:23","guid":{"rendered":"https:\/\/portaldoestado.com.br\/?p=5392"},"modified":"2026-01-04T19:58:23","modified_gmt":"2026-01-04T19:58:23","slug":"marcio-michelasi-recebe-homenagem-internacional-pelos-avancos-a-frente-do-sindicato-nacional-pro-beleza","status":"publish","type":"post","link":"https:\/\/portaldoestado.com.br\/index.php\/2026\/01\/04\/marcio-michelasi-recebe-homenagem-internacional-pelos-avancos-a-frente-do-sindicato-nacional-pro-beleza\/","title":{"rendered":"M\u00e1rcio Michelasi recebe homenagem internacional pelos avan\u00e7os \u00e0 frente do Sindicato Nacional Pr\u00f3\u2011Beleza"},"content":{"rendered":"\n<p>O reconhecimento internacional marcou o in\u00edcio de 2026 para M\u00e1rcio Michelasi, que recebeu homenagens por sua atua\u00e7\u00e3o transformadora na presid\u00eancia do Sindicato Nacional Pr\u00f3\u2011Beleza. \u00c0 frente de uma das entidades mais tradicionais do pa\u00eds \u2014 fundada em 02 de janeiro de 1919 \u2014 Michelasi conduz o sindicato rumo aos seus 107 anos com uma gest\u00e3o que tem ampliado fronteiras, modernizado processos e fortalecido a representatividade dos profissionais do ciclo da beleza e est\u00e9tica.<\/p>\n\n\n\n<p>Educador, psicanalista, esteticista e cosmet\u00f3logo, Michelasi consolidou-se como uma das vozes mais influentes do setor. Sua lideran\u00e7a tem sido reconhecida n\u00e3o apenas no Brasil, mas tamb\u00e9m no exterior, especialmente ap\u00f3s a expans\u00e3o do Pr\u00f3\u2011Beleza International. Segundo ele, esse foi um dos maiores avan\u00e7os do \u00faltimo ano.<\/p>\n\n\n\n<p>\u201cA implementa\u00e7\u00e3o das sucursais internacionais foi um marco hist\u00f3rico para a categoria\u201d, afirma Michelasi. Nos Estados Unidos, a filial \u00e9 presidida pela gestora de neg\u00f3cios de beleza Papilla Ribeiro, enquanto na Europa a lideran\u00e7a est\u00e1 sob responsabilidade de Giuliana Moreli, ambas refer\u00eancias em suas \u00e1reas de atua\u00e7\u00e3o.<\/p>\n\n\n\n<p>Uma categoria diferenciada e essencial para a economia criativa e da sa\u00fade integrativa<\/p>\n\n\n\n<p>O Minist\u00e9rio do Trabalho classifica o Pr\u00f3\u2011Beleza como um sindicato de categoria diferenciada, o que significa que sua atua\u00e7\u00e3o n\u00e3o se limita aos modelos tradicionais de representa\u00e7\u00e3o laboral ou econ\u00f4mica. Isso ocorre porque os profissionais do setor da beleza atuam em m\u00faltiplos formatos de contrata\u00e7\u00e3o e modelos de neg\u00f3cio \u2014 realidade reconhecida inclusive pela Lei Federal 13.352\/2016, a conhecida Lei do Sal\u00e3o Parceiro, legisla\u00e7\u00e3o espec\u00edfica e fundamental para a organiza\u00e7\u00e3o do setor.<\/p>\n\n\n\n<p>A categoria abrange profissionais como barbeiros, cabeleireiros, manicures, pedicures, maquiadores, esteticistas e todas as especialidades derivadas dessas forma\u00e7\u00f5es. N\u00e3o por acaso, o dia 19 de janeiro celebra oficialmente os profissionais do ciclo da beleza e est\u00e9tica, refor\u00e7ando a import\u00e2ncia social e econ\u00f4mica desse segmento.<\/p>\n\n\n\n<p>Projetos que moldam a pr\u00f3xima d\u00e9cada<\/p>\n\n\n\n<p>Para 2026, Michelasi destaca iniciativas que devem impulsionar ainda mais o desenvolvimento profissional e o empreendedorismo no setor. Entre elas:<\/p>\n\n\n\n<ul class=\"wp-block-list\">\n<li>Casa Pr\u00f3\u2011Beleza \u2013 um espa\u00e7o de forma\u00e7\u00e3o, acolhimento e inova\u00e7\u00e3o;<\/li>\n\n\n\n<li>Faculdade da Beleza \u2013 projeto educacional que promete elevar o n\u00edvel t\u00e9cnico e acad\u00eamico da \u00e1rea;<\/li>\n\n\n\n<li>Pr\u00f3\u2011Beleza Cooper \u2013 iniciativa cooperativista voltada ao fortalecimento econ\u00f4mico dos profissionais.<\/li>\n<\/ul>\n\n\n\n<p>Esses projetos, segundo o presidente, ser\u00e3o os \u201ccarros\u2011chefes da pr\u00f3xima d\u00e9cada\u201d, consolidando uma nova fase de crescimento e profissionaliza\u00e7\u00e3o.<\/p>\n\n\n\n<p>Comunica\u00e7\u00e3o fortalecida com a TV Pr\u00f3\u2011Beleza<\/p>\n\n\n\n<p>Outro destaque recente \u00e9 o avan\u00e7o da TV Pr\u00f3\u2011Beleza, que em parceria com a Alpha Channel ganhou for\u00e7a e credibilidade ao longo de 2025. A plataforma promete ampliar o di\u00e1logo com os profissionais do setor, oferecendo conte\u00fado educativo, informativo e cultural, alinhado \u00e0s necessidades da categoria.<\/p>\n\n\n\n<p>Um ciclo de expans\u00e3o e reconhecimento<\/p>\n\n\n\n<p>A homenagem internacional recebida por Michelasi simboliza n\u00e3o apenas o reconhecimento de sua trajet\u00f3ria, mas tamb\u00e9m o impacto do Pr\u00f3\u2011Beleza na vida de milh\u00f5es de profissionais que atuam no vasto ecossistema da beleza, est\u00e9tica, terapias complementares, arte\u2011educa\u00e7\u00e3o e sa\u00fade integrativa.<\/p>\n\n\n\n<p>Mais informa\u00e7\u00f5es sobre o sindicato, seus projetos e a\u00e7\u00f5es podem ser encontradas no site oficial: <a href=\"http:\/\/www.probeleza.org.br\">www.probeleza.org.br<\/a>.<\/p>\n\n\n\n<p><\/p>\n\n\n\n<p><\/p>\n\n\n\n<p><\/p>\n\n\n\n<p><\/p>\n","protected":false},"excerpt":{"rendered":"<p>O reconhecimento internacional marcou o in\u00edcio de 2026 para M\u00e1rcio Michelasi, que recebeu homenagens por sua atua\u00e7\u00e3o transformadora na presid\u00eancia do Sindicato Nacional Pr\u00f3\u2011Beleza. \u00c0 frente de uma das entidades mais tradicionais do pa\u00eds \u2014 fundada em 02 de janeiro de 1919 \u2014 Michelasi conduz o sindicato rumo aos seus 107 anos com uma gest\u00e3o \u2026<\/p>\n","protected":false},"author":2,"featured_media":5391,"comment_status":"closed","ping_status":"open","sticky":false,"template":"","format":"standard","meta":{"footnotes":""},"categories":[3],"tags":[],"class_list":["post-5392","post","type-post","status-publish","format-standard","has-post-thumbnail","hentry","category-famosos"],"yoast_head":"<!-- This site is optimized with the Yoast SEO plugin v25.5 - https:\/\/yoast.com\/wordpress\/plugins\/seo\/ -->\n<title>M\u00e1rcio Michelasi recebe homenagem internacional pelos avan\u00e7os \u00e0 frente do Sindicato Nacional Pr\u00f3\u2011Beleza - Portal do Estado<\/title>\n<meta name=\"robots\" content=\"index, follow, max-snippet:-1, max-image-preview:large, max-video-preview:-1\" \/>\n<link rel=\"canonical\" href=\"https:\/\/portaldoestado.com.br\/index.php\/2026\/01\/04\/marcio-michelasi-recebe-homenagem-internacional-pelos-avancos-a-frente-do-sindicato-nacional-pro-beleza\/\" \/>\n<meta property=\"og:locale\" content=\"pt_BR\" \/>\n<meta property=\"og:type\" content=\"article\" \/>\n<meta property=\"og:title\" content=\"M\u00e1rcio Michelasi recebe homenagem internacional pelos avan\u00e7os \u00e0 frente do Sindicato Nacional Pr\u00f3\u2011Beleza - Portal do Estado\" \/>\n<meta property=\"og:description\" content=\"O reconhecimento internacional marcou o in\u00edcio de 2026 para M\u00e1rcio Michelasi, que recebeu homenagens por sua atua\u00e7\u00e3o transformadora na presid\u00eancia do Sindicato Nacional Pr\u00f3\u2011Beleza. \u00c0 frente de uma das entidades mais tradicionais do pa\u00eds \u2014 fundada em 02 de janeiro de 1919 \u2014 Michelasi conduz o sindicato rumo aos seus 107 anos com uma gest\u00e3o \u2026\" \/>\n<meta property=\"og:url\" content=\"https:\/\/portaldoestado.com.br\/index.php\/2026\/01\/04\/marcio-michelasi-recebe-homenagem-internacional-pelos-avancos-a-frente-do-sindicato-nacional-pro-beleza\/\" \/>\n<meta property=\"og:site_name\" content=\"Portal do Estado\" \/>\n<meta property=\"article:published_time\" content=\"2026-01-04T19:58:23+00:00\" \/>\n<meta property=\"og:image\" content=\"https:\/\/portaldoestado.com.br\/wp-content\/uploads\/2026\/01\/IMG_3067.jpeg\" \/>\n\t<meta property=\"og:image:width\" content=\"1320\" \/>\n\t<meta property=\"og:image:height\" content=\"826\" \/>\n\t<meta property=\"og:image:type\" content=\"image\/jpeg\" \/>\n<meta name=\"author\" content=\"assessoriadefamosos\" \/>\n<meta name=\"twitter:card\" content=\"summary_large_image\" \/>\n<meta name=\"twitter:label1\" content=\"Escrito por\" \/>\n\t<meta name=\"twitter:data1\" content=\"assessoriadefamosos\" \/>\n\t<meta name=\"twitter:label2\" content=\"Est. tempo de leitura\" \/>\n\t<meta name=\"twitter:data2\" content=\"3 minutos\" \/>\n<script type=\"application\/ld+json\" class=\"yoast-schema-graph\">{\"@context\":\"https:\/\/schema.org\",\"@graph\":[{\"@type\":\"Article\",\"@id\":\"https:\/\/portaldoestado.com.br\/index.php\/2026\/01\/04\/marcio-michelasi-recebe-homenagem-internacional-pelos-avancos-a-frente-do-sindicato-nacional-pro-beleza\/#article\",\"isPartOf\":{\"@id\":\"https:\/\/portaldoestado.com.br\/index.php\/2026\/01\/04\/marcio-michelasi-recebe-homenagem-internacional-pelos-avancos-a-frente-do-sindicato-nacional-pro-beleza\/\"},\"author\":{\"name\":\"assessoriadefamosos\",\"@id\":\"https:\/\/portaldoestado.com.br\/#\/schema\/person\/5ca0174f3c8c84b59da62ea14b698cb9\"},\"headline\":\"M\u00e1rcio Michelasi recebe homenagem internacional pelos avan\u00e7os \u00e0 frente do Sindicato Nacional Pr\u00f3\u2011Beleza\",\"datePublished\":\"2026-01-04T19:58:23+00:00\",\"mainEntityOfPage\":{\"@id\":\"https:\/\/portaldoestado.com.br\/index.php\/2026\/01\/04\/marcio-michelasi-recebe-homenagem-internacional-pelos-avancos-a-frente-do-sindicato-nacional-pro-beleza\/\"},\"wordCount\":569,\"publisher\":{\"@id\":\"https:\/\/portaldoestado.com.br\/#organization\"},\"image\":{\"@id\":\"https:\/\/portaldoestado.com.br\/index.php\/2026\/01\/04\/marcio-michelasi-recebe-homenagem-internacional-pelos-avancos-a-frente-do-sindicato-nacional-pro-beleza\/#primaryimage\"},\"thumbnailUrl\":\"https:\/\/portaldoestado.com.br\/wp-content\/uploads\/2026\/01\/IMG_3067.jpeg\",\"articleSection\":[\"Famosos\"],\"inLanguage\":\"pt-BR\"},{\"@type\":\"WebPage\",\"@id\":\"https:\/\/portaldoestado.com.br\/index.php\/2026\/01\/04\/marcio-michelasi-recebe-homenagem-internacional-pelos-avancos-a-frente-do-sindicato-nacional-pro-beleza\/\",\"url\":\"https:\/\/portaldoestado.com.br\/index.php\/2026\/01\/04\/marcio-michelasi-recebe-homenagem-internacional-pelos-avancos-a-frente-do-sindicato-nacional-pro-beleza\/\",\"name\":\"M\u00e1rcio Michelasi recebe homenagem internacional pelos avan\u00e7os \u00e0 frente do Sindicato Nacional Pr\u00f3\u2011Beleza - Portal do Estado\",\"isPartOf\":{\"@id\":\"https:\/\/portaldoestado.com.br\/#website\"},\"primaryImageOfPage\":{\"@id\":\"https:\/\/portaldoestado.com.br\/index.php\/2026\/01\/04\/marcio-michelasi-recebe-homenagem-internacional-pelos-avancos-a-frente-do-sindicato-nacional-pro-beleza\/#primaryimage\"},\"image\":{\"@id\":\"https:\/\/portaldoestado.com.br\/index.php\/2026\/01\/04\/marcio-michelasi-recebe-homenagem-internacional-pelos-avancos-a-frente-do-sindicato-nacional-pro-beleza\/#primaryimage\"},\"thumbnailUrl\":\"https:\/\/portaldoestado.com.br\/wp-content\/uploads\/2026\/01\/IMG_3067.jpeg\",\"datePublished\":\"2026-01-04T19:58:23+00:00\",\"breadcrumb\":{\"@id\":\"https:\/\/portaldoestado.com.br\/index.php\/2026\/01\/04\/marcio-michelasi-recebe-homenagem-internacional-pelos-avancos-a-frente-do-sindicato-nacional-pro-beleza\/#breadcrumb\"},\"inLanguage\":\"pt-BR\",\"potentialAction\":[{\"@type\":\"ReadAction\",\"target\":[\"https:\/\/portaldoestado.com.br\/index.php\/2026\/01\/04\/marcio-michelasi-recebe-homenagem-internacional-pelos-avancos-a-frente-do-sindicato-nacional-pro-beleza\/\"]}]},{\"@type\":\"ImageObject\",\"inLanguage\":\"pt-BR\",\"@id\":\"https:\/\/portaldoestado.com.br\/index.php\/2026\/01\/04\/marcio-michelasi-recebe-homenagem-internacional-pelos-avancos-a-frente-do-sindicato-nacional-pro-beleza\/#primaryimage\",\"url\":\"https:\/\/portaldoestado.com.br\/wp-content\/uploads\/2026\/01\/IMG_3067.jpeg\",\"contentUrl\":\"https:\/\/portaldoestado.com.br\/wp-content\/uploads\/2026\/01\/IMG_3067.jpeg\",\"width\":1320,\"height\":826},{\"@type\":\"BreadcrumbList\",\"@id\":\"https:\/\/portaldoestado.com.br\/index.php\/2026\/01\/04\/marcio-michelasi-recebe-homenagem-internacional-pelos-avancos-a-frente-do-sindicato-nacional-pro-beleza\/#breadcrumb\",\"itemListElement\":[{\"@type\":\"ListItem\",\"position\":1,\"name\":\"In\u00edcio\",\"item\":\"https:\/\/portaldoestado.com.br\/\"},{\"@type\":\"ListItem\",\"position\":2,\"name\":\"M\u00e1rcio Michelasi recebe homenagem internacional pelos avan\u00e7os \u00e0 frente do Sindicato Nacional Pr\u00f3\u2011Beleza\"}]},{\"@type\":\"WebSite\",\"@id\":\"https:\/\/portaldoestado.com.br\/#website\",\"url\":\"https:\/\/portaldoestado.com.br\/\",\"name\":\"Portal do Estado\",\"description\":\"\",\"publisher\":{\"@id\":\"https:\/\/portaldoestado.com.br\/#organization\"},\"potentialAction\":[{\"@type\":\"SearchAction\",\"target\":{\"@type\":\"EntryPoint\",\"urlTemplate\":\"https:\/\/portaldoestado.com.br\/?s={search_term_string}\"},\"query-input\":{\"@type\":\"PropertyValueSpecification\",\"valueRequired\":true,\"valueName\":\"search_term_string\"}}],\"inLanguage\":\"pt-BR\"},{\"@type\":\"Organization\",\"@id\":\"https:\/\/portaldoestado.com.br\/#organization\",\"name\":\"Portal do Estado\",\"url\":\"https:\/\/portaldoestado.com.br\/\",\"logo\":{\"@type\":\"ImageObject\",\"inLanguage\":\"pt-BR\",\"@id\":\"https:\/\/portaldoestado.com.br\/#\/schema\/logo\/image\/\",\"url\":\"https:\/\/portaldoestado.com.br\/wp-content\/uploads\/2025\/04\/cropped-6f69b19a-6472-43bf-b1b3-e1910bbbd4e8.png\",\"contentUrl\":\"https:\/\/portaldoestado.com.br\/wp-content\/uploads\/2025\/04\/cropped-6f69b19a-6472-43bf-b1b3-e1910bbbd4e8.png\",\"width\":1024,\"height\":350,\"caption\":\"Portal do Estado\"},\"image\":{\"@id\":\"https:\/\/portaldoestado.com.br\/#\/schema\/logo\/image\/\"}},{\"@type\":\"Person\",\"@id\":\"https:\/\/portaldoestado.com.br\/#\/schema\/person\/5ca0174f3c8c84b59da62ea14b698cb9\",\"name\":\"assessoriadefamosos\",\"image\":{\"@type\":\"ImageObject\",\"inLanguage\":\"pt-BR\",\"@id\":\"https:\/\/portaldoestado.com.br\/#\/schema\/person\/image\/\",\"url\":\"https:\/\/secure.gravatar.com\/avatar\/a7acbdffcfbbae7240e59f47fe511ec5f5d8c252c779f0b8d9ab02a9e1d8c5ed?s=96&d=mm&r=g\",\"contentUrl\":\"https:\/\/secure.gravatar.com\/avatar\/a7acbdffcfbbae7240e59f47fe511ec5f5d8c252c779f0b8d9ab02a9e1d8c5ed?s=96&d=mm&r=g\",\"caption\":\"assessoriadefamosos\"},\"url\":\"https:\/\/portaldoestado.com.br\/index.php\/author\/assessoriadefamosos\/\"}]}<\/script>\n<!-- \/ Yoast SEO plugin. -->","yoast_head_json":{"title":"M\u00e1rcio Michelasi recebe homenagem internacional pelos avan\u00e7os \u00e0 frente do Sindicato Nacional Pr\u00f3\u2011Beleza - Portal do Estado","robots":{"index":"index","follow":"follow","max-snippet":"max-snippet:-1","max-image-preview":"max-image-preview:large","max-video-preview":"max-video-preview:-1"},"canonical":"https:\/\/portaldoestado.com.br\/index.php\/2026\/01\/04\/marcio-michelasi-recebe-homenagem-internacional-pelos-avancos-a-frente-do-sindicato-nacional-pro-beleza\/","og_locale":"pt_BR","og_type":"article","og_title":"M\u00e1rcio Michelasi recebe homenagem internacional pelos avan\u00e7os \u00e0 frente do Sindicato Nacional Pr\u00f3\u2011Beleza - Portal do Estado","og_description":"O reconhecimento internacional marcou o in\u00edcio de 2026 para M\u00e1rcio Michelasi, que recebeu homenagens por sua atua\u00e7\u00e3o transformadora na presid\u00eancia do Sindicato Nacional Pr\u00f3\u2011Beleza. \u00c0 frente de uma das entidades mais tradicionais do pa\u00eds \u2014 fundada em 02 de janeiro de 1919 \u2014 Michelasi conduz o sindicato rumo aos seus 107 anos com uma gest\u00e3o \u2026","og_url":"https:\/\/portaldoestado.com.br\/index.php\/2026\/01\/04\/marcio-michelasi-recebe-homenagem-internacional-pelos-avancos-a-frente-do-sindicato-nacional-pro-beleza\/","og_site_name":"Portal do Estado","article_published_time":"2026-01-04T19:58:23+00:00","og_image":[{"width":1320,"height":826,"url":"https:\/\/portaldoestado.com.br\/wp-content\/uploads\/2026\/01\/IMG_3067.jpeg","type":"image\/jpeg"}],"author":"assessoriadefamosos","twitter_card":"summary_large_image","twitter_misc":{"Escrito por":"assessoriadefamosos","Est. tempo de leitura":"3 minutos"},"schema":{"@context":"https:\/\/schema.org","@graph":[{"@type":"Article","@id":"https:\/\/portaldoestado.com.br\/index.php\/2026\/01\/04\/marcio-michelasi-recebe-homenagem-internacional-pelos-avancos-a-frente-do-sindicato-nacional-pro-beleza\/#article","isPartOf":{"@id":"https:\/\/portaldoestado.com.br\/index.php\/2026\/01\/04\/marcio-michelasi-recebe-homenagem-internacional-pelos-avancos-a-frente-do-sindicato-nacional-pro-beleza\/"},"author":{"name":"assessoriadefamosos","@id":"https:\/\/portaldoestado.com.br\/#\/schema\/person\/5ca0174f3c8c84b59da62ea14b698cb9"},"headline":"M\u00e1rcio Michelasi recebe homenagem internacional pelos avan\u00e7os \u00e0 frente do Sindicato Nacional Pr\u00f3\u2011Beleza","datePublished":"2026-01-04T19:58:23+00:00","mainEntityOfPage":{"@id":"https:\/\/portaldoestado.com.br\/index.php\/2026\/01\/04\/marcio-michelasi-recebe-homenagem-internacional-pelos-avancos-a-frente-do-sindicato-nacional-pro-beleza\/"},"wordCount":569,"publisher":{"@id":"https:\/\/portaldoestado.com.br\/#organization"},"image":{"@id":"https:\/\/portaldoestado.com.br\/index.php\/2026\/01\/04\/marcio-michelasi-recebe-homenagem-internacional-pelos-avancos-a-frente-do-sindicato-nacional-pro-beleza\/#primaryimage"},"thumbnailUrl":"https:\/\/portaldoestado.com.br\/wp-content\/uploads\/2026\/01\/IMG_3067.jpeg","articleSection":["Famosos"],"inLanguage":"pt-BR"},{"@type":"WebPage","@id":"https:\/\/portaldoestado.com.br\/index.php\/2026\/01\/04\/marcio-michelasi-recebe-homenagem-internacional-pelos-avancos-a-frente-do-sindicato-nacional-pro-beleza\/","url":"https:\/\/portaldoestado.com.br\/index.php\/2026\/01\/04\/marcio-michelasi-recebe-homenagem-internacional-pelos-avancos-a-frente-do-sindicato-nacional-pro-beleza\/","name":"M\u00e1rcio Michelasi recebe homenagem internacional pelos avan\u00e7os \u00e0 frente do Sindicato Nacional Pr\u00f3\u2011Beleza - Portal do Estado","isPartOf":{"@id":"https:\/\/portaldoestado.com.br\/#website"},"primaryImageOfPage":{"@id":"https:\/\/portaldoestado.com.br\/index.php\/2026\/01\/04\/marcio-michelasi-recebe-homenagem-internacional-pelos-avancos-a-frente-do-sindicato-nacional-pro-beleza\/#primaryimage"},"image":{"@id":"https:\/\/portaldoestado.com.br\/index.php\/2026\/01\/04\/marcio-michelasi-recebe-homenagem-internacional-pelos-avancos-a-frente-do-sindicato-nacional-pro-beleza\/#primaryimage"},"thumbnailUrl":"https:\/\/portaldoestado.com.br\/wp-content\/uploads\/2026\/01\/IMG_3067.jpeg","datePublished":"2026-01-04T19:58:23+00:00","breadcrumb":{"@id":"https:\/\/portaldoestado.com.br\/index.php\/2026\/01\/04\/marcio-michelasi-recebe-homenagem-internacional-pelos-avancos-a-frente-do-sindicato-nacional-pro-beleza\/#breadcrumb"},"inLanguage":"pt-BR","potentialAction":[{"@type":"ReadAction","target":["https:\/\/portaldoestado.com.br\/index.php\/2026\/01\/04\/marcio-michelasi-recebe-homenagem-internacional-pelos-avancos-a-frente-do-sindicato-nacional-pro-beleza\/"]}]},{"@type":"ImageObject","inLanguage":"pt-BR","@id":"https:\/\/portaldoestado.com.br\/index.php\/2026\/01\/04\/marcio-michelasi-recebe-homenagem-internacional-pelos-avancos-a-frente-do-sindicato-nacional-pro-beleza\/#primaryimage","url":"https:\/\/portaldoestado.com.br\/wp-content\/uploads\/2026\/01\/IMG_3067.jpeg","contentUrl":"https:\/\/portaldoestado.com.br\/wp-content\/uploads\/2026\/01\/IMG_3067.jpeg","width":1320,"height":826},{"@type":"BreadcrumbList","@id":"https:\/\/portaldoestado.com.br\/index.php\/2026\/01\/04\/marcio-michelasi-recebe-homenagem-internacional-pelos-avancos-a-frente-do-sindicato-nacional-pro-beleza\/#breadcrumb","itemListElement":[{"@type":"ListItem","position":1,"name":"In\u00edcio","item":"https:\/\/portaldoestado.com.br\/"},{"@type":"ListItem","position":2,"name":"M\u00e1rcio Michelasi recebe homenagem internacional pelos avan\u00e7os \u00e0 frente do Sindicato Nacional Pr\u00f3\u2011Beleza"}]},{"@type":"WebSite","@id":"https:\/\/portaldoestado.com.br\/#website","url":"https:\/\/portaldoestado.com.br\/","name":"Portal do Estado","description":"","publisher":{"@id":"https:\/\/portaldoestado.com.br\/#organization"},"potentialAction":[{"@type":"SearchAction","target":{"@type":"EntryPoint","urlTemplate":"https:\/\/portaldoestado.com.br\/?s={search_term_string}"},"query-input":{"@type":"PropertyValueSpecification","valueRequired":true,"valueName":"search_term_string"}}],"inLanguage":"pt-BR"},{"@type":"Organization","@id":"https:\/\/portaldoestado.com.br\/#organization","name":"Portal do Estado","url":"https:\/\/portaldoestado.com.br\/","logo":{"@type":"ImageObject","inLanguage":"pt-BR","@id":"https:\/\/portaldoestado.com.br\/#\/schema\/logo\/image\/","url":"https:\/\/portaldoestado.com.br\/wp-content\/uploads\/2025\/04\/cropped-6f69b19a-6472-43bf-b1b3-e1910bbbd4e8.png","contentUrl":"https:\/\/portaldoestado.com.br\/wp-content\/uploads\/2025\/04\/cropped-6f69b19a-6472-43bf-b1b3-e1910bbbd4e8.png","width":1024,"height":350,"caption":"Portal do Estado"},"image":{"@id":"https:\/\/portaldoestado.com.br\/#\/schema\/logo\/image\/"}},{"@type":"Person","@id":"https:\/\/portaldoestado.com.br\/#\/schema\/person\/5ca0174f3c8c84b59da62ea14b698cb9","name":"assessoriadefamosos","image":{"@type":"ImageObject","inLanguage":"pt-BR","@id":"https:\/\/portaldoestado.com.br\/#\/schema\/person\/image\/","url":"https:\/\/secure.gravatar.com\/avatar\/a7acbdffcfbbae7240e59f47fe511ec5f5d8c252c779f0b8d9ab02a9e1d8c5ed?s=96&d=mm&r=g","contentUrl":"https:\/\/secure.gravatar.com\/avatar\/a7acbdffcfbbae7240e59f47fe511ec5f5d8c252c779f0b8d9ab02a9e1d8c5ed?s=96&d=mm&r=g","caption":"assessoriadefamosos"},"url":"https:\/\/portaldoestado.com.br\/index.php\/author\/assessoriadefamosos\/"}]}},"jetpack_featured_media_url":"https:\/\/portaldoestado.com.br\/wp-content\/uploads\/2026\/01\/IMG_3067.jpeg","_links":{"self":[{"href":"https:\/\/portaldoestado.com.br\/index.php\/wp-json\/wp\/v2\/posts\/5392","targetHints":{"allow":["GET"]}}],"collection":[{"href":"https:\/\/portaldoestado.com.br\/index.php\/wp-json\/wp\/v2\/posts"}],"about":[{"href":"https:\/\/portaldoestado.com.br\/index.php\/wp-json\/wp\/v2\/types\/post"}],"author":[{"embeddable":true,"href":"https:\/\/portaldoestado.com.br\/index.php\/wp-json\/wp\/v2\/users\/2"}],"replies":[{"embeddable":true,"href":"https:\/\/portaldoestado.com.br\/index.php\/wp-json\/wp\/v2\/comments?post=5392"}],"version-history":[{"count":1,"href":"https:\/\/portaldoestado.com.br\/index.php\/wp-json\/wp\/v2\/posts\/5392\/revisions"}],"predecessor-version":[{"id":5393,"href":"https:\/\/portaldoestado.com.br\/index.php\/wp-json\/wp\/v2\/posts\/5392\/revisions\/5393"}],"wp:featuredmedia":[{"embeddable":true,"href":"https:\/\/portaldoestado.com.br\/index.php\/wp-json\/wp\/v2\/media\/5391"}],"wp:attachment":[{"href":"https:\/\/portaldoestado.com.br\/index.php\/wp-json\/wp\/v2\/media?parent=5392"}],"wp:term":[{"taxonomy":"category","embeddable":true,"href":"https:\/\/portaldoestado.com.br\/index.php\/wp-json\/wp\/v2\/categories?post=5392"},{"taxonomy":"post_tag","embeddable":true,"href":"https:\/\/portaldoestado.com.br\/index.php\/wp-json\/wp\/v2\/tags?post=5392"}],"curies":[{"name":"wp","href":"https:\/\/api.w.org\/{rel}","templated":true}]}}