{"id":5377,"date":"2026-01-04T16:13:46","date_gmt":"2026-01-04T16:13:46","guid":{"rendered":"https:\/\/portaldoestado.com.br\/?p=5377"},"modified":"2026-01-04T16:13:46","modified_gmt":"2026-01-04T16:13:46","slug":"ana-castela-surpreende-ao-mudar-repertorio-em-show-e-escolha-repercute-nas-redes","status":"publish","type":"post","link":"https:\/\/portaldoestado.com.br\/index.php\/2026\/01\/04\/ana-castela-surpreende-ao-mudar-repertorio-em-show-e-escolha-repercute-nas-redes\/","title":{"rendered":"Ana Castela surpreende ao mudar repert\u00f3rio em show e escolha repercute nas redes"},"content":{"rendered":"\n<p>Uma altera\u00e7\u00e3o inesperada no setlist de Ana Castela movimentou os f\u00e3s neste s\u00e1bado (3\/1). Durante a apresenta\u00e7\u00e3o, a cantora optou por deixar de fora <strong>\u201cSua Boca Mente\u201d<\/strong>, parceria recente com Z\u00e9 Felipe, e incluiu no repert\u00f3rio <strong>\u201cPrincesa\u201d<\/strong>, m\u00fasica lan\u00e7ada ao lado de Gustavo Mioto, com quem teve um relacionamento no passado.<\/p>\n\n\n\n<p>O momento foi gravado por pessoas que estavam no show e rapidamente ganhou destaque nas redes sociais, onde internautas passaram a especular os motivos da decis\u00e3o. A aus\u00eancia do feat com Z\u00e9 Felipe, que segue entre as faixas mais ouvidas do momento, chamou aten\u00e7\u00e3o justamente por se tratar de um dos lan\u00e7amentos mais fortes da cantora nos \u00faltimos meses.<\/p>\n\n\n\n<p>Nos coment\u00e1rios, a mudan\u00e7a dividiu opini\u00f5es. Alguns f\u00e3s demonstraram estranhamento e defenderam que a artista deveria manter a m\u00fasica no repert\u00f3rio por seu sucesso comercial. Outros, por\u00e9m, entenderam a escolha e destacaram que o setlist pode variar conforme o clima da apresenta\u00e7\u00e3o e as decis\u00f5es pessoais da cantora.<\/p>\n\n\n\n<p>At\u00e9 agora, Ana Castela n\u00e3o se manifestou sobre a troca, mas o epis\u00f3dio refor\u00e7ou o quanto suas decis\u00f5es no palco seguem gerando grande repercuss\u00e3o entre o p\u00fablico e os seguidores nas redes sociais.<\/p>\n","protected":false},"excerpt":{"rendered":"<p>Uma altera\u00e7\u00e3o inesperada no setlist de Ana Castela movimentou os f\u00e3s neste s\u00e1bado (3\/1). Durante a apresenta\u00e7\u00e3o, a cantora optou por deixar de fora \u201cSua Boca Mente\u201d, parceria recente com Z\u00e9 Felipe, e incluiu no repert\u00f3rio \u201cPrincesa\u201d, m\u00fasica lan\u00e7ada ao lado de Gustavo Mioto, com quem teve um relacionamento no passado. O momento foi gravado \u2026<\/p>\n","protected":false},"author":2,"featured_media":5376,"comment_status":"closed","ping_status":"open","sticky":false,"template":"","format":"standard","meta":{"footnotes":""},"categories":[3],"tags":[],"class_list":["post-5377","post","type-post","status-publish","format-standard","has-post-thumbnail","hentry","category-famosos"],"yoast_head":"<!-- This site is optimized with the Yoast SEO plugin v25.5 - https:\/\/yoast.com\/wordpress\/plugins\/seo\/ -->\n<title>Ana Castela surpreende ao mudar repert\u00f3rio em show e escolha repercute nas redes - Portal do Estado<\/title>\n<meta name=\"robots\" content=\"index, follow, max-snippet:-1, max-image-preview:large, max-video-preview:-1\" \/>\n<link rel=\"canonical\" href=\"https:\/\/portaldoestado.com.br\/index.php\/2026\/01\/04\/ana-castela-surpreende-ao-mudar-repertorio-em-show-e-escolha-repercute-nas-redes\/\" \/>\n<meta property=\"og:locale\" content=\"pt_BR\" \/>\n<meta property=\"og:type\" content=\"article\" \/>\n<meta property=\"og:title\" content=\"Ana Castela surpreende ao mudar repert\u00f3rio em show e escolha repercute nas redes - Portal do Estado\" \/>\n<meta property=\"og:description\" content=\"Uma altera\u00e7\u00e3o inesperada no setlist de Ana Castela movimentou os f\u00e3s neste s\u00e1bado (3\/1). Durante a apresenta\u00e7\u00e3o, a cantora optou por deixar de fora \u201cSua Boca Mente\u201d, parceria recente com Z\u00e9 Felipe, e incluiu no repert\u00f3rio \u201cPrincesa\u201d, m\u00fasica lan\u00e7ada ao lado de Gustavo Mioto, com quem teve um relacionamento no passado. O momento foi gravado \u2026\" \/>\n<meta property=\"og:url\" content=\"https:\/\/portaldoestado.com.br\/index.php\/2026\/01\/04\/ana-castela-surpreende-ao-mudar-repertorio-em-show-e-escolha-repercute-nas-redes\/\" \/>\n<meta property=\"og:site_name\" content=\"Portal do Estado\" \/>\n<meta property=\"article:published_time\" content=\"2026-01-04T16:13:46+00:00\" \/>\n<meta property=\"og:image\" content=\"https:\/\/portaldoestado.com.br\/wp-content\/uploads\/2026\/01\/ana.webp\" \/>\n\t<meta property=\"og:image:width\" content=\"419\" \/>\n\t<meta property=\"og:image:height\" content=\"235\" \/>\n\t<meta property=\"og:image:type\" content=\"image\/webp\" \/>\n<meta name=\"author\" content=\"assessoriadefamosos\" \/>\n<meta name=\"twitter:card\" content=\"summary_large_image\" \/>\n<meta name=\"twitter:label1\" content=\"Escrito por\" \/>\n\t<meta name=\"twitter:data1\" content=\"assessoriadefamosos\" \/>\n\t<meta name=\"twitter:label2\" content=\"Est. tempo de leitura\" \/>\n\t<meta name=\"twitter:data2\" content=\"1 minuto\" \/>\n<script type=\"application\/ld+json\" class=\"yoast-schema-graph\">{\"@context\":\"https:\/\/schema.org\",\"@graph\":[{\"@type\":\"Article\",\"@id\":\"https:\/\/portaldoestado.com.br\/index.php\/2026\/01\/04\/ana-castela-surpreende-ao-mudar-repertorio-em-show-e-escolha-repercute-nas-redes\/#article\",\"isPartOf\":{\"@id\":\"https:\/\/portaldoestado.com.br\/index.php\/2026\/01\/04\/ana-castela-surpreende-ao-mudar-repertorio-em-show-e-escolha-repercute-nas-redes\/\"},\"author\":{\"name\":\"assessoriadefamosos\",\"@id\":\"https:\/\/portaldoestado.com.br\/#\/schema\/person\/5ca0174f3c8c84b59da62ea14b698cb9\"},\"headline\":\"Ana Castela surpreende ao mudar repert\u00f3rio em show e escolha repercute nas redes\",\"datePublished\":\"2026-01-04T16:13:46+00:00\",\"mainEntityOfPage\":{\"@id\":\"https:\/\/portaldoestado.com.br\/index.php\/2026\/01\/04\/ana-castela-surpreende-ao-mudar-repertorio-em-show-e-escolha-repercute-nas-redes\/\"},\"wordCount\":230,\"publisher\":{\"@id\":\"https:\/\/portaldoestado.com.br\/#organization\"},\"image\":{\"@id\":\"https:\/\/portaldoestado.com.br\/index.php\/2026\/01\/04\/ana-castela-surpreende-ao-mudar-repertorio-em-show-e-escolha-repercute-nas-redes\/#primaryimage\"},\"thumbnailUrl\":\"https:\/\/portaldoestado.com.br\/wp-content\/uploads\/2026\/01\/ana.webp\",\"articleSection\":[\"Famosos\"],\"inLanguage\":\"pt-BR\"},{\"@type\":\"WebPage\",\"@id\":\"https:\/\/portaldoestado.com.br\/index.php\/2026\/01\/04\/ana-castela-surpreende-ao-mudar-repertorio-em-show-e-escolha-repercute-nas-redes\/\",\"url\":\"https:\/\/portaldoestado.com.br\/index.php\/2026\/01\/04\/ana-castela-surpreende-ao-mudar-repertorio-em-show-e-escolha-repercute-nas-redes\/\",\"name\":\"Ana Castela surpreende ao mudar repert\u00f3rio em show e escolha repercute nas redes - Portal do Estado\",\"isPartOf\":{\"@id\":\"https:\/\/portaldoestado.com.br\/#website\"},\"primaryImageOfPage\":{\"@id\":\"https:\/\/portaldoestado.com.br\/index.php\/2026\/01\/04\/ana-castela-surpreende-ao-mudar-repertorio-em-show-e-escolha-repercute-nas-redes\/#primaryimage\"},\"image\":{\"@id\":\"https:\/\/portaldoestado.com.br\/index.php\/2026\/01\/04\/ana-castela-surpreende-ao-mudar-repertorio-em-show-e-escolha-repercute-nas-redes\/#primaryimage\"},\"thumbnailUrl\":\"https:\/\/portaldoestado.com.br\/wp-content\/uploads\/2026\/01\/ana.webp\",\"datePublished\":\"2026-01-04T16:13:46+00:00\",\"breadcrumb\":{\"@id\":\"https:\/\/portaldoestado.com.br\/index.php\/2026\/01\/04\/ana-castela-surpreende-ao-mudar-repertorio-em-show-e-escolha-repercute-nas-redes\/#breadcrumb\"},\"inLanguage\":\"pt-BR\",\"potentialAction\":[{\"@type\":\"ReadAction\",\"target\":[\"https:\/\/portaldoestado.com.br\/index.php\/2026\/01\/04\/ana-castela-surpreende-ao-mudar-repertorio-em-show-e-escolha-repercute-nas-redes\/\"]}]},{\"@type\":\"ImageObject\",\"inLanguage\":\"pt-BR\",\"@id\":\"https:\/\/portaldoestado.com.br\/index.php\/2026\/01\/04\/ana-castela-surpreende-ao-mudar-repertorio-em-show-e-escolha-repercute-nas-redes\/#primaryimage\",\"url\":\"https:\/\/portaldoestado.com.br\/wp-content\/uploads\/2026\/01\/ana.webp\",\"contentUrl\":\"https:\/\/portaldoestado.com.br\/wp-content\/uploads\/2026\/01\/ana.webp\",\"width\":419,\"height\":235},{\"@type\":\"BreadcrumbList\",\"@id\":\"https:\/\/portaldoestado.com.br\/index.php\/2026\/01\/04\/ana-castela-surpreende-ao-mudar-repertorio-em-show-e-escolha-repercute-nas-redes\/#breadcrumb\",\"itemListElement\":[{\"@type\":\"ListItem\",\"position\":1,\"name\":\"In\u00edcio\",\"item\":\"https:\/\/portaldoestado.com.br\/\"},{\"@type\":\"ListItem\",\"position\":2,\"name\":\"Ana Castela surpreende ao mudar repert\u00f3rio em show e escolha repercute nas redes\"}]},{\"@type\":\"WebSite\",\"@id\":\"https:\/\/portaldoestado.com.br\/#website\",\"url\":\"https:\/\/portaldoestado.com.br\/\",\"name\":\"Portal do Estado\",\"description\":\"\",\"publisher\":{\"@id\":\"https:\/\/portaldoestado.com.br\/#organization\"},\"potentialAction\":[{\"@type\":\"SearchAction\",\"target\":{\"@type\":\"EntryPoint\",\"urlTemplate\":\"https:\/\/portaldoestado.com.br\/?s={search_term_string}\"},\"query-input\":{\"@type\":\"PropertyValueSpecification\",\"valueRequired\":true,\"valueName\":\"search_term_string\"}}],\"inLanguage\":\"pt-BR\"},{\"@type\":\"Organization\",\"@id\":\"https:\/\/portaldoestado.com.br\/#organization\",\"name\":\"Portal do Estado\",\"url\":\"https:\/\/portaldoestado.com.br\/\",\"logo\":{\"@type\":\"ImageObject\",\"inLanguage\":\"pt-BR\",\"@id\":\"https:\/\/portaldoestado.com.br\/#\/schema\/logo\/image\/\",\"url\":\"https:\/\/portaldoestado.com.br\/wp-content\/uploads\/2025\/04\/cropped-6f69b19a-6472-43bf-b1b3-e1910bbbd4e8.png\",\"contentUrl\":\"https:\/\/portaldoestado.com.br\/wp-content\/uploads\/2025\/04\/cropped-6f69b19a-6472-43bf-b1b3-e1910bbbd4e8.png\",\"width\":1024,\"height\":350,\"caption\":\"Portal do Estado\"},\"image\":{\"@id\":\"https:\/\/portaldoestado.com.br\/#\/schema\/logo\/image\/\"}},{\"@type\":\"Person\",\"@id\":\"https:\/\/portaldoestado.com.br\/#\/schema\/person\/5ca0174f3c8c84b59da62ea14b698cb9\",\"name\":\"assessoriadefamosos\",\"image\":{\"@type\":\"ImageObject\",\"inLanguage\":\"pt-BR\",\"@id\":\"https:\/\/portaldoestado.com.br\/#\/schema\/person\/image\/\",\"url\":\"https:\/\/secure.gravatar.com\/avatar\/a7acbdffcfbbae7240e59f47fe511ec5f5d8c252c779f0b8d9ab02a9e1d8c5ed?s=96&d=mm&r=g\",\"contentUrl\":\"https:\/\/secure.gravatar.com\/avatar\/a7acbdffcfbbae7240e59f47fe511ec5f5d8c252c779f0b8d9ab02a9e1d8c5ed?s=96&d=mm&r=g\",\"caption\":\"assessoriadefamosos\"},\"url\":\"https:\/\/portaldoestado.com.br\/index.php\/author\/assessoriadefamosos\/\"}]}<\/script>\n<!-- \/ Yoast SEO plugin. -->","yoast_head_json":{"title":"Ana Castela surpreende ao mudar repert\u00f3rio em show e escolha repercute nas redes - Portal do Estado","robots":{"index":"index","follow":"follow","max-snippet":"max-snippet:-1","max-image-preview":"max-image-preview:large","max-video-preview":"max-video-preview:-1"},"canonical":"https:\/\/portaldoestado.com.br\/index.php\/2026\/01\/04\/ana-castela-surpreende-ao-mudar-repertorio-em-show-e-escolha-repercute-nas-redes\/","og_locale":"pt_BR","og_type":"article","og_title":"Ana Castela surpreende ao mudar repert\u00f3rio em show e escolha repercute nas redes - Portal do Estado","og_description":"Uma altera\u00e7\u00e3o inesperada no setlist de Ana Castela movimentou os f\u00e3s neste s\u00e1bado (3\/1). Durante a apresenta\u00e7\u00e3o, a cantora optou por deixar de fora \u201cSua Boca Mente\u201d, parceria recente com Z\u00e9 Felipe, e incluiu no repert\u00f3rio \u201cPrincesa\u201d, m\u00fasica lan\u00e7ada ao lado de Gustavo Mioto, com quem teve um relacionamento no passado. O momento foi gravado \u2026","og_url":"https:\/\/portaldoestado.com.br\/index.php\/2026\/01\/04\/ana-castela-surpreende-ao-mudar-repertorio-em-show-e-escolha-repercute-nas-redes\/","og_site_name":"Portal do Estado","article_published_time":"2026-01-04T16:13:46+00:00","og_image":[{"width":419,"height":235,"url":"https:\/\/portaldoestado.com.br\/wp-content\/uploads\/2026\/01\/ana.webp","type":"image\/webp"}],"author":"assessoriadefamosos","twitter_card":"summary_large_image","twitter_misc":{"Escrito por":"assessoriadefamosos","Est. tempo de leitura":"1 minuto"},"schema":{"@context":"https:\/\/schema.org","@graph":[{"@type":"Article","@id":"https:\/\/portaldoestado.com.br\/index.php\/2026\/01\/04\/ana-castela-surpreende-ao-mudar-repertorio-em-show-e-escolha-repercute-nas-redes\/#article","isPartOf":{"@id":"https:\/\/portaldoestado.com.br\/index.php\/2026\/01\/04\/ana-castela-surpreende-ao-mudar-repertorio-em-show-e-escolha-repercute-nas-redes\/"},"author":{"name":"assessoriadefamosos","@id":"https:\/\/portaldoestado.com.br\/#\/schema\/person\/5ca0174f3c8c84b59da62ea14b698cb9"},"headline":"Ana Castela surpreende ao mudar repert\u00f3rio em show e escolha repercute nas redes","datePublished":"2026-01-04T16:13:46+00:00","mainEntityOfPage":{"@id":"https:\/\/portaldoestado.com.br\/index.php\/2026\/01\/04\/ana-castela-surpreende-ao-mudar-repertorio-em-show-e-escolha-repercute-nas-redes\/"},"wordCount":230,"publisher":{"@id":"https:\/\/portaldoestado.com.br\/#organization"},"image":{"@id":"https:\/\/portaldoestado.com.br\/index.php\/2026\/01\/04\/ana-castela-surpreende-ao-mudar-repertorio-em-show-e-escolha-repercute-nas-redes\/#primaryimage"},"thumbnailUrl":"https:\/\/portaldoestado.com.br\/wp-content\/uploads\/2026\/01\/ana.webp","articleSection":["Famosos"],"inLanguage":"pt-BR"},{"@type":"WebPage","@id":"https:\/\/portaldoestado.com.br\/index.php\/2026\/01\/04\/ana-castela-surpreende-ao-mudar-repertorio-em-show-e-escolha-repercute-nas-redes\/","url":"https:\/\/portaldoestado.com.br\/index.php\/2026\/01\/04\/ana-castela-surpreende-ao-mudar-repertorio-em-show-e-escolha-repercute-nas-redes\/","name":"Ana Castela surpreende ao mudar repert\u00f3rio em show e escolha repercute nas redes - Portal do Estado","isPartOf":{"@id":"https:\/\/portaldoestado.com.br\/#website"},"primaryImageOfPage":{"@id":"https:\/\/portaldoestado.com.br\/index.php\/2026\/01\/04\/ana-castela-surpreende-ao-mudar-repertorio-em-show-e-escolha-repercute-nas-redes\/#primaryimage"},"image":{"@id":"https:\/\/portaldoestado.com.br\/index.php\/2026\/01\/04\/ana-castela-surpreende-ao-mudar-repertorio-em-show-e-escolha-repercute-nas-redes\/#primaryimage"},"thumbnailUrl":"https:\/\/portaldoestado.com.br\/wp-content\/uploads\/2026\/01\/ana.webp","datePublished":"2026-01-04T16:13:46+00:00","breadcrumb":{"@id":"https:\/\/portaldoestado.com.br\/index.php\/2026\/01\/04\/ana-castela-surpreende-ao-mudar-repertorio-em-show-e-escolha-repercute-nas-redes\/#breadcrumb"},"inLanguage":"pt-BR","potentialAction":[{"@type":"ReadAction","target":["https:\/\/portaldoestado.com.br\/index.php\/2026\/01\/04\/ana-castela-surpreende-ao-mudar-repertorio-em-show-e-escolha-repercute-nas-redes\/"]}]},{"@type":"ImageObject","inLanguage":"pt-BR","@id":"https:\/\/portaldoestado.com.br\/index.php\/2026\/01\/04\/ana-castela-surpreende-ao-mudar-repertorio-em-show-e-escolha-repercute-nas-redes\/#primaryimage","url":"https:\/\/portaldoestado.com.br\/wp-content\/uploads\/2026\/01\/ana.webp","contentUrl":"https:\/\/portaldoestado.com.br\/wp-content\/uploads\/2026\/01\/ana.webp","width":419,"height":235},{"@type":"BreadcrumbList","@id":"https:\/\/portaldoestado.com.br\/index.php\/2026\/01\/04\/ana-castela-surpreende-ao-mudar-repertorio-em-show-e-escolha-repercute-nas-redes\/#breadcrumb","itemListElement":[{"@type":"ListItem","position":1,"name":"In\u00edcio","item":"https:\/\/portaldoestado.com.br\/"},{"@type":"ListItem","position":2,"name":"Ana Castela surpreende ao mudar repert\u00f3rio em show e escolha repercute nas redes"}]},{"@type":"WebSite","@id":"https:\/\/portaldoestado.com.br\/#website","url":"https:\/\/portaldoestado.com.br\/","name":"Portal do Estado","description":"","publisher":{"@id":"https:\/\/portaldoestado.com.br\/#organization"},"potentialAction":[{"@type":"SearchAction","target":{"@type":"EntryPoint","urlTemplate":"https:\/\/portaldoestado.com.br\/?s={search_term_string}"},"query-input":{"@type":"PropertyValueSpecification","valueRequired":true,"valueName":"search_term_string"}}],"inLanguage":"pt-BR"},{"@type":"Organization","@id":"https:\/\/portaldoestado.com.br\/#organization","name":"Portal do Estado","url":"https:\/\/portaldoestado.com.br\/","logo":{"@type":"ImageObject","inLanguage":"pt-BR","@id":"https:\/\/portaldoestado.com.br\/#\/schema\/logo\/image\/","url":"https:\/\/portaldoestado.com.br\/wp-content\/uploads\/2025\/04\/cropped-6f69b19a-6472-43bf-b1b3-e1910bbbd4e8.png","contentUrl":"https:\/\/portaldoestado.com.br\/wp-content\/uploads\/2025\/04\/cropped-6f69b19a-6472-43bf-b1b3-e1910bbbd4e8.png","width":1024,"height":350,"caption":"Portal do Estado"},"image":{"@id":"https:\/\/portaldoestado.com.br\/#\/schema\/logo\/image\/"}},{"@type":"Person","@id":"https:\/\/portaldoestado.com.br\/#\/schema\/person\/5ca0174f3c8c84b59da62ea14b698cb9","name":"assessoriadefamosos","image":{"@type":"ImageObject","inLanguage":"pt-BR","@id":"https:\/\/portaldoestado.com.br\/#\/schema\/person\/image\/","url":"https:\/\/secure.gravatar.com\/avatar\/a7acbdffcfbbae7240e59f47fe511ec5f5d8c252c779f0b8d9ab02a9e1d8c5ed?s=96&d=mm&r=g","contentUrl":"https:\/\/secure.gravatar.com\/avatar\/a7acbdffcfbbae7240e59f47fe511ec5f5d8c252c779f0b8d9ab02a9e1d8c5ed?s=96&d=mm&r=g","caption":"assessoriadefamosos"},"url":"https:\/\/portaldoestado.com.br\/index.php\/author\/assessoriadefamosos\/"}]}},"jetpack_featured_media_url":"https:\/\/portaldoestado.com.br\/wp-content\/uploads\/2026\/01\/ana.webp","_links":{"self":[{"href":"https:\/\/portaldoestado.com.br\/index.php\/wp-json\/wp\/v2\/posts\/5377","targetHints":{"allow":["GET"]}}],"collection":[{"href":"https:\/\/portaldoestado.com.br\/index.php\/wp-json\/wp\/v2\/posts"}],"about":[{"href":"https:\/\/portaldoestado.com.br\/index.php\/wp-json\/wp\/v2\/types\/post"}],"author":[{"embeddable":true,"href":"https:\/\/portaldoestado.com.br\/index.php\/wp-json\/wp\/v2\/users\/2"}],"replies":[{"embeddable":true,"href":"https:\/\/portaldoestado.com.br\/index.php\/wp-json\/wp\/v2\/comments?post=5377"}],"version-history":[{"count":1,"href":"https:\/\/portaldoestado.com.br\/index.php\/wp-json\/wp\/v2\/posts\/5377\/revisions"}],"predecessor-version":[{"id":5378,"href":"https:\/\/portaldoestado.com.br\/index.php\/wp-json\/wp\/v2\/posts\/5377\/revisions\/5378"}],"wp:featuredmedia":[{"embeddable":true,"href":"https:\/\/portaldoestado.com.br\/index.php\/wp-json\/wp\/v2\/media\/5376"}],"wp:attachment":[{"href":"https:\/\/portaldoestado.com.br\/index.php\/wp-json\/wp\/v2\/media?parent=5377"}],"wp:term":[{"taxonomy":"category","embeddable":true,"href":"https:\/\/portaldoestado.com.br\/index.php\/wp-json\/wp\/v2\/categories?post=5377"},{"taxonomy":"post_tag","embeddable":true,"href":"https:\/\/portaldoestado.com.br\/index.php\/wp-json\/wp\/v2\/tags?post=5377"}],"curies":[{"name":"wp","href":"https:\/\/api.w.org\/{rel}","templated":true}]}}