{"id":5371,"date":"2026-01-04T16:05:47","date_gmt":"2026-01-04T16:05:47","guid":{"rendered":"https:\/\/portaldoestado.com.br\/?p=5371"},"modified":"2026-01-04T16:05:47","modified_gmt":"2026-01-04T16:05:47","slug":"juliano-cazarre-fala-sobre-desafios-com-a-filha-e-diz-que-experiencia-mudou-sua-forma-de-viver","status":"publish","type":"post","link":"https:\/\/portaldoestado.com.br\/index.php\/2026\/01\/04\/juliano-cazarre-fala-sobre-desafios-com-a-filha-e-diz-que-experiencia-mudou-sua-forma-de-viver\/","title":{"rendered":"Juliano Cazarr\u00e9 fala sobre desafios com a filha e diz que experi\u00eancia mudou sua forma de viver"},"content":{"rendered":"\n<p>Juliano Cazarr\u00e9 compartilhou um dos relatos mais sens\u00edveis de sua vida ao falar sobre a filha Maria Guilhermina, que nasceu com uma cardiopatia cong\u00eanita rara. Durante participa\u00e7\u00e3o no <em>Caldeir\u00e3o<\/em>, exibido neste s\u00e1bado (3\/1), o ator relembrou o impacto do diagn\u00f3stico, os procedimentos m\u00e9dicos enfrentados ainda nos primeiros dias de vida da menina e as transforma\u00e7\u00f5es que a experi\u00eancia provocou em sua fam\u00edlia.<\/p>\n\n\n\n<p>A conversa aconteceu em Santa Cruz, no Rio Grande do Norte, diante do monumento de Santa Rita de C\u00e1ssia, e ganhou um tom \u00edntimo e reflexivo. Cazarr\u00e9 contou que, desde o nascimento da filha, a rotina da fam\u00edlia passou a girar em torno de hospitais, cirurgias e cuidados constantes, exigindo maturidade emocional e uni\u00e3o.<\/p>\n\n\n\n<p>Segundo o ator, a f\u00e9 teve papel central nos momentos mais delicados. Ele afirmou que, diante de situa\u00e7\u00f5es que fogem ao controle humano, encontrou na espiritualidade uma forma de seguir em frente sem se deixar consumir pelo medo. \u201cN\u00e3o era sobre entender tudo, mas sobre permanecer de p\u00e9\u201d, destacou.<\/p>\n\n\n\n<p>Pai de seis filhos, Juliano tamb\u00e9m falou sobre a conviv\u00eancia entre os irm\u00e3os e a ca\u00e7ula. Ele descreveu a rela\u00e7\u00e3o como afetuosa e natural, ressaltando que as crian\u00e7as demonstram sensibilidade e carinho no dia a dia, criando um ambiente de acolhimento dentro de casa.<\/p>\n\n\n\n<p>Ao refletir sobre o impacto da viv\u00eancia, o ator afirmou que passou a enxergar a vida com outros olhos. Para ele, a jornada ao lado da filha trouxe li\u00e7\u00f5es sobre presen\u00e7a, aten\u00e7\u00e3o aos detalhes e valoriza\u00e7\u00e3o do tempo. \u201cA gente aprende que amar tamb\u00e9m \u00e9 permanecer, mesmo quando tudo parece dif\u00edcil\u201d, disse.<\/p>\n\n\n\n<p>Atualmente, Maria Guilhermina segue em acompanhamento m\u00e9dico e apresenta estabilidade no quadro de sa\u00fade. Para Juliano, cada dia tranquilo \u00e9 motivo de gratid\u00e3o e refor\u00e7a a certeza de que a fam\u00edlia saiu transformada por tudo o que viveu.<\/p>\n","protected":false},"excerpt":{"rendered":"<p>Juliano Cazarr\u00e9 compartilhou um dos relatos mais sens\u00edveis de sua vida ao falar sobre a filha Maria Guilhermina, que nasceu com uma cardiopatia cong\u00eanita rara. Durante participa\u00e7\u00e3o no Caldeir\u00e3o, exibido neste s\u00e1bado (3\/1), o ator relembrou o impacto do diagn\u00f3stico, os procedimentos m\u00e9dicos enfrentados ainda nos primeiros dias de vida da menina e as transforma\u00e7\u00f5es \u2026<\/p>\n","protected":false},"author":2,"featured_media":5370,"comment_status":"closed","ping_status":"open","sticky":false,"template":"","format":"standard","meta":{"footnotes":""},"categories":[3],"tags":[],"class_list":["post-5371","post","type-post","status-publish","format-standard","has-post-thumbnail","hentry","category-famosos"],"yoast_head":"<!-- This site is optimized with the Yoast SEO plugin v25.5 - https:\/\/yoast.com\/wordpress\/plugins\/seo\/ -->\n<title>Juliano Cazarr\u00e9 fala sobre desafios com a filha e diz que experi\u00eancia mudou sua forma de viver - Portal do Estado<\/title>\n<meta name=\"robots\" content=\"index, follow, max-snippet:-1, max-image-preview:large, max-video-preview:-1\" \/>\n<link rel=\"canonical\" href=\"https:\/\/portaldoestado.com.br\/index.php\/2026\/01\/04\/juliano-cazarre-fala-sobre-desafios-com-a-filha-e-diz-que-experiencia-mudou-sua-forma-de-viver\/\" \/>\n<meta property=\"og:locale\" content=\"pt_BR\" \/>\n<meta property=\"og:type\" content=\"article\" \/>\n<meta property=\"og:title\" content=\"Juliano Cazarr\u00e9 fala sobre desafios com a filha e diz que experi\u00eancia mudou sua forma de viver - Portal do Estado\" \/>\n<meta property=\"og:description\" content=\"Juliano Cazarr\u00e9 compartilhou um dos relatos mais sens\u00edveis de sua vida ao falar sobre a filha Maria Guilhermina, que nasceu com uma cardiopatia cong\u00eanita rara. Durante participa\u00e7\u00e3o no Caldeir\u00e3o, exibido neste s\u00e1bado (3\/1), o ator relembrou o impacto do diagn\u00f3stico, os procedimentos m\u00e9dicos enfrentados ainda nos primeiros dias de vida da menina e as transforma\u00e7\u00f5es \u2026\" \/>\n<meta property=\"og:url\" content=\"https:\/\/portaldoestado.com.br\/index.php\/2026\/01\/04\/juliano-cazarre-fala-sobre-desafios-com-a-filha-e-diz-que-experiencia-mudou-sua-forma-de-viver\/\" \/>\n<meta property=\"og:site_name\" content=\"Portal do Estado\" \/>\n<meta property=\"article:published_time\" content=\"2026-01-04T16:05:47+00:00\" \/>\n<meta property=\"og:image\" content=\"https:\/\/portaldoestado.com.br\/wp-content\/uploads\/2026\/01\/36y2n7v4-Padrao-para-Portal-LeoDias-4.jpg\" \/>\n\t<meta property=\"og:image:width\" content=\"1200\" \/>\n\t<meta property=\"og:image:height\" content=\"900\" \/>\n\t<meta property=\"og:image:type\" content=\"image\/jpeg\" \/>\n<meta name=\"author\" content=\"assessoriadefamosos\" \/>\n<meta name=\"twitter:card\" content=\"summary_large_image\" \/>\n<meta name=\"twitter:label1\" content=\"Escrito por\" \/>\n\t<meta name=\"twitter:data1\" content=\"assessoriadefamosos\" \/>\n\t<meta name=\"twitter:label2\" content=\"Est. tempo de leitura\" \/>\n\t<meta name=\"twitter:data2\" content=\"2 minutos\" \/>\n<script type=\"application\/ld+json\" class=\"yoast-schema-graph\">{\"@context\":\"https:\/\/schema.org\",\"@graph\":[{\"@type\":\"Article\",\"@id\":\"https:\/\/portaldoestado.com.br\/index.php\/2026\/01\/04\/juliano-cazarre-fala-sobre-desafios-com-a-filha-e-diz-que-experiencia-mudou-sua-forma-de-viver\/#article\",\"isPartOf\":{\"@id\":\"https:\/\/portaldoestado.com.br\/index.php\/2026\/01\/04\/juliano-cazarre-fala-sobre-desafios-com-a-filha-e-diz-que-experiencia-mudou-sua-forma-de-viver\/\"},\"author\":{\"name\":\"assessoriadefamosos\",\"@id\":\"https:\/\/portaldoestado.com.br\/#\/schema\/person\/5ca0174f3c8c84b59da62ea14b698cb9\"},\"headline\":\"Juliano Cazarr\u00e9 fala sobre desafios com a filha e diz que experi\u00eancia mudou sua forma de viver\",\"datePublished\":\"2026-01-04T16:05:47+00:00\",\"mainEntityOfPage\":{\"@id\":\"https:\/\/portaldoestado.com.br\/index.php\/2026\/01\/04\/juliano-cazarre-fala-sobre-desafios-com-a-filha-e-diz-que-experiencia-mudou-sua-forma-de-viver\/\"},\"wordCount\":347,\"publisher\":{\"@id\":\"https:\/\/portaldoestado.com.br\/#organization\"},\"image\":{\"@id\":\"https:\/\/portaldoestado.com.br\/index.php\/2026\/01\/04\/juliano-cazarre-fala-sobre-desafios-com-a-filha-e-diz-que-experiencia-mudou-sua-forma-de-viver\/#primaryimage\"},\"thumbnailUrl\":\"https:\/\/portaldoestado.com.br\/wp-content\/uploads\/2026\/01\/36y2n7v4-Padrao-para-Portal-LeoDias-4.jpg\",\"articleSection\":[\"Famosos\"],\"inLanguage\":\"pt-BR\"},{\"@type\":\"WebPage\",\"@id\":\"https:\/\/portaldoestado.com.br\/index.php\/2026\/01\/04\/juliano-cazarre-fala-sobre-desafios-com-a-filha-e-diz-que-experiencia-mudou-sua-forma-de-viver\/\",\"url\":\"https:\/\/portaldoestado.com.br\/index.php\/2026\/01\/04\/juliano-cazarre-fala-sobre-desafios-com-a-filha-e-diz-que-experiencia-mudou-sua-forma-de-viver\/\",\"name\":\"Juliano Cazarr\u00e9 fala sobre desafios com a filha e diz que experi\u00eancia mudou sua forma de viver - Portal do Estado\",\"isPartOf\":{\"@id\":\"https:\/\/portaldoestado.com.br\/#website\"},\"primaryImageOfPage\":{\"@id\":\"https:\/\/portaldoestado.com.br\/index.php\/2026\/01\/04\/juliano-cazarre-fala-sobre-desafios-com-a-filha-e-diz-que-experiencia-mudou-sua-forma-de-viver\/#primaryimage\"},\"image\":{\"@id\":\"https:\/\/portaldoestado.com.br\/index.php\/2026\/01\/04\/juliano-cazarre-fala-sobre-desafios-com-a-filha-e-diz-que-experiencia-mudou-sua-forma-de-viver\/#primaryimage\"},\"thumbnailUrl\":\"https:\/\/portaldoestado.com.br\/wp-content\/uploads\/2026\/01\/36y2n7v4-Padrao-para-Portal-LeoDias-4.jpg\",\"datePublished\":\"2026-01-04T16:05:47+00:00\",\"breadcrumb\":{\"@id\":\"https:\/\/portaldoestado.com.br\/index.php\/2026\/01\/04\/juliano-cazarre-fala-sobre-desafios-com-a-filha-e-diz-que-experiencia-mudou-sua-forma-de-viver\/#breadcrumb\"},\"inLanguage\":\"pt-BR\",\"potentialAction\":[{\"@type\":\"ReadAction\",\"target\":[\"https:\/\/portaldoestado.com.br\/index.php\/2026\/01\/04\/juliano-cazarre-fala-sobre-desafios-com-a-filha-e-diz-que-experiencia-mudou-sua-forma-de-viver\/\"]}]},{\"@type\":\"ImageObject\",\"inLanguage\":\"pt-BR\",\"@id\":\"https:\/\/portaldoestado.com.br\/index.php\/2026\/01\/04\/juliano-cazarre-fala-sobre-desafios-com-a-filha-e-diz-que-experiencia-mudou-sua-forma-de-viver\/#primaryimage\",\"url\":\"https:\/\/portaldoestado.com.br\/wp-content\/uploads\/2026\/01\/36y2n7v4-Padrao-para-Portal-LeoDias-4.jpg\",\"contentUrl\":\"https:\/\/portaldoestado.com.br\/wp-content\/uploads\/2026\/01\/36y2n7v4-Padrao-para-Portal-LeoDias-4.jpg\",\"width\":1200,\"height\":900},{\"@type\":\"BreadcrumbList\",\"@id\":\"https:\/\/portaldoestado.com.br\/index.php\/2026\/01\/04\/juliano-cazarre-fala-sobre-desafios-com-a-filha-e-diz-que-experiencia-mudou-sua-forma-de-viver\/#breadcrumb\",\"itemListElement\":[{\"@type\":\"ListItem\",\"position\":1,\"name\":\"In\u00edcio\",\"item\":\"https:\/\/portaldoestado.com.br\/\"},{\"@type\":\"ListItem\",\"position\":2,\"name\":\"Juliano Cazarr\u00e9 fala sobre desafios com a filha e diz que experi\u00eancia mudou sua forma de viver\"}]},{\"@type\":\"WebSite\",\"@id\":\"https:\/\/portaldoestado.com.br\/#website\",\"url\":\"https:\/\/portaldoestado.com.br\/\",\"name\":\"Portal do Estado\",\"description\":\"\",\"publisher\":{\"@id\":\"https:\/\/portaldoestado.com.br\/#organization\"},\"potentialAction\":[{\"@type\":\"SearchAction\",\"target\":{\"@type\":\"EntryPoint\",\"urlTemplate\":\"https:\/\/portaldoestado.com.br\/?s={search_term_string}\"},\"query-input\":{\"@type\":\"PropertyValueSpecification\",\"valueRequired\":true,\"valueName\":\"search_term_string\"}}],\"inLanguage\":\"pt-BR\"},{\"@type\":\"Organization\",\"@id\":\"https:\/\/portaldoestado.com.br\/#organization\",\"name\":\"Portal do Estado\",\"url\":\"https:\/\/portaldoestado.com.br\/\",\"logo\":{\"@type\":\"ImageObject\",\"inLanguage\":\"pt-BR\",\"@id\":\"https:\/\/portaldoestado.com.br\/#\/schema\/logo\/image\/\",\"url\":\"https:\/\/portaldoestado.com.br\/wp-content\/uploads\/2025\/04\/cropped-6f69b19a-6472-43bf-b1b3-e1910bbbd4e8.png\",\"contentUrl\":\"https:\/\/portaldoestado.com.br\/wp-content\/uploads\/2025\/04\/cropped-6f69b19a-6472-43bf-b1b3-e1910bbbd4e8.png\",\"width\":1024,\"height\":350,\"caption\":\"Portal do Estado\"},\"image\":{\"@id\":\"https:\/\/portaldoestado.com.br\/#\/schema\/logo\/image\/\"}},{\"@type\":\"Person\",\"@id\":\"https:\/\/portaldoestado.com.br\/#\/schema\/person\/5ca0174f3c8c84b59da62ea14b698cb9\",\"name\":\"assessoriadefamosos\",\"image\":{\"@type\":\"ImageObject\",\"inLanguage\":\"pt-BR\",\"@id\":\"https:\/\/portaldoestado.com.br\/#\/schema\/person\/image\/\",\"url\":\"https:\/\/secure.gravatar.com\/avatar\/a7acbdffcfbbae7240e59f47fe511ec5f5d8c252c779f0b8d9ab02a9e1d8c5ed?s=96&d=mm&r=g\",\"contentUrl\":\"https:\/\/secure.gravatar.com\/avatar\/a7acbdffcfbbae7240e59f47fe511ec5f5d8c252c779f0b8d9ab02a9e1d8c5ed?s=96&d=mm&r=g\",\"caption\":\"assessoriadefamosos\"},\"url\":\"https:\/\/portaldoestado.com.br\/index.php\/author\/assessoriadefamosos\/\"}]}<\/script>\n<!-- \/ Yoast SEO plugin. -->","yoast_head_json":{"title":"Juliano Cazarr\u00e9 fala sobre desafios com a filha e diz que experi\u00eancia mudou sua forma de viver - Portal do Estado","robots":{"index":"index","follow":"follow","max-snippet":"max-snippet:-1","max-image-preview":"max-image-preview:large","max-video-preview":"max-video-preview:-1"},"canonical":"https:\/\/portaldoestado.com.br\/index.php\/2026\/01\/04\/juliano-cazarre-fala-sobre-desafios-com-a-filha-e-diz-que-experiencia-mudou-sua-forma-de-viver\/","og_locale":"pt_BR","og_type":"article","og_title":"Juliano Cazarr\u00e9 fala sobre desafios com a filha e diz que experi\u00eancia mudou sua forma de viver - Portal do Estado","og_description":"Juliano Cazarr\u00e9 compartilhou um dos relatos mais sens\u00edveis de sua vida ao falar sobre a filha Maria Guilhermina, que nasceu com uma cardiopatia cong\u00eanita rara. Durante participa\u00e7\u00e3o no Caldeir\u00e3o, exibido neste s\u00e1bado (3\/1), o ator relembrou o impacto do diagn\u00f3stico, os procedimentos m\u00e9dicos enfrentados ainda nos primeiros dias de vida da menina e as transforma\u00e7\u00f5es \u2026","og_url":"https:\/\/portaldoestado.com.br\/index.php\/2026\/01\/04\/juliano-cazarre-fala-sobre-desafios-com-a-filha-e-diz-que-experiencia-mudou-sua-forma-de-viver\/","og_site_name":"Portal do Estado","article_published_time":"2026-01-04T16:05:47+00:00","og_image":[{"width":1200,"height":900,"url":"https:\/\/portaldoestado.com.br\/wp-content\/uploads\/2026\/01\/36y2n7v4-Padrao-para-Portal-LeoDias-4.jpg","type":"image\/jpeg"}],"author":"assessoriadefamosos","twitter_card":"summary_large_image","twitter_misc":{"Escrito por":"assessoriadefamosos","Est. tempo de leitura":"2 minutos"},"schema":{"@context":"https:\/\/schema.org","@graph":[{"@type":"Article","@id":"https:\/\/portaldoestado.com.br\/index.php\/2026\/01\/04\/juliano-cazarre-fala-sobre-desafios-com-a-filha-e-diz-que-experiencia-mudou-sua-forma-de-viver\/#article","isPartOf":{"@id":"https:\/\/portaldoestado.com.br\/index.php\/2026\/01\/04\/juliano-cazarre-fala-sobre-desafios-com-a-filha-e-diz-que-experiencia-mudou-sua-forma-de-viver\/"},"author":{"name":"assessoriadefamosos","@id":"https:\/\/portaldoestado.com.br\/#\/schema\/person\/5ca0174f3c8c84b59da62ea14b698cb9"},"headline":"Juliano Cazarr\u00e9 fala sobre desafios com a filha e diz que experi\u00eancia mudou sua forma de viver","datePublished":"2026-01-04T16:05:47+00:00","mainEntityOfPage":{"@id":"https:\/\/portaldoestado.com.br\/index.php\/2026\/01\/04\/juliano-cazarre-fala-sobre-desafios-com-a-filha-e-diz-que-experiencia-mudou-sua-forma-de-viver\/"},"wordCount":347,"publisher":{"@id":"https:\/\/portaldoestado.com.br\/#organization"},"image":{"@id":"https:\/\/portaldoestado.com.br\/index.php\/2026\/01\/04\/juliano-cazarre-fala-sobre-desafios-com-a-filha-e-diz-que-experiencia-mudou-sua-forma-de-viver\/#primaryimage"},"thumbnailUrl":"https:\/\/portaldoestado.com.br\/wp-content\/uploads\/2026\/01\/36y2n7v4-Padrao-para-Portal-LeoDias-4.jpg","articleSection":["Famosos"],"inLanguage":"pt-BR"},{"@type":"WebPage","@id":"https:\/\/portaldoestado.com.br\/index.php\/2026\/01\/04\/juliano-cazarre-fala-sobre-desafios-com-a-filha-e-diz-que-experiencia-mudou-sua-forma-de-viver\/","url":"https:\/\/portaldoestado.com.br\/index.php\/2026\/01\/04\/juliano-cazarre-fala-sobre-desafios-com-a-filha-e-diz-que-experiencia-mudou-sua-forma-de-viver\/","name":"Juliano Cazarr\u00e9 fala sobre desafios com a filha e diz que experi\u00eancia mudou sua forma de viver - Portal do Estado","isPartOf":{"@id":"https:\/\/portaldoestado.com.br\/#website"},"primaryImageOfPage":{"@id":"https:\/\/portaldoestado.com.br\/index.php\/2026\/01\/04\/juliano-cazarre-fala-sobre-desafios-com-a-filha-e-diz-que-experiencia-mudou-sua-forma-de-viver\/#primaryimage"},"image":{"@id":"https:\/\/portaldoestado.com.br\/index.php\/2026\/01\/04\/juliano-cazarre-fala-sobre-desafios-com-a-filha-e-diz-que-experiencia-mudou-sua-forma-de-viver\/#primaryimage"},"thumbnailUrl":"https:\/\/portaldoestado.com.br\/wp-content\/uploads\/2026\/01\/36y2n7v4-Padrao-para-Portal-LeoDias-4.jpg","datePublished":"2026-01-04T16:05:47+00:00","breadcrumb":{"@id":"https:\/\/portaldoestado.com.br\/index.php\/2026\/01\/04\/juliano-cazarre-fala-sobre-desafios-com-a-filha-e-diz-que-experiencia-mudou-sua-forma-de-viver\/#breadcrumb"},"inLanguage":"pt-BR","potentialAction":[{"@type":"ReadAction","target":["https:\/\/portaldoestado.com.br\/index.php\/2026\/01\/04\/juliano-cazarre-fala-sobre-desafios-com-a-filha-e-diz-que-experiencia-mudou-sua-forma-de-viver\/"]}]},{"@type":"ImageObject","inLanguage":"pt-BR","@id":"https:\/\/portaldoestado.com.br\/index.php\/2026\/01\/04\/juliano-cazarre-fala-sobre-desafios-com-a-filha-e-diz-que-experiencia-mudou-sua-forma-de-viver\/#primaryimage","url":"https:\/\/portaldoestado.com.br\/wp-content\/uploads\/2026\/01\/36y2n7v4-Padrao-para-Portal-LeoDias-4.jpg","contentUrl":"https:\/\/portaldoestado.com.br\/wp-content\/uploads\/2026\/01\/36y2n7v4-Padrao-para-Portal-LeoDias-4.jpg","width":1200,"height":900},{"@type":"BreadcrumbList","@id":"https:\/\/portaldoestado.com.br\/index.php\/2026\/01\/04\/juliano-cazarre-fala-sobre-desafios-com-a-filha-e-diz-que-experiencia-mudou-sua-forma-de-viver\/#breadcrumb","itemListElement":[{"@type":"ListItem","position":1,"name":"In\u00edcio","item":"https:\/\/portaldoestado.com.br\/"},{"@type":"ListItem","position":2,"name":"Juliano Cazarr\u00e9 fala sobre desafios com a filha e diz que experi\u00eancia mudou sua forma de viver"}]},{"@type":"WebSite","@id":"https:\/\/portaldoestado.com.br\/#website","url":"https:\/\/portaldoestado.com.br\/","name":"Portal do Estado","description":"","publisher":{"@id":"https:\/\/portaldoestado.com.br\/#organization"},"potentialAction":[{"@type":"SearchAction","target":{"@type":"EntryPoint","urlTemplate":"https:\/\/portaldoestado.com.br\/?s={search_term_string}"},"query-input":{"@type":"PropertyValueSpecification","valueRequired":true,"valueName":"search_term_string"}}],"inLanguage":"pt-BR"},{"@type":"Organization","@id":"https:\/\/portaldoestado.com.br\/#organization","name":"Portal do Estado","url":"https:\/\/portaldoestado.com.br\/","logo":{"@type":"ImageObject","inLanguage":"pt-BR","@id":"https:\/\/portaldoestado.com.br\/#\/schema\/logo\/image\/","url":"https:\/\/portaldoestado.com.br\/wp-content\/uploads\/2025\/04\/cropped-6f69b19a-6472-43bf-b1b3-e1910bbbd4e8.png","contentUrl":"https:\/\/portaldoestado.com.br\/wp-content\/uploads\/2025\/04\/cropped-6f69b19a-6472-43bf-b1b3-e1910bbbd4e8.png","width":1024,"height":350,"caption":"Portal do Estado"},"image":{"@id":"https:\/\/portaldoestado.com.br\/#\/schema\/logo\/image\/"}},{"@type":"Person","@id":"https:\/\/portaldoestado.com.br\/#\/schema\/person\/5ca0174f3c8c84b59da62ea14b698cb9","name":"assessoriadefamosos","image":{"@type":"ImageObject","inLanguage":"pt-BR","@id":"https:\/\/portaldoestado.com.br\/#\/schema\/person\/image\/","url":"https:\/\/secure.gravatar.com\/avatar\/a7acbdffcfbbae7240e59f47fe511ec5f5d8c252c779f0b8d9ab02a9e1d8c5ed?s=96&d=mm&r=g","contentUrl":"https:\/\/secure.gravatar.com\/avatar\/a7acbdffcfbbae7240e59f47fe511ec5f5d8c252c779f0b8d9ab02a9e1d8c5ed?s=96&d=mm&r=g","caption":"assessoriadefamosos"},"url":"https:\/\/portaldoestado.com.br\/index.php\/author\/assessoriadefamosos\/"}]}},"jetpack_featured_media_url":"https:\/\/portaldoestado.com.br\/wp-content\/uploads\/2026\/01\/36y2n7v4-Padrao-para-Portal-LeoDias-4.jpg","_links":{"self":[{"href":"https:\/\/portaldoestado.com.br\/index.php\/wp-json\/wp\/v2\/posts\/5371","targetHints":{"allow":["GET"]}}],"collection":[{"href":"https:\/\/portaldoestado.com.br\/index.php\/wp-json\/wp\/v2\/posts"}],"about":[{"href":"https:\/\/portaldoestado.com.br\/index.php\/wp-json\/wp\/v2\/types\/post"}],"author":[{"embeddable":true,"href":"https:\/\/portaldoestado.com.br\/index.php\/wp-json\/wp\/v2\/users\/2"}],"replies":[{"embeddable":true,"href":"https:\/\/portaldoestado.com.br\/index.php\/wp-json\/wp\/v2\/comments?post=5371"}],"version-history":[{"count":1,"href":"https:\/\/portaldoestado.com.br\/index.php\/wp-json\/wp\/v2\/posts\/5371\/revisions"}],"predecessor-version":[{"id":5372,"href":"https:\/\/portaldoestado.com.br\/index.php\/wp-json\/wp\/v2\/posts\/5371\/revisions\/5372"}],"wp:featuredmedia":[{"embeddable":true,"href":"https:\/\/portaldoestado.com.br\/index.php\/wp-json\/wp\/v2\/media\/5370"}],"wp:attachment":[{"href":"https:\/\/portaldoestado.com.br\/index.php\/wp-json\/wp\/v2\/media?parent=5371"}],"wp:term":[{"taxonomy":"category","embeddable":true,"href":"https:\/\/portaldoestado.com.br\/index.php\/wp-json\/wp\/v2\/categories?post=5371"},{"taxonomy":"post_tag","embeddable":true,"href":"https:\/\/portaldoestado.com.br\/index.php\/wp-json\/wp\/v2\/tags?post=5371"}],"curies":[{"name":"wp","href":"https:\/\/api.w.org\/{rel}","templated":true}]}}