{"id":5368,"date":"2026-01-04T16:01:49","date_gmt":"2026-01-04T16:01:49","guid":{"rendered":"https:\/\/portaldoestado.com.br\/?p=5368"},"modified":"2026-01-04T16:01:49","modified_gmt":"2026-01-04T16:01:49","slug":"nicole-bahls-passa-por-tensao-em-voo-internacional-rota-e-alterada-e-influenciadora-fica-fora-de-show-no-rio","status":"publish","type":"post","link":"https:\/\/portaldoestado.com.br\/index.php\/2026\/01\/04\/nicole-bahls-passa-por-tensao-em-voo-internacional-rota-e-alterada-e-influenciadora-fica-fora-de-show-no-rio\/","title":{"rendered":"Nicole Bahls passa por tens\u00e3o em voo internacional, rota \u00e9 alterada e influenciadora fica fora de show no Rio"},"content":{"rendered":"\n<p>O retorno de Nicole Bahls ao Brasil foi marcado por um imprevisto neste s\u00e1bado (3\/1). Ap\u00f3s curtir o R\u00e9veillon em Saint Barth, no Caribe, a influenciadora teve o voo alterado de forma inesperada devido ao agravamento do cen\u00e1rio pol\u00edtico e militar na Venezuela, o que atrasou sua chegada ao Rio de Janeiro.<\/p>\n\n\n\n<p>Por meio das redes sociais, Nicole contou que o avi\u00e3o precisou retornar para Miami ap\u00f3s sobrevoar uma \u00e1rea considerada sens\u00edvel no momento. Ela revelou que estava dormindo e s\u00f3 percebeu a mudan\u00e7a quando acordou, acreditando, por alguns minutos, que j\u00e1 havia desembarcado no Brasil. \u201cAchei at\u00e9 que o aeroporto estava diferente, tudo em ingl\u00eas\u201d, brincou.<\/p>\n\n\n\n<p>Apesar do susto, a influenciadora garantiu que todos os passageiros ficaram em seguran\u00e7a e que a companhia a\u00e9rea reorganizou o trajeto. \u201cGra\u00e7as a Deus, deu tudo certo\u201d, afirmou, aliviada.<\/p>\n\n\n\n<p>O atraso, por\u00e9m, acabou frustrando um compromisso especial: Nicole n\u00e3o conseguiu chegar a tempo de assistir ao show da dupla Henrique &#038; Juliano, que acontece neste s\u00e1bado no Maracan\u00e3. F\u00e3 declarada dos sertanejos, ela lamentou a aus\u00eancia, mas destacou que o mais importante foi preservar a seguran\u00e7a. \u201cQueria muito estar l\u00e1, mas o principal \u00e9 chegar bem\u201d, disse.<\/p>\n\n\n\n<p>A mudan\u00e7a de rota ocorreu em meio a uma escalada de tens\u00e3o na Venezuela, que registrou ataques durante a madrugada. O epis\u00f3dio refor\u00e7ou os cuidados adotados por companhias a\u00e9reas em voos que passam pela regi\u00e3o.<\/p>\n\n\n\n<p>Mesmo diante do contratempo, Nicole manteve o bom humor e agradeceu o apoio dos seguidores, garantindo que em breve estar\u00e1 de volta \u00e0 rotina no Brasil.<\/p>\n","protected":false},"excerpt":{"rendered":"<p>O retorno de Nicole Bahls ao Brasil foi marcado por um imprevisto neste s\u00e1bado (3\/1). Ap\u00f3s curtir o R\u00e9veillon em Saint Barth, no Caribe, a influenciadora teve o voo alterado de forma inesperada devido ao agravamento do cen\u00e1rio pol\u00edtico e militar na Venezuela, o que atrasou sua chegada ao Rio de Janeiro. Por meio das \u2026<\/p>\n","protected":false},"author":2,"featured_media":5367,"comment_status":"closed","ping_status":"open","sticky":false,"template":"","format":"standard","meta":{"footnotes":""},"categories":[3],"tags":[],"class_list":["post-5368","post","type-post","status-publish","format-standard","has-post-thumbnail","hentry","category-famosos"],"yoast_head":"<!-- This site is optimized with the Yoast SEO plugin v25.5 - https:\/\/yoast.com\/wordpress\/plugins\/seo\/ -->\n<title>Nicole Bahls passa por tens\u00e3o em voo internacional, rota \u00e9 alterada e influenciadora fica fora de show no Rio - Portal do Estado<\/title>\n<meta name=\"robots\" content=\"index, follow, max-snippet:-1, max-image-preview:large, max-video-preview:-1\" \/>\n<link rel=\"canonical\" href=\"https:\/\/portaldoestado.com.br\/index.php\/2026\/01\/04\/nicole-bahls-passa-por-tensao-em-voo-internacional-rota-e-alterada-e-influenciadora-fica-fora-de-show-no-rio\/\" \/>\n<meta property=\"og:locale\" content=\"pt_BR\" \/>\n<meta property=\"og:type\" content=\"article\" \/>\n<meta property=\"og:title\" content=\"Nicole Bahls passa por tens\u00e3o em voo internacional, rota \u00e9 alterada e influenciadora fica fora de show no Rio - Portal do Estado\" \/>\n<meta property=\"og:description\" content=\"O retorno de Nicole Bahls ao Brasil foi marcado por um imprevisto neste s\u00e1bado (3\/1). Ap\u00f3s curtir o R\u00e9veillon em Saint Barth, no Caribe, a influenciadora teve o voo alterado de forma inesperada devido ao agravamento do cen\u00e1rio pol\u00edtico e militar na Venezuela, o que atrasou sua chegada ao Rio de Janeiro. Por meio das \u2026\" \/>\n<meta property=\"og:url\" content=\"https:\/\/portaldoestado.com.br\/index.php\/2026\/01\/04\/nicole-bahls-passa-por-tensao-em-voo-internacional-rota-e-alterada-e-influenciadora-fica-fora-de-show-no-rio\/\" \/>\n<meta property=\"og:site_name\" content=\"Portal do Estado\" \/>\n<meta property=\"article:published_time\" content=\"2026-01-04T16:01:49+00:00\" \/>\n<meta property=\"og:image\" content=\"https:\/\/portaldoestado.com.br\/wp-content\/uploads\/2026\/01\/eBsYbO00-Nicole-Bahls-3.jpg\" \/>\n\t<meta property=\"og:image:width\" content=\"1200\" \/>\n\t<meta property=\"og:image:height\" content=\"900\" \/>\n\t<meta property=\"og:image:type\" content=\"image\/jpeg\" \/>\n<meta name=\"author\" content=\"assessoriadefamosos\" \/>\n<meta name=\"twitter:card\" content=\"summary_large_image\" \/>\n<meta name=\"twitter:label1\" content=\"Escrito por\" \/>\n\t<meta name=\"twitter:data1\" content=\"assessoriadefamosos\" \/>\n\t<meta name=\"twitter:label2\" content=\"Est. tempo de leitura\" \/>\n\t<meta name=\"twitter:data2\" content=\"1 minuto\" \/>\n<script type=\"application\/ld+json\" class=\"yoast-schema-graph\">{\"@context\":\"https:\/\/schema.org\",\"@graph\":[{\"@type\":\"Article\",\"@id\":\"https:\/\/portaldoestado.com.br\/index.php\/2026\/01\/04\/nicole-bahls-passa-por-tensao-em-voo-internacional-rota-e-alterada-e-influenciadora-fica-fora-de-show-no-rio\/#article\",\"isPartOf\":{\"@id\":\"https:\/\/portaldoestado.com.br\/index.php\/2026\/01\/04\/nicole-bahls-passa-por-tensao-em-voo-internacional-rota-e-alterada-e-influenciadora-fica-fora-de-show-no-rio\/\"},\"author\":{\"name\":\"assessoriadefamosos\",\"@id\":\"https:\/\/portaldoestado.com.br\/#\/schema\/person\/5ca0174f3c8c84b59da62ea14b698cb9\"},\"headline\":\"Nicole Bahls passa por tens\u00e3o em voo internacional, rota \u00e9 alterada e influenciadora fica fora de show no Rio\",\"datePublished\":\"2026-01-04T16:01:49+00:00\",\"mainEntityOfPage\":{\"@id\":\"https:\/\/portaldoestado.com.br\/index.php\/2026\/01\/04\/nicole-bahls-passa-por-tensao-em-voo-internacional-rota-e-alterada-e-influenciadora-fica-fora-de-show-no-rio\/\"},\"wordCount\":294,\"publisher\":{\"@id\":\"https:\/\/portaldoestado.com.br\/#organization\"},\"image\":{\"@id\":\"https:\/\/portaldoestado.com.br\/index.php\/2026\/01\/04\/nicole-bahls-passa-por-tensao-em-voo-internacional-rota-e-alterada-e-influenciadora-fica-fora-de-show-no-rio\/#primaryimage\"},\"thumbnailUrl\":\"https:\/\/portaldoestado.com.br\/wp-content\/uploads\/2026\/01\/eBsYbO00-Nicole-Bahls-3.jpg\",\"articleSection\":[\"Famosos\"],\"inLanguage\":\"pt-BR\"},{\"@type\":\"WebPage\",\"@id\":\"https:\/\/portaldoestado.com.br\/index.php\/2026\/01\/04\/nicole-bahls-passa-por-tensao-em-voo-internacional-rota-e-alterada-e-influenciadora-fica-fora-de-show-no-rio\/\",\"url\":\"https:\/\/portaldoestado.com.br\/index.php\/2026\/01\/04\/nicole-bahls-passa-por-tensao-em-voo-internacional-rota-e-alterada-e-influenciadora-fica-fora-de-show-no-rio\/\",\"name\":\"Nicole Bahls passa por tens\u00e3o em voo internacional, rota \u00e9 alterada e influenciadora fica fora de show no Rio - Portal do Estado\",\"isPartOf\":{\"@id\":\"https:\/\/portaldoestado.com.br\/#website\"},\"primaryImageOfPage\":{\"@id\":\"https:\/\/portaldoestado.com.br\/index.php\/2026\/01\/04\/nicole-bahls-passa-por-tensao-em-voo-internacional-rota-e-alterada-e-influenciadora-fica-fora-de-show-no-rio\/#primaryimage\"},\"image\":{\"@id\":\"https:\/\/portaldoestado.com.br\/index.php\/2026\/01\/04\/nicole-bahls-passa-por-tensao-em-voo-internacional-rota-e-alterada-e-influenciadora-fica-fora-de-show-no-rio\/#primaryimage\"},\"thumbnailUrl\":\"https:\/\/portaldoestado.com.br\/wp-content\/uploads\/2026\/01\/eBsYbO00-Nicole-Bahls-3.jpg\",\"datePublished\":\"2026-01-04T16:01:49+00:00\",\"breadcrumb\":{\"@id\":\"https:\/\/portaldoestado.com.br\/index.php\/2026\/01\/04\/nicole-bahls-passa-por-tensao-em-voo-internacional-rota-e-alterada-e-influenciadora-fica-fora-de-show-no-rio\/#breadcrumb\"},\"inLanguage\":\"pt-BR\",\"potentialAction\":[{\"@type\":\"ReadAction\",\"target\":[\"https:\/\/portaldoestado.com.br\/index.php\/2026\/01\/04\/nicole-bahls-passa-por-tensao-em-voo-internacional-rota-e-alterada-e-influenciadora-fica-fora-de-show-no-rio\/\"]}]},{\"@type\":\"ImageObject\",\"inLanguage\":\"pt-BR\",\"@id\":\"https:\/\/portaldoestado.com.br\/index.php\/2026\/01\/04\/nicole-bahls-passa-por-tensao-em-voo-internacional-rota-e-alterada-e-influenciadora-fica-fora-de-show-no-rio\/#primaryimage\",\"url\":\"https:\/\/portaldoestado.com.br\/wp-content\/uploads\/2026\/01\/eBsYbO00-Nicole-Bahls-3.jpg\",\"contentUrl\":\"https:\/\/portaldoestado.com.br\/wp-content\/uploads\/2026\/01\/eBsYbO00-Nicole-Bahls-3.jpg\",\"width\":1200,\"height\":900},{\"@type\":\"BreadcrumbList\",\"@id\":\"https:\/\/portaldoestado.com.br\/index.php\/2026\/01\/04\/nicole-bahls-passa-por-tensao-em-voo-internacional-rota-e-alterada-e-influenciadora-fica-fora-de-show-no-rio\/#breadcrumb\",\"itemListElement\":[{\"@type\":\"ListItem\",\"position\":1,\"name\":\"In\u00edcio\",\"item\":\"https:\/\/portaldoestado.com.br\/\"},{\"@type\":\"ListItem\",\"position\":2,\"name\":\"Nicole Bahls passa por tens\u00e3o em voo internacional, rota \u00e9 alterada e influenciadora fica fora de show no Rio\"}]},{\"@type\":\"WebSite\",\"@id\":\"https:\/\/portaldoestado.com.br\/#website\",\"url\":\"https:\/\/portaldoestado.com.br\/\",\"name\":\"Portal do Estado\",\"description\":\"\",\"publisher\":{\"@id\":\"https:\/\/portaldoestado.com.br\/#organization\"},\"potentialAction\":[{\"@type\":\"SearchAction\",\"target\":{\"@type\":\"EntryPoint\",\"urlTemplate\":\"https:\/\/portaldoestado.com.br\/?s={search_term_string}\"},\"query-input\":{\"@type\":\"PropertyValueSpecification\",\"valueRequired\":true,\"valueName\":\"search_term_string\"}}],\"inLanguage\":\"pt-BR\"},{\"@type\":\"Organization\",\"@id\":\"https:\/\/portaldoestado.com.br\/#organization\",\"name\":\"Portal do Estado\",\"url\":\"https:\/\/portaldoestado.com.br\/\",\"logo\":{\"@type\":\"ImageObject\",\"inLanguage\":\"pt-BR\",\"@id\":\"https:\/\/portaldoestado.com.br\/#\/schema\/logo\/image\/\",\"url\":\"https:\/\/portaldoestado.com.br\/wp-content\/uploads\/2025\/04\/cropped-6f69b19a-6472-43bf-b1b3-e1910bbbd4e8.png\",\"contentUrl\":\"https:\/\/portaldoestado.com.br\/wp-content\/uploads\/2025\/04\/cropped-6f69b19a-6472-43bf-b1b3-e1910bbbd4e8.png\",\"width\":1024,\"height\":350,\"caption\":\"Portal do Estado\"},\"image\":{\"@id\":\"https:\/\/portaldoestado.com.br\/#\/schema\/logo\/image\/\"}},{\"@type\":\"Person\",\"@id\":\"https:\/\/portaldoestado.com.br\/#\/schema\/person\/5ca0174f3c8c84b59da62ea14b698cb9\",\"name\":\"assessoriadefamosos\",\"image\":{\"@type\":\"ImageObject\",\"inLanguage\":\"pt-BR\",\"@id\":\"https:\/\/portaldoestado.com.br\/#\/schema\/person\/image\/\",\"url\":\"https:\/\/secure.gravatar.com\/avatar\/a7acbdffcfbbae7240e59f47fe511ec5f5d8c252c779f0b8d9ab02a9e1d8c5ed?s=96&d=mm&r=g\",\"contentUrl\":\"https:\/\/secure.gravatar.com\/avatar\/a7acbdffcfbbae7240e59f47fe511ec5f5d8c252c779f0b8d9ab02a9e1d8c5ed?s=96&d=mm&r=g\",\"caption\":\"assessoriadefamosos\"},\"url\":\"https:\/\/portaldoestado.com.br\/index.php\/author\/assessoriadefamosos\/\"}]}<\/script>\n<!-- \/ Yoast SEO plugin. -->","yoast_head_json":{"title":"Nicole Bahls passa por tens\u00e3o em voo internacional, rota \u00e9 alterada e influenciadora fica fora de show no Rio - Portal do Estado","robots":{"index":"index","follow":"follow","max-snippet":"max-snippet:-1","max-image-preview":"max-image-preview:large","max-video-preview":"max-video-preview:-1"},"canonical":"https:\/\/portaldoestado.com.br\/index.php\/2026\/01\/04\/nicole-bahls-passa-por-tensao-em-voo-internacional-rota-e-alterada-e-influenciadora-fica-fora-de-show-no-rio\/","og_locale":"pt_BR","og_type":"article","og_title":"Nicole Bahls passa por tens\u00e3o em voo internacional, rota \u00e9 alterada e influenciadora fica fora de show no Rio - Portal do Estado","og_description":"O retorno de Nicole Bahls ao Brasil foi marcado por um imprevisto neste s\u00e1bado (3\/1). Ap\u00f3s curtir o R\u00e9veillon em Saint Barth, no Caribe, a influenciadora teve o voo alterado de forma inesperada devido ao agravamento do cen\u00e1rio pol\u00edtico e militar na Venezuela, o que atrasou sua chegada ao Rio de Janeiro. Por meio das \u2026","og_url":"https:\/\/portaldoestado.com.br\/index.php\/2026\/01\/04\/nicole-bahls-passa-por-tensao-em-voo-internacional-rota-e-alterada-e-influenciadora-fica-fora-de-show-no-rio\/","og_site_name":"Portal do Estado","article_published_time":"2026-01-04T16:01:49+00:00","og_image":[{"width":1200,"height":900,"url":"https:\/\/portaldoestado.com.br\/wp-content\/uploads\/2026\/01\/eBsYbO00-Nicole-Bahls-3.jpg","type":"image\/jpeg"}],"author":"assessoriadefamosos","twitter_card":"summary_large_image","twitter_misc":{"Escrito por":"assessoriadefamosos","Est. tempo de leitura":"1 minuto"},"schema":{"@context":"https:\/\/schema.org","@graph":[{"@type":"Article","@id":"https:\/\/portaldoestado.com.br\/index.php\/2026\/01\/04\/nicole-bahls-passa-por-tensao-em-voo-internacional-rota-e-alterada-e-influenciadora-fica-fora-de-show-no-rio\/#article","isPartOf":{"@id":"https:\/\/portaldoestado.com.br\/index.php\/2026\/01\/04\/nicole-bahls-passa-por-tensao-em-voo-internacional-rota-e-alterada-e-influenciadora-fica-fora-de-show-no-rio\/"},"author":{"name":"assessoriadefamosos","@id":"https:\/\/portaldoestado.com.br\/#\/schema\/person\/5ca0174f3c8c84b59da62ea14b698cb9"},"headline":"Nicole Bahls passa por tens\u00e3o em voo internacional, rota \u00e9 alterada e influenciadora fica fora de show no Rio","datePublished":"2026-01-04T16:01:49+00:00","mainEntityOfPage":{"@id":"https:\/\/portaldoestado.com.br\/index.php\/2026\/01\/04\/nicole-bahls-passa-por-tensao-em-voo-internacional-rota-e-alterada-e-influenciadora-fica-fora-de-show-no-rio\/"},"wordCount":294,"publisher":{"@id":"https:\/\/portaldoestado.com.br\/#organization"},"image":{"@id":"https:\/\/portaldoestado.com.br\/index.php\/2026\/01\/04\/nicole-bahls-passa-por-tensao-em-voo-internacional-rota-e-alterada-e-influenciadora-fica-fora-de-show-no-rio\/#primaryimage"},"thumbnailUrl":"https:\/\/portaldoestado.com.br\/wp-content\/uploads\/2026\/01\/eBsYbO00-Nicole-Bahls-3.jpg","articleSection":["Famosos"],"inLanguage":"pt-BR"},{"@type":"WebPage","@id":"https:\/\/portaldoestado.com.br\/index.php\/2026\/01\/04\/nicole-bahls-passa-por-tensao-em-voo-internacional-rota-e-alterada-e-influenciadora-fica-fora-de-show-no-rio\/","url":"https:\/\/portaldoestado.com.br\/index.php\/2026\/01\/04\/nicole-bahls-passa-por-tensao-em-voo-internacional-rota-e-alterada-e-influenciadora-fica-fora-de-show-no-rio\/","name":"Nicole Bahls passa por tens\u00e3o em voo internacional, rota \u00e9 alterada e influenciadora fica fora de show no Rio - Portal do Estado","isPartOf":{"@id":"https:\/\/portaldoestado.com.br\/#website"},"primaryImageOfPage":{"@id":"https:\/\/portaldoestado.com.br\/index.php\/2026\/01\/04\/nicole-bahls-passa-por-tensao-em-voo-internacional-rota-e-alterada-e-influenciadora-fica-fora-de-show-no-rio\/#primaryimage"},"image":{"@id":"https:\/\/portaldoestado.com.br\/index.php\/2026\/01\/04\/nicole-bahls-passa-por-tensao-em-voo-internacional-rota-e-alterada-e-influenciadora-fica-fora-de-show-no-rio\/#primaryimage"},"thumbnailUrl":"https:\/\/portaldoestado.com.br\/wp-content\/uploads\/2026\/01\/eBsYbO00-Nicole-Bahls-3.jpg","datePublished":"2026-01-04T16:01:49+00:00","breadcrumb":{"@id":"https:\/\/portaldoestado.com.br\/index.php\/2026\/01\/04\/nicole-bahls-passa-por-tensao-em-voo-internacional-rota-e-alterada-e-influenciadora-fica-fora-de-show-no-rio\/#breadcrumb"},"inLanguage":"pt-BR","potentialAction":[{"@type":"ReadAction","target":["https:\/\/portaldoestado.com.br\/index.php\/2026\/01\/04\/nicole-bahls-passa-por-tensao-em-voo-internacional-rota-e-alterada-e-influenciadora-fica-fora-de-show-no-rio\/"]}]},{"@type":"ImageObject","inLanguage":"pt-BR","@id":"https:\/\/portaldoestado.com.br\/index.php\/2026\/01\/04\/nicole-bahls-passa-por-tensao-em-voo-internacional-rota-e-alterada-e-influenciadora-fica-fora-de-show-no-rio\/#primaryimage","url":"https:\/\/portaldoestado.com.br\/wp-content\/uploads\/2026\/01\/eBsYbO00-Nicole-Bahls-3.jpg","contentUrl":"https:\/\/portaldoestado.com.br\/wp-content\/uploads\/2026\/01\/eBsYbO00-Nicole-Bahls-3.jpg","width":1200,"height":900},{"@type":"BreadcrumbList","@id":"https:\/\/portaldoestado.com.br\/index.php\/2026\/01\/04\/nicole-bahls-passa-por-tensao-em-voo-internacional-rota-e-alterada-e-influenciadora-fica-fora-de-show-no-rio\/#breadcrumb","itemListElement":[{"@type":"ListItem","position":1,"name":"In\u00edcio","item":"https:\/\/portaldoestado.com.br\/"},{"@type":"ListItem","position":2,"name":"Nicole Bahls passa por tens\u00e3o em voo internacional, rota \u00e9 alterada e influenciadora fica fora de show no Rio"}]},{"@type":"WebSite","@id":"https:\/\/portaldoestado.com.br\/#website","url":"https:\/\/portaldoestado.com.br\/","name":"Portal do Estado","description":"","publisher":{"@id":"https:\/\/portaldoestado.com.br\/#organization"},"potentialAction":[{"@type":"SearchAction","target":{"@type":"EntryPoint","urlTemplate":"https:\/\/portaldoestado.com.br\/?s={search_term_string}"},"query-input":{"@type":"PropertyValueSpecification","valueRequired":true,"valueName":"search_term_string"}}],"inLanguage":"pt-BR"},{"@type":"Organization","@id":"https:\/\/portaldoestado.com.br\/#organization","name":"Portal do Estado","url":"https:\/\/portaldoestado.com.br\/","logo":{"@type":"ImageObject","inLanguage":"pt-BR","@id":"https:\/\/portaldoestado.com.br\/#\/schema\/logo\/image\/","url":"https:\/\/portaldoestado.com.br\/wp-content\/uploads\/2025\/04\/cropped-6f69b19a-6472-43bf-b1b3-e1910bbbd4e8.png","contentUrl":"https:\/\/portaldoestado.com.br\/wp-content\/uploads\/2025\/04\/cropped-6f69b19a-6472-43bf-b1b3-e1910bbbd4e8.png","width":1024,"height":350,"caption":"Portal do Estado"},"image":{"@id":"https:\/\/portaldoestado.com.br\/#\/schema\/logo\/image\/"}},{"@type":"Person","@id":"https:\/\/portaldoestado.com.br\/#\/schema\/person\/5ca0174f3c8c84b59da62ea14b698cb9","name":"assessoriadefamosos","image":{"@type":"ImageObject","inLanguage":"pt-BR","@id":"https:\/\/portaldoestado.com.br\/#\/schema\/person\/image\/","url":"https:\/\/secure.gravatar.com\/avatar\/a7acbdffcfbbae7240e59f47fe511ec5f5d8c252c779f0b8d9ab02a9e1d8c5ed?s=96&d=mm&r=g","contentUrl":"https:\/\/secure.gravatar.com\/avatar\/a7acbdffcfbbae7240e59f47fe511ec5f5d8c252c779f0b8d9ab02a9e1d8c5ed?s=96&d=mm&r=g","caption":"assessoriadefamosos"},"url":"https:\/\/portaldoestado.com.br\/index.php\/author\/assessoriadefamosos\/"}]}},"jetpack_featured_media_url":"https:\/\/portaldoestado.com.br\/wp-content\/uploads\/2026\/01\/eBsYbO00-Nicole-Bahls-3.jpg","_links":{"self":[{"href":"https:\/\/portaldoestado.com.br\/index.php\/wp-json\/wp\/v2\/posts\/5368","targetHints":{"allow":["GET"]}}],"collection":[{"href":"https:\/\/portaldoestado.com.br\/index.php\/wp-json\/wp\/v2\/posts"}],"about":[{"href":"https:\/\/portaldoestado.com.br\/index.php\/wp-json\/wp\/v2\/types\/post"}],"author":[{"embeddable":true,"href":"https:\/\/portaldoestado.com.br\/index.php\/wp-json\/wp\/v2\/users\/2"}],"replies":[{"embeddable":true,"href":"https:\/\/portaldoestado.com.br\/index.php\/wp-json\/wp\/v2\/comments?post=5368"}],"version-history":[{"count":1,"href":"https:\/\/portaldoestado.com.br\/index.php\/wp-json\/wp\/v2\/posts\/5368\/revisions"}],"predecessor-version":[{"id":5369,"href":"https:\/\/portaldoestado.com.br\/index.php\/wp-json\/wp\/v2\/posts\/5368\/revisions\/5369"}],"wp:featuredmedia":[{"embeddable":true,"href":"https:\/\/portaldoestado.com.br\/index.php\/wp-json\/wp\/v2\/media\/5367"}],"wp:attachment":[{"href":"https:\/\/portaldoestado.com.br\/index.php\/wp-json\/wp\/v2\/media?parent=5368"}],"wp:term":[{"taxonomy":"category","embeddable":true,"href":"https:\/\/portaldoestado.com.br\/index.php\/wp-json\/wp\/v2\/categories?post=5368"},{"taxonomy":"post_tag","embeddable":true,"href":"https:\/\/portaldoestado.com.br\/index.php\/wp-json\/wp\/v2\/tags?post=5368"}],"curies":[{"name":"wp","href":"https:\/\/api.w.org\/{rel}","templated":true}]}}